{"id":48625,"date":"2024-01-25T09:19:29","date_gmt":"2024-01-25T15:19:29","guid":{"rendered":"https:\/\/elinformativotam.com\/?p=48625"},"modified":"2024-01-25T09:19:29","modified_gmt":"2024-01-25T15:19:29","slug":"no-hay-peligro-en-carreteras-de-tamaulipas-gobernador","status":"publish","type":"post","link":"https:\/\/elinformativotam.com\/index.php\/2024\/01\/25\/no-hay-peligro-en-carreteras-de-tamaulipas-gobernador\/","title":{"rendered":"NO HAY PELIGRO EN CARRETERAS DE TAMAULIPAS: GOBERNADOR"},"content":{"rendered":"<h2 style=\"text-align: center;\"><em><span style=\"font-family: times new roman, times;\">*El Transporte De Carga Y De Pasajeros Transita Con Toda Tranquilidad<\/span><\/em><\/h2>\n<p>&nbsp;<\/p>\n<p>&nbsp;<\/p>\n<p>El Gobernador de Tamaulipas, Am\u00e9rico Villarreal Anaya, descart\u00f3 que en las carreteras de la entidad se est\u00e9n suscitando robos y asaltos hacia el transporte de carga y p\u00fablico de pasajeros, esto luego de que \u00e9ste sector productivo anunci\u00f3 un paro nacional para el pr\u00f3ximo 5 de Febrero en varios puntos del pa\u00eds.<\/p>\n<p>&nbsp;<\/p>\n<p>En una gira de trabajo por Altamira, llevada a cabo este mi\u00e9rcoles, donde inaugur\u00f3 la primera etapa de una empresa de origen hind\u00fa que reciclar\u00e1 Pet en el 2025, el mandatario de Tamaulipas, dijo que las carreteras interiores son tranquilas y no registran ning\u00fan tipo de hecho delictivo.<\/p>\n<p>&nbsp;<\/p>\n<p>Expres\u00f3 que en las reuniones que se llevan a cabo con las mesas ciudadanas en materia de seguridad no se ha planteado \u00e9sta clase de delitos.<\/p>\n<p>&nbsp;<\/p>\n<p>&#8220;No hay afectaci\u00f3n al transporte de carga, ni p\u00fablico de pasajeros en las carreteras de Tamaulipas. Nuestras carreteras son tranquilas gracias a la Guardia Nacional y Estatal, y en coordinaci\u00f3n con el Ej\u00e9rcito M\u00e9xicano y la Marina&#8221;.<\/p>\n<p>&nbsp;<\/p>\n<p>Villarreal, dej\u00f3 en claro que hasta el momento la poblaci\u00f3n ha\u00a0 dejado muestras de que las r\u00faas de la entidad son pac\u00edficas, pues as\u00ed lo muestra el intenso tr\u00e1fico que a diario se suscita y en las temporadas de vacaciones.<\/p>\n<p>&nbsp;<\/p>\n<p>El Gobernador de Tamaulipas destac\u00f3 que la seguridad que impera est\u00e1 dando frutos en la zona sur, pues as\u00ed lo deja ver la llegada de mas inversi\u00f3n privada.<\/p>\n<p>&nbsp;<\/p>\n<p>&#8220;Altamira es un polo de desarrollo, al igual que Nuevo Laredo y Matamoros con el impulso al crecimiento y la generaci\u00f3n de mayores empleos&#8221;, Acot\u00f3<\/p>\n","protected":false},"excerpt":{"rendered":"<p>*El Transporte De Carga Y De Pasajeros Transita Con Toda Tranquilidad &nbsp; &nbsp; El Gobernador de Tamaulipas, Am\u00e9rico Villarreal Anaya,&hellip;<\/p>\n","protected":false},"author":1,"featured_media":48626,"comment_status":"open","ping_status":"open","sticky":false,"template":"","format":"standard","meta":{"footnotes":""},"categories":[3],"tags":[],"class_list":["post-48625","post","type-post","status-publish","format-standard","has-post-thumbnail","hentry","category-tampico"],"yoast_head":"<!-- This site is optimized with the Yoast SEO plugin v27.5 - https:\/\/yoast.com\/product\/yoast-seo-wordpress\/ -->\n<title>NO HAY PELIGRO EN CARRETERAS DE TAMAULIPAS: GOBERNADOR - EL INFORMATIVO DE TAMAULIPAS<\/title>\n<meta name=\"description\" content=\"*El Transporte De Carga Y De Pasajeros Transita Con Toda Tranquilidad &nbsp; &nbsp; El Gobernador de Tamaulipas, Am\u00e9rico Villarreal Anaya, descart\u00f3 que en\" \/>\n<meta name=\"robots\" content=\"index, follow, max-snippet:-1, max-image-preview:large, max-video-preview:-1\" \/>\n<link rel=\"canonical\" href=\"https:\/\/elinformativotam.com\/index.php\/2024\/01\/25\/no-hay-peligro-en-carreteras-de-tamaulipas-gobernador\/\" \/>\n<meta property=\"og:locale\" content=\"es_MX\" \/>\n<meta property=\"og:type\" content=\"article\" \/>\n<meta property=\"og:title\" content=\"NO HAY PELIGRO EN CARRETERAS DE TAMAULIPAS: GOBERNADOR - EL INFORMATIVO DE TAMAULIPAS\" \/>\n<meta property=\"og:description\" content=\"*El Transporte De Carga Y De Pasajeros Transita Con Toda Tranquilidad &nbsp; &nbsp; El Gobernador de Tamaulipas, Am\u00e9rico Villarreal Anaya, descart\u00f3 que en\" \/>\n<meta property=\"og:url\" content=\"https:\/\/elinformativotam.com\/index.php\/2024\/01\/25\/no-hay-peligro-en-carreteras-de-tamaulipas-gobernador\/\" \/>\n<meta property=\"og:site_name\" content=\"EL INFORMATIVO DE TAMAULIPAS\" \/>\n<meta property=\"article:published_time\" content=\"2024-01-25T15:19:29+00:00\" \/>\n<meta property=\"og:image\" content=\"https:\/\/elinformativotam.com\/wp-content\/uploads\/2024\/01\/Americo.jpg\" \/>\n\t<meta property=\"og:image:width\" content=\"289\" \/>\n\t<meta property=\"og:image:height\" content=\"175\" \/>\n\t<meta property=\"og:image:type\" content=\"image\/jpeg\" \/>\n<meta name=\"author\" content=\"El Informativo Tam\" \/>\n<meta name=\"twitter:card\" content=\"summary_large_image\" \/>\n<meta name=\"twitter:label1\" content=\"Escrito por\" \/>\n\t<meta name=\"twitter:data1\" content=\"El Informativo Tam\" \/>\n\t<meta name=\"twitter:label2\" content=\"Tiempo de lectura\" \/>\n\t<meta name=\"twitter:data2\" content=\"2 minutos\" \/>\n<script type=\"application\/ld+json\" class=\"yoast-schema-graph\">{\"@context\":\"https:\\\/\\\/schema.org\",\"@graph\":[{\"@type\":\"Article\",\"@id\":\"https:\\\/\\\/elinformativotam.com\\\/index.php\\\/2024\\\/01\\\/25\\\/no-hay-peligro-en-carreteras-de-tamaulipas-gobernador\\\/#article\",\"isPartOf\":{\"@id\":\"https:\\\/\\\/elinformativotam.com\\\/index.php\\\/2024\\\/01\\\/25\\\/no-hay-peligro-en-carreteras-de-tamaulipas-gobernador\\\/\"},\"author\":{\"name\":\"El Informativo Tam\",\"@id\":\"https:\\\/\\\/elinformativotam.com\\\/#\\\/schema\\\/person\\\/78e08040eed0f6110f0c5f83b6153590\"},\"headline\":\"NO HAY PELIGRO EN CARRETERAS DE TAMAULIPAS: GOBERNADOR\",\"datePublished\":\"2024-01-25T15:19:29+00:00\",\"mainEntityOfPage\":{\"@id\":\"https:\\\/\\\/elinformativotam.com\\\/index.php\\\/2024\\\/01\\\/25\\\/no-hay-peligro-en-carreteras-de-tamaulipas-gobernador\\\/\"},\"wordCount\":299,\"commentCount\":0,\"publisher\":{\"@id\":\"https:\\\/\\\/elinformativotam.com\\\/#organization\"},\"image\":{\"@id\":\"https:\\\/\\\/elinformativotam.com\\\/index.php\\\/2024\\\/01\\\/25\\\/no-hay-peligro-en-carreteras-de-tamaulipas-gobernador\\\/#primaryimage\"},\"thumbnailUrl\":\"https:\\\/\\\/elinformativotam.com\\\/wp-content\\\/uploads\\\/2024\\\/01\\\/Americo.jpg\",\"articleSection\":[\"Tampico\"],\"inLanguage\":\"es\",\"potentialAction\":[{\"@type\":\"CommentAction\",\"name\":\"Comment\",\"target\":[\"https:\\\/\\\/elinformativotam.com\\\/index.php\\\/2024\\\/01\\\/25\\\/no-hay-peligro-en-carreteras-de-tamaulipas-gobernador\\\/#respond\"]}]},{\"@type\":\"WebPage\",\"@id\":\"https:\\\/\\\/elinformativotam.com\\\/index.php\\\/2024\\\/01\\\/25\\\/no-hay-peligro-en-carreteras-de-tamaulipas-gobernador\\\/\",\"url\":\"https:\\\/\\\/elinformativotam.com\\\/index.php\\\/2024\\\/01\\\/25\\\/no-hay-peligro-en-carreteras-de-tamaulipas-gobernador\\\/\",\"name\":\"NO HAY PELIGRO EN CARRETERAS DE TAMAULIPAS: GOBERNADOR - EL INFORMATIVO DE TAMAULIPAS\",\"isPartOf\":{\"@id\":\"https:\\\/\\\/elinformativotam.com\\\/#website\"},\"primaryImageOfPage\":{\"@id\":\"https:\\\/\\\/elinformativotam.com\\\/index.php\\\/2024\\\/01\\\/25\\\/no-hay-peligro-en-carreteras-de-tamaulipas-gobernador\\\/#primaryimage\"},\"image\":{\"@id\":\"https:\\\/\\\/elinformativotam.com\\\/index.php\\\/2024\\\/01\\\/25\\\/no-hay-peligro-en-carreteras-de-tamaulipas-gobernador\\\/#primaryimage\"},\"thumbnailUrl\":\"https:\\\/\\\/elinformativotam.com\\\/wp-content\\\/uploads\\\/2024\\\/01\\\/Americo.jpg\",\"datePublished\":\"2024-01-25T15:19:29+00:00\",\"description\":\"*El Transporte De Carga Y De Pasajeros Transita Con Toda Tranquilidad &nbsp; &nbsp; El Gobernador de Tamaulipas, Am\u00e9rico Villarreal Anaya, descart\u00f3 que en\",\"inLanguage\":\"es\",\"potentialAction\":[{\"@type\":\"ReadAction\",\"target\":[\"https:\\\/\\\/elinformativotam.com\\\/index.php\\\/2024\\\/01\\\/25\\\/no-hay-peligro-en-carreteras-de-tamaulipas-gobernador\\\/\"]}]},{\"@type\":\"ImageObject\",\"inLanguage\":\"es\",\"@id\":\"https:\\\/\\\/elinformativotam.com\\\/index.php\\\/2024\\\/01\\\/25\\\/no-hay-peligro-en-carreteras-de-tamaulipas-gobernador\\\/#primaryimage\",\"url\":\"https:\\\/\\\/elinformativotam.com\\\/wp-content\\\/uploads\\\/2024\\\/01\\\/Americo.jpg\",\"contentUrl\":\"https:\\\/\\\/elinformativotam.com\\\/wp-content\\\/uploads\\\/2024\\\/01\\\/Americo.jpg\",\"width\":289,\"height\":175},{\"@type\":\"WebSite\",\"@id\":\"https:\\\/\\\/elinformativotam.com\\\/#website\",\"url\":\"https:\\\/\\\/elinformativotam.com\\\/\",\"name\":\"EL INFORMATIVO DE TAMAULIPAS\",\"description\":\"Desde la Zona Metropolitana Para Todo M\u00e9xico\",\"publisher\":{\"@id\":\"https:\\\/\\\/elinformativotam.com\\\/#organization\"},\"potentialAction\":[{\"@type\":\"SearchAction\",\"target\":{\"@type\":\"EntryPoint\",\"urlTemplate\":\"https:\\\/\\\/elinformativotam.com\\\/?s={search_term_string}\"},\"query-input\":{\"@type\":\"PropertyValueSpecification\",\"valueRequired\":true,\"valueName\":\"search_term_string\"}}],\"inLanguage\":\"es\"},{\"@type\":\"Organization\",\"@id\":\"https:\\\/\\\/elinformativotam.com\\\/#organization\",\"name\":\"EL INFORMATIVO DE TAMAULIPAS\",\"url\":\"https:\\\/\\\/elinformativotam.com\\\/\",\"logo\":{\"@type\":\"ImageObject\",\"inLanguage\":\"es\",\"@id\":\"https:\\\/\\\/elinformativotam.com\\\/#\\\/schema\\\/logo\\\/image\\\/\",\"url\":\"https:\\\/\\\/elinformativotam.com\\\/wp-content\\\/uploads\\\/2026\\\/02\\\/Cabezal.png\",\"contentUrl\":\"https:\\\/\\\/elinformativotam.com\\\/wp-content\\\/uploads\\\/2026\\\/02\\\/Cabezal.png\",\"width\":960,\"height\":640,\"caption\":\"EL INFORMATIVO DE TAMAULIPAS\"},\"image\":{\"@id\":\"https:\\\/\\\/elinformativotam.com\\\/#\\\/schema\\\/logo\\\/image\\\/\"}},{\"@type\":\"Person\",\"@id\":\"https:\\\/\\\/elinformativotam.com\\\/#\\\/schema\\\/person\\\/78e08040eed0f6110f0c5f83b6153590\",\"name\":\"El Informativo Tam\",\"image\":{\"@type\":\"ImageObject\",\"inLanguage\":\"es\",\"@id\":\"https:\\\/\\\/secure.gravatar.com\\\/avatar\\\/f3b7ad3af540688955925ac610647be00b0cf41feea9c4978b73a707ee86bc53?s=96&d=mm&r=g\",\"url\":\"https:\\\/\\\/secure.gravatar.com\\\/avatar\\\/f3b7ad3af540688955925ac610647be00b0cf41feea9c4978b73a707ee86bc53?s=96&d=mm&r=g\",\"contentUrl\":\"https:\\\/\\\/secure.gravatar.com\\\/avatar\\\/f3b7ad3af540688955925ac610647be00b0cf41feea9c4978b73a707ee86bc53?s=96&d=mm&r=g\",\"caption\":\"El Informativo Tam\"}}]}<\/script>\n<!-- \/ Yoast SEO plugin. -->","yoast_head_json":{"title":"NO HAY PELIGRO EN CARRETERAS DE TAMAULIPAS: GOBERNADOR - EL INFORMATIVO DE TAMAULIPAS","description":"*El Transporte De Carga Y De Pasajeros Transita Con Toda Tranquilidad &nbsp; &nbsp; El Gobernador de Tamaulipas, Am\u00e9rico Villarreal Anaya, descart\u00f3 que en","robots":{"index":"index","follow":"follow","max-snippet":"max-snippet:-1","max-image-preview":"max-image-preview:large","max-video-preview":"max-video-preview:-1"},"canonical":"https:\/\/elinformativotam.com\/index.php\/2024\/01\/25\/no-hay-peligro-en-carreteras-de-tamaulipas-gobernador\/","og_locale":"es_MX","og_type":"article","og_title":"NO HAY PELIGRO EN CARRETERAS DE TAMAULIPAS: GOBERNADOR - EL INFORMATIVO DE TAMAULIPAS","og_description":"*El Transporte De Carga Y De Pasajeros Transita Con Toda Tranquilidad &nbsp; &nbsp; El Gobernador de Tamaulipas, Am\u00e9rico Villarreal Anaya, descart\u00f3 que en","og_url":"https:\/\/elinformativotam.com\/index.php\/2024\/01\/25\/no-hay-peligro-en-carreteras-de-tamaulipas-gobernador\/","og_site_name":"EL INFORMATIVO DE TAMAULIPAS","article_published_time":"2024-01-25T15:19:29+00:00","og_image":[{"width":289,"height":175,"url":"https:\/\/elinformativotam.com\/wp-content\/uploads\/2024\/01\/Americo.jpg","type":"image\/jpeg"}],"author":"El Informativo Tam","twitter_card":"summary_large_image","twitter_misc":{"Escrito por":"El Informativo Tam","Tiempo de lectura":"2 minutos"},"schema":{"@context":"https:\/\/schema.org","@graph":[{"@type":"Article","@id":"https:\/\/elinformativotam.com\/index.php\/2024\/01\/25\/no-hay-peligro-en-carreteras-de-tamaulipas-gobernador\/#article","isPartOf":{"@id":"https:\/\/elinformativotam.com\/index.php\/2024\/01\/25\/no-hay-peligro-en-carreteras-de-tamaulipas-gobernador\/"},"author":{"name":"El Informativo Tam","@id":"https:\/\/elinformativotam.com\/#\/schema\/person\/78e08040eed0f6110f0c5f83b6153590"},"headline":"NO HAY PELIGRO EN CARRETERAS DE TAMAULIPAS: GOBERNADOR","datePublished":"2024-01-25T15:19:29+00:00","mainEntityOfPage":{"@id":"https:\/\/elinformativotam.com\/index.php\/2024\/01\/25\/no-hay-peligro-en-carreteras-de-tamaulipas-gobernador\/"},"wordCount":299,"commentCount":0,"publisher":{"@id":"https:\/\/elinformativotam.com\/#organization"},"image":{"@id":"https:\/\/elinformativotam.com\/index.php\/2024\/01\/25\/no-hay-peligro-en-carreteras-de-tamaulipas-gobernador\/#primaryimage"},"thumbnailUrl":"https:\/\/elinformativotam.com\/wp-content\/uploads\/2024\/01\/Americo.jpg","articleSection":["Tampico"],"inLanguage":"es","potentialAction":[{"@type":"CommentAction","name":"Comment","target":["https:\/\/elinformativotam.com\/index.php\/2024\/01\/25\/no-hay-peligro-en-carreteras-de-tamaulipas-gobernador\/#respond"]}]},{"@type":"WebPage","@id":"https:\/\/elinformativotam.com\/index.php\/2024\/01\/25\/no-hay-peligro-en-carreteras-de-tamaulipas-gobernador\/","url":"https:\/\/elinformativotam.com\/index.php\/2024\/01\/25\/no-hay-peligro-en-carreteras-de-tamaulipas-gobernador\/","name":"NO HAY PELIGRO EN CARRETERAS DE TAMAULIPAS: GOBERNADOR - EL INFORMATIVO DE TAMAULIPAS","isPartOf":{"@id":"https:\/\/elinformativotam.com\/#website"},"primaryImageOfPage":{"@id":"https:\/\/elinformativotam.com\/index.php\/2024\/01\/25\/no-hay-peligro-en-carreteras-de-tamaulipas-gobernador\/#primaryimage"},"image":{"@id":"https:\/\/elinformativotam.com\/index.php\/2024\/01\/25\/no-hay-peligro-en-carreteras-de-tamaulipas-gobernador\/#primaryimage"},"thumbnailUrl":"https:\/\/elinformativotam.com\/wp-content\/uploads\/2024\/01\/Americo.jpg","datePublished":"2024-01-25T15:19:29+00:00","description":"*El Transporte De Carga Y De Pasajeros Transita Con Toda Tranquilidad &nbsp; &nbsp; El Gobernador de Tamaulipas, Am\u00e9rico Villarreal Anaya, descart\u00f3 que en","inLanguage":"es","potentialAction":[{"@type":"ReadAction","target":["https:\/\/elinformativotam.com\/index.php\/2024\/01\/25\/no-hay-peligro-en-carreteras-de-tamaulipas-gobernador\/"]}]},{"@type":"ImageObject","inLanguage":"es","@id":"https:\/\/elinformativotam.com\/index.php\/2024\/01\/25\/no-hay-peligro-en-carreteras-de-tamaulipas-gobernador\/#primaryimage","url":"https:\/\/elinformativotam.com\/wp-content\/uploads\/2024\/01\/Americo.jpg","contentUrl":"https:\/\/elinformativotam.com\/wp-content\/uploads\/2024\/01\/Americo.jpg","width":289,"height":175},{"@type":"WebSite","@id":"https:\/\/elinformativotam.com\/#website","url":"https:\/\/elinformativotam.com\/","name":"EL INFORMATIVO DE TAMAULIPAS","description":"Desde la Zona Metropolitana Para Todo M\u00e9xico","publisher":{"@id":"https:\/\/elinformativotam.com\/#organization"},"potentialAction":[{"@type":"SearchAction","target":{"@type":"EntryPoint","urlTemplate":"https:\/\/elinformativotam.com\/?s={search_term_string}"},"query-input":{"@type":"PropertyValueSpecification","valueRequired":true,"valueName":"search_term_string"}}],"inLanguage":"es"},{"@type":"Organization","@id":"https:\/\/elinformativotam.com\/#organization","name":"EL INFORMATIVO DE TAMAULIPAS","url":"https:\/\/elinformativotam.com\/","logo":{"@type":"ImageObject","inLanguage":"es","@id":"https:\/\/elinformativotam.com\/#\/schema\/logo\/image\/","url":"https:\/\/elinformativotam.com\/wp-content\/uploads\/2026\/02\/Cabezal.png","contentUrl":"https:\/\/elinformativotam.com\/wp-content\/uploads\/2026\/02\/Cabezal.png","width":960,"height":640,"caption":"EL INFORMATIVO DE TAMAULIPAS"},"image":{"@id":"https:\/\/elinformativotam.com\/#\/schema\/logo\/image\/"}},{"@type":"Person","@id":"https:\/\/elinformativotam.com\/#\/schema\/person\/78e08040eed0f6110f0c5f83b6153590","name":"El Informativo Tam","image":{"@type":"ImageObject","inLanguage":"es","@id":"https:\/\/secure.gravatar.com\/avatar\/f3b7ad3af540688955925ac610647be00b0cf41feea9c4978b73a707ee86bc53?s=96&d=mm&r=g","url":"https:\/\/secure.gravatar.com\/avatar\/f3b7ad3af540688955925ac610647be00b0cf41feea9c4978b73a707ee86bc53?s=96&d=mm&r=g","contentUrl":"https:\/\/secure.gravatar.com\/avatar\/f3b7ad3af540688955925ac610647be00b0cf41feea9c4978b73a707ee86bc53?s=96&d=mm&r=g","caption":"El Informativo Tam"}}]}},"_links":{"self":[{"href":"https:\/\/elinformativotam.com\/index.php\/wp-json\/wp\/v2\/posts\/48625","targetHints":{"allow":["GET"]}}],"collection":[{"href":"https:\/\/elinformativotam.com\/index.php\/wp-json\/wp\/v2\/posts"}],"about":[{"href":"https:\/\/elinformativotam.com\/index.php\/wp-json\/wp\/v2\/types\/post"}],"author":[{"embeddable":true,"href":"https:\/\/elinformativotam.com\/index.php\/wp-json\/wp\/v2\/users\/1"}],"replies":[{"embeddable":true,"href":"https:\/\/elinformativotam.com\/index.php\/wp-json\/wp\/v2\/comments?post=48625"}],"version-history":[{"count":1,"href":"https:\/\/elinformativotam.com\/index.php\/wp-json\/wp\/v2\/posts\/48625\/revisions"}],"predecessor-version":[{"id":48627,"href":"https:\/\/elinformativotam.com\/index.php\/wp-json\/wp\/v2\/posts\/48625\/revisions\/48627"}],"wp:featuredmedia":[{"embeddable":true,"href":"https:\/\/elinformativotam.com\/index.php\/wp-json\/wp\/v2\/media\/48626"}],"wp:attachment":[{"href":"https:\/\/elinformativotam.com\/index.php\/wp-json\/wp\/v2\/media?parent=48625"}],"wp:term":[{"taxonomy":"category","embeddable":true,"href":"https:\/\/elinformativotam.com\/index.php\/wp-json\/wp\/v2\/categories?post=48625"},{"taxonomy":"post_tag","embeddable":true,"href":"https:\/\/elinformativotam.com\/index.php\/wp-json\/wp\/v2\/tags?post=48625"}],"curies":[{"name":"wp","href":"https:\/\/api.w.org\/{rel}","templated":true}]}}