{"id":48615,"date":"2024-01-24T09:00:56","date_gmt":"2024-01-24T15:00:56","guid":{"rendered":"https:\/\/elinformativotam.com\/?p=48615"},"modified":"2024-01-24T09:01:13","modified_gmt":"2024-01-24T15:01:13","slug":"podria-haber-sanciones-para-atrevidos-que-invaden-aguas-del-carpintero","status":"publish","type":"post","link":"https:\/\/elinformativotam.com\/index.php\/2024\/01\/24\/podria-haber-sanciones-para-atrevidos-que-invaden-aguas-del-carpintero\/","title":{"rendered":"PODR\u00cdA HABER SANCIONES PARA &#8220;ATREVIDOS&#8221; QUE INVADEN AGUAS DEL CARPINTERO"},"content":{"rendered":"<h2 style=\"text-align: center;\"><em><span style=\"font-family: 'times new roman', times;\">*El Jur\u00eddico Del Municipio Ya Analiza La Propuesta Que Ser\u00e1 Abordada Por Las Autoridades Involucradas En El Tema<\/span><\/em><\/h2>\n<p>&nbsp;<\/p>\n<p>&nbsp;<\/p>\n<p>Luego de que los incidentes por ataque de cocodrilos a personas que invaden su h\u00e1bitat no cesan, el municipio de Tampico analizar\u00e1 establecer sanciones hacia quienes contin\u00faen insistiendo en \u00e9ste tipo de acciones en la laguna del carpintero, que han ocasionado tremendos sustos y hasta lamentables fallecimientos.<\/p>\n<p>&nbsp;<\/p>\n<p>El Secretario de Protecci\u00f3n Civil, Pedro Romero S\u00e1nchez, explic\u00f3 que esta clase de actos atrevidos deben de acabar, y para ello las dependencias municipales involucradas comenzar\u00e1n a analizar la posibilidad de multar(una opci\u00f3n de sanci\u00f3n) a quienes osen rebasar la malla de protecci\u00f3n que divide al vaso de captaci\u00f3n con el \u00e1rea recreacional y tur\u00edstica.<\/p>\n<p>&nbsp;<\/p>\n<p>Record\u00f3 que en las pasadas vacaciones de diciembre arrib\u00f3 gran cantidad de visitantes al lugar tur\u00edstico, sin embargo no se suscit\u00f3 ning\u00fan accidente relacionado con cocodrilos.<\/p>\n<p>&nbsp;<\/p>\n<p>&#8220;La fecha vacacional fue segura, no hubo accidentes con cocodrilos, lo que advierte que qui\u00e9nes han invadido el vaso de capacitaci\u00f3n es gente oriunda de la zona&#8221;, Acot\u00f3<\/p>\n<p>&nbsp;<\/p>\n<p>Romero, destac\u00f3 que el gobierno local hace los esfuerzos necesarios y su alcance para evitar que siga habiendo incidentes de \u00e9ste tipo, luego de que el martes reciente un joven decidiera introducirse a las aguas del carpintero, y minutos despu\u00e9s ser atacado por estos saurios, donde afortunadamente no result\u00f3 muerto.<\/p>\n<p>&nbsp;<\/p>\n<p>&#8220;Hay se\u00f1alamientos preventivos en toda la periferia de la Laguna del Carpintero. Estos actos atrevidos deben acabar, aunque para ello signifique multar a las personas&#8221;.<\/p>\n<p>&nbsp;<\/p>\n<p>El Secretario de Protecci\u00f3n Civil extern\u00f3 que la propuesta ser\u00e1 analizada por el jur\u00eddico del municipio, la dependencia de ecolog\u00eda, Profepa y otras \u00e1reas m\u00e1s, y de esta manera establecer el\u00a0 tipo de sanci\u00f3n.<\/p>\n<p>&nbsp;<\/p>\n","protected":false},"excerpt":{"rendered":"<p>*El Jur\u00eddico Del Municipio Ya Analiza La Propuesta Que Ser\u00e1 Abordada Por Las Autoridades Involucradas En El Tema &nbsp; &nbsp;&hellip;<\/p>\n","protected":false},"author":1,"featured_media":48617,"comment_status":"open","ping_status":"open","sticky":false,"template":"","format":"standard","meta":{"footnotes":""},"categories":[3],"tags":[],"class_list":["post-48615","post","type-post","status-publish","format-standard","has-post-thumbnail","hentry","category-tampico"],"yoast_head":"<!-- This site is optimized with the Yoast SEO plugin v27.5 - https:\/\/yoast.com\/product\/yoast-seo-wordpress\/ -->\n<title>PODR\u00cdA HABER SANCIONES PARA &quot;ATREVIDOS&quot; QUE INVADEN AGUAS DEL CARPINTERO - EL INFORMATIVO DE TAMAULIPAS<\/title>\n<meta name=\"description\" content=\"*El Jur\u00eddico Del Municipio Ya Analiza La Propuesta Que Ser\u00e1 Abordada Por Las Autoridades Involucradas En El Tema &nbsp; &nbsp; Luego de que los incidentes\" \/>\n<meta name=\"robots\" content=\"index, follow, max-snippet:-1, max-image-preview:large, max-video-preview:-1\" \/>\n<link rel=\"canonical\" href=\"https:\/\/elinformativotam.com\/index.php\/2024\/01\/24\/podria-haber-sanciones-para-atrevidos-que-invaden-aguas-del-carpintero\/\" \/>\n<meta property=\"og:locale\" content=\"es_MX\" \/>\n<meta property=\"og:type\" content=\"article\" \/>\n<meta property=\"og:title\" content=\"PODR\u00cdA HABER SANCIONES PARA &quot;ATREVIDOS&quot; QUE INVADEN AGUAS DEL CARPINTERO - EL INFORMATIVO DE TAMAULIPAS\" \/>\n<meta property=\"og:description\" content=\"*El Jur\u00eddico Del Municipio Ya Analiza La Propuesta Que Ser\u00e1 Abordada Por Las Autoridades Involucradas En El Tema &nbsp; &nbsp; Luego de que los incidentes\" \/>\n<meta property=\"og:url\" content=\"https:\/\/elinformativotam.com\/index.php\/2024\/01\/24\/podria-haber-sanciones-para-atrevidos-que-invaden-aguas-del-carpintero\/\" \/>\n<meta property=\"og:site_name\" content=\"EL INFORMATIVO DE TAMAULIPAS\" \/>\n<meta property=\"article:published_time\" content=\"2024-01-24T15:00:56+00:00\" \/>\n<meta property=\"article:modified_time\" content=\"2024-01-24T15:01:13+00:00\" \/>\n<meta property=\"og:image\" content=\"https:\/\/elinformativotam.com\/wp-content\/uploads\/2024\/01\/Pedro.jpg\" \/>\n\t<meta property=\"og:image:width\" content=\"1600\" \/>\n\t<meta property=\"og:image:height\" content=\"1204\" \/>\n\t<meta property=\"og:image:type\" content=\"image\/jpeg\" \/>\n<meta name=\"author\" content=\"El Informativo Tam\" \/>\n<meta name=\"twitter:card\" content=\"summary_large_image\" \/>\n<meta name=\"twitter:label1\" content=\"Escrito por\" \/>\n\t<meta name=\"twitter:data1\" content=\"El Informativo Tam\" \/>\n\t<meta name=\"twitter:label2\" content=\"Tiempo de lectura\" \/>\n\t<meta name=\"twitter:data2\" content=\"2 minutos\" \/>\n<script type=\"application\/ld+json\" class=\"yoast-schema-graph\">{\"@context\":\"https:\\\/\\\/schema.org\",\"@graph\":[{\"@type\":\"Article\",\"@id\":\"https:\\\/\\\/elinformativotam.com\\\/index.php\\\/2024\\\/01\\\/24\\\/podria-haber-sanciones-para-atrevidos-que-invaden-aguas-del-carpintero\\\/#article\",\"isPartOf\":{\"@id\":\"https:\\\/\\\/elinformativotam.com\\\/index.php\\\/2024\\\/01\\\/24\\\/podria-haber-sanciones-para-atrevidos-que-invaden-aguas-del-carpintero\\\/\"},\"author\":{\"name\":\"El Informativo Tam\",\"@id\":\"https:\\\/\\\/elinformativotam.com\\\/#\\\/schema\\\/person\\\/78e08040eed0f6110f0c5f83b6153590\"},\"headline\":\"PODR\u00cdA HABER SANCIONES PARA &#8220;ATREVIDOS&#8221; QUE INVADEN AGUAS DEL CARPINTERO\",\"datePublished\":\"2024-01-24T15:00:56+00:00\",\"dateModified\":\"2024-01-24T15:01:13+00:00\",\"mainEntityOfPage\":{\"@id\":\"https:\\\/\\\/elinformativotam.com\\\/index.php\\\/2024\\\/01\\\/24\\\/podria-haber-sanciones-para-atrevidos-que-invaden-aguas-del-carpintero\\\/\"},\"wordCount\":326,\"commentCount\":0,\"publisher\":{\"@id\":\"https:\\\/\\\/elinformativotam.com\\\/#organization\"},\"image\":{\"@id\":\"https:\\\/\\\/elinformativotam.com\\\/index.php\\\/2024\\\/01\\\/24\\\/podria-haber-sanciones-para-atrevidos-que-invaden-aguas-del-carpintero\\\/#primaryimage\"},\"thumbnailUrl\":\"https:\\\/\\\/elinformativotam.com\\\/wp-content\\\/uploads\\\/2024\\\/01\\\/Pedro.jpg\",\"articleSection\":[\"Tampico\"],\"inLanguage\":\"es\",\"potentialAction\":[{\"@type\":\"CommentAction\",\"name\":\"Comment\",\"target\":[\"https:\\\/\\\/elinformativotam.com\\\/index.php\\\/2024\\\/01\\\/24\\\/podria-haber-sanciones-para-atrevidos-que-invaden-aguas-del-carpintero\\\/#respond\"]}]},{\"@type\":\"WebPage\",\"@id\":\"https:\\\/\\\/elinformativotam.com\\\/index.php\\\/2024\\\/01\\\/24\\\/podria-haber-sanciones-para-atrevidos-que-invaden-aguas-del-carpintero\\\/\",\"url\":\"https:\\\/\\\/elinformativotam.com\\\/index.php\\\/2024\\\/01\\\/24\\\/podria-haber-sanciones-para-atrevidos-que-invaden-aguas-del-carpintero\\\/\",\"name\":\"PODR\u00cdA HABER SANCIONES PARA \\\"ATREVIDOS\\\" QUE INVADEN AGUAS DEL CARPINTERO - EL INFORMATIVO DE TAMAULIPAS\",\"isPartOf\":{\"@id\":\"https:\\\/\\\/elinformativotam.com\\\/#website\"},\"primaryImageOfPage\":{\"@id\":\"https:\\\/\\\/elinformativotam.com\\\/index.php\\\/2024\\\/01\\\/24\\\/podria-haber-sanciones-para-atrevidos-que-invaden-aguas-del-carpintero\\\/#primaryimage\"},\"image\":{\"@id\":\"https:\\\/\\\/elinformativotam.com\\\/index.php\\\/2024\\\/01\\\/24\\\/podria-haber-sanciones-para-atrevidos-que-invaden-aguas-del-carpintero\\\/#primaryimage\"},\"thumbnailUrl\":\"https:\\\/\\\/elinformativotam.com\\\/wp-content\\\/uploads\\\/2024\\\/01\\\/Pedro.jpg\",\"datePublished\":\"2024-01-24T15:00:56+00:00\",\"dateModified\":\"2024-01-24T15:01:13+00:00\",\"description\":\"*El Jur\u00eddico Del Municipio Ya Analiza La Propuesta Que Ser\u00e1 Abordada Por Las Autoridades Involucradas En El Tema &nbsp; &nbsp; Luego de que los incidentes\",\"inLanguage\":\"es\",\"potentialAction\":[{\"@type\":\"ReadAction\",\"target\":[\"https:\\\/\\\/elinformativotam.com\\\/index.php\\\/2024\\\/01\\\/24\\\/podria-haber-sanciones-para-atrevidos-que-invaden-aguas-del-carpintero\\\/\"]}]},{\"@type\":\"ImageObject\",\"inLanguage\":\"es\",\"@id\":\"https:\\\/\\\/elinformativotam.com\\\/index.php\\\/2024\\\/01\\\/24\\\/podria-haber-sanciones-para-atrevidos-que-invaden-aguas-del-carpintero\\\/#primaryimage\",\"url\":\"https:\\\/\\\/elinformativotam.com\\\/wp-content\\\/uploads\\\/2024\\\/01\\\/Pedro.jpg\",\"contentUrl\":\"https:\\\/\\\/elinformativotam.com\\\/wp-content\\\/uploads\\\/2024\\\/01\\\/Pedro.jpg\",\"width\":1600,\"height\":1204},{\"@type\":\"WebSite\",\"@id\":\"https:\\\/\\\/elinformativotam.com\\\/#website\",\"url\":\"https:\\\/\\\/elinformativotam.com\\\/\",\"name\":\"EL INFORMATIVO DE TAMAULIPAS\",\"description\":\"Desde la Zona Metropolitana Para Todo M\u00e9xico\",\"publisher\":{\"@id\":\"https:\\\/\\\/elinformativotam.com\\\/#organization\"},\"potentialAction\":[{\"@type\":\"SearchAction\",\"target\":{\"@type\":\"EntryPoint\",\"urlTemplate\":\"https:\\\/\\\/elinformativotam.com\\\/?s={search_term_string}\"},\"query-input\":{\"@type\":\"PropertyValueSpecification\",\"valueRequired\":true,\"valueName\":\"search_term_string\"}}],\"inLanguage\":\"es\"},{\"@type\":\"Organization\",\"@id\":\"https:\\\/\\\/elinformativotam.com\\\/#organization\",\"name\":\"EL INFORMATIVO DE TAMAULIPAS\",\"url\":\"https:\\\/\\\/elinformativotam.com\\\/\",\"logo\":{\"@type\":\"ImageObject\",\"inLanguage\":\"es\",\"@id\":\"https:\\\/\\\/elinformativotam.com\\\/#\\\/schema\\\/logo\\\/image\\\/\",\"url\":\"https:\\\/\\\/elinformativotam.com\\\/wp-content\\\/uploads\\\/2026\\\/02\\\/Cabezal.png\",\"contentUrl\":\"https:\\\/\\\/elinformativotam.com\\\/wp-content\\\/uploads\\\/2026\\\/02\\\/Cabezal.png\",\"width\":960,\"height\":640,\"caption\":\"EL INFORMATIVO DE TAMAULIPAS\"},\"image\":{\"@id\":\"https:\\\/\\\/elinformativotam.com\\\/#\\\/schema\\\/logo\\\/image\\\/\"}},{\"@type\":\"Person\",\"@id\":\"https:\\\/\\\/elinformativotam.com\\\/#\\\/schema\\\/person\\\/78e08040eed0f6110f0c5f83b6153590\",\"name\":\"El Informativo Tam\",\"image\":{\"@type\":\"ImageObject\",\"inLanguage\":\"es\",\"@id\":\"https:\\\/\\\/secure.gravatar.com\\\/avatar\\\/f3b7ad3af540688955925ac610647be00b0cf41feea9c4978b73a707ee86bc53?s=96&d=mm&r=g\",\"url\":\"https:\\\/\\\/secure.gravatar.com\\\/avatar\\\/f3b7ad3af540688955925ac610647be00b0cf41feea9c4978b73a707ee86bc53?s=96&d=mm&r=g\",\"contentUrl\":\"https:\\\/\\\/secure.gravatar.com\\\/avatar\\\/f3b7ad3af540688955925ac610647be00b0cf41feea9c4978b73a707ee86bc53?s=96&d=mm&r=g\",\"caption\":\"El Informativo Tam\"}}]}<\/script>\n<!-- \/ Yoast SEO plugin. -->","yoast_head_json":{"title":"PODR\u00cdA HABER SANCIONES PARA \"ATREVIDOS\" QUE INVADEN AGUAS DEL CARPINTERO - EL INFORMATIVO DE TAMAULIPAS","description":"*El Jur\u00eddico Del Municipio Ya Analiza La Propuesta Que Ser\u00e1 Abordada Por Las Autoridades Involucradas En El Tema &nbsp; &nbsp; Luego de que los incidentes","robots":{"index":"index","follow":"follow","max-snippet":"max-snippet:-1","max-image-preview":"max-image-preview:large","max-video-preview":"max-video-preview:-1"},"canonical":"https:\/\/elinformativotam.com\/index.php\/2024\/01\/24\/podria-haber-sanciones-para-atrevidos-que-invaden-aguas-del-carpintero\/","og_locale":"es_MX","og_type":"article","og_title":"PODR\u00cdA HABER SANCIONES PARA \"ATREVIDOS\" QUE INVADEN AGUAS DEL CARPINTERO - EL INFORMATIVO DE TAMAULIPAS","og_description":"*El Jur\u00eddico Del Municipio Ya Analiza La Propuesta Que Ser\u00e1 Abordada Por Las Autoridades Involucradas En El Tema &nbsp; &nbsp; Luego de que los incidentes","og_url":"https:\/\/elinformativotam.com\/index.php\/2024\/01\/24\/podria-haber-sanciones-para-atrevidos-que-invaden-aguas-del-carpintero\/","og_site_name":"EL INFORMATIVO DE TAMAULIPAS","article_published_time":"2024-01-24T15:00:56+00:00","article_modified_time":"2024-01-24T15:01:13+00:00","og_image":[{"width":1600,"height":1204,"url":"https:\/\/elinformativotam.com\/wp-content\/uploads\/2024\/01\/Pedro.jpg","type":"image\/jpeg"}],"author":"El Informativo Tam","twitter_card":"summary_large_image","twitter_misc":{"Escrito por":"El Informativo Tam","Tiempo de lectura":"2 minutos"},"schema":{"@context":"https:\/\/schema.org","@graph":[{"@type":"Article","@id":"https:\/\/elinformativotam.com\/index.php\/2024\/01\/24\/podria-haber-sanciones-para-atrevidos-que-invaden-aguas-del-carpintero\/#article","isPartOf":{"@id":"https:\/\/elinformativotam.com\/index.php\/2024\/01\/24\/podria-haber-sanciones-para-atrevidos-que-invaden-aguas-del-carpintero\/"},"author":{"name":"El Informativo Tam","@id":"https:\/\/elinformativotam.com\/#\/schema\/person\/78e08040eed0f6110f0c5f83b6153590"},"headline":"PODR\u00cdA HABER SANCIONES PARA &#8220;ATREVIDOS&#8221; QUE INVADEN AGUAS DEL CARPINTERO","datePublished":"2024-01-24T15:00:56+00:00","dateModified":"2024-01-24T15:01:13+00:00","mainEntityOfPage":{"@id":"https:\/\/elinformativotam.com\/index.php\/2024\/01\/24\/podria-haber-sanciones-para-atrevidos-que-invaden-aguas-del-carpintero\/"},"wordCount":326,"commentCount":0,"publisher":{"@id":"https:\/\/elinformativotam.com\/#organization"},"image":{"@id":"https:\/\/elinformativotam.com\/index.php\/2024\/01\/24\/podria-haber-sanciones-para-atrevidos-que-invaden-aguas-del-carpintero\/#primaryimage"},"thumbnailUrl":"https:\/\/elinformativotam.com\/wp-content\/uploads\/2024\/01\/Pedro.jpg","articleSection":["Tampico"],"inLanguage":"es","potentialAction":[{"@type":"CommentAction","name":"Comment","target":["https:\/\/elinformativotam.com\/index.php\/2024\/01\/24\/podria-haber-sanciones-para-atrevidos-que-invaden-aguas-del-carpintero\/#respond"]}]},{"@type":"WebPage","@id":"https:\/\/elinformativotam.com\/index.php\/2024\/01\/24\/podria-haber-sanciones-para-atrevidos-que-invaden-aguas-del-carpintero\/","url":"https:\/\/elinformativotam.com\/index.php\/2024\/01\/24\/podria-haber-sanciones-para-atrevidos-que-invaden-aguas-del-carpintero\/","name":"PODR\u00cdA HABER SANCIONES PARA \"ATREVIDOS\" QUE INVADEN AGUAS DEL CARPINTERO - EL INFORMATIVO DE TAMAULIPAS","isPartOf":{"@id":"https:\/\/elinformativotam.com\/#website"},"primaryImageOfPage":{"@id":"https:\/\/elinformativotam.com\/index.php\/2024\/01\/24\/podria-haber-sanciones-para-atrevidos-que-invaden-aguas-del-carpintero\/#primaryimage"},"image":{"@id":"https:\/\/elinformativotam.com\/index.php\/2024\/01\/24\/podria-haber-sanciones-para-atrevidos-que-invaden-aguas-del-carpintero\/#primaryimage"},"thumbnailUrl":"https:\/\/elinformativotam.com\/wp-content\/uploads\/2024\/01\/Pedro.jpg","datePublished":"2024-01-24T15:00:56+00:00","dateModified":"2024-01-24T15:01:13+00:00","description":"*El Jur\u00eddico Del Municipio Ya Analiza La Propuesta Que Ser\u00e1 Abordada Por Las Autoridades Involucradas En El Tema &nbsp; &nbsp; Luego de que los incidentes","inLanguage":"es","potentialAction":[{"@type":"ReadAction","target":["https:\/\/elinformativotam.com\/index.php\/2024\/01\/24\/podria-haber-sanciones-para-atrevidos-que-invaden-aguas-del-carpintero\/"]}]},{"@type":"ImageObject","inLanguage":"es","@id":"https:\/\/elinformativotam.com\/index.php\/2024\/01\/24\/podria-haber-sanciones-para-atrevidos-que-invaden-aguas-del-carpintero\/#primaryimage","url":"https:\/\/elinformativotam.com\/wp-content\/uploads\/2024\/01\/Pedro.jpg","contentUrl":"https:\/\/elinformativotam.com\/wp-content\/uploads\/2024\/01\/Pedro.jpg","width":1600,"height":1204},{"@type":"WebSite","@id":"https:\/\/elinformativotam.com\/#website","url":"https:\/\/elinformativotam.com\/","name":"EL INFORMATIVO DE TAMAULIPAS","description":"Desde la Zona Metropolitana Para Todo M\u00e9xico","publisher":{"@id":"https:\/\/elinformativotam.com\/#organization"},"potentialAction":[{"@type":"SearchAction","target":{"@type":"EntryPoint","urlTemplate":"https:\/\/elinformativotam.com\/?s={search_term_string}"},"query-input":{"@type":"PropertyValueSpecification","valueRequired":true,"valueName":"search_term_string"}}],"inLanguage":"es"},{"@type":"Organization","@id":"https:\/\/elinformativotam.com\/#organization","name":"EL INFORMATIVO DE TAMAULIPAS","url":"https:\/\/elinformativotam.com\/","logo":{"@type":"ImageObject","inLanguage":"es","@id":"https:\/\/elinformativotam.com\/#\/schema\/logo\/image\/","url":"https:\/\/elinformativotam.com\/wp-content\/uploads\/2026\/02\/Cabezal.png","contentUrl":"https:\/\/elinformativotam.com\/wp-content\/uploads\/2026\/02\/Cabezal.png","width":960,"height":640,"caption":"EL INFORMATIVO DE TAMAULIPAS"},"image":{"@id":"https:\/\/elinformativotam.com\/#\/schema\/logo\/image\/"}},{"@type":"Person","@id":"https:\/\/elinformativotam.com\/#\/schema\/person\/78e08040eed0f6110f0c5f83b6153590","name":"El Informativo Tam","image":{"@type":"ImageObject","inLanguage":"es","@id":"https:\/\/secure.gravatar.com\/avatar\/f3b7ad3af540688955925ac610647be00b0cf41feea9c4978b73a707ee86bc53?s=96&d=mm&r=g","url":"https:\/\/secure.gravatar.com\/avatar\/f3b7ad3af540688955925ac610647be00b0cf41feea9c4978b73a707ee86bc53?s=96&d=mm&r=g","contentUrl":"https:\/\/secure.gravatar.com\/avatar\/f3b7ad3af540688955925ac610647be00b0cf41feea9c4978b73a707ee86bc53?s=96&d=mm&r=g","caption":"El Informativo Tam"}}]}},"_links":{"self":[{"href":"https:\/\/elinformativotam.com\/index.php\/wp-json\/wp\/v2\/posts\/48615","targetHints":{"allow":["GET"]}}],"collection":[{"href":"https:\/\/elinformativotam.com\/index.php\/wp-json\/wp\/v2\/posts"}],"about":[{"href":"https:\/\/elinformativotam.com\/index.php\/wp-json\/wp\/v2\/types\/post"}],"author":[{"embeddable":true,"href":"https:\/\/elinformativotam.com\/index.php\/wp-json\/wp\/v2\/users\/1"}],"replies":[{"embeddable":true,"href":"https:\/\/elinformativotam.com\/index.php\/wp-json\/wp\/v2\/comments?post=48615"}],"version-history":[{"count":2,"href":"https:\/\/elinformativotam.com\/index.php\/wp-json\/wp\/v2\/posts\/48615\/revisions"}],"predecessor-version":[{"id":48619,"href":"https:\/\/elinformativotam.com\/index.php\/wp-json\/wp\/v2\/posts\/48615\/revisions\/48619"}],"wp:featuredmedia":[{"embeddable":true,"href":"https:\/\/elinformativotam.com\/index.php\/wp-json\/wp\/v2\/media\/48617"}],"wp:attachment":[{"href":"https:\/\/elinformativotam.com\/index.php\/wp-json\/wp\/v2\/media?parent=48615"}],"wp:term":[{"taxonomy":"category","embeddable":true,"href":"https:\/\/elinformativotam.com\/index.php\/wp-json\/wp\/v2\/categories?post=48615"},{"taxonomy":"post_tag","embeddable":true,"href":"https:\/\/elinformativotam.com\/index.php\/wp-json\/wp\/v2\/tags?post=48615"}],"curies":[{"name":"wp","href":"https:\/\/api.w.org\/{rel}","templated":true}]}}