{"id":48589,"date":"2024-01-23T21:56:23","date_gmt":"2024-01-24T03:56:23","guid":{"rendered":"https:\/\/elinformativotam.com\/?p=48589"},"modified":"2024-01-23T21:56:23","modified_gmt":"2024-01-24T03:56:23","slug":"arranca-gobierno-de-altamira-construccion-de-telesecundaria-en-fracc-paseo-real","status":"publish","type":"post","link":"https:\/\/elinformativotam.com\/index.php\/2024\/01\/23\/arranca-gobierno-de-altamira-construccion-de-telesecundaria-en-fracc-paseo-real\/","title":{"rendered":"ARRANCA GOBIERNO DE ALTAMIRA CONSTRUCCI\u00d3N DE TELESECUNDARIA EN FRACC. PASEO REAL"},"content":{"rendered":"<p>Altamira, Tamaulipas.- Una nueva escuela telesecundaria ser\u00e1 inaugurada dentro de dos meses en el Fracc. Paseo Real, producto de la voluntad del presidente municipal de Altamira, Dr. Armando Mart\u00ednez Manr\u00edquez por promover un acceso equitativo a la educaci\u00f3n en todos los sectores de la ciudad.<\/p>\n<p>&nbsp;<\/p>\n<p>Para ello, el edil encabez\u00f3 la ceremonia de inicio de la construcci\u00f3n de dicho plantel que contar\u00e1 hasta con 3 mil 860 metros cuadrados de terreno, y que adem\u00e1s estar\u00e1 equipado con 32 luminarias, 4 mini splits, 7 ventiladores, 64 metros cuadrados de banquetas, etc.<\/p>\n<p>&nbsp;<\/p>\n<p>\u201cVamos a hacer una obra integral, esta escuela contar\u00e1 con tres aulas, su \u00e1rea de direcci\u00f3n y un m\u00f3dulo de sanitarios completamente equipados\u201d, asegur\u00f3 Mart\u00ednez Manr\u00edquez.<\/p>\n<p>&nbsp;<\/p>\n<p>Asimismo, se detall\u00f3 que la edificaci\u00f3n de este anhelado plantel contar\u00e1 con una inversi\u00f3n del orden de 2 millones 413 mil 536 pesos con 31 centavos, monto que ser\u00e1 empleado con recursos municipales.<\/p>\n<p>&nbsp;<\/p>\n<p>En este evento de arranque, el titular del CREDE Altamira, Lic. Jorge Luis Cisneros, destac\u00f3 la labor de la administraci\u00f3n municipal por este impulso al sector educativo, asimismo inform\u00f3 que desde la dependencia que titula habr\u00e1n de coadyuvar para que los j\u00f3venes interesados en cursar su educaci\u00f3n secundaria en dicho plantel puedan hacerlo en las mejores condiciones, y de esta manera est\u00e9n matriculados en tiempo y forma para el mes de septiembre.<\/p>\n<p>&nbsp;<\/p>\n<p>\u201cEstamos muy contentos por esta nueva escuela, estamos cumpliendo el compromiso pactado con los vecinos pues no hab\u00eda una escuela de nivel secundaria cercana, y estaremos muy pronto inaugur\u00e1ndola en los siguientes dos meses\u201d, concluy\u00f3 el edil.<\/p>\n<p>&nbsp;<\/p>\n","protected":false},"excerpt":{"rendered":"<p>Altamira, Tamaulipas.- Una nueva escuela telesecundaria ser\u00e1 inaugurada dentro de dos meses en el Fracc. Paseo Real, producto de la&hellip;<\/p>\n","protected":false},"author":1,"featured_media":48590,"comment_status":"open","ping_status":"open","sticky":false,"template":"","format":"standard","meta":{"footnotes":""},"categories":[5],"tags":[],"class_list":["post-48589","post","type-post","status-publish","format-standard","has-post-thumbnail","hentry","category-altamira"],"yoast_head":"<!-- This site is optimized with the Yoast SEO plugin v27.5 - https:\/\/yoast.com\/product\/yoast-seo-wordpress\/ -->\n<title>ARRANCA GOBIERNO DE ALTAMIRA CONSTRUCCI\u00d3N DE TELESECUNDARIA EN FRACC. PASEO REAL - EL INFORMATIVO DE TAMAULIPAS<\/title>\n<meta name=\"description\" content=\"Altamira, Tamaulipas.- Una nueva escuela telesecundaria ser\u00e1 inaugurada dentro de dos meses en el Fracc. Paseo Real, producto de la voluntad del\" \/>\n<meta name=\"robots\" content=\"index, follow, max-snippet:-1, max-image-preview:large, max-video-preview:-1\" \/>\n<link rel=\"canonical\" href=\"https:\/\/elinformativotam.com\/index.php\/2024\/01\/23\/arranca-gobierno-de-altamira-construccion-de-telesecundaria-en-fracc-paseo-real\/\" \/>\n<meta property=\"og:locale\" content=\"es_MX\" \/>\n<meta property=\"og:type\" content=\"article\" \/>\n<meta property=\"og:title\" content=\"ARRANCA GOBIERNO DE ALTAMIRA CONSTRUCCI\u00d3N DE TELESECUNDARIA EN FRACC. PASEO REAL - EL INFORMATIVO DE TAMAULIPAS\" \/>\n<meta property=\"og:description\" content=\"Altamira, Tamaulipas.- Una nueva escuela telesecundaria ser\u00e1 inaugurada dentro de dos meses en el Fracc. Paseo Real, producto de la voluntad del\" \/>\n<meta property=\"og:url\" content=\"https:\/\/elinformativotam.com\/index.php\/2024\/01\/23\/arranca-gobierno-de-altamira-construccion-de-telesecundaria-en-fracc-paseo-real\/\" \/>\n<meta property=\"og:site_name\" content=\"EL INFORMATIVO DE TAMAULIPAS\" \/>\n<meta property=\"article:published_time\" content=\"2024-01-24T03:56:23+00:00\" \/>\n<meta property=\"og:image\" content=\"https:\/\/elinformativotam.com\/wp-content\/uploads\/2024\/01\/Telesecundaria.jpeg\" \/>\n\t<meta property=\"og:image:width\" content=\"1280\" \/>\n\t<meta property=\"og:image:height\" content=\"853\" \/>\n\t<meta property=\"og:image:type\" content=\"image\/jpeg\" \/>\n<meta name=\"author\" content=\"El Informativo Tam\" \/>\n<meta name=\"twitter:card\" content=\"summary_large_image\" \/>\n<meta name=\"twitter:label1\" content=\"Escrito por\" \/>\n\t<meta name=\"twitter:data1\" content=\"El Informativo Tam\" \/>\n\t<meta name=\"twitter:label2\" content=\"Tiempo de lectura\" \/>\n\t<meta name=\"twitter:data2\" content=\"2 minutos\" \/>\n<script type=\"application\/ld+json\" class=\"yoast-schema-graph\">{\"@context\":\"https:\\\/\\\/schema.org\",\"@graph\":[{\"@type\":\"Article\",\"@id\":\"https:\\\/\\\/elinformativotam.com\\\/index.php\\\/2024\\\/01\\\/23\\\/arranca-gobierno-de-altamira-construccion-de-telesecundaria-en-fracc-paseo-real\\\/#article\",\"isPartOf\":{\"@id\":\"https:\\\/\\\/elinformativotam.com\\\/index.php\\\/2024\\\/01\\\/23\\\/arranca-gobierno-de-altamira-construccion-de-telesecundaria-en-fracc-paseo-real\\\/\"},\"author\":{\"name\":\"El Informativo Tam\",\"@id\":\"https:\\\/\\\/elinformativotam.com\\\/#\\\/schema\\\/person\\\/78e08040eed0f6110f0c5f83b6153590\"},\"headline\":\"ARRANCA GOBIERNO DE ALTAMIRA CONSTRUCCI\u00d3N DE TELESECUNDARIA EN FRACC. PASEO REAL\",\"datePublished\":\"2024-01-24T03:56:23+00:00\",\"mainEntityOfPage\":{\"@id\":\"https:\\\/\\\/elinformativotam.com\\\/index.php\\\/2024\\\/01\\\/23\\\/arranca-gobierno-de-altamira-construccion-de-telesecundaria-en-fracc-paseo-real\\\/\"},\"wordCount\":285,\"commentCount\":0,\"publisher\":{\"@id\":\"https:\\\/\\\/elinformativotam.com\\\/#organization\"},\"image\":{\"@id\":\"https:\\\/\\\/elinformativotam.com\\\/index.php\\\/2024\\\/01\\\/23\\\/arranca-gobierno-de-altamira-construccion-de-telesecundaria-en-fracc-paseo-real\\\/#primaryimage\"},\"thumbnailUrl\":\"https:\\\/\\\/elinformativotam.com\\\/wp-content\\\/uploads\\\/2024\\\/01\\\/Telesecundaria.jpeg\",\"articleSection\":[\"Altamira\"],\"inLanguage\":\"es\",\"potentialAction\":[{\"@type\":\"CommentAction\",\"name\":\"Comment\",\"target\":[\"https:\\\/\\\/elinformativotam.com\\\/index.php\\\/2024\\\/01\\\/23\\\/arranca-gobierno-de-altamira-construccion-de-telesecundaria-en-fracc-paseo-real\\\/#respond\"]}]},{\"@type\":\"WebPage\",\"@id\":\"https:\\\/\\\/elinformativotam.com\\\/index.php\\\/2024\\\/01\\\/23\\\/arranca-gobierno-de-altamira-construccion-de-telesecundaria-en-fracc-paseo-real\\\/\",\"url\":\"https:\\\/\\\/elinformativotam.com\\\/index.php\\\/2024\\\/01\\\/23\\\/arranca-gobierno-de-altamira-construccion-de-telesecundaria-en-fracc-paseo-real\\\/\",\"name\":\"ARRANCA GOBIERNO DE ALTAMIRA CONSTRUCCI\u00d3N DE TELESECUNDARIA EN FRACC. PASEO REAL - EL INFORMATIVO DE TAMAULIPAS\",\"isPartOf\":{\"@id\":\"https:\\\/\\\/elinformativotam.com\\\/#website\"},\"primaryImageOfPage\":{\"@id\":\"https:\\\/\\\/elinformativotam.com\\\/index.php\\\/2024\\\/01\\\/23\\\/arranca-gobierno-de-altamira-construccion-de-telesecundaria-en-fracc-paseo-real\\\/#primaryimage\"},\"image\":{\"@id\":\"https:\\\/\\\/elinformativotam.com\\\/index.php\\\/2024\\\/01\\\/23\\\/arranca-gobierno-de-altamira-construccion-de-telesecundaria-en-fracc-paseo-real\\\/#primaryimage\"},\"thumbnailUrl\":\"https:\\\/\\\/elinformativotam.com\\\/wp-content\\\/uploads\\\/2024\\\/01\\\/Telesecundaria.jpeg\",\"datePublished\":\"2024-01-24T03:56:23+00:00\",\"description\":\"Altamira, Tamaulipas.- Una nueva escuela telesecundaria ser\u00e1 inaugurada dentro de dos meses en el Fracc. Paseo Real, producto de la voluntad del\",\"inLanguage\":\"es\",\"potentialAction\":[{\"@type\":\"ReadAction\",\"target\":[\"https:\\\/\\\/elinformativotam.com\\\/index.php\\\/2024\\\/01\\\/23\\\/arranca-gobierno-de-altamira-construccion-de-telesecundaria-en-fracc-paseo-real\\\/\"]}]},{\"@type\":\"ImageObject\",\"inLanguage\":\"es\",\"@id\":\"https:\\\/\\\/elinformativotam.com\\\/index.php\\\/2024\\\/01\\\/23\\\/arranca-gobierno-de-altamira-construccion-de-telesecundaria-en-fracc-paseo-real\\\/#primaryimage\",\"url\":\"https:\\\/\\\/elinformativotam.com\\\/wp-content\\\/uploads\\\/2024\\\/01\\\/Telesecundaria.jpeg\",\"contentUrl\":\"https:\\\/\\\/elinformativotam.com\\\/wp-content\\\/uploads\\\/2024\\\/01\\\/Telesecundaria.jpeg\",\"width\":1280,\"height\":853},{\"@type\":\"WebSite\",\"@id\":\"https:\\\/\\\/elinformativotam.com\\\/#website\",\"url\":\"https:\\\/\\\/elinformativotam.com\\\/\",\"name\":\"EL INFORMATIVO DE TAMAULIPAS\",\"description\":\"Desde la Zona Metropolitana Para Todo M\u00e9xico\",\"publisher\":{\"@id\":\"https:\\\/\\\/elinformativotam.com\\\/#organization\"},\"potentialAction\":[{\"@type\":\"SearchAction\",\"target\":{\"@type\":\"EntryPoint\",\"urlTemplate\":\"https:\\\/\\\/elinformativotam.com\\\/?s={search_term_string}\"},\"query-input\":{\"@type\":\"PropertyValueSpecification\",\"valueRequired\":true,\"valueName\":\"search_term_string\"}}],\"inLanguage\":\"es\"},{\"@type\":\"Organization\",\"@id\":\"https:\\\/\\\/elinformativotam.com\\\/#organization\",\"name\":\"EL INFORMATIVO DE TAMAULIPAS\",\"url\":\"https:\\\/\\\/elinformativotam.com\\\/\",\"logo\":{\"@type\":\"ImageObject\",\"inLanguage\":\"es\",\"@id\":\"https:\\\/\\\/elinformativotam.com\\\/#\\\/schema\\\/logo\\\/image\\\/\",\"url\":\"https:\\\/\\\/elinformativotam.com\\\/wp-content\\\/uploads\\\/2026\\\/02\\\/Cabezal.png\",\"contentUrl\":\"https:\\\/\\\/elinformativotam.com\\\/wp-content\\\/uploads\\\/2026\\\/02\\\/Cabezal.png\",\"width\":960,\"height\":640,\"caption\":\"EL INFORMATIVO DE TAMAULIPAS\"},\"image\":{\"@id\":\"https:\\\/\\\/elinformativotam.com\\\/#\\\/schema\\\/logo\\\/image\\\/\"}},{\"@type\":\"Person\",\"@id\":\"https:\\\/\\\/elinformativotam.com\\\/#\\\/schema\\\/person\\\/78e08040eed0f6110f0c5f83b6153590\",\"name\":\"El Informativo Tam\",\"image\":{\"@type\":\"ImageObject\",\"inLanguage\":\"es\",\"@id\":\"https:\\\/\\\/secure.gravatar.com\\\/avatar\\\/f3b7ad3af540688955925ac610647be00b0cf41feea9c4978b73a707ee86bc53?s=96&d=mm&r=g\",\"url\":\"https:\\\/\\\/secure.gravatar.com\\\/avatar\\\/f3b7ad3af540688955925ac610647be00b0cf41feea9c4978b73a707ee86bc53?s=96&d=mm&r=g\",\"contentUrl\":\"https:\\\/\\\/secure.gravatar.com\\\/avatar\\\/f3b7ad3af540688955925ac610647be00b0cf41feea9c4978b73a707ee86bc53?s=96&d=mm&r=g\",\"caption\":\"El Informativo Tam\"}}]}<\/script>\n<!-- \/ Yoast SEO plugin. -->","yoast_head_json":{"title":"ARRANCA GOBIERNO DE ALTAMIRA CONSTRUCCI\u00d3N DE TELESECUNDARIA EN FRACC. PASEO REAL - EL INFORMATIVO DE TAMAULIPAS","description":"Altamira, Tamaulipas.- Una nueva escuela telesecundaria ser\u00e1 inaugurada dentro de dos meses en el Fracc. Paseo Real, producto de la voluntad del","robots":{"index":"index","follow":"follow","max-snippet":"max-snippet:-1","max-image-preview":"max-image-preview:large","max-video-preview":"max-video-preview:-1"},"canonical":"https:\/\/elinformativotam.com\/index.php\/2024\/01\/23\/arranca-gobierno-de-altamira-construccion-de-telesecundaria-en-fracc-paseo-real\/","og_locale":"es_MX","og_type":"article","og_title":"ARRANCA GOBIERNO DE ALTAMIRA CONSTRUCCI\u00d3N DE TELESECUNDARIA EN FRACC. PASEO REAL - EL INFORMATIVO DE TAMAULIPAS","og_description":"Altamira, Tamaulipas.- Una nueva escuela telesecundaria ser\u00e1 inaugurada dentro de dos meses en el Fracc. Paseo Real, producto de la voluntad del","og_url":"https:\/\/elinformativotam.com\/index.php\/2024\/01\/23\/arranca-gobierno-de-altamira-construccion-de-telesecundaria-en-fracc-paseo-real\/","og_site_name":"EL INFORMATIVO DE TAMAULIPAS","article_published_time":"2024-01-24T03:56:23+00:00","og_image":[{"width":1280,"height":853,"url":"https:\/\/elinformativotam.com\/wp-content\/uploads\/2024\/01\/Telesecundaria.jpeg","type":"image\/jpeg"}],"author":"El Informativo Tam","twitter_card":"summary_large_image","twitter_misc":{"Escrito por":"El Informativo Tam","Tiempo de lectura":"2 minutos"},"schema":{"@context":"https:\/\/schema.org","@graph":[{"@type":"Article","@id":"https:\/\/elinformativotam.com\/index.php\/2024\/01\/23\/arranca-gobierno-de-altamira-construccion-de-telesecundaria-en-fracc-paseo-real\/#article","isPartOf":{"@id":"https:\/\/elinformativotam.com\/index.php\/2024\/01\/23\/arranca-gobierno-de-altamira-construccion-de-telesecundaria-en-fracc-paseo-real\/"},"author":{"name":"El Informativo Tam","@id":"https:\/\/elinformativotam.com\/#\/schema\/person\/78e08040eed0f6110f0c5f83b6153590"},"headline":"ARRANCA GOBIERNO DE ALTAMIRA CONSTRUCCI\u00d3N DE TELESECUNDARIA EN FRACC. PASEO REAL","datePublished":"2024-01-24T03:56:23+00:00","mainEntityOfPage":{"@id":"https:\/\/elinformativotam.com\/index.php\/2024\/01\/23\/arranca-gobierno-de-altamira-construccion-de-telesecundaria-en-fracc-paseo-real\/"},"wordCount":285,"commentCount":0,"publisher":{"@id":"https:\/\/elinformativotam.com\/#organization"},"image":{"@id":"https:\/\/elinformativotam.com\/index.php\/2024\/01\/23\/arranca-gobierno-de-altamira-construccion-de-telesecundaria-en-fracc-paseo-real\/#primaryimage"},"thumbnailUrl":"https:\/\/elinformativotam.com\/wp-content\/uploads\/2024\/01\/Telesecundaria.jpeg","articleSection":["Altamira"],"inLanguage":"es","potentialAction":[{"@type":"CommentAction","name":"Comment","target":["https:\/\/elinformativotam.com\/index.php\/2024\/01\/23\/arranca-gobierno-de-altamira-construccion-de-telesecundaria-en-fracc-paseo-real\/#respond"]}]},{"@type":"WebPage","@id":"https:\/\/elinformativotam.com\/index.php\/2024\/01\/23\/arranca-gobierno-de-altamira-construccion-de-telesecundaria-en-fracc-paseo-real\/","url":"https:\/\/elinformativotam.com\/index.php\/2024\/01\/23\/arranca-gobierno-de-altamira-construccion-de-telesecundaria-en-fracc-paseo-real\/","name":"ARRANCA GOBIERNO DE ALTAMIRA CONSTRUCCI\u00d3N DE TELESECUNDARIA EN FRACC. PASEO REAL - EL INFORMATIVO DE TAMAULIPAS","isPartOf":{"@id":"https:\/\/elinformativotam.com\/#website"},"primaryImageOfPage":{"@id":"https:\/\/elinformativotam.com\/index.php\/2024\/01\/23\/arranca-gobierno-de-altamira-construccion-de-telesecundaria-en-fracc-paseo-real\/#primaryimage"},"image":{"@id":"https:\/\/elinformativotam.com\/index.php\/2024\/01\/23\/arranca-gobierno-de-altamira-construccion-de-telesecundaria-en-fracc-paseo-real\/#primaryimage"},"thumbnailUrl":"https:\/\/elinformativotam.com\/wp-content\/uploads\/2024\/01\/Telesecundaria.jpeg","datePublished":"2024-01-24T03:56:23+00:00","description":"Altamira, Tamaulipas.- Una nueva escuela telesecundaria ser\u00e1 inaugurada dentro de dos meses en el Fracc. Paseo Real, producto de la voluntad del","inLanguage":"es","potentialAction":[{"@type":"ReadAction","target":["https:\/\/elinformativotam.com\/index.php\/2024\/01\/23\/arranca-gobierno-de-altamira-construccion-de-telesecundaria-en-fracc-paseo-real\/"]}]},{"@type":"ImageObject","inLanguage":"es","@id":"https:\/\/elinformativotam.com\/index.php\/2024\/01\/23\/arranca-gobierno-de-altamira-construccion-de-telesecundaria-en-fracc-paseo-real\/#primaryimage","url":"https:\/\/elinformativotam.com\/wp-content\/uploads\/2024\/01\/Telesecundaria.jpeg","contentUrl":"https:\/\/elinformativotam.com\/wp-content\/uploads\/2024\/01\/Telesecundaria.jpeg","width":1280,"height":853},{"@type":"WebSite","@id":"https:\/\/elinformativotam.com\/#website","url":"https:\/\/elinformativotam.com\/","name":"EL INFORMATIVO DE TAMAULIPAS","description":"Desde la Zona Metropolitana Para Todo M\u00e9xico","publisher":{"@id":"https:\/\/elinformativotam.com\/#organization"},"potentialAction":[{"@type":"SearchAction","target":{"@type":"EntryPoint","urlTemplate":"https:\/\/elinformativotam.com\/?s={search_term_string}"},"query-input":{"@type":"PropertyValueSpecification","valueRequired":true,"valueName":"search_term_string"}}],"inLanguage":"es"},{"@type":"Organization","@id":"https:\/\/elinformativotam.com\/#organization","name":"EL INFORMATIVO DE TAMAULIPAS","url":"https:\/\/elinformativotam.com\/","logo":{"@type":"ImageObject","inLanguage":"es","@id":"https:\/\/elinformativotam.com\/#\/schema\/logo\/image\/","url":"https:\/\/elinformativotam.com\/wp-content\/uploads\/2026\/02\/Cabezal.png","contentUrl":"https:\/\/elinformativotam.com\/wp-content\/uploads\/2026\/02\/Cabezal.png","width":960,"height":640,"caption":"EL INFORMATIVO DE TAMAULIPAS"},"image":{"@id":"https:\/\/elinformativotam.com\/#\/schema\/logo\/image\/"}},{"@type":"Person","@id":"https:\/\/elinformativotam.com\/#\/schema\/person\/78e08040eed0f6110f0c5f83b6153590","name":"El Informativo Tam","image":{"@type":"ImageObject","inLanguage":"es","@id":"https:\/\/secure.gravatar.com\/avatar\/f3b7ad3af540688955925ac610647be00b0cf41feea9c4978b73a707ee86bc53?s=96&d=mm&r=g","url":"https:\/\/secure.gravatar.com\/avatar\/f3b7ad3af540688955925ac610647be00b0cf41feea9c4978b73a707ee86bc53?s=96&d=mm&r=g","contentUrl":"https:\/\/secure.gravatar.com\/avatar\/f3b7ad3af540688955925ac610647be00b0cf41feea9c4978b73a707ee86bc53?s=96&d=mm&r=g","caption":"El Informativo Tam"}}]}},"_links":{"self":[{"href":"https:\/\/elinformativotam.com\/index.php\/wp-json\/wp\/v2\/posts\/48589","targetHints":{"allow":["GET"]}}],"collection":[{"href":"https:\/\/elinformativotam.com\/index.php\/wp-json\/wp\/v2\/posts"}],"about":[{"href":"https:\/\/elinformativotam.com\/index.php\/wp-json\/wp\/v2\/types\/post"}],"author":[{"embeddable":true,"href":"https:\/\/elinformativotam.com\/index.php\/wp-json\/wp\/v2\/users\/1"}],"replies":[{"embeddable":true,"href":"https:\/\/elinformativotam.com\/index.php\/wp-json\/wp\/v2\/comments?post=48589"}],"version-history":[{"count":1,"href":"https:\/\/elinformativotam.com\/index.php\/wp-json\/wp\/v2\/posts\/48589\/revisions"}],"predecessor-version":[{"id":48591,"href":"https:\/\/elinformativotam.com\/index.php\/wp-json\/wp\/v2\/posts\/48589\/revisions\/48591"}],"wp:featuredmedia":[{"embeddable":true,"href":"https:\/\/elinformativotam.com\/index.php\/wp-json\/wp\/v2\/media\/48590"}],"wp:attachment":[{"href":"https:\/\/elinformativotam.com\/index.php\/wp-json\/wp\/v2\/media?parent=48589"}],"wp:term":[{"taxonomy":"category","embeddable":true,"href":"https:\/\/elinformativotam.com\/index.php\/wp-json\/wp\/v2\/categories?post=48589"},{"taxonomy":"post_tag","embeddable":true,"href":"https:\/\/elinformativotam.com\/index.php\/wp-json\/wp\/v2\/tags?post=48589"}],"curies":[{"name":"wp","href":"https:\/\/api.w.org\/{rel}","templated":true}]}}