{"id":48587,"date":"2024-01-22T19:04:34","date_gmt":"2024-01-23T01:04:34","guid":{"rendered":"https:\/\/elinformativotam.com\/?p=48587"},"modified":"2024-01-22T19:04:34","modified_gmt":"2024-01-23T01:04:34","slug":"precandidato-ciudadano-a-la-diputacion-local-busca-llegar-al-congreso-de-tamaulipas","status":"publish","type":"post","link":"https:\/\/elinformativotam.com\/index.php\/2024\/01\/22\/precandidato-ciudadano-a-la-diputacion-local-busca-llegar-al-congreso-de-tamaulipas\/","title":{"rendered":"Precandidato Ciudadano A La Diputaci\u00f3n Local Busca Llegar Al Congreso De Tamaulipas."},"content":{"rendered":"<p>Cd. Madero, Tamaulipas.- Para dirigir un mensaje a la militancia del partido Movimiento Ciudadano, el precandidato a la diputaci\u00f3n local por el distrito 20, correspondiente a Ciudad Madero, Anthony Salinas, se\u00f1al\u00f3 que hizo una petici\u00f3n a la autoridad electoral, en este caso el Instituto Electoral de Tamaulipas (IETAM) para que re\u00fana a todos los aspirantes del partido naranja a exponer sus ideas y propuestas de manera interna.<\/p>\n<p>&nbsp;<\/p>\n<p>Mencion\u00f3 que este ejercicio permitir\u00eda a los integrantes de Movimiento Ciudadano conocer el motivo por el que desean ser candidatos a diputado local y de esta forma lograr hacer la elecci\u00f3n del aspirante m\u00e1s preparado y con las mejores propuestas.<\/p>\n<p>&nbsp;<\/p>\n<p>Expuso su deseo de ser diputado local, debido a que conoce el trabajo legislativo al haberse desempe\u00f1ado como asesor jur\u00eddico en la LXIV legislatura de Tamaulipas y considera que puede aportar mucho a favor de la ciudadan\u00eda no solo de Ciudad Madero, sino del estado.<\/p>\n<p>&nbsp;<\/p>\n<p>Destac\u00f3 que hace falta fortalecer el trabajo que han realizado los actuales legisladores locales, pues en el \u00e1mbito jur\u00eddico y en el parlamentario nunca es suficiente, pues un ejemplo claro es que en varios temas de importancia se han quedado atr\u00e1s.<\/p>\n<p>&nbsp;<\/p>\n<p>\u201cTamaulipas fue el \u00faltimo estado en legalizar o reconocer el derecho entre personas del mismo sexo, por lo que se estaba quedando atr\u00e1s, tambi\u00e9n fue de los \u00faltimos en adecuar el marco en materia educativa\u201d.<\/p>\n<p>&nbsp;<\/p>\n<p>Indic\u00f3 que se requiere de los consensos en los grupos parlamentarios, pero se debe priorizar los temas a tratar en el pleno del congreso de Tamaulipas.<\/p>\n<p>&nbsp;<\/p>\n<p>A\u00f1adi\u00f3 que ser\u00e1 en Marzo cuando se designe al candidato a la diputaci\u00f3n local, esto tras la entrega del trabajo realizado para recibir el apoyo de la militancia y simpatizantes, esto a pesar de no ser integrante del instituto pol\u00edtico.<\/p>\n<p>&nbsp;<\/p>\n<p>Finaliz\u00f3 diciendo Anthony Salinas que el partido Movimiento Ciudadano en su convocatoria da apertura para que el 50 por ciento de las candidaturas sean para la ciudadan\u00eda y es por ello que decidi\u00f3 participar en el proceso interno, pues asegura que puede hacer un buen trabajo en el congreso tamaulipeco.<\/p>\n","protected":false},"excerpt":{"rendered":"<p>Cd. Madero, Tamaulipas.- Para dirigir un mensaje a la militancia del partido Movimiento Ciudadano, el precandidato a la diputaci\u00f3n local&hellip;<\/p>\n","protected":false},"author":1,"featured_media":48579,"comment_status":"open","ping_status":"open","sticky":false,"template":"","format":"standard","meta":{"footnotes":""},"categories":[4],"tags":[],"class_list":["post-48587","post","type-post","status-publish","format-standard","has-post-thumbnail","hentry","category-madero"],"yoast_head":"<!-- This site is optimized with the Yoast SEO plugin v27.5 - https:\/\/yoast.com\/product\/yoast-seo-wordpress\/ -->\n<title>Precandidato Ciudadano A La Diputaci\u00f3n Local Busca Llegar Al Congreso De Tamaulipas. - EL INFORMATIVO DE TAMAULIPAS<\/title>\n<meta name=\"description\" content=\"Cd. Madero, Tamaulipas.- Para dirigir un mensaje a la militancia del partido Movimiento Ciudadano, el precandidato a la diputaci\u00f3n local por el distrito\" \/>\n<meta name=\"robots\" content=\"index, follow, max-snippet:-1, max-image-preview:large, max-video-preview:-1\" \/>\n<link rel=\"canonical\" href=\"https:\/\/elinformativotam.com\/index.php\/2024\/01\/22\/precandidato-ciudadano-a-la-diputacion-local-busca-llegar-al-congreso-de-tamaulipas\/\" \/>\n<meta property=\"og:locale\" content=\"es_MX\" \/>\n<meta property=\"og:type\" content=\"article\" \/>\n<meta property=\"og:title\" content=\"Precandidato Ciudadano A La Diputaci\u00f3n Local Busca Llegar Al Congreso De Tamaulipas. - EL INFORMATIVO DE TAMAULIPAS\" \/>\n<meta property=\"og:description\" content=\"Cd. Madero, Tamaulipas.- Para dirigir un mensaje a la militancia del partido Movimiento Ciudadano, el precandidato a la diputaci\u00f3n local por el distrito\" \/>\n<meta property=\"og:url\" content=\"https:\/\/elinformativotam.com\/index.php\/2024\/01\/22\/precandidato-ciudadano-a-la-diputacion-local-busca-llegar-al-congreso-de-tamaulipas\/\" \/>\n<meta property=\"og:site_name\" content=\"EL INFORMATIVO DE TAMAULIPAS\" \/>\n<meta property=\"article:published_time\" content=\"2024-01-23T01:04:34+00:00\" \/>\n<meta property=\"og:image\" content=\"https:\/\/elinformativotam.com\/wp-content\/uploads\/2024\/01\/Precandidato.jpeg\" \/>\n\t<meta property=\"og:image:width\" content=\"1280\" \/>\n\t<meta property=\"og:image:height\" content=\"960\" \/>\n\t<meta property=\"og:image:type\" content=\"image\/jpeg\" \/>\n<meta name=\"author\" content=\"El Informativo Tam\" \/>\n<meta name=\"twitter:card\" content=\"summary_large_image\" \/>\n<meta name=\"twitter:label1\" content=\"Escrito por\" \/>\n\t<meta name=\"twitter:data1\" content=\"El Informativo Tam\" \/>\n\t<meta name=\"twitter:label2\" content=\"Tiempo de lectura\" \/>\n\t<meta name=\"twitter:data2\" content=\"2 minutos\" \/>\n<script type=\"application\/ld+json\" class=\"yoast-schema-graph\">{\"@context\":\"https:\\\/\\\/schema.org\",\"@graph\":[{\"@type\":\"Article\",\"@id\":\"https:\\\/\\\/elinformativotam.com\\\/index.php\\\/2024\\\/01\\\/22\\\/precandidato-ciudadano-a-la-diputacion-local-busca-llegar-al-congreso-de-tamaulipas\\\/#article\",\"isPartOf\":{\"@id\":\"https:\\\/\\\/elinformativotam.com\\\/index.php\\\/2024\\\/01\\\/22\\\/precandidato-ciudadano-a-la-diputacion-local-busca-llegar-al-congreso-de-tamaulipas\\\/\"},\"author\":{\"name\":\"El Informativo Tam\",\"@id\":\"https:\\\/\\\/elinformativotam.com\\\/#\\\/schema\\\/person\\\/78e08040eed0f6110f0c5f83b6153590\"},\"headline\":\"Precandidato Ciudadano A La Diputaci\u00f3n Local Busca Llegar Al Congreso De Tamaulipas.\",\"datePublished\":\"2024-01-23T01:04:34+00:00\",\"mainEntityOfPage\":{\"@id\":\"https:\\\/\\\/elinformativotam.com\\\/index.php\\\/2024\\\/01\\\/22\\\/precandidato-ciudadano-a-la-diputacion-local-busca-llegar-al-congreso-de-tamaulipas\\\/\"},\"wordCount\":381,\"commentCount\":0,\"publisher\":{\"@id\":\"https:\\\/\\\/elinformativotam.com\\\/#organization\"},\"image\":{\"@id\":\"https:\\\/\\\/elinformativotam.com\\\/index.php\\\/2024\\\/01\\\/22\\\/precandidato-ciudadano-a-la-diputacion-local-busca-llegar-al-congreso-de-tamaulipas\\\/#primaryimage\"},\"thumbnailUrl\":\"https:\\\/\\\/elinformativotam.com\\\/wp-content\\\/uploads\\\/2024\\\/01\\\/Precandidato.jpeg\",\"articleSection\":[\"Cd Madero\"],\"inLanguage\":\"es\",\"potentialAction\":[{\"@type\":\"CommentAction\",\"name\":\"Comment\",\"target\":[\"https:\\\/\\\/elinformativotam.com\\\/index.php\\\/2024\\\/01\\\/22\\\/precandidato-ciudadano-a-la-diputacion-local-busca-llegar-al-congreso-de-tamaulipas\\\/#respond\"]}]},{\"@type\":\"WebPage\",\"@id\":\"https:\\\/\\\/elinformativotam.com\\\/index.php\\\/2024\\\/01\\\/22\\\/precandidato-ciudadano-a-la-diputacion-local-busca-llegar-al-congreso-de-tamaulipas\\\/\",\"url\":\"https:\\\/\\\/elinformativotam.com\\\/index.php\\\/2024\\\/01\\\/22\\\/precandidato-ciudadano-a-la-diputacion-local-busca-llegar-al-congreso-de-tamaulipas\\\/\",\"name\":\"Precandidato Ciudadano A La Diputaci\u00f3n Local Busca Llegar Al Congreso De Tamaulipas. - EL INFORMATIVO DE TAMAULIPAS\",\"isPartOf\":{\"@id\":\"https:\\\/\\\/elinformativotam.com\\\/#website\"},\"primaryImageOfPage\":{\"@id\":\"https:\\\/\\\/elinformativotam.com\\\/index.php\\\/2024\\\/01\\\/22\\\/precandidato-ciudadano-a-la-diputacion-local-busca-llegar-al-congreso-de-tamaulipas\\\/#primaryimage\"},\"image\":{\"@id\":\"https:\\\/\\\/elinformativotam.com\\\/index.php\\\/2024\\\/01\\\/22\\\/precandidato-ciudadano-a-la-diputacion-local-busca-llegar-al-congreso-de-tamaulipas\\\/#primaryimage\"},\"thumbnailUrl\":\"https:\\\/\\\/elinformativotam.com\\\/wp-content\\\/uploads\\\/2024\\\/01\\\/Precandidato.jpeg\",\"datePublished\":\"2024-01-23T01:04:34+00:00\",\"description\":\"Cd. Madero, Tamaulipas.- Para dirigir un mensaje a la militancia del partido Movimiento Ciudadano, el precandidato a la diputaci\u00f3n local por el distrito\",\"inLanguage\":\"es\",\"potentialAction\":[{\"@type\":\"ReadAction\",\"target\":[\"https:\\\/\\\/elinformativotam.com\\\/index.php\\\/2024\\\/01\\\/22\\\/precandidato-ciudadano-a-la-diputacion-local-busca-llegar-al-congreso-de-tamaulipas\\\/\"]}]},{\"@type\":\"ImageObject\",\"inLanguage\":\"es\",\"@id\":\"https:\\\/\\\/elinformativotam.com\\\/index.php\\\/2024\\\/01\\\/22\\\/precandidato-ciudadano-a-la-diputacion-local-busca-llegar-al-congreso-de-tamaulipas\\\/#primaryimage\",\"url\":\"https:\\\/\\\/elinformativotam.com\\\/wp-content\\\/uploads\\\/2024\\\/01\\\/Precandidato.jpeg\",\"contentUrl\":\"https:\\\/\\\/elinformativotam.com\\\/wp-content\\\/uploads\\\/2024\\\/01\\\/Precandidato.jpeg\",\"width\":1280,\"height\":960},{\"@type\":\"WebSite\",\"@id\":\"https:\\\/\\\/elinformativotam.com\\\/#website\",\"url\":\"https:\\\/\\\/elinformativotam.com\\\/\",\"name\":\"EL INFORMATIVO DE TAMAULIPAS\",\"description\":\"Desde la Zona Metropolitana Para Todo M\u00e9xico\",\"publisher\":{\"@id\":\"https:\\\/\\\/elinformativotam.com\\\/#organization\"},\"potentialAction\":[{\"@type\":\"SearchAction\",\"target\":{\"@type\":\"EntryPoint\",\"urlTemplate\":\"https:\\\/\\\/elinformativotam.com\\\/?s={search_term_string}\"},\"query-input\":{\"@type\":\"PropertyValueSpecification\",\"valueRequired\":true,\"valueName\":\"search_term_string\"}}],\"inLanguage\":\"es\"},{\"@type\":\"Organization\",\"@id\":\"https:\\\/\\\/elinformativotam.com\\\/#organization\",\"name\":\"EL INFORMATIVO DE TAMAULIPAS\",\"url\":\"https:\\\/\\\/elinformativotam.com\\\/\",\"logo\":{\"@type\":\"ImageObject\",\"inLanguage\":\"es\",\"@id\":\"https:\\\/\\\/elinformativotam.com\\\/#\\\/schema\\\/logo\\\/image\\\/\",\"url\":\"https:\\\/\\\/elinformativotam.com\\\/wp-content\\\/uploads\\\/2026\\\/02\\\/Cabezal.png\",\"contentUrl\":\"https:\\\/\\\/elinformativotam.com\\\/wp-content\\\/uploads\\\/2026\\\/02\\\/Cabezal.png\",\"width\":960,\"height\":640,\"caption\":\"EL INFORMATIVO DE TAMAULIPAS\"},\"image\":{\"@id\":\"https:\\\/\\\/elinformativotam.com\\\/#\\\/schema\\\/logo\\\/image\\\/\"}},{\"@type\":\"Person\",\"@id\":\"https:\\\/\\\/elinformativotam.com\\\/#\\\/schema\\\/person\\\/78e08040eed0f6110f0c5f83b6153590\",\"name\":\"El Informativo Tam\",\"image\":{\"@type\":\"ImageObject\",\"inLanguage\":\"es\",\"@id\":\"https:\\\/\\\/secure.gravatar.com\\\/avatar\\\/f3b7ad3af540688955925ac610647be00b0cf41feea9c4978b73a707ee86bc53?s=96&d=mm&r=g\",\"url\":\"https:\\\/\\\/secure.gravatar.com\\\/avatar\\\/f3b7ad3af540688955925ac610647be00b0cf41feea9c4978b73a707ee86bc53?s=96&d=mm&r=g\",\"contentUrl\":\"https:\\\/\\\/secure.gravatar.com\\\/avatar\\\/f3b7ad3af540688955925ac610647be00b0cf41feea9c4978b73a707ee86bc53?s=96&d=mm&r=g\",\"caption\":\"El Informativo Tam\"}}]}<\/script>\n<!-- \/ Yoast SEO plugin. -->","yoast_head_json":{"title":"Precandidato Ciudadano A La Diputaci\u00f3n Local Busca Llegar Al Congreso De Tamaulipas. - EL INFORMATIVO DE TAMAULIPAS","description":"Cd. Madero, Tamaulipas.- Para dirigir un mensaje a la militancia del partido Movimiento Ciudadano, el precandidato a la diputaci\u00f3n local por el distrito","robots":{"index":"index","follow":"follow","max-snippet":"max-snippet:-1","max-image-preview":"max-image-preview:large","max-video-preview":"max-video-preview:-1"},"canonical":"https:\/\/elinformativotam.com\/index.php\/2024\/01\/22\/precandidato-ciudadano-a-la-diputacion-local-busca-llegar-al-congreso-de-tamaulipas\/","og_locale":"es_MX","og_type":"article","og_title":"Precandidato Ciudadano A La Diputaci\u00f3n Local Busca Llegar Al Congreso De Tamaulipas. - EL INFORMATIVO DE TAMAULIPAS","og_description":"Cd. Madero, Tamaulipas.- Para dirigir un mensaje a la militancia del partido Movimiento Ciudadano, el precandidato a la diputaci\u00f3n local por el distrito","og_url":"https:\/\/elinformativotam.com\/index.php\/2024\/01\/22\/precandidato-ciudadano-a-la-diputacion-local-busca-llegar-al-congreso-de-tamaulipas\/","og_site_name":"EL INFORMATIVO DE TAMAULIPAS","article_published_time":"2024-01-23T01:04:34+00:00","og_image":[{"width":1280,"height":960,"url":"https:\/\/elinformativotam.com\/wp-content\/uploads\/2024\/01\/Precandidato.jpeg","type":"image\/jpeg"}],"author":"El Informativo Tam","twitter_card":"summary_large_image","twitter_misc":{"Escrito por":"El Informativo Tam","Tiempo de lectura":"2 minutos"},"schema":{"@context":"https:\/\/schema.org","@graph":[{"@type":"Article","@id":"https:\/\/elinformativotam.com\/index.php\/2024\/01\/22\/precandidato-ciudadano-a-la-diputacion-local-busca-llegar-al-congreso-de-tamaulipas\/#article","isPartOf":{"@id":"https:\/\/elinformativotam.com\/index.php\/2024\/01\/22\/precandidato-ciudadano-a-la-diputacion-local-busca-llegar-al-congreso-de-tamaulipas\/"},"author":{"name":"El Informativo Tam","@id":"https:\/\/elinformativotam.com\/#\/schema\/person\/78e08040eed0f6110f0c5f83b6153590"},"headline":"Precandidato Ciudadano A La Diputaci\u00f3n Local Busca Llegar Al Congreso De Tamaulipas.","datePublished":"2024-01-23T01:04:34+00:00","mainEntityOfPage":{"@id":"https:\/\/elinformativotam.com\/index.php\/2024\/01\/22\/precandidato-ciudadano-a-la-diputacion-local-busca-llegar-al-congreso-de-tamaulipas\/"},"wordCount":381,"commentCount":0,"publisher":{"@id":"https:\/\/elinformativotam.com\/#organization"},"image":{"@id":"https:\/\/elinformativotam.com\/index.php\/2024\/01\/22\/precandidato-ciudadano-a-la-diputacion-local-busca-llegar-al-congreso-de-tamaulipas\/#primaryimage"},"thumbnailUrl":"https:\/\/elinformativotam.com\/wp-content\/uploads\/2024\/01\/Precandidato.jpeg","articleSection":["Cd Madero"],"inLanguage":"es","potentialAction":[{"@type":"CommentAction","name":"Comment","target":["https:\/\/elinformativotam.com\/index.php\/2024\/01\/22\/precandidato-ciudadano-a-la-diputacion-local-busca-llegar-al-congreso-de-tamaulipas\/#respond"]}]},{"@type":"WebPage","@id":"https:\/\/elinformativotam.com\/index.php\/2024\/01\/22\/precandidato-ciudadano-a-la-diputacion-local-busca-llegar-al-congreso-de-tamaulipas\/","url":"https:\/\/elinformativotam.com\/index.php\/2024\/01\/22\/precandidato-ciudadano-a-la-diputacion-local-busca-llegar-al-congreso-de-tamaulipas\/","name":"Precandidato Ciudadano A La Diputaci\u00f3n Local Busca Llegar Al Congreso De Tamaulipas. - EL INFORMATIVO DE TAMAULIPAS","isPartOf":{"@id":"https:\/\/elinformativotam.com\/#website"},"primaryImageOfPage":{"@id":"https:\/\/elinformativotam.com\/index.php\/2024\/01\/22\/precandidato-ciudadano-a-la-diputacion-local-busca-llegar-al-congreso-de-tamaulipas\/#primaryimage"},"image":{"@id":"https:\/\/elinformativotam.com\/index.php\/2024\/01\/22\/precandidato-ciudadano-a-la-diputacion-local-busca-llegar-al-congreso-de-tamaulipas\/#primaryimage"},"thumbnailUrl":"https:\/\/elinformativotam.com\/wp-content\/uploads\/2024\/01\/Precandidato.jpeg","datePublished":"2024-01-23T01:04:34+00:00","description":"Cd. Madero, Tamaulipas.- Para dirigir un mensaje a la militancia del partido Movimiento Ciudadano, el precandidato a la diputaci\u00f3n local por el distrito","inLanguage":"es","potentialAction":[{"@type":"ReadAction","target":["https:\/\/elinformativotam.com\/index.php\/2024\/01\/22\/precandidato-ciudadano-a-la-diputacion-local-busca-llegar-al-congreso-de-tamaulipas\/"]}]},{"@type":"ImageObject","inLanguage":"es","@id":"https:\/\/elinformativotam.com\/index.php\/2024\/01\/22\/precandidato-ciudadano-a-la-diputacion-local-busca-llegar-al-congreso-de-tamaulipas\/#primaryimage","url":"https:\/\/elinformativotam.com\/wp-content\/uploads\/2024\/01\/Precandidato.jpeg","contentUrl":"https:\/\/elinformativotam.com\/wp-content\/uploads\/2024\/01\/Precandidato.jpeg","width":1280,"height":960},{"@type":"WebSite","@id":"https:\/\/elinformativotam.com\/#website","url":"https:\/\/elinformativotam.com\/","name":"EL INFORMATIVO DE TAMAULIPAS","description":"Desde la Zona Metropolitana Para Todo M\u00e9xico","publisher":{"@id":"https:\/\/elinformativotam.com\/#organization"},"potentialAction":[{"@type":"SearchAction","target":{"@type":"EntryPoint","urlTemplate":"https:\/\/elinformativotam.com\/?s={search_term_string}"},"query-input":{"@type":"PropertyValueSpecification","valueRequired":true,"valueName":"search_term_string"}}],"inLanguage":"es"},{"@type":"Organization","@id":"https:\/\/elinformativotam.com\/#organization","name":"EL INFORMATIVO DE TAMAULIPAS","url":"https:\/\/elinformativotam.com\/","logo":{"@type":"ImageObject","inLanguage":"es","@id":"https:\/\/elinformativotam.com\/#\/schema\/logo\/image\/","url":"https:\/\/elinformativotam.com\/wp-content\/uploads\/2026\/02\/Cabezal.png","contentUrl":"https:\/\/elinformativotam.com\/wp-content\/uploads\/2026\/02\/Cabezal.png","width":960,"height":640,"caption":"EL INFORMATIVO DE TAMAULIPAS"},"image":{"@id":"https:\/\/elinformativotam.com\/#\/schema\/logo\/image\/"}},{"@type":"Person","@id":"https:\/\/elinformativotam.com\/#\/schema\/person\/78e08040eed0f6110f0c5f83b6153590","name":"El Informativo Tam","image":{"@type":"ImageObject","inLanguage":"es","@id":"https:\/\/secure.gravatar.com\/avatar\/f3b7ad3af540688955925ac610647be00b0cf41feea9c4978b73a707ee86bc53?s=96&d=mm&r=g","url":"https:\/\/secure.gravatar.com\/avatar\/f3b7ad3af540688955925ac610647be00b0cf41feea9c4978b73a707ee86bc53?s=96&d=mm&r=g","contentUrl":"https:\/\/secure.gravatar.com\/avatar\/f3b7ad3af540688955925ac610647be00b0cf41feea9c4978b73a707ee86bc53?s=96&d=mm&r=g","caption":"El Informativo Tam"}}]}},"_links":{"self":[{"href":"https:\/\/elinformativotam.com\/index.php\/wp-json\/wp\/v2\/posts\/48587","targetHints":{"allow":["GET"]}}],"collection":[{"href":"https:\/\/elinformativotam.com\/index.php\/wp-json\/wp\/v2\/posts"}],"about":[{"href":"https:\/\/elinformativotam.com\/index.php\/wp-json\/wp\/v2\/types\/post"}],"author":[{"embeddable":true,"href":"https:\/\/elinformativotam.com\/index.php\/wp-json\/wp\/v2\/users\/1"}],"replies":[{"embeddable":true,"href":"https:\/\/elinformativotam.com\/index.php\/wp-json\/wp\/v2\/comments?post=48587"}],"version-history":[{"count":1,"href":"https:\/\/elinformativotam.com\/index.php\/wp-json\/wp\/v2\/posts\/48587\/revisions"}],"predecessor-version":[{"id":48588,"href":"https:\/\/elinformativotam.com\/index.php\/wp-json\/wp\/v2\/posts\/48587\/revisions\/48588"}],"wp:featuredmedia":[{"embeddable":true,"href":"https:\/\/elinformativotam.com\/index.php\/wp-json\/wp\/v2\/media\/48579"}],"wp:attachment":[{"href":"https:\/\/elinformativotam.com\/index.php\/wp-json\/wp\/v2\/media?parent=48587"}],"wp:term":[{"taxonomy":"category","embeddable":true,"href":"https:\/\/elinformativotam.com\/index.php\/wp-json\/wp\/v2\/categories?post=48587"},{"taxonomy":"post_tag","embeddable":true,"href":"https:\/\/elinformativotam.com\/index.php\/wp-json\/wp\/v2\/tags?post=48587"}],"curies":[{"name":"wp","href":"https:\/\/api.w.org\/{rel}","templated":true}]}}