{"id":48583,"date":"2024-01-22T18:59:47","date_gmt":"2024-01-23T00:59:47","guid":{"rendered":"https:\/\/elinformativotam.com\/?p=48583"},"modified":"2024-01-22T18:59:47","modified_gmt":"2024-01-23T00:59:47","slug":"se-requiere-tomar-medidas-en-corredor-urbano-para-evitar-mas-accidentes","status":"publish","type":"post","link":"https:\/\/elinformativotam.com\/index.php\/2024\/01\/22\/se-requiere-tomar-medidas-en-corredor-urbano-para-evitar-mas-accidentes\/","title":{"rendered":"Se Requiere Tomar Medidas En Corredor Urbano Para Evitar M\u00e1s Accidentes."},"content":{"rendered":"<p>Cd. Madero, Tamaulipas.- Para antes de la semana santa se buscar\u00e1 hacer algo en el corredor urbano para tratar de evitar se sigan presentando accidentes, los cuales en ocasiones son mortales.<\/p>\n<p>&nbsp;<\/p>\n<p>La regidora Dunia Mar\u00f3n Acu\u00f1a, presidenta de la comisi\u00f3n de turismo en el cabildo de Madero, dijo que lamentablemente el fin de semana se registr\u00f3 otro accidente con el fallecimiento de una persona.<\/p>\n<p><img loading=\"lazy\" decoding=\"async\" class=\"size-medium wp-image-48580 alignleft\" src=\"https:\/\/elinformativotam.com\/wp-content\/uploads\/2024\/01\/Dunia-487x365.jpeg\" alt=\"\" width=\"487\" height=\"365\" srcset=\"https:\/\/elinformativotam.com\/wp-content\/uploads\/2024\/01\/Dunia-487x365.jpeg 487w, https:\/\/elinformativotam.com\/wp-content\/uploads\/2024\/01\/Dunia-840x630.jpeg 840w, https:\/\/elinformativotam.com\/wp-content\/uploads\/2024\/01\/Dunia-768x576.jpeg 768w, https:\/\/elinformativotam.com\/wp-content\/uploads\/2024\/01\/Dunia-1536x1152.jpeg 1536w, https:\/\/elinformativotam.com\/wp-content\/uploads\/2024\/01\/Dunia-160x120.jpeg 160w, https:\/\/elinformativotam.com\/wp-content\/uploads\/2024\/01\/Dunia.jpeg 1600w\" sizes=\"auto, (max-width: 487px) 100vw, 487px\" \/><\/p>\n<p>Indic\u00f3 que se buscar\u00e1 dialogar con el alcalde y con el director de tr\u00e1nsito, para tomar acciones preventivas, como puede ser m\u00e1s se\u00f1alamientos, instalaci\u00f3n de m\u00e1s topes o mayor alumbrado.<\/p>\n<p>&nbsp;<\/p>\n<p>Destac\u00f3 que algo se debe hacer para disminuir y de ser posible erradicar los accidentes que se registran en el corredor urbano, los cuales generalmente son por exceso de velocidad.<\/p>\n<p>&nbsp;<\/p>\n<p>A\u00f1adi\u00f3 que se pretende lograr tambi\u00e9n hacer conciencia entre los conductores que est\u00e1 v\u00eda es de riesgo, por lo que no se puede manejar a exceso de velocidad y se debe respetar los se\u00f1alamientos.<\/p>\n<p>&nbsp;<\/p>\n","protected":false},"excerpt":{"rendered":"<p>Cd. Madero, Tamaulipas.- Para antes de la semana santa se buscar\u00e1 hacer algo en el corredor urbano para tratar de&hellip;<\/p>\n","protected":false},"author":1,"featured_media":48577,"comment_status":"open","ping_status":"open","sticky":false,"template":"","format":"standard","meta":{"footnotes":""},"categories":[4],"tags":[],"class_list":["post-48583","post","type-post","status-publish","format-standard","has-post-thumbnail","hentry","category-madero"],"yoast_head":"<!-- This site is optimized with the Yoast SEO plugin v27.5 - https:\/\/yoast.com\/product\/yoast-seo-wordpress\/ -->\n<title>Se Requiere Tomar Medidas En Corredor Urbano Para Evitar M\u00e1s Accidentes. - EL INFORMATIVO DE TAMAULIPAS<\/title>\n<meta name=\"description\" content=\"Cd. Madero, Tamaulipas.- Para antes de la semana santa se buscar\u00e1 hacer algo en el corredor urbano para tratar de evitar se sigan presentando accidentes,\" \/>\n<meta name=\"robots\" content=\"index, follow, max-snippet:-1, max-image-preview:large, max-video-preview:-1\" \/>\n<link rel=\"canonical\" href=\"https:\/\/elinformativotam.com\/index.php\/2024\/01\/22\/se-requiere-tomar-medidas-en-corredor-urbano-para-evitar-mas-accidentes\/\" \/>\n<meta property=\"og:locale\" content=\"es_MX\" \/>\n<meta property=\"og:type\" content=\"article\" \/>\n<meta property=\"og:title\" content=\"Se Requiere Tomar Medidas En Corredor Urbano Para Evitar M\u00e1s Accidentes. - EL INFORMATIVO DE TAMAULIPAS\" \/>\n<meta property=\"og:description\" content=\"Cd. Madero, Tamaulipas.- Para antes de la semana santa se buscar\u00e1 hacer algo en el corredor urbano para tratar de evitar se sigan presentando accidentes,\" \/>\n<meta property=\"og:url\" content=\"https:\/\/elinformativotam.com\/index.php\/2024\/01\/22\/se-requiere-tomar-medidas-en-corredor-urbano-para-evitar-mas-accidentes\/\" \/>\n<meta property=\"og:site_name\" content=\"EL INFORMATIVO DE TAMAULIPAS\" \/>\n<meta property=\"article:published_time\" content=\"2024-01-23T00:59:47+00:00\" \/>\n<meta property=\"og:image\" content=\"https:\/\/elinformativotam.com\/wp-content\/uploads\/2024\/01\/Corredor.jpeg\" \/>\n\t<meta property=\"og:image:width\" content=\"1600\" \/>\n\t<meta property=\"og:image:height\" content=\"1200\" \/>\n\t<meta property=\"og:image:type\" content=\"image\/jpeg\" \/>\n<meta name=\"author\" content=\"El Informativo Tam\" \/>\n<meta name=\"twitter:card\" content=\"summary_large_image\" \/>\n<meta name=\"twitter:label1\" content=\"Escrito por\" \/>\n\t<meta name=\"twitter:data1\" content=\"El Informativo Tam\" \/>\n\t<meta name=\"twitter:label2\" content=\"Tiempo de lectura\" \/>\n\t<meta name=\"twitter:data2\" content=\"2 minutos\" \/>\n<script type=\"application\/ld+json\" class=\"yoast-schema-graph\">{\"@context\":\"https:\\\/\\\/schema.org\",\"@graph\":[{\"@type\":\"Article\",\"@id\":\"https:\\\/\\\/elinformativotam.com\\\/index.php\\\/2024\\\/01\\\/22\\\/se-requiere-tomar-medidas-en-corredor-urbano-para-evitar-mas-accidentes\\\/#article\",\"isPartOf\":{\"@id\":\"https:\\\/\\\/elinformativotam.com\\\/index.php\\\/2024\\\/01\\\/22\\\/se-requiere-tomar-medidas-en-corredor-urbano-para-evitar-mas-accidentes\\\/\"},\"author\":{\"name\":\"El Informativo Tam\",\"@id\":\"https:\\\/\\\/elinformativotam.com\\\/#\\\/schema\\\/person\\\/78e08040eed0f6110f0c5f83b6153590\"},\"headline\":\"Se Requiere Tomar Medidas En Corredor Urbano Para Evitar M\u00e1s Accidentes.\",\"datePublished\":\"2024-01-23T00:59:47+00:00\",\"mainEntityOfPage\":{\"@id\":\"https:\\\/\\\/elinformativotam.com\\\/index.php\\\/2024\\\/01\\\/22\\\/se-requiere-tomar-medidas-en-corredor-urbano-para-evitar-mas-accidentes\\\/\"},\"wordCount\":187,\"commentCount\":0,\"publisher\":{\"@id\":\"https:\\\/\\\/elinformativotam.com\\\/#organization\"},\"image\":{\"@id\":\"https:\\\/\\\/elinformativotam.com\\\/index.php\\\/2024\\\/01\\\/22\\\/se-requiere-tomar-medidas-en-corredor-urbano-para-evitar-mas-accidentes\\\/#primaryimage\"},\"thumbnailUrl\":\"https:\\\/\\\/elinformativotam.com\\\/wp-content\\\/uploads\\\/2024\\\/01\\\/Corredor.jpeg\",\"articleSection\":[\"Cd Madero\"],\"inLanguage\":\"es\",\"potentialAction\":[{\"@type\":\"CommentAction\",\"name\":\"Comment\",\"target\":[\"https:\\\/\\\/elinformativotam.com\\\/index.php\\\/2024\\\/01\\\/22\\\/se-requiere-tomar-medidas-en-corredor-urbano-para-evitar-mas-accidentes\\\/#respond\"]}]},{\"@type\":\"WebPage\",\"@id\":\"https:\\\/\\\/elinformativotam.com\\\/index.php\\\/2024\\\/01\\\/22\\\/se-requiere-tomar-medidas-en-corredor-urbano-para-evitar-mas-accidentes\\\/\",\"url\":\"https:\\\/\\\/elinformativotam.com\\\/index.php\\\/2024\\\/01\\\/22\\\/se-requiere-tomar-medidas-en-corredor-urbano-para-evitar-mas-accidentes\\\/\",\"name\":\"Se Requiere Tomar Medidas En Corredor Urbano Para Evitar M\u00e1s Accidentes. - EL INFORMATIVO DE TAMAULIPAS\",\"isPartOf\":{\"@id\":\"https:\\\/\\\/elinformativotam.com\\\/#website\"},\"primaryImageOfPage\":{\"@id\":\"https:\\\/\\\/elinformativotam.com\\\/index.php\\\/2024\\\/01\\\/22\\\/se-requiere-tomar-medidas-en-corredor-urbano-para-evitar-mas-accidentes\\\/#primaryimage\"},\"image\":{\"@id\":\"https:\\\/\\\/elinformativotam.com\\\/index.php\\\/2024\\\/01\\\/22\\\/se-requiere-tomar-medidas-en-corredor-urbano-para-evitar-mas-accidentes\\\/#primaryimage\"},\"thumbnailUrl\":\"https:\\\/\\\/elinformativotam.com\\\/wp-content\\\/uploads\\\/2024\\\/01\\\/Corredor.jpeg\",\"datePublished\":\"2024-01-23T00:59:47+00:00\",\"description\":\"Cd. Madero, Tamaulipas.- Para antes de la semana santa se buscar\u00e1 hacer algo en el corredor urbano para tratar de evitar se sigan presentando accidentes,\",\"inLanguage\":\"es\",\"potentialAction\":[{\"@type\":\"ReadAction\",\"target\":[\"https:\\\/\\\/elinformativotam.com\\\/index.php\\\/2024\\\/01\\\/22\\\/se-requiere-tomar-medidas-en-corredor-urbano-para-evitar-mas-accidentes\\\/\"]}]},{\"@type\":\"ImageObject\",\"inLanguage\":\"es\",\"@id\":\"https:\\\/\\\/elinformativotam.com\\\/index.php\\\/2024\\\/01\\\/22\\\/se-requiere-tomar-medidas-en-corredor-urbano-para-evitar-mas-accidentes\\\/#primaryimage\",\"url\":\"https:\\\/\\\/elinformativotam.com\\\/wp-content\\\/uploads\\\/2024\\\/01\\\/Corredor.jpeg\",\"contentUrl\":\"https:\\\/\\\/elinformativotam.com\\\/wp-content\\\/uploads\\\/2024\\\/01\\\/Corredor.jpeg\",\"width\":1600,\"height\":1200},{\"@type\":\"WebSite\",\"@id\":\"https:\\\/\\\/elinformativotam.com\\\/#website\",\"url\":\"https:\\\/\\\/elinformativotam.com\\\/\",\"name\":\"EL INFORMATIVO DE TAMAULIPAS\",\"description\":\"Desde la Zona Metropolitana Para Todo M\u00e9xico\",\"publisher\":{\"@id\":\"https:\\\/\\\/elinformativotam.com\\\/#organization\"},\"potentialAction\":[{\"@type\":\"SearchAction\",\"target\":{\"@type\":\"EntryPoint\",\"urlTemplate\":\"https:\\\/\\\/elinformativotam.com\\\/?s={search_term_string}\"},\"query-input\":{\"@type\":\"PropertyValueSpecification\",\"valueRequired\":true,\"valueName\":\"search_term_string\"}}],\"inLanguage\":\"es\"},{\"@type\":\"Organization\",\"@id\":\"https:\\\/\\\/elinformativotam.com\\\/#organization\",\"name\":\"EL INFORMATIVO DE TAMAULIPAS\",\"url\":\"https:\\\/\\\/elinformativotam.com\\\/\",\"logo\":{\"@type\":\"ImageObject\",\"inLanguage\":\"es\",\"@id\":\"https:\\\/\\\/elinformativotam.com\\\/#\\\/schema\\\/logo\\\/image\\\/\",\"url\":\"https:\\\/\\\/elinformativotam.com\\\/wp-content\\\/uploads\\\/2026\\\/02\\\/Cabezal.png\",\"contentUrl\":\"https:\\\/\\\/elinformativotam.com\\\/wp-content\\\/uploads\\\/2026\\\/02\\\/Cabezal.png\",\"width\":960,\"height\":640,\"caption\":\"EL INFORMATIVO DE TAMAULIPAS\"},\"image\":{\"@id\":\"https:\\\/\\\/elinformativotam.com\\\/#\\\/schema\\\/logo\\\/image\\\/\"}},{\"@type\":\"Person\",\"@id\":\"https:\\\/\\\/elinformativotam.com\\\/#\\\/schema\\\/person\\\/78e08040eed0f6110f0c5f83b6153590\",\"name\":\"El Informativo Tam\",\"image\":{\"@type\":\"ImageObject\",\"inLanguage\":\"es\",\"@id\":\"https:\\\/\\\/secure.gravatar.com\\\/avatar\\\/f3b7ad3af540688955925ac610647be00b0cf41feea9c4978b73a707ee86bc53?s=96&d=mm&r=g\",\"url\":\"https:\\\/\\\/secure.gravatar.com\\\/avatar\\\/f3b7ad3af540688955925ac610647be00b0cf41feea9c4978b73a707ee86bc53?s=96&d=mm&r=g\",\"contentUrl\":\"https:\\\/\\\/secure.gravatar.com\\\/avatar\\\/f3b7ad3af540688955925ac610647be00b0cf41feea9c4978b73a707ee86bc53?s=96&d=mm&r=g\",\"caption\":\"El Informativo Tam\"}}]}<\/script>\n<!-- \/ Yoast SEO plugin. -->","yoast_head_json":{"title":"Se Requiere Tomar Medidas En Corredor Urbano Para Evitar M\u00e1s Accidentes. - EL INFORMATIVO DE TAMAULIPAS","description":"Cd. Madero, Tamaulipas.- Para antes de la semana santa se buscar\u00e1 hacer algo en el corredor urbano para tratar de evitar se sigan presentando accidentes,","robots":{"index":"index","follow":"follow","max-snippet":"max-snippet:-1","max-image-preview":"max-image-preview:large","max-video-preview":"max-video-preview:-1"},"canonical":"https:\/\/elinformativotam.com\/index.php\/2024\/01\/22\/se-requiere-tomar-medidas-en-corredor-urbano-para-evitar-mas-accidentes\/","og_locale":"es_MX","og_type":"article","og_title":"Se Requiere Tomar Medidas En Corredor Urbano Para Evitar M\u00e1s Accidentes. - EL INFORMATIVO DE TAMAULIPAS","og_description":"Cd. Madero, Tamaulipas.- Para antes de la semana santa se buscar\u00e1 hacer algo en el corredor urbano para tratar de evitar se sigan presentando accidentes,","og_url":"https:\/\/elinformativotam.com\/index.php\/2024\/01\/22\/se-requiere-tomar-medidas-en-corredor-urbano-para-evitar-mas-accidentes\/","og_site_name":"EL INFORMATIVO DE TAMAULIPAS","article_published_time":"2024-01-23T00:59:47+00:00","og_image":[{"width":1600,"height":1200,"url":"https:\/\/elinformativotam.com\/wp-content\/uploads\/2024\/01\/Corredor.jpeg","type":"image\/jpeg"}],"author":"El Informativo Tam","twitter_card":"summary_large_image","twitter_misc":{"Escrito por":"El Informativo Tam","Tiempo de lectura":"2 minutos"},"schema":{"@context":"https:\/\/schema.org","@graph":[{"@type":"Article","@id":"https:\/\/elinformativotam.com\/index.php\/2024\/01\/22\/se-requiere-tomar-medidas-en-corredor-urbano-para-evitar-mas-accidentes\/#article","isPartOf":{"@id":"https:\/\/elinformativotam.com\/index.php\/2024\/01\/22\/se-requiere-tomar-medidas-en-corredor-urbano-para-evitar-mas-accidentes\/"},"author":{"name":"El Informativo Tam","@id":"https:\/\/elinformativotam.com\/#\/schema\/person\/78e08040eed0f6110f0c5f83b6153590"},"headline":"Se Requiere Tomar Medidas En Corredor Urbano Para Evitar M\u00e1s Accidentes.","datePublished":"2024-01-23T00:59:47+00:00","mainEntityOfPage":{"@id":"https:\/\/elinformativotam.com\/index.php\/2024\/01\/22\/se-requiere-tomar-medidas-en-corredor-urbano-para-evitar-mas-accidentes\/"},"wordCount":187,"commentCount":0,"publisher":{"@id":"https:\/\/elinformativotam.com\/#organization"},"image":{"@id":"https:\/\/elinformativotam.com\/index.php\/2024\/01\/22\/se-requiere-tomar-medidas-en-corredor-urbano-para-evitar-mas-accidentes\/#primaryimage"},"thumbnailUrl":"https:\/\/elinformativotam.com\/wp-content\/uploads\/2024\/01\/Corredor.jpeg","articleSection":["Cd Madero"],"inLanguage":"es","potentialAction":[{"@type":"CommentAction","name":"Comment","target":["https:\/\/elinformativotam.com\/index.php\/2024\/01\/22\/se-requiere-tomar-medidas-en-corredor-urbano-para-evitar-mas-accidentes\/#respond"]}]},{"@type":"WebPage","@id":"https:\/\/elinformativotam.com\/index.php\/2024\/01\/22\/se-requiere-tomar-medidas-en-corredor-urbano-para-evitar-mas-accidentes\/","url":"https:\/\/elinformativotam.com\/index.php\/2024\/01\/22\/se-requiere-tomar-medidas-en-corredor-urbano-para-evitar-mas-accidentes\/","name":"Se Requiere Tomar Medidas En Corredor Urbano Para Evitar M\u00e1s Accidentes. - EL INFORMATIVO DE TAMAULIPAS","isPartOf":{"@id":"https:\/\/elinformativotam.com\/#website"},"primaryImageOfPage":{"@id":"https:\/\/elinformativotam.com\/index.php\/2024\/01\/22\/se-requiere-tomar-medidas-en-corredor-urbano-para-evitar-mas-accidentes\/#primaryimage"},"image":{"@id":"https:\/\/elinformativotam.com\/index.php\/2024\/01\/22\/se-requiere-tomar-medidas-en-corredor-urbano-para-evitar-mas-accidentes\/#primaryimage"},"thumbnailUrl":"https:\/\/elinformativotam.com\/wp-content\/uploads\/2024\/01\/Corredor.jpeg","datePublished":"2024-01-23T00:59:47+00:00","description":"Cd. Madero, Tamaulipas.- Para antes de la semana santa se buscar\u00e1 hacer algo en el corredor urbano para tratar de evitar se sigan presentando accidentes,","inLanguage":"es","potentialAction":[{"@type":"ReadAction","target":["https:\/\/elinformativotam.com\/index.php\/2024\/01\/22\/se-requiere-tomar-medidas-en-corredor-urbano-para-evitar-mas-accidentes\/"]}]},{"@type":"ImageObject","inLanguage":"es","@id":"https:\/\/elinformativotam.com\/index.php\/2024\/01\/22\/se-requiere-tomar-medidas-en-corredor-urbano-para-evitar-mas-accidentes\/#primaryimage","url":"https:\/\/elinformativotam.com\/wp-content\/uploads\/2024\/01\/Corredor.jpeg","contentUrl":"https:\/\/elinformativotam.com\/wp-content\/uploads\/2024\/01\/Corredor.jpeg","width":1600,"height":1200},{"@type":"WebSite","@id":"https:\/\/elinformativotam.com\/#website","url":"https:\/\/elinformativotam.com\/","name":"EL INFORMATIVO DE TAMAULIPAS","description":"Desde la Zona Metropolitana Para Todo M\u00e9xico","publisher":{"@id":"https:\/\/elinformativotam.com\/#organization"},"potentialAction":[{"@type":"SearchAction","target":{"@type":"EntryPoint","urlTemplate":"https:\/\/elinformativotam.com\/?s={search_term_string}"},"query-input":{"@type":"PropertyValueSpecification","valueRequired":true,"valueName":"search_term_string"}}],"inLanguage":"es"},{"@type":"Organization","@id":"https:\/\/elinformativotam.com\/#organization","name":"EL INFORMATIVO DE TAMAULIPAS","url":"https:\/\/elinformativotam.com\/","logo":{"@type":"ImageObject","inLanguage":"es","@id":"https:\/\/elinformativotam.com\/#\/schema\/logo\/image\/","url":"https:\/\/elinformativotam.com\/wp-content\/uploads\/2026\/02\/Cabezal.png","contentUrl":"https:\/\/elinformativotam.com\/wp-content\/uploads\/2026\/02\/Cabezal.png","width":960,"height":640,"caption":"EL INFORMATIVO DE TAMAULIPAS"},"image":{"@id":"https:\/\/elinformativotam.com\/#\/schema\/logo\/image\/"}},{"@type":"Person","@id":"https:\/\/elinformativotam.com\/#\/schema\/person\/78e08040eed0f6110f0c5f83b6153590","name":"El Informativo Tam","image":{"@type":"ImageObject","inLanguage":"es","@id":"https:\/\/secure.gravatar.com\/avatar\/f3b7ad3af540688955925ac610647be00b0cf41feea9c4978b73a707ee86bc53?s=96&d=mm&r=g","url":"https:\/\/secure.gravatar.com\/avatar\/f3b7ad3af540688955925ac610647be00b0cf41feea9c4978b73a707ee86bc53?s=96&d=mm&r=g","contentUrl":"https:\/\/secure.gravatar.com\/avatar\/f3b7ad3af540688955925ac610647be00b0cf41feea9c4978b73a707ee86bc53?s=96&d=mm&r=g","caption":"El Informativo Tam"}}]}},"_links":{"self":[{"href":"https:\/\/elinformativotam.com\/index.php\/wp-json\/wp\/v2\/posts\/48583","targetHints":{"allow":["GET"]}}],"collection":[{"href":"https:\/\/elinformativotam.com\/index.php\/wp-json\/wp\/v2\/posts"}],"about":[{"href":"https:\/\/elinformativotam.com\/index.php\/wp-json\/wp\/v2\/types\/post"}],"author":[{"embeddable":true,"href":"https:\/\/elinformativotam.com\/index.php\/wp-json\/wp\/v2\/users\/1"}],"replies":[{"embeddable":true,"href":"https:\/\/elinformativotam.com\/index.php\/wp-json\/wp\/v2\/comments?post=48583"}],"version-history":[{"count":1,"href":"https:\/\/elinformativotam.com\/index.php\/wp-json\/wp\/v2\/posts\/48583\/revisions"}],"predecessor-version":[{"id":48584,"href":"https:\/\/elinformativotam.com\/index.php\/wp-json\/wp\/v2\/posts\/48583\/revisions\/48584"}],"wp:featuredmedia":[{"embeddable":true,"href":"https:\/\/elinformativotam.com\/index.php\/wp-json\/wp\/v2\/media\/48577"}],"wp:attachment":[{"href":"https:\/\/elinformativotam.com\/index.php\/wp-json\/wp\/v2\/media?parent=48583"}],"wp:term":[{"taxonomy":"category","embeddable":true,"href":"https:\/\/elinformativotam.com\/index.php\/wp-json\/wp\/v2\/categories?post=48583"},{"taxonomy":"post_tag","embeddable":true,"href":"https:\/\/elinformativotam.com\/index.php\/wp-json\/wp\/v2\/tags?post=48583"}],"curies":[{"name":"wp","href":"https:\/\/api.w.org\/{rel}","templated":true}]}}