{"id":48572,"date":"2024-01-22T18:47:27","date_gmt":"2024-01-23T00:47:27","guid":{"rendered":"https:\/\/elinformativotam.com\/?p=48572"},"modified":"2024-01-22T18:47:27","modified_gmt":"2024-01-23T00:47:27","slug":"una-vez-mas-a-la-baja-en-sistema-lagunario-asoma-peligro-en-abasto-del-vital-liquido","status":"publish","type":"post","link":"https:\/\/elinformativotam.com\/index.php\/2024\/01\/22\/una-vez-mas-a-la-baja-en-sistema-lagunario-asoma-peligro-en-abasto-del-vital-liquido\/","title":{"rendered":"Una Vez M\u00e1s A La Baja En Sistema Lagunario; Asoma Peligro En Abasto Del Vital L\u00edquido"},"content":{"rendered":"<h2 style=\"text-align: center;\"><em><span style=\"font-family: 'times new roman', times;\">*De No Llover En Lo Que Resta Del Mes, Habr\u00e1 Problemas De Adecuado Consumo En La Poblaci\u00f3n<\/span><\/em><\/h2>\n<p>&nbsp;<\/p>\n<p>&nbsp;<\/p>\n<p>El nivel del sistema lagunario se encuentra en poco m\u00e1s de 42 cent\u00edmetros y desde ahora ya comienza a preocupar a las autoridades, pues no se observa que puedan llegar las lluvias para lo que resta del mes.<\/p>\n<p>&nbsp;<\/p>\n<p>Al respecto, el alcalde Jes\u00fas Nader Nasrrallah, se\u00f1al\u00f3 la preocupaci\u00f3n de que haya comenzando el a\u00f1o con esta problem\u00e1tica, como ya se esperaba desde Octubre del a\u00f1o pasado.<\/p>\n<p>&nbsp;<\/p>\n<p>Indic\u00f3 que desde ahora la poblaci\u00f3n debe entrar en plena conciencia en el cuidado del vital l\u00edquido, pues de lo contrario podr\u00edan venir los primeros tandeos del agua para las pr\u00f3ximas semanas.<\/p>\n<p>&nbsp;<\/p>\n<p>Destac\u00f3 que el a\u00f1o pasado las lluvias no llegaron como debi\u00f3 ser, al grado que el nivel de la bocatoma Chairel es muy bajo e hist\u00f3rico en muchos a\u00f1os.<\/p>\n<p>&nbsp;<\/p>\n<p>Nader, record\u00f3 que el problema del agua es mundial y en la entidad y la zona sur no es la excepci\u00f3n.<\/p>\n<p>&nbsp;<\/p>\n<p>&#8220;De ah\u00ed la necesidad de cuidarla, es un problema muy generalizado, y de aqu\u00ed en adelante hay que cuidar su uso&#8221;, remarc\u00f3<\/p>\n<p>&nbsp;<\/p>\n<p>Puntualiz\u00f3 la importancia de que los tres \u00f3rdenes de gobierno trabajen de manera coordinada en llevar a cabo m\u00e1s proyectos de infraestructura h\u00eddrica que permitan ir resolviendo la falta de agua con una mejor contenci\u00f3n.<\/p>\n<p>&nbsp;<\/p>\n<p>&#8220;Y sobre todo evitar que el agua salada vuelva a introducirse al sistema lagunario y volver a tener esa problem\u00e1tica en los hogares de la zona sur&#8221;, Acot\u00f3<\/p>\n<p>&nbsp;<\/p>\n","protected":false},"excerpt":{"rendered":"<p>*De No Llover En Lo Que Resta Del Mes, Habr\u00e1 Problemas De Adecuado Consumo En La Poblaci\u00f3n &nbsp; &nbsp; El&hellip;<\/p>\n","protected":false},"author":1,"featured_media":48569,"comment_status":"open","ping_status":"open","sticky":false,"template":"","format":"standard","meta":{"footnotes":""},"categories":[3],"tags":[],"class_list":["post-48572","post","type-post","status-publish","format-standard","has-post-thumbnail","hentry","category-tampico"],"yoast_head":"<!-- This site is optimized with the Yoast SEO plugin v27.5 - https:\/\/yoast.com\/product\/yoast-seo-wordpress\/ -->\n<title>Una Vez M\u00e1s A La Baja En Sistema Lagunario; Asoma Peligro En Abasto Del Vital L\u00edquido - EL INFORMATIVO DE TAMAULIPAS<\/title>\n<meta name=\"description\" content=\"*De No Llover En Lo Que Resta Del Mes, Habr\u00e1 Problemas De Adecuado Consumo En La Poblaci\u00f3n &nbsp; &nbsp; El nivel del sistema lagunario se encuentra en\" \/>\n<meta name=\"robots\" content=\"index, follow, max-snippet:-1, max-image-preview:large, max-video-preview:-1\" \/>\n<link rel=\"canonical\" href=\"https:\/\/elinformativotam.com\/index.php\/2024\/01\/22\/una-vez-mas-a-la-baja-en-sistema-lagunario-asoma-peligro-en-abasto-del-vital-liquido\/\" \/>\n<meta property=\"og:locale\" content=\"es_MX\" \/>\n<meta property=\"og:type\" content=\"article\" \/>\n<meta property=\"og:title\" content=\"Una Vez M\u00e1s A La Baja En Sistema Lagunario; Asoma Peligro En Abasto Del Vital L\u00edquido - EL INFORMATIVO DE TAMAULIPAS\" \/>\n<meta property=\"og:description\" content=\"*De No Llover En Lo Que Resta Del Mes, Habr\u00e1 Problemas De Adecuado Consumo En La Poblaci\u00f3n &nbsp; &nbsp; El nivel del sistema lagunario se encuentra en\" \/>\n<meta property=\"og:url\" content=\"https:\/\/elinformativotam.com\/index.php\/2024\/01\/22\/una-vez-mas-a-la-baja-en-sistema-lagunario-asoma-peligro-en-abasto-del-vital-liquido\/\" \/>\n<meta property=\"og:site_name\" content=\"EL INFORMATIVO DE TAMAULIPAS\" \/>\n<meta property=\"article:published_time\" content=\"2024-01-23T00:47:27+00:00\" \/>\n<meta property=\"og:image\" content=\"https:\/\/elinformativotam.com\/wp-content\/uploads\/2024\/01\/Nader-1.jpeg\" \/>\n\t<meta property=\"og:image:width\" content=\"1600\" \/>\n\t<meta property=\"og:image:height\" content=\"1204\" \/>\n\t<meta property=\"og:image:type\" content=\"image\/jpeg\" \/>\n<meta name=\"author\" content=\"El Informativo Tam\" \/>\n<meta name=\"twitter:card\" content=\"summary_large_image\" \/>\n<meta name=\"twitter:label1\" content=\"Escrito por\" \/>\n\t<meta name=\"twitter:data1\" content=\"El Informativo Tam\" \/>\n\t<meta name=\"twitter:label2\" content=\"Tiempo de lectura\" \/>\n\t<meta name=\"twitter:data2\" content=\"2 minutos\" \/>\n<script type=\"application\/ld+json\" class=\"yoast-schema-graph\">{\"@context\":\"https:\\\/\\\/schema.org\",\"@graph\":[{\"@type\":\"Article\",\"@id\":\"https:\\\/\\\/elinformativotam.com\\\/index.php\\\/2024\\\/01\\\/22\\\/una-vez-mas-a-la-baja-en-sistema-lagunario-asoma-peligro-en-abasto-del-vital-liquido\\\/#article\",\"isPartOf\":{\"@id\":\"https:\\\/\\\/elinformativotam.com\\\/index.php\\\/2024\\\/01\\\/22\\\/una-vez-mas-a-la-baja-en-sistema-lagunario-asoma-peligro-en-abasto-del-vital-liquido\\\/\"},\"author\":{\"name\":\"El Informativo Tam\",\"@id\":\"https:\\\/\\\/elinformativotam.com\\\/#\\\/schema\\\/person\\\/78e08040eed0f6110f0c5f83b6153590\"},\"headline\":\"Una Vez M\u00e1s A La Baja En Sistema Lagunario; Asoma Peligro En Abasto Del Vital L\u00edquido\",\"datePublished\":\"2024-01-23T00:47:27+00:00\",\"mainEntityOfPage\":{\"@id\":\"https:\\\/\\\/elinformativotam.com\\\/index.php\\\/2024\\\/01\\\/22\\\/una-vez-mas-a-la-baja-en-sistema-lagunario-asoma-peligro-en-abasto-del-vital-liquido\\\/\"},\"wordCount\":298,\"commentCount\":0,\"publisher\":{\"@id\":\"https:\\\/\\\/elinformativotam.com\\\/#organization\"},\"image\":{\"@id\":\"https:\\\/\\\/elinformativotam.com\\\/index.php\\\/2024\\\/01\\\/22\\\/una-vez-mas-a-la-baja-en-sistema-lagunario-asoma-peligro-en-abasto-del-vital-liquido\\\/#primaryimage\"},\"thumbnailUrl\":\"https:\\\/\\\/elinformativotam.com\\\/wp-content\\\/uploads\\\/2024\\\/01\\\/Nader-1.jpeg\",\"articleSection\":[\"Tampico\"],\"inLanguage\":\"es\",\"potentialAction\":[{\"@type\":\"CommentAction\",\"name\":\"Comment\",\"target\":[\"https:\\\/\\\/elinformativotam.com\\\/index.php\\\/2024\\\/01\\\/22\\\/una-vez-mas-a-la-baja-en-sistema-lagunario-asoma-peligro-en-abasto-del-vital-liquido\\\/#respond\"]}]},{\"@type\":\"WebPage\",\"@id\":\"https:\\\/\\\/elinformativotam.com\\\/index.php\\\/2024\\\/01\\\/22\\\/una-vez-mas-a-la-baja-en-sistema-lagunario-asoma-peligro-en-abasto-del-vital-liquido\\\/\",\"url\":\"https:\\\/\\\/elinformativotam.com\\\/index.php\\\/2024\\\/01\\\/22\\\/una-vez-mas-a-la-baja-en-sistema-lagunario-asoma-peligro-en-abasto-del-vital-liquido\\\/\",\"name\":\"Una Vez M\u00e1s A La Baja En Sistema Lagunario; Asoma Peligro En Abasto Del Vital L\u00edquido - EL INFORMATIVO DE TAMAULIPAS\",\"isPartOf\":{\"@id\":\"https:\\\/\\\/elinformativotam.com\\\/#website\"},\"primaryImageOfPage\":{\"@id\":\"https:\\\/\\\/elinformativotam.com\\\/index.php\\\/2024\\\/01\\\/22\\\/una-vez-mas-a-la-baja-en-sistema-lagunario-asoma-peligro-en-abasto-del-vital-liquido\\\/#primaryimage\"},\"image\":{\"@id\":\"https:\\\/\\\/elinformativotam.com\\\/index.php\\\/2024\\\/01\\\/22\\\/una-vez-mas-a-la-baja-en-sistema-lagunario-asoma-peligro-en-abasto-del-vital-liquido\\\/#primaryimage\"},\"thumbnailUrl\":\"https:\\\/\\\/elinformativotam.com\\\/wp-content\\\/uploads\\\/2024\\\/01\\\/Nader-1.jpeg\",\"datePublished\":\"2024-01-23T00:47:27+00:00\",\"description\":\"*De No Llover En Lo Que Resta Del Mes, Habr\u00e1 Problemas De Adecuado Consumo En La Poblaci\u00f3n &nbsp; &nbsp; El nivel del sistema lagunario se encuentra en\",\"inLanguage\":\"es\",\"potentialAction\":[{\"@type\":\"ReadAction\",\"target\":[\"https:\\\/\\\/elinformativotam.com\\\/index.php\\\/2024\\\/01\\\/22\\\/una-vez-mas-a-la-baja-en-sistema-lagunario-asoma-peligro-en-abasto-del-vital-liquido\\\/\"]}]},{\"@type\":\"ImageObject\",\"inLanguage\":\"es\",\"@id\":\"https:\\\/\\\/elinformativotam.com\\\/index.php\\\/2024\\\/01\\\/22\\\/una-vez-mas-a-la-baja-en-sistema-lagunario-asoma-peligro-en-abasto-del-vital-liquido\\\/#primaryimage\",\"url\":\"https:\\\/\\\/elinformativotam.com\\\/wp-content\\\/uploads\\\/2024\\\/01\\\/Nader-1.jpeg\",\"contentUrl\":\"https:\\\/\\\/elinformativotam.com\\\/wp-content\\\/uploads\\\/2024\\\/01\\\/Nader-1.jpeg\",\"width\":1600,\"height\":1204},{\"@type\":\"WebSite\",\"@id\":\"https:\\\/\\\/elinformativotam.com\\\/#website\",\"url\":\"https:\\\/\\\/elinformativotam.com\\\/\",\"name\":\"EL INFORMATIVO DE TAMAULIPAS\",\"description\":\"Desde la Zona Metropolitana Para Todo M\u00e9xico\",\"publisher\":{\"@id\":\"https:\\\/\\\/elinformativotam.com\\\/#organization\"},\"potentialAction\":[{\"@type\":\"SearchAction\",\"target\":{\"@type\":\"EntryPoint\",\"urlTemplate\":\"https:\\\/\\\/elinformativotam.com\\\/?s={search_term_string}\"},\"query-input\":{\"@type\":\"PropertyValueSpecification\",\"valueRequired\":true,\"valueName\":\"search_term_string\"}}],\"inLanguage\":\"es\"},{\"@type\":\"Organization\",\"@id\":\"https:\\\/\\\/elinformativotam.com\\\/#organization\",\"name\":\"EL INFORMATIVO DE TAMAULIPAS\",\"url\":\"https:\\\/\\\/elinformativotam.com\\\/\",\"logo\":{\"@type\":\"ImageObject\",\"inLanguage\":\"es\",\"@id\":\"https:\\\/\\\/elinformativotam.com\\\/#\\\/schema\\\/logo\\\/image\\\/\",\"url\":\"https:\\\/\\\/elinformativotam.com\\\/wp-content\\\/uploads\\\/2026\\\/02\\\/Cabezal.png\",\"contentUrl\":\"https:\\\/\\\/elinformativotam.com\\\/wp-content\\\/uploads\\\/2026\\\/02\\\/Cabezal.png\",\"width\":960,\"height\":640,\"caption\":\"EL INFORMATIVO DE TAMAULIPAS\"},\"image\":{\"@id\":\"https:\\\/\\\/elinformativotam.com\\\/#\\\/schema\\\/logo\\\/image\\\/\"}},{\"@type\":\"Person\",\"@id\":\"https:\\\/\\\/elinformativotam.com\\\/#\\\/schema\\\/person\\\/78e08040eed0f6110f0c5f83b6153590\",\"name\":\"El Informativo Tam\",\"image\":{\"@type\":\"ImageObject\",\"inLanguage\":\"es\",\"@id\":\"https:\\\/\\\/secure.gravatar.com\\\/avatar\\\/f3b7ad3af540688955925ac610647be00b0cf41feea9c4978b73a707ee86bc53?s=96&d=mm&r=g\",\"url\":\"https:\\\/\\\/secure.gravatar.com\\\/avatar\\\/f3b7ad3af540688955925ac610647be00b0cf41feea9c4978b73a707ee86bc53?s=96&d=mm&r=g\",\"contentUrl\":\"https:\\\/\\\/secure.gravatar.com\\\/avatar\\\/f3b7ad3af540688955925ac610647be00b0cf41feea9c4978b73a707ee86bc53?s=96&d=mm&r=g\",\"caption\":\"El Informativo Tam\"}}]}<\/script>\n<!-- \/ Yoast SEO plugin. -->","yoast_head_json":{"title":"Una Vez M\u00e1s A La Baja En Sistema Lagunario; Asoma Peligro En Abasto Del Vital L\u00edquido - EL INFORMATIVO DE TAMAULIPAS","description":"*De No Llover En Lo Que Resta Del Mes, Habr\u00e1 Problemas De Adecuado Consumo En La Poblaci\u00f3n &nbsp; &nbsp; El nivel del sistema lagunario se encuentra en","robots":{"index":"index","follow":"follow","max-snippet":"max-snippet:-1","max-image-preview":"max-image-preview:large","max-video-preview":"max-video-preview:-1"},"canonical":"https:\/\/elinformativotam.com\/index.php\/2024\/01\/22\/una-vez-mas-a-la-baja-en-sistema-lagunario-asoma-peligro-en-abasto-del-vital-liquido\/","og_locale":"es_MX","og_type":"article","og_title":"Una Vez M\u00e1s A La Baja En Sistema Lagunario; Asoma Peligro En Abasto Del Vital L\u00edquido - EL INFORMATIVO DE TAMAULIPAS","og_description":"*De No Llover En Lo Que Resta Del Mes, Habr\u00e1 Problemas De Adecuado Consumo En La Poblaci\u00f3n &nbsp; &nbsp; El nivel del sistema lagunario se encuentra en","og_url":"https:\/\/elinformativotam.com\/index.php\/2024\/01\/22\/una-vez-mas-a-la-baja-en-sistema-lagunario-asoma-peligro-en-abasto-del-vital-liquido\/","og_site_name":"EL INFORMATIVO DE TAMAULIPAS","article_published_time":"2024-01-23T00:47:27+00:00","og_image":[{"width":1600,"height":1204,"url":"https:\/\/elinformativotam.com\/wp-content\/uploads\/2024\/01\/Nader-1.jpeg","type":"image\/jpeg"}],"author":"El Informativo Tam","twitter_card":"summary_large_image","twitter_misc":{"Escrito por":"El Informativo Tam","Tiempo de lectura":"2 minutos"},"schema":{"@context":"https:\/\/schema.org","@graph":[{"@type":"Article","@id":"https:\/\/elinformativotam.com\/index.php\/2024\/01\/22\/una-vez-mas-a-la-baja-en-sistema-lagunario-asoma-peligro-en-abasto-del-vital-liquido\/#article","isPartOf":{"@id":"https:\/\/elinformativotam.com\/index.php\/2024\/01\/22\/una-vez-mas-a-la-baja-en-sistema-lagunario-asoma-peligro-en-abasto-del-vital-liquido\/"},"author":{"name":"El Informativo Tam","@id":"https:\/\/elinformativotam.com\/#\/schema\/person\/78e08040eed0f6110f0c5f83b6153590"},"headline":"Una Vez M\u00e1s A La Baja En Sistema Lagunario; Asoma Peligro En Abasto Del Vital L\u00edquido","datePublished":"2024-01-23T00:47:27+00:00","mainEntityOfPage":{"@id":"https:\/\/elinformativotam.com\/index.php\/2024\/01\/22\/una-vez-mas-a-la-baja-en-sistema-lagunario-asoma-peligro-en-abasto-del-vital-liquido\/"},"wordCount":298,"commentCount":0,"publisher":{"@id":"https:\/\/elinformativotam.com\/#organization"},"image":{"@id":"https:\/\/elinformativotam.com\/index.php\/2024\/01\/22\/una-vez-mas-a-la-baja-en-sistema-lagunario-asoma-peligro-en-abasto-del-vital-liquido\/#primaryimage"},"thumbnailUrl":"https:\/\/elinformativotam.com\/wp-content\/uploads\/2024\/01\/Nader-1.jpeg","articleSection":["Tampico"],"inLanguage":"es","potentialAction":[{"@type":"CommentAction","name":"Comment","target":["https:\/\/elinformativotam.com\/index.php\/2024\/01\/22\/una-vez-mas-a-la-baja-en-sistema-lagunario-asoma-peligro-en-abasto-del-vital-liquido\/#respond"]}]},{"@type":"WebPage","@id":"https:\/\/elinformativotam.com\/index.php\/2024\/01\/22\/una-vez-mas-a-la-baja-en-sistema-lagunario-asoma-peligro-en-abasto-del-vital-liquido\/","url":"https:\/\/elinformativotam.com\/index.php\/2024\/01\/22\/una-vez-mas-a-la-baja-en-sistema-lagunario-asoma-peligro-en-abasto-del-vital-liquido\/","name":"Una Vez M\u00e1s A La Baja En Sistema Lagunario; Asoma Peligro En Abasto Del Vital L\u00edquido - EL INFORMATIVO DE TAMAULIPAS","isPartOf":{"@id":"https:\/\/elinformativotam.com\/#website"},"primaryImageOfPage":{"@id":"https:\/\/elinformativotam.com\/index.php\/2024\/01\/22\/una-vez-mas-a-la-baja-en-sistema-lagunario-asoma-peligro-en-abasto-del-vital-liquido\/#primaryimage"},"image":{"@id":"https:\/\/elinformativotam.com\/index.php\/2024\/01\/22\/una-vez-mas-a-la-baja-en-sistema-lagunario-asoma-peligro-en-abasto-del-vital-liquido\/#primaryimage"},"thumbnailUrl":"https:\/\/elinformativotam.com\/wp-content\/uploads\/2024\/01\/Nader-1.jpeg","datePublished":"2024-01-23T00:47:27+00:00","description":"*De No Llover En Lo Que Resta Del Mes, Habr\u00e1 Problemas De Adecuado Consumo En La Poblaci\u00f3n &nbsp; &nbsp; El nivel del sistema lagunario se encuentra en","inLanguage":"es","potentialAction":[{"@type":"ReadAction","target":["https:\/\/elinformativotam.com\/index.php\/2024\/01\/22\/una-vez-mas-a-la-baja-en-sistema-lagunario-asoma-peligro-en-abasto-del-vital-liquido\/"]}]},{"@type":"ImageObject","inLanguage":"es","@id":"https:\/\/elinformativotam.com\/index.php\/2024\/01\/22\/una-vez-mas-a-la-baja-en-sistema-lagunario-asoma-peligro-en-abasto-del-vital-liquido\/#primaryimage","url":"https:\/\/elinformativotam.com\/wp-content\/uploads\/2024\/01\/Nader-1.jpeg","contentUrl":"https:\/\/elinformativotam.com\/wp-content\/uploads\/2024\/01\/Nader-1.jpeg","width":1600,"height":1204},{"@type":"WebSite","@id":"https:\/\/elinformativotam.com\/#website","url":"https:\/\/elinformativotam.com\/","name":"EL INFORMATIVO DE TAMAULIPAS","description":"Desde la Zona Metropolitana Para Todo M\u00e9xico","publisher":{"@id":"https:\/\/elinformativotam.com\/#organization"},"potentialAction":[{"@type":"SearchAction","target":{"@type":"EntryPoint","urlTemplate":"https:\/\/elinformativotam.com\/?s={search_term_string}"},"query-input":{"@type":"PropertyValueSpecification","valueRequired":true,"valueName":"search_term_string"}}],"inLanguage":"es"},{"@type":"Organization","@id":"https:\/\/elinformativotam.com\/#organization","name":"EL INFORMATIVO DE TAMAULIPAS","url":"https:\/\/elinformativotam.com\/","logo":{"@type":"ImageObject","inLanguage":"es","@id":"https:\/\/elinformativotam.com\/#\/schema\/logo\/image\/","url":"https:\/\/elinformativotam.com\/wp-content\/uploads\/2026\/02\/Cabezal.png","contentUrl":"https:\/\/elinformativotam.com\/wp-content\/uploads\/2026\/02\/Cabezal.png","width":960,"height":640,"caption":"EL INFORMATIVO DE TAMAULIPAS"},"image":{"@id":"https:\/\/elinformativotam.com\/#\/schema\/logo\/image\/"}},{"@type":"Person","@id":"https:\/\/elinformativotam.com\/#\/schema\/person\/78e08040eed0f6110f0c5f83b6153590","name":"El Informativo Tam","image":{"@type":"ImageObject","inLanguage":"es","@id":"https:\/\/secure.gravatar.com\/avatar\/f3b7ad3af540688955925ac610647be00b0cf41feea9c4978b73a707ee86bc53?s=96&d=mm&r=g","url":"https:\/\/secure.gravatar.com\/avatar\/f3b7ad3af540688955925ac610647be00b0cf41feea9c4978b73a707ee86bc53?s=96&d=mm&r=g","contentUrl":"https:\/\/secure.gravatar.com\/avatar\/f3b7ad3af540688955925ac610647be00b0cf41feea9c4978b73a707ee86bc53?s=96&d=mm&r=g","caption":"El Informativo Tam"}}]}},"_links":{"self":[{"href":"https:\/\/elinformativotam.com\/index.php\/wp-json\/wp\/v2\/posts\/48572","targetHints":{"allow":["GET"]}}],"collection":[{"href":"https:\/\/elinformativotam.com\/index.php\/wp-json\/wp\/v2\/posts"}],"about":[{"href":"https:\/\/elinformativotam.com\/index.php\/wp-json\/wp\/v2\/types\/post"}],"author":[{"embeddable":true,"href":"https:\/\/elinformativotam.com\/index.php\/wp-json\/wp\/v2\/users\/1"}],"replies":[{"embeddable":true,"href":"https:\/\/elinformativotam.com\/index.php\/wp-json\/wp\/v2\/comments?post=48572"}],"version-history":[{"count":1,"href":"https:\/\/elinformativotam.com\/index.php\/wp-json\/wp\/v2\/posts\/48572\/revisions"}],"predecessor-version":[{"id":48573,"href":"https:\/\/elinformativotam.com\/index.php\/wp-json\/wp\/v2\/posts\/48572\/revisions\/48573"}],"wp:featuredmedia":[{"embeddable":true,"href":"https:\/\/elinformativotam.com\/index.php\/wp-json\/wp\/v2\/media\/48569"}],"wp:attachment":[{"href":"https:\/\/elinformativotam.com\/index.php\/wp-json\/wp\/v2\/media?parent=48572"}],"wp:term":[{"taxonomy":"category","embeddable":true,"href":"https:\/\/elinformativotam.com\/index.php\/wp-json\/wp\/v2\/categories?post=48572"},{"taxonomy":"post_tag","embeddable":true,"href":"https:\/\/elinformativotam.com\/index.php\/wp-json\/wp\/v2\/tags?post=48572"}],"curies":[{"name":"wp","href":"https:\/\/api.w.org\/{rel}","templated":true}]}}