{"id":483,"date":"2019-11-03T12:33:46","date_gmt":"2019-11-03T18:33:46","guid":{"rendered":"http:\/\/elinformativotam.com\/?p=483"},"modified":"2019-11-03T12:33:46","modified_gmt":"2019-11-03T18:33:46","slug":"una-recesion-global-sin-liderazgos-se-acerca-a-toda-velocidad","status":"publish","type":"post","link":"https:\/\/elinformativotam.com\/index.php\/2019\/11\/03\/una-recesion-global-sin-liderazgos-se-acerca-a-toda-velocidad\/","title":{"rendered":"UNA RECESI\u00d3N GLOBAL SIN LIDERAZGOS SE ACERCA A TODA VELOCIDAD"},"content":{"rendered":"<p>*La econom\u00eda global se debilita y, a diferencia de hace una d\u00e9cada, no hay herramientas suficientes ni voces sensatas que eviten una debacle.<\/p>\n<p>&nbsp;<\/p>\n<p>Los ministros de finanzas del mundo y los gobernadores de bancos centrales se reunieron hace un par de semanas en Washington y observaron una econom\u00eda global que requiere atenci\u00f3n urgente. La mayor\u00eda dice comprender los peligros, sin embargo, han mostrado poco sentido de urgencia y a\u00fan menos signos de acci\u00f3n. Impulsado por una administraci\u00f3n estadounidense desquiciada, el mundo va directo a la pr\u00f3xima recesi\u00f3n global.<\/p>\n<p>&nbsp;<\/p>\n<p>El FMI baj\u00f3 sus pron\u00f3sticos de crecimiento una vez m\u00e1s. Se prev\u00e9 que la econom\u00eda mundial aumente solo 3 por ciento este a\u00f1o (por debajo del 3.3 por ciento previsto en la primavera). El impulso econ\u00f3mico se desvanece en casi todas partes y la expectativa de PIB es la m\u00e1s d\u00e9bil desde el colapso financiero hace 10 a\u00f1os.<\/p>\n<p>&nbsp;<\/p>\n<p>La perspectiva de una recesi\u00f3n es realmente alarmante. La d\u00e9bil recuperaci\u00f3n de la \u00faltima d\u00e9cada ha agotado las herramientas convencionales de pol\u00edtica macroecon\u00f3mica y las medidas extraordinarias tomadas para contener la crisis legaron una mayor fragilidad financiera.<\/p>\n<p>&nbsp;<\/p>\n<p>Con todas estas vulnerabilidades, y con pocas o ninguna opci\u00f3n de pol\u00edtica para lidiar con el colapso que podr\u00edan causar, el presidente Donald Trump decidi\u00f3 embarcarse en su guerra comercial con China. Esta asombrosa temeridad, tolerada por el Congreso, ya ha causado un enorme da\u00f1o econ\u00f3mico, sobre todo en EU.<\/p>\n<p>&nbsp;<\/p>\n<p>Si la desaceleraci\u00f3n se convirtiera en una recesi\u00f3n mundial, el gobierno de ese pa\u00eds tiene gran parte de culpa.<\/p>\n<p>&nbsp;<\/p>\n<p>&nbsp;<\/p>\n<p><img loading=\"lazy\" decoding=\"async\" class=\" wp-image-485 aligncenter\" src=\"https:\/\/elinformativotam.com\/wp-content\/uploads\/2019\/11\/bmv-300x169.jpg\" alt=\"\" width=\"765\" height=\"431\" \/><\/p>\n<p>&nbsp;<\/p>\n<p>&nbsp;<\/p>\n<p>&nbsp;<\/p>\n<p>Pero la responsabilidad se ampl\u00eda. Otros pa\u00edses podr\u00edan hacer m\u00e1s para protegerse contra estos mayores riesgos.<\/p>\n<p>&nbsp;<\/p>\n<p>China, por ejemplo, ha sido demasiado lenta para abordar sus desequilibrios financieros. Reino Unido parece que tuvo la intenci\u00f3n de destruir su econom\u00eda y sistema de gobierno en busca del Brexit. La UE ha tenido a\u00f1os para equipar a la zona del euro con un presupuesto com\u00fan para mitigar las recesiones y una uni\u00f3n bancaria.<\/p>\n<p>&nbsp;<\/p>\n<p>Todos estos problemas son reparables. Algunos, incluso, podr\u00edan resolverse de golpe. Otros son mucho m\u00e1s complejos. La reducci\u00f3n de la fragilidad requiere una regulaci\u00f3n inteligente para reconocer los riesgos que surgen de los sistemas financieros. La reactivaci\u00f3n de la pol\u00edtica macroecon\u00f3mica en un mundo de tasas bajas exige una reflexi\u00f3n en los frentes monetario y fiscal.<\/p>\n<p>&nbsp;<\/p>\n<p>La econom\u00eda mundial se encuentra en una coyuntura peligrosa y necesita desesperadamente un liderazgo m\u00e1s sabio y m\u00e1s efectivo. Hasta que llegue, es poco probable que disminuyan los riesgos.<\/p>\n<p>&nbsp;<\/p>\n","protected":false},"excerpt":{"rendered":"<p>*La econom\u00eda global se debilita y, a diferencia de hace una d\u00e9cada, no hay herramientas suficientes ni voces sensatas que&hellip;<\/p>\n","protected":false},"author":1,"featured_media":0,"comment_status":"open","ping_status":"open","sticky":false,"template":"","format":"standard","meta":{"footnotes":""},"categories":[9],"tags":[],"class_list":["post-483","post","type-post","status-publish","format-standard","hentry","category-internacional"],"yoast_head":"<!-- This site is optimized with the Yoast SEO plugin v27.5 - https:\/\/yoast.com\/product\/yoast-seo-wordpress\/ -->\n<title>UNA RECESI\u00d3N GLOBAL SIN LIDERAZGOS SE ACERCA A TODA VELOCIDAD - EL INFORMATIVO DE TAMAULIPAS<\/title>\n<meta name=\"description\" content=\"*La econom\u00eda global se debilita y, a diferencia de hace una d\u00e9cada, no hay herramientas suficientes ni voces sensatas que eviten una debacle. &nbsp; Los\" \/>\n<meta name=\"robots\" content=\"index, follow, max-snippet:-1, max-image-preview:large, max-video-preview:-1\" \/>\n<link rel=\"canonical\" href=\"https:\/\/elinformativotam.com\/index.php\/2019\/11\/03\/una-recesion-global-sin-liderazgos-se-acerca-a-toda-velocidad\/\" \/>\n<meta property=\"og:locale\" content=\"es_MX\" \/>\n<meta property=\"og:type\" content=\"article\" \/>\n<meta property=\"og:title\" content=\"UNA RECESI\u00d3N GLOBAL SIN LIDERAZGOS SE ACERCA A TODA VELOCIDAD - EL INFORMATIVO DE TAMAULIPAS\" \/>\n<meta property=\"og:description\" content=\"*La econom\u00eda global se debilita y, a diferencia de hace una d\u00e9cada, no hay herramientas suficientes ni voces sensatas que eviten una debacle. &nbsp; Los\" \/>\n<meta property=\"og:url\" content=\"https:\/\/elinformativotam.com\/index.php\/2019\/11\/03\/una-recesion-global-sin-liderazgos-se-acerca-a-toda-velocidad\/\" \/>\n<meta property=\"og:site_name\" content=\"EL INFORMATIVO DE TAMAULIPAS\" \/>\n<meta property=\"article:published_time\" content=\"2019-11-03T18:33:46+00:00\" \/>\n<meta property=\"og:image\" content=\"http:\/\/elinformativotam.com\/wp-content\/uploads\/2019\/11\/bmv-300x169.jpg\" \/>\n<meta name=\"author\" content=\"El Informativo Tam\" \/>\n<meta name=\"twitter:card\" content=\"summary_large_image\" \/>\n<meta name=\"twitter:label1\" content=\"Escrito por\" \/>\n\t<meta name=\"twitter:data1\" content=\"El Informativo Tam\" \/>\n\t<meta name=\"twitter:label2\" content=\"Tiempo de lectura\" \/>\n\t<meta name=\"twitter:data2\" content=\"2 minutos\" \/>\n<script type=\"application\/ld+json\" class=\"yoast-schema-graph\">{\"@context\":\"https:\\\/\\\/schema.org\",\"@graph\":[{\"@type\":\"Article\",\"@id\":\"https:\\\/\\\/elinformativotam.com\\\/index.php\\\/2019\\\/11\\\/03\\\/una-recesion-global-sin-liderazgos-se-acerca-a-toda-velocidad\\\/#article\",\"isPartOf\":{\"@id\":\"https:\\\/\\\/elinformativotam.com\\\/index.php\\\/2019\\\/11\\\/03\\\/una-recesion-global-sin-liderazgos-se-acerca-a-toda-velocidad\\\/\"},\"author\":{\"name\":\"El Informativo Tam\",\"@id\":\"https:\\\/\\\/elinformativotam.com\\\/#\\\/schema\\\/person\\\/78e08040eed0f6110f0c5f83b6153590\"},\"headline\":\"UNA RECESI\u00d3N GLOBAL SIN LIDERAZGOS SE ACERCA A TODA VELOCIDAD\",\"datePublished\":\"2019-11-03T18:33:46+00:00\",\"mainEntityOfPage\":{\"@id\":\"https:\\\/\\\/elinformativotam.com\\\/index.php\\\/2019\\\/11\\\/03\\\/una-recesion-global-sin-liderazgos-se-acerca-a-toda-velocidad\\\/\"},\"wordCount\":482,\"commentCount\":0,\"publisher\":{\"@id\":\"https:\\\/\\\/elinformativotam.com\\\/#organization\"},\"image\":{\"@id\":\"https:\\\/\\\/elinformativotam.com\\\/index.php\\\/2019\\\/11\\\/03\\\/una-recesion-global-sin-liderazgos-se-acerca-a-toda-velocidad\\\/#primaryimage\"},\"thumbnailUrl\":\"http:\\\/\\\/elinformativotam.com\\\/wp-content\\\/uploads\\\/2019\\\/11\\\/bmv-300x169.jpg\",\"articleSection\":[\"Internacional\"],\"inLanguage\":\"es\",\"potentialAction\":[{\"@type\":\"CommentAction\",\"name\":\"Comment\",\"target\":[\"https:\\\/\\\/elinformativotam.com\\\/index.php\\\/2019\\\/11\\\/03\\\/una-recesion-global-sin-liderazgos-se-acerca-a-toda-velocidad\\\/#respond\"]}]},{\"@type\":\"WebPage\",\"@id\":\"https:\\\/\\\/elinformativotam.com\\\/index.php\\\/2019\\\/11\\\/03\\\/una-recesion-global-sin-liderazgos-se-acerca-a-toda-velocidad\\\/\",\"url\":\"https:\\\/\\\/elinformativotam.com\\\/index.php\\\/2019\\\/11\\\/03\\\/una-recesion-global-sin-liderazgos-se-acerca-a-toda-velocidad\\\/\",\"name\":\"UNA RECESI\u00d3N GLOBAL SIN LIDERAZGOS SE ACERCA A TODA VELOCIDAD - EL INFORMATIVO DE TAMAULIPAS\",\"isPartOf\":{\"@id\":\"https:\\\/\\\/elinformativotam.com\\\/#website\"},\"primaryImageOfPage\":{\"@id\":\"https:\\\/\\\/elinformativotam.com\\\/index.php\\\/2019\\\/11\\\/03\\\/una-recesion-global-sin-liderazgos-se-acerca-a-toda-velocidad\\\/#primaryimage\"},\"image\":{\"@id\":\"https:\\\/\\\/elinformativotam.com\\\/index.php\\\/2019\\\/11\\\/03\\\/una-recesion-global-sin-liderazgos-se-acerca-a-toda-velocidad\\\/#primaryimage\"},\"thumbnailUrl\":\"http:\\\/\\\/elinformativotam.com\\\/wp-content\\\/uploads\\\/2019\\\/11\\\/bmv-300x169.jpg\",\"datePublished\":\"2019-11-03T18:33:46+00:00\",\"description\":\"*La econom\u00eda global se debilita y, a diferencia de hace una d\u00e9cada, no hay herramientas suficientes ni voces sensatas que eviten una debacle. &nbsp; Los\",\"inLanguage\":\"es\",\"potentialAction\":[{\"@type\":\"ReadAction\",\"target\":[\"https:\\\/\\\/elinformativotam.com\\\/index.php\\\/2019\\\/11\\\/03\\\/una-recesion-global-sin-liderazgos-se-acerca-a-toda-velocidad\\\/\"]}]},{\"@type\":\"ImageObject\",\"inLanguage\":\"es\",\"@id\":\"https:\\\/\\\/elinformativotam.com\\\/index.php\\\/2019\\\/11\\\/03\\\/una-recesion-global-sin-liderazgos-se-acerca-a-toda-velocidad\\\/#primaryimage\",\"url\":\"http:\\\/\\\/elinformativotam.com\\\/wp-content\\\/uploads\\\/2019\\\/11\\\/bmv-300x169.jpg\",\"contentUrl\":\"http:\\\/\\\/elinformativotam.com\\\/wp-content\\\/uploads\\\/2019\\\/11\\\/bmv-300x169.jpg\"},{\"@type\":\"WebSite\",\"@id\":\"https:\\\/\\\/elinformativotam.com\\\/#website\",\"url\":\"https:\\\/\\\/elinformativotam.com\\\/\",\"name\":\"EL INFORMATIVO DE TAMAULIPAS\",\"description\":\"Desde la Zona Metropolitana Para Todo M\u00e9xico\",\"publisher\":{\"@id\":\"https:\\\/\\\/elinformativotam.com\\\/#organization\"},\"potentialAction\":[{\"@type\":\"SearchAction\",\"target\":{\"@type\":\"EntryPoint\",\"urlTemplate\":\"https:\\\/\\\/elinformativotam.com\\\/?s={search_term_string}\"},\"query-input\":{\"@type\":\"PropertyValueSpecification\",\"valueRequired\":true,\"valueName\":\"search_term_string\"}}],\"inLanguage\":\"es\"},{\"@type\":\"Organization\",\"@id\":\"https:\\\/\\\/elinformativotam.com\\\/#organization\",\"name\":\"EL INFORMATIVO DE TAMAULIPAS\",\"url\":\"https:\\\/\\\/elinformativotam.com\\\/\",\"logo\":{\"@type\":\"ImageObject\",\"inLanguage\":\"es\",\"@id\":\"https:\\\/\\\/elinformativotam.com\\\/#\\\/schema\\\/logo\\\/image\\\/\",\"url\":\"https:\\\/\\\/elinformativotam.com\\\/wp-content\\\/uploads\\\/2026\\\/02\\\/Cabezal.png\",\"contentUrl\":\"https:\\\/\\\/elinformativotam.com\\\/wp-content\\\/uploads\\\/2026\\\/02\\\/Cabezal.png\",\"width\":960,\"height\":640,\"caption\":\"EL INFORMATIVO DE TAMAULIPAS\"},\"image\":{\"@id\":\"https:\\\/\\\/elinformativotam.com\\\/#\\\/schema\\\/logo\\\/image\\\/\"}},{\"@type\":\"Person\",\"@id\":\"https:\\\/\\\/elinformativotam.com\\\/#\\\/schema\\\/person\\\/78e08040eed0f6110f0c5f83b6153590\",\"name\":\"El Informativo Tam\",\"image\":{\"@type\":\"ImageObject\",\"inLanguage\":\"es\",\"@id\":\"https:\\\/\\\/secure.gravatar.com\\\/avatar\\\/f3b7ad3af540688955925ac610647be00b0cf41feea9c4978b73a707ee86bc53?s=96&d=mm&r=g\",\"url\":\"https:\\\/\\\/secure.gravatar.com\\\/avatar\\\/f3b7ad3af540688955925ac610647be00b0cf41feea9c4978b73a707ee86bc53?s=96&d=mm&r=g\",\"contentUrl\":\"https:\\\/\\\/secure.gravatar.com\\\/avatar\\\/f3b7ad3af540688955925ac610647be00b0cf41feea9c4978b73a707ee86bc53?s=96&d=mm&r=g\",\"caption\":\"El Informativo Tam\"}}]}<\/script>\n<!-- \/ Yoast SEO plugin. -->","yoast_head_json":{"title":"UNA RECESI\u00d3N GLOBAL SIN LIDERAZGOS SE ACERCA A TODA VELOCIDAD - EL INFORMATIVO DE TAMAULIPAS","description":"*La econom\u00eda global se debilita y, a diferencia de hace una d\u00e9cada, no hay herramientas suficientes ni voces sensatas que eviten una debacle. &nbsp; Los","robots":{"index":"index","follow":"follow","max-snippet":"max-snippet:-1","max-image-preview":"max-image-preview:large","max-video-preview":"max-video-preview:-1"},"canonical":"https:\/\/elinformativotam.com\/index.php\/2019\/11\/03\/una-recesion-global-sin-liderazgos-se-acerca-a-toda-velocidad\/","og_locale":"es_MX","og_type":"article","og_title":"UNA RECESI\u00d3N GLOBAL SIN LIDERAZGOS SE ACERCA A TODA VELOCIDAD - EL INFORMATIVO DE TAMAULIPAS","og_description":"*La econom\u00eda global se debilita y, a diferencia de hace una d\u00e9cada, no hay herramientas suficientes ni voces sensatas que eviten una debacle. &nbsp; Los","og_url":"https:\/\/elinformativotam.com\/index.php\/2019\/11\/03\/una-recesion-global-sin-liderazgos-se-acerca-a-toda-velocidad\/","og_site_name":"EL INFORMATIVO DE TAMAULIPAS","article_published_time":"2019-11-03T18:33:46+00:00","og_image":[{"url":"http:\/\/elinformativotam.com\/wp-content\/uploads\/2019\/11\/bmv-300x169.jpg","type":"","width":"","height":""}],"author":"El Informativo Tam","twitter_card":"summary_large_image","twitter_misc":{"Escrito por":"El Informativo Tam","Tiempo de lectura":"2 minutos"},"schema":{"@context":"https:\/\/schema.org","@graph":[{"@type":"Article","@id":"https:\/\/elinformativotam.com\/index.php\/2019\/11\/03\/una-recesion-global-sin-liderazgos-se-acerca-a-toda-velocidad\/#article","isPartOf":{"@id":"https:\/\/elinformativotam.com\/index.php\/2019\/11\/03\/una-recesion-global-sin-liderazgos-se-acerca-a-toda-velocidad\/"},"author":{"name":"El Informativo Tam","@id":"https:\/\/elinformativotam.com\/#\/schema\/person\/78e08040eed0f6110f0c5f83b6153590"},"headline":"UNA RECESI\u00d3N GLOBAL SIN LIDERAZGOS SE ACERCA A TODA VELOCIDAD","datePublished":"2019-11-03T18:33:46+00:00","mainEntityOfPage":{"@id":"https:\/\/elinformativotam.com\/index.php\/2019\/11\/03\/una-recesion-global-sin-liderazgos-se-acerca-a-toda-velocidad\/"},"wordCount":482,"commentCount":0,"publisher":{"@id":"https:\/\/elinformativotam.com\/#organization"},"image":{"@id":"https:\/\/elinformativotam.com\/index.php\/2019\/11\/03\/una-recesion-global-sin-liderazgos-se-acerca-a-toda-velocidad\/#primaryimage"},"thumbnailUrl":"http:\/\/elinformativotam.com\/wp-content\/uploads\/2019\/11\/bmv-300x169.jpg","articleSection":["Internacional"],"inLanguage":"es","potentialAction":[{"@type":"CommentAction","name":"Comment","target":["https:\/\/elinformativotam.com\/index.php\/2019\/11\/03\/una-recesion-global-sin-liderazgos-se-acerca-a-toda-velocidad\/#respond"]}]},{"@type":"WebPage","@id":"https:\/\/elinformativotam.com\/index.php\/2019\/11\/03\/una-recesion-global-sin-liderazgos-se-acerca-a-toda-velocidad\/","url":"https:\/\/elinformativotam.com\/index.php\/2019\/11\/03\/una-recesion-global-sin-liderazgos-se-acerca-a-toda-velocidad\/","name":"UNA RECESI\u00d3N GLOBAL SIN LIDERAZGOS SE ACERCA A TODA VELOCIDAD - EL INFORMATIVO DE TAMAULIPAS","isPartOf":{"@id":"https:\/\/elinformativotam.com\/#website"},"primaryImageOfPage":{"@id":"https:\/\/elinformativotam.com\/index.php\/2019\/11\/03\/una-recesion-global-sin-liderazgos-se-acerca-a-toda-velocidad\/#primaryimage"},"image":{"@id":"https:\/\/elinformativotam.com\/index.php\/2019\/11\/03\/una-recesion-global-sin-liderazgos-se-acerca-a-toda-velocidad\/#primaryimage"},"thumbnailUrl":"http:\/\/elinformativotam.com\/wp-content\/uploads\/2019\/11\/bmv-300x169.jpg","datePublished":"2019-11-03T18:33:46+00:00","description":"*La econom\u00eda global se debilita y, a diferencia de hace una d\u00e9cada, no hay herramientas suficientes ni voces sensatas que eviten una debacle. &nbsp; Los","inLanguage":"es","potentialAction":[{"@type":"ReadAction","target":["https:\/\/elinformativotam.com\/index.php\/2019\/11\/03\/una-recesion-global-sin-liderazgos-se-acerca-a-toda-velocidad\/"]}]},{"@type":"ImageObject","inLanguage":"es","@id":"https:\/\/elinformativotam.com\/index.php\/2019\/11\/03\/una-recesion-global-sin-liderazgos-se-acerca-a-toda-velocidad\/#primaryimage","url":"http:\/\/elinformativotam.com\/wp-content\/uploads\/2019\/11\/bmv-300x169.jpg","contentUrl":"http:\/\/elinformativotam.com\/wp-content\/uploads\/2019\/11\/bmv-300x169.jpg"},{"@type":"WebSite","@id":"https:\/\/elinformativotam.com\/#website","url":"https:\/\/elinformativotam.com\/","name":"EL INFORMATIVO DE TAMAULIPAS","description":"Desde la Zona Metropolitana Para Todo M\u00e9xico","publisher":{"@id":"https:\/\/elinformativotam.com\/#organization"},"potentialAction":[{"@type":"SearchAction","target":{"@type":"EntryPoint","urlTemplate":"https:\/\/elinformativotam.com\/?s={search_term_string}"},"query-input":{"@type":"PropertyValueSpecification","valueRequired":true,"valueName":"search_term_string"}}],"inLanguage":"es"},{"@type":"Organization","@id":"https:\/\/elinformativotam.com\/#organization","name":"EL INFORMATIVO DE TAMAULIPAS","url":"https:\/\/elinformativotam.com\/","logo":{"@type":"ImageObject","inLanguage":"es","@id":"https:\/\/elinformativotam.com\/#\/schema\/logo\/image\/","url":"https:\/\/elinformativotam.com\/wp-content\/uploads\/2026\/02\/Cabezal.png","contentUrl":"https:\/\/elinformativotam.com\/wp-content\/uploads\/2026\/02\/Cabezal.png","width":960,"height":640,"caption":"EL INFORMATIVO DE TAMAULIPAS"},"image":{"@id":"https:\/\/elinformativotam.com\/#\/schema\/logo\/image\/"}},{"@type":"Person","@id":"https:\/\/elinformativotam.com\/#\/schema\/person\/78e08040eed0f6110f0c5f83b6153590","name":"El Informativo Tam","image":{"@type":"ImageObject","inLanguage":"es","@id":"https:\/\/secure.gravatar.com\/avatar\/f3b7ad3af540688955925ac610647be00b0cf41feea9c4978b73a707ee86bc53?s=96&d=mm&r=g","url":"https:\/\/secure.gravatar.com\/avatar\/f3b7ad3af540688955925ac610647be00b0cf41feea9c4978b73a707ee86bc53?s=96&d=mm&r=g","contentUrl":"https:\/\/secure.gravatar.com\/avatar\/f3b7ad3af540688955925ac610647be00b0cf41feea9c4978b73a707ee86bc53?s=96&d=mm&r=g","caption":"El Informativo Tam"}}]}},"_links":{"self":[{"href":"https:\/\/elinformativotam.com\/index.php\/wp-json\/wp\/v2\/posts\/483","targetHints":{"allow":["GET"]}}],"collection":[{"href":"https:\/\/elinformativotam.com\/index.php\/wp-json\/wp\/v2\/posts"}],"about":[{"href":"https:\/\/elinformativotam.com\/index.php\/wp-json\/wp\/v2\/types\/post"}],"author":[{"embeddable":true,"href":"https:\/\/elinformativotam.com\/index.php\/wp-json\/wp\/v2\/users\/1"}],"replies":[{"embeddable":true,"href":"https:\/\/elinformativotam.com\/index.php\/wp-json\/wp\/v2\/comments?post=483"}],"version-history":[{"count":0,"href":"https:\/\/elinformativotam.com\/index.php\/wp-json\/wp\/v2\/posts\/483\/revisions"}],"wp:attachment":[{"href":"https:\/\/elinformativotam.com\/index.php\/wp-json\/wp\/v2\/media?parent=483"}],"wp:term":[{"taxonomy":"category","embeddable":true,"href":"https:\/\/elinformativotam.com\/index.php\/wp-json\/wp\/v2\/categories?post=483"},{"taxonomy":"post_tag","embeddable":true,"href":"https:\/\/elinformativotam.com\/index.php\/wp-json\/wp\/v2\/tags?post=483"}],"curies":[{"name":"wp","href":"https:\/\/api.w.org\/{rel}","templated":true}]}}