{"id":476,"date":"2019-11-02T20:27:07","date_gmt":"2019-11-03T02:27:07","guid":{"rendered":"http:\/\/elinformativotam.com\/?p=476"},"modified":"2019-11-02T20:28:35","modified_gmt":"2019-11-03T02:28:35","slug":"inicia-el-vii-festival-de-la-mariposa-monarca-en-jaumave","status":"publish","type":"post","link":"https:\/\/elinformativotam.com\/index.php\/2019\/11\/02\/inicia-el-vii-festival-de-la-mariposa-monarca-en-jaumave\/","title":{"rendered":"INICIA EL VII FESTIVAL DE LA MARIPOSA MONARCA EN JAUMAVE"},"content":{"rendered":"<p>Jaumave, Tamaulipas.- Para recibir a la mariposa Monarca en su traves\u00eda por tierras tamaulipecas, el gobernador Francisco Garc\u00eda Cabeza de Vaca dio inicio a las actividades del VII Festival de la Mariposa Monarca, especie que anualmente emigra desde Canad\u00e1 a los santuarios de hibernaci\u00f3n de Michoac\u00e1n.<\/p>\n<p>&nbsp;<\/p>\n<p>Proyecto del Gobierno del Estado de Tamaulipas mediante el cual se monitorea su viaje y estancia en la entidad, donde encuentra ecosistemas sanos que requieren para su alimentaci\u00f3n, descanso y reproducci\u00f3n.<\/p>\n<p>&nbsp;<\/p>\n<p>\u201cSomos privilegiados, el hecho de que la Mariposa Monarca venga desde Canad\u00e1 hasta Michoac\u00e1n y que se establezca aqu\u00ed en Tamaulipas durante su trayecto es algo importante para nosotros y sobre todo para esta comunidad que aprovecha muy bien estos tiempos para atraer el turismo y para que familias de todas partes de M\u00e9xico y el estado conozcan esta maravillosa ciudad y lo emblem\u00e1tico que es contar con la mariposa en Tamaulipas\u201d, dijo en entrevista el Gobernador.<\/p>\n<p>&nbsp;<\/p>\n<p>&nbsp;<\/p>\n<p>&nbsp;<\/p>\n<p><img loading=\"lazy\" decoding=\"async\" class=\" wp-image-480 aligncenter\" src=\"https:\/\/elinformativotam.com\/wp-content\/uploads\/2019\/11\/gober-300x200.jpg\" alt=\"\" width=\"735\" height=\"490\" \/><\/p>\n<p>&nbsp;<\/p>\n<p>&nbsp;<\/p>\n<p>Entre otros objetivos que el Gobierno de Garc\u00eda Cabeza de Vaca ha implementado para la protecci\u00f3n de esta especie es la red estatal de jardines polinizadores, adem\u00e1s de cursos a los pobladores de esta regi\u00f3n sobre la biolog\u00eda e importancia de la conservaci\u00f3n.<\/p>\n<p>&nbsp;<\/p>\n<p>A\u00f1o tras a\u00f1o la Mariposa Monarca realiza un viaje por Tamaulipas. Al llegar a la Sierra Madre Oriental, transitan entre los ca\u00f1ones y lomer\u00edos, aprovechando las corrientes de aire para planear sin gastar energ\u00eda, pues a\u00fan faltan 700 km para llegar a las \u00e1reas de hibernaci\u00f3n, por lo que aqu\u00ed se detienen miles de ellas para abastecerse del n\u00e9ctar del polocote que crece en las \u00e1reas de cultivo del municipio de Jaumave.<\/p>\n<p>&nbsp;<\/p>\n<p>Las mariposas monarca recorren m\u00e1s de 4 mil kil\u00f3metros desde Canad\u00e1 para llegar a M\u00e9xico, cruzando primero Estados Unidos y Tamaulipas.<\/p>\n<p>&nbsp;<\/p>\n<p>El Gobierno de Tamaulipas firm\u00f3 el 7 de septiembre de 2018 el acuerdo de colaboraci\u00f3n para crear la Red Nacional de Monitoreo de la Mariposa Monarca, la cual fortalece su ruta migratoria en territorio mexicano.<\/p>\n<p>&nbsp;<\/p>\n<p><img loading=\"lazy\" decoding=\"async\" class=\" wp-image-478 aligncenter\" src=\"https:\/\/elinformativotam.com\/wp-content\/uploads\/2019\/11\/monarca1-300x200.jpg\" alt=\"\" width=\"767\" height=\"512\" \/><\/p>\n<p>&nbsp;<\/p>\n<p>&nbsp;<\/p>\n<p>Por segundo a\u00f1o consecutivo, el Gobierno de Tamaulipas organiz\u00f3 el Festival de la Gordita, manjar t\u00edpico de esta tierra y que ha traspasado fronteras. Evento realizado en la plaza principal del pueblo donde los comensales degustaron las deliciosas gorditas de ma\u00edz.<\/p>\n<p>&nbsp;<\/p>\n<p>El Festival de la Mariposa Monarca se lleva a cabo del 11 de octubre al 11 de noviembre y contempla actividades como visitas al Paradero de Observaci\u00f3n de la Mariposa Monarca ubicado en el ejido \u00c1vila y Urbina, adem\u00e1s de concursos de disfraces alusivos a la especie, participaciones art\u00edsticas, conferencias magistrales, conferencias de educaci\u00f3n ambiental para instituciones educativas, entre otros.<\/p>\n","protected":false},"excerpt":{"rendered":"<p>Jaumave, Tamaulipas.- Para recibir a la mariposa Monarca en su traves\u00eda por tierras tamaulipecas, el gobernador Francisco Garc\u00eda Cabeza de&hellip;<\/p>\n","protected":false},"author":1,"featured_media":0,"comment_status":"open","ping_status":"open","sticky":false,"template":"","format":"standard","meta":{"footnotes":""},"categories":[6],"tags":[],"class_list":["post-476","post","type-post","status-publish","format-standard","hentry","category-tamaulipas"],"yoast_head":"<!-- This site is optimized with the Yoast SEO plugin v27.5 - https:\/\/yoast.com\/product\/yoast-seo-wordpress\/ -->\n<title>INICIA EL VII FESTIVAL DE LA MARIPOSA MONARCA EN JAUMAVE - EL INFORMATIVO DE TAMAULIPAS<\/title>\n<meta name=\"description\" content=\"Jaumave, Tamaulipas.- Para recibir a la mariposa Monarca en su traves\u00eda por tierras tamaulipecas, el gobernador Francisco Garc\u00eda Cabeza de Vaca dio inicio\" \/>\n<meta name=\"robots\" content=\"index, follow, max-snippet:-1, max-image-preview:large, max-video-preview:-1\" \/>\n<link rel=\"canonical\" href=\"https:\/\/elinformativotam.com\/index.php\/2019\/11\/02\/inicia-el-vii-festival-de-la-mariposa-monarca-en-jaumave\/\" \/>\n<meta property=\"og:locale\" content=\"es_MX\" \/>\n<meta property=\"og:type\" content=\"article\" \/>\n<meta property=\"og:title\" content=\"INICIA EL VII FESTIVAL DE LA MARIPOSA MONARCA EN JAUMAVE - EL INFORMATIVO DE TAMAULIPAS\" \/>\n<meta property=\"og:description\" content=\"Jaumave, Tamaulipas.- Para recibir a la mariposa Monarca en su traves\u00eda por tierras tamaulipecas, el gobernador Francisco Garc\u00eda Cabeza de Vaca dio inicio\" \/>\n<meta property=\"og:url\" content=\"https:\/\/elinformativotam.com\/index.php\/2019\/11\/02\/inicia-el-vii-festival-de-la-mariposa-monarca-en-jaumave\/\" \/>\n<meta property=\"og:site_name\" content=\"EL INFORMATIVO DE TAMAULIPAS\" \/>\n<meta property=\"article:published_time\" content=\"2019-11-03T02:27:07+00:00\" \/>\n<meta property=\"article:modified_time\" content=\"2019-11-03T02:28:35+00:00\" \/>\n<meta property=\"og:image\" content=\"http:\/\/elinformativotam.com\/wp-content\/uploads\/2019\/11\/gober-300x200.jpg\" \/>\n<meta name=\"author\" content=\"El Informativo Tam\" \/>\n<meta name=\"twitter:card\" content=\"summary_large_image\" \/>\n<meta name=\"twitter:label1\" content=\"Escrito por\" \/>\n\t<meta name=\"twitter:data1\" content=\"El Informativo Tam\" \/>\n\t<meta name=\"twitter:label2\" content=\"Tiempo de lectura\" \/>\n\t<meta name=\"twitter:data2\" content=\"2 minutos\" \/>\n<script type=\"application\/ld+json\" class=\"yoast-schema-graph\">{\"@context\":\"https:\\\/\\\/schema.org\",\"@graph\":[{\"@type\":\"Article\",\"@id\":\"https:\\\/\\\/elinformativotam.com\\\/index.php\\\/2019\\\/11\\\/02\\\/inicia-el-vii-festival-de-la-mariposa-monarca-en-jaumave\\\/#article\",\"isPartOf\":{\"@id\":\"https:\\\/\\\/elinformativotam.com\\\/index.php\\\/2019\\\/11\\\/02\\\/inicia-el-vii-festival-de-la-mariposa-monarca-en-jaumave\\\/\"},\"author\":{\"name\":\"El Informativo Tam\",\"@id\":\"https:\\\/\\\/elinformativotam.com\\\/#\\\/schema\\\/person\\\/78e08040eed0f6110f0c5f83b6153590\"},\"headline\":\"INICIA EL VII FESTIVAL DE LA MARIPOSA MONARCA EN JAUMAVE\",\"datePublished\":\"2019-11-03T02:27:07+00:00\",\"dateModified\":\"2019-11-03T02:28:35+00:00\",\"mainEntityOfPage\":{\"@id\":\"https:\\\/\\\/elinformativotam.com\\\/index.php\\\/2019\\\/11\\\/02\\\/inicia-el-vii-festival-de-la-mariposa-monarca-en-jaumave\\\/\"},\"wordCount\":479,\"commentCount\":0,\"publisher\":{\"@id\":\"https:\\\/\\\/elinformativotam.com\\\/#organization\"},\"image\":{\"@id\":\"https:\\\/\\\/elinformativotam.com\\\/index.php\\\/2019\\\/11\\\/02\\\/inicia-el-vii-festival-de-la-mariposa-monarca-en-jaumave\\\/#primaryimage\"},\"thumbnailUrl\":\"http:\\\/\\\/elinformativotam.com\\\/wp-content\\\/uploads\\\/2019\\\/11\\\/gober-300x200.jpg\",\"articleSection\":[\"Tamaulipas\"],\"inLanguage\":\"es\",\"potentialAction\":[{\"@type\":\"CommentAction\",\"name\":\"Comment\",\"target\":[\"https:\\\/\\\/elinformativotam.com\\\/index.php\\\/2019\\\/11\\\/02\\\/inicia-el-vii-festival-de-la-mariposa-monarca-en-jaumave\\\/#respond\"]}]},{\"@type\":\"WebPage\",\"@id\":\"https:\\\/\\\/elinformativotam.com\\\/index.php\\\/2019\\\/11\\\/02\\\/inicia-el-vii-festival-de-la-mariposa-monarca-en-jaumave\\\/\",\"url\":\"https:\\\/\\\/elinformativotam.com\\\/index.php\\\/2019\\\/11\\\/02\\\/inicia-el-vii-festival-de-la-mariposa-monarca-en-jaumave\\\/\",\"name\":\"INICIA EL VII FESTIVAL DE LA MARIPOSA MONARCA EN JAUMAVE - EL INFORMATIVO DE TAMAULIPAS\",\"isPartOf\":{\"@id\":\"https:\\\/\\\/elinformativotam.com\\\/#website\"},\"primaryImageOfPage\":{\"@id\":\"https:\\\/\\\/elinformativotam.com\\\/index.php\\\/2019\\\/11\\\/02\\\/inicia-el-vii-festival-de-la-mariposa-monarca-en-jaumave\\\/#primaryimage\"},\"image\":{\"@id\":\"https:\\\/\\\/elinformativotam.com\\\/index.php\\\/2019\\\/11\\\/02\\\/inicia-el-vii-festival-de-la-mariposa-monarca-en-jaumave\\\/#primaryimage\"},\"thumbnailUrl\":\"http:\\\/\\\/elinformativotam.com\\\/wp-content\\\/uploads\\\/2019\\\/11\\\/gober-300x200.jpg\",\"datePublished\":\"2019-11-03T02:27:07+00:00\",\"dateModified\":\"2019-11-03T02:28:35+00:00\",\"description\":\"Jaumave, Tamaulipas.- Para recibir a la mariposa Monarca en su traves\u00eda por tierras tamaulipecas, el gobernador Francisco Garc\u00eda Cabeza de Vaca dio inicio\",\"inLanguage\":\"es\",\"potentialAction\":[{\"@type\":\"ReadAction\",\"target\":[\"https:\\\/\\\/elinformativotam.com\\\/index.php\\\/2019\\\/11\\\/02\\\/inicia-el-vii-festival-de-la-mariposa-monarca-en-jaumave\\\/\"]}]},{\"@type\":\"ImageObject\",\"inLanguage\":\"es\",\"@id\":\"https:\\\/\\\/elinformativotam.com\\\/index.php\\\/2019\\\/11\\\/02\\\/inicia-el-vii-festival-de-la-mariposa-monarca-en-jaumave\\\/#primaryimage\",\"url\":\"http:\\\/\\\/elinformativotam.com\\\/wp-content\\\/uploads\\\/2019\\\/11\\\/gober-300x200.jpg\",\"contentUrl\":\"http:\\\/\\\/elinformativotam.com\\\/wp-content\\\/uploads\\\/2019\\\/11\\\/gober-300x200.jpg\"},{\"@type\":\"WebSite\",\"@id\":\"https:\\\/\\\/elinformativotam.com\\\/#website\",\"url\":\"https:\\\/\\\/elinformativotam.com\\\/\",\"name\":\"EL INFORMATIVO DE TAMAULIPAS\",\"description\":\"Desde la Zona Metropolitana Para Todo M\u00e9xico\",\"publisher\":{\"@id\":\"https:\\\/\\\/elinformativotam.com\\\/#organization\"},\"potentialAction\":[{\"@type\":\"SearchAction\",\"target\":{\"@type\":\"EntryPoint\",\"urlTemplate\":\"https:\\\/\\\/elinformativotam.com\\\/?s={search_term_string}\"},\"query-input\":{\"@type\":\"PropertyValueSpecification\",\"valueRequired\":true,\"valueName\":\"search_term_string\"}}],\"inLanguage\":\"es\"},{\"@type\":\"Organization\",\"@id\":\"https:\\\/\\\/elinformativotam.com\\\/#organization\",\"name\":\"EL INFORMATIVO DE TAMAULIPAS\",\"url\":\"https:\\\/\\\/elinformativotam.com\\\/\",\"logo\":{\"@type\":\"ImageObject\",\"inLanguage\":\"es\",\"@id\":\"https:\\\/\\\/elinformativotam.com\\\/#\\\/schema\\\/logo\\\/image\\\/\",\"url\":\"https:\\\/\\\/elinformativotam.com\\\/wp-content\\\/uploads\\\/2026\\\/02\\\/Cabezal.png\",\"contentUrl\":\"https:\\\/\\\/elinformativotam.com\\\/wp-content\\\/uploads\\\/2026\\\/02\\\/Cabezal.png\",\"width\":960,\"height\":640,\"caption\":\"EL INFORMATIVO DE TAMAULIPAS\"},\"image\":{\"@id\":\"https:\\\/\\\/elinformativotam.com\\\/#\\\/schema\\\/logo\\\/image\\\/\"}},{\"@type\":\"Person\",\"@id\":\"https:\\\/\\\/elinformativotam.com\\\/#\\\/schema\\\/person\\\/78e08040eed0f6110f0c5f83b6153590\",\"name\":\"El Informativo Tam\",\"image\":{\"@type\":\"ImageObject\",\"inLanguage\":\"es\",\"@id\":\"https:\\\/\\\/secure.gravatar.com\\\/avatar\\\/f3b7ad3af540688955925ac610647be00b0cf41feea9c4978b73a707ee86bc53?s=96&d=mm&r=g\",\"url\":\"https:\\\/\\\/secure.gravatar.com\\\/avatar\\\/f3b7ad3af540688955925ac610647be00b0cf41feea9c4978b73a707ee86bc53?s=96&d=mm&r=g\",\"contentUrl\":\"https:\\\/\\\/secure.gravatar.com\\\/avatar\\\/f3b7ad3af540688955925ac610647be00b0cf41feea9c4978b73a707ee86bc53?s=96&d=mm&r=g\",\"caption\":\"El Informativo Tam\"}}]}<\/script>\n<!-- \/ Yoast SEO plugin. -->","yoast_head_json":{"title":"INICIA EL VII FESTIVAL DE LA MARIPOSA MONARCA EN JAUMAVE - EL INFORMATIVO DE TAMAULIPAS","description":"Jaumave, Tamaulipas.- Para recibir a la mariposa Monarca en su traves\u00eda por tierras tamaulipecas, el gobernador Francisco Garc\u00eda Cabeza de Vaca dio inicio","robots":{"index":"index","follow":"follow","max-snippet":"max-snippet:-1","max-image-preview":"max-image-preview:large","max-video-preview":"max-video-preview:-1"},"canonical":"https:\/\/elinformativotam.com\/index.php\/2019\/11\/02\/inicia-el-vii-festival-de-la-mariposa-monarca-en-jaumave\/","og_locale":"es_MX","og_type":"article","og_title":"INICIA EL VII FESTIVAL DE LA MARIPOSA MONARCA EN JAUMAVE - EL INFORMATIVO DE TAMAULIPAS","og_description":"Jaumave, Tamaulipas.- Para recibir a la mariposa Monarca en su traves\u00eda por tierras tamaulipecas, el gobernador Francisco Garc\u00eda Cabeza de Vaca dio inicio","og_url":"https:\/\/elinformativotam.com\/index.php\/2019\/11\/02\/inicia-el-vii-festival-de-la-mariposa-monarca-en-jaumave\/","og_site_name":"EL INFORMATIVO DE TAMAULIPAS","article_published_time":"2019-11-03T02:27:07+00:00","article_modified_time":"2019-11-03T02:28:35+00:00","og_image":[{"url":"http:\/\/elinformativotam.com\/wp-content\/uploads\/2019\/11\/gober-300x200.jpg","type":"","width":"","height":""}],"author":"El Informativo Tam","twitter_card":"summary_large_image","twitter_misc":{"Escrito por":"El Informativo Tam","Tiempo de lectura":"2 minutos"},"schema":{"@context":"https:\/\/schema.org","@graph":[{"@type":"Article","@id":"https:\/\/elinformativotam.com\/index.php\/2019\/11\/02\/inicia-el-vii-festival-de-la-mariposa-monarca-en-jaumave\/#article","isPartOf":{"@id":"https:\/\/elinformativotam.com\/index.php\/2019\/11\/02\/inicia-el-vii-festival-de-la-mariposa-monarca-en-jaumave\/"},"author":{"name":"El Informativo Tam","@id":"https:\/\/elinformativotam.com\/#\/schema\/person\/78e08040eed0f6110f0c5f83b6153590"},"headline":"INICIA EL VII FESTIVAL DE LA MARIPOSA MONARCA EN JAUMAVE","datePublished":"2019-11-03T02:27:07+00:00","dateModified":"2019-11-03T02:28:35+00:00","mainEntityOfPage":{"@id":"https:\/\/elinformativotam.com\/index.php\/2019\/11\/02\/inicia-el-vii-festival-de-la-mariposa-monarca-en-jaumave\/"},"wordCount":479,"commentCount":0,"publisher":{"@id":"https:\/\/elinformativotam.com\/#organization"},"image":{"@id":"https:\/\/elinformativotam.com\/index.php\/2019\/11\/02\/inicia-el-vii-festival-de-la-mariposa-monarca-en-jaumave\/#primaryimage"},"thumbnailUrl":"http:\/\/elinformativotam.com\/wp-content\/uploads\/2019\/11\/gober-300x200.jpg","articleSection":["Tamaulipas"],"inLanguage":"es","potentialAction":[{"@type":"CommentAction","name":"Comment","target":["https:\/\/elinformativotam.com\/index.php\/2019\/11\/02\/inicia-el-vii-festival-de-la-mariposa-monarca-en-jaumave\/#respond"]}]},{"@type":"WebPage","@id":"https:\/\/elinformativotam.com\/index.php\/2019\/11\/02\/inicia-el-vii-festival-de-la-mariposa-monarca-en-jaumave\/","url":"https:\/\/elinformativotam.com\/index.php\/2019\/11\/02\/inicia-el-vii-festival-de-la-mariposa-monarca-en-jaumave\/","name":"INICIA EL VII FESTIVAL DE LA MARIPOSA MONARCA EN JAUMAVE - EL INFORMATIVO DE TAMAULIPAS","isPartOf":{"@id":"https:\/\/elinformativotam.com\/#website"},"primaryImageOfPage":{"@id":"https:\/\/elinformativotam.com\/index.php\/2019\/11\/02\/inicia-el-vii-festival-de-la-mariposa-monarca-en-jaumave\/#primaryimage"},"image":{"@id":"https:\/\/elinformativotam.com\/index.php\/2019\/11\/02\/inicia-el-vii-festival-de-la-mariposa-monarca-en-jaumave\/#primaryimage"},"thumbnailUrl":"http:\/\/elinformativotam.com\/wp-content\/uploads\/2019\/11\/gober-300x200.jpg","datePublished":"2019-11-03T02:27:07+00:00","dateModified":"2019-11-03T02:28:35+00:00","description":"Jaumave, Tamaulipas.- Para recibir a la mariposa Monarca en su traves\u00eda por tierras tamaulipecas, el gobernador Francisco Garc\u00eda Cabeza de Vaca dio inicio","inLanguage":"es","potentialAction":[{"@type":"ReadAction","target":["https:\/\/elinformativotam.com\/index.php\/2019\/11\/02\/inicia-el-vii-festival-de-la-mariposa-monarca-en-jaumave\/"]}]},{"@type":"ImageObject","inLanguage":"es","@id":"https:\/\/elinformativotam.com\/index.php\/2019\/11\/02\/inicia-el-vii-festival-de-la-mariposa-monarca-en-jaumave\/#primaryimage","url":"http:\/\/elinformativotam.com\/wp-content\/uploads\/2019\/11\/gober-300x200.jpg","contentUrl":"http:\/\/elinformativotam.com\/wp-content\/uploads\/2019\/11\/gober-300x200.jpg"},{"@type":"WebSite","@id":"https:\/\/elinformativotam.com\/#website","url":"https:\/\/elinformativotam.com\/","name":"EL INFORMATIVO DE TAMAULIPAS","description":"Desde la Zona Metropolitana Para Todo M\u00e9xico","publisher":{"@id":"https:\/\/elinformativotam.com\/#organization"},"potentialAction":[{"@type":"SearchAction","target":{"@type":"EntryPoint","urlTemplate":"https:\/\/elinformativotam.com\/?s={search_term_string}"},"query-input":{"@type":"PropertyValueSpecification","valueRequired":true,"valueName":"search_term_string"}}],"inLanguage":"es"},{"@type":"Organization","@id":"https:\/\/elinformativotam.com\/#organization","name":"EL INFORMATIVO DE TAMAULIPAS","url":"https:\/\/elinformativotam.com\/","logo":{"@type":"ImageObject","inLanguage":"es","@id":"https:\/\/elinformativotam.com\/#\/schema\/logo\/image\/","url":"https:\/\/elinformativotam.com\/wp-content\/uploads\/2026\/02\/Cabezal.png","contentUrl":"https:\/\/elinformativotam.com\/wp-content\/uploads\/2026\/02\/Cabezal.png","width":960,"height":640,"caption":"EL INFORMATIVO DE TAMAULIPAS"},"image":{"@id":"https:\/\/elinformativotam.com\/#\/schema\/logo\/image\/"}},{"@type":"Person","@id":"https:\/\/elinformativotam.com\/#\/schema\/person\/78e08040eed0f6110f0c5f83b6153590","name":"El Informativo Tam","image":{"@type":"ImageObject","inLanguage":"es","@id":"https:\/\/secure.gravatar.com\/avatar\/f3b7ad3af540688955925ac610647be00b0cf41feea9c4978b73a707ee86bc53?s=96&d=mm&r=g","url":"https:\/\/secure.gravatar.com\/avatar\/f3b7ad3af540688955925ac610647be00b0cf41feea9c4978b73a707ee86bc53?s=96&d=mm&r=g","contentUrl":"https:\/\/secure.gravatar.com\/avatar\/f3b7ad3af540688955925ac610647be00b0cf41feea9c4978b73a707ee86bc53?s=96&d=mm&r=g","caption":"El Informativo Tam"}}]}},"_links":{"self":[{"href":"https:\/\/elinformativotam.com\/index.php\/wp-json\/wp\/v2\/posts\/476","targetHints":{"allow":["GET"]}}],"collection":[{"href":"https:\/\/elinformativotam.com\/index.php\/wp-json\/wp\/v2\/posts"}],"about":[{"href":"https:\/\/elinformativotam.com\/index.php\/wp-json\/wp\/v2\/types\/post"}],"author":[{"embeddable":true,"href":"https:\/\/elinformativotam.com\/index.php\/wp-json\/wp\/v2\/users\/1"}],"replies":[{"embeddable":true,"href":"https:\/\/elinformativotam.com\/index.php\/wp-json\/wp\/v2\/comments?post=476"}],"version-history":[{"count":0,"href":"https:\/\/elinformativotam.com\/index.php\/wp-json\/wp\/v2\/posts\/476\/revisions"}],"wp:attachment":[{"href":"https:\/\/elinformativotam.com\/index.php\/wp-json\/wp\/v2\/media?parent=476"}],"wp:term":[{"taxonomy":"category","embeddable":true,"href":"https:\/\/elinformativotam.com\/index.php\/wp-json\/wp\/v2\/categories?post=476"},{"taxonomy":"post_tag","embeddable":true,"href":"https:\/\/elinformativotam.com\/index.php\/wp-json\/wp\/v2\/tags?post=476"}],"curies":[{"name":"wp","href":"https:\/\/api.w.org\/{rel}","templated":true}]}}