{"id":472,"date":"2019-11-02T15:34:46","date_gmt":"2019-11-02T21:34:46","guid":{"rendered":"http:\/\/elinformativotam.com\/?p=472"},"modified":"2019-11-02T15:34:46","modified_gmt":"2019-11-02T21:34:46","slug":"movimientos-en-el-gabinete-de-francisco-garcia-cabeza-de-vaca","status":"publish","type":"post","link":"https:\/\/elinformativotam.com\/index.php\/2019\/11\/02\/movimientos-en-el-gabinete-de-francisco-garcia-cabeza-de-vaca\/","title":{"rendered":"MOVIMIENTOS EN EL GABINETE DE FRANCISCO GARCIA CABEZA DE VACA"},"content":{"rendered":"<p>El Gobernador, Francisco Garc\u00eda Cabeza de Vaca, entreg\u00f3 este viernes nombramientos a cinco nuevos Secretarios de su administraci\u00f3n y design\u00f3 a titulares de otras \u00e1reas.<\/p>\n<p>&nbsp;<\/p>\n<p>En las Secretar\u00edas de Educaci\u00f3n y Bienestar Social, el mandatario ratific\u00f3 a quienes se desempe\u00f1aban como Encargados de Despacho, mientras que las Secretar\u00edas de Administraci\u00f3n, Trabajo y Pesca y Acuacultura, contar\u00e1n a partir de este viernes, con nuevos titulares.<\/p>\n<p>&nbsp;<\/p>\n<p>El Gobernador Garc\u00eda Cabeza de Vaca estableci\u00f3 que los nuevos nombramientos responden al inter\u00e9s de continuar una operaci\u00f3n eficiente de la administraci\u00f3n estatal y que ello se refleje en mejores servicios y atenci\u00f3n a las familias tamaulipecas.<\/p>\n<p>&nbsp;<\/p>\n<p>&nbsp;<\/p>\n<p><img loading=\"lazy\" decoding=\"async\" class=\" wp-image-474 aligncenter\" src=\"https:\/\/elinformativotam.com\/wp-content\/uploads\/2019\/11\/TAM-300x300.jpg\" alt=\"\" width=\"753\" height=\"753\" \/><\/p>\n<p>&nbsp;<\/p>\n<p>&nbsp;<\/p>\n<p>Los nombramientos son:<\/p>\n<p>&nbsp;<\/p>\n<p>Mario G\u00f3mez Monroy, Secretario de Educaci\u00f3n.<\/p>\n<p>&nbsp;<\/p>\n<p>R\u00f3mulo Garza Mart\u00ednez, Secretario de Bienestar Social.<\/p>\n<p>&nbsp;<\/p>\n<p>Jes\u00fas Alberto Salazar Anzald\u00faa, previamente Director General de Recursos Humanos, es ahora Secretario de Administraci\u00f3n.<\/p>\n<p>&nbsp;<\/p>\n<p>Miguel \u00c1ngel Villarreal Ongay, anteriormente Secretario de Administraci\u00f3n, es ahora Secretario del Trabajo en sustituci\u00f3n de Estela Chavira Mart\u00ednez.<\/p>\n<p>&nbsp;<\/p>\n<p>Antonio Garza de Yta, Secretario de Pesca y Acuacultura, sustituye a Ra\u00fal Ruiz Villegas quien ha sido designado representante del Gobierno del Estado en el sur de Tamaulipas.<\/p>\n<p>&nbsp;<\/p>\n<p>Francisco Elizondo Salazar, Subsecretario de Planeaci\u00f3n de la Secretar\u00eda de Educaci\u00f3n en sustituci\u00f3n de Humberto Zurita Era\u00f1a.<\/p>\n<p>&nbsp;<\/p>\n<p>William Knight Corripio, Subsecretario de Empleo y Previsi\u00f3n Social, en sustituci\u00f3n de Enrique Salinas Garza.<\/p>\n<p>&nbsp;<\/p>\n<p>\u00c1ngel de Jes\u00fas Covarrubias Villaverde fue nombrado como Director General del Instituto de la Juventud.<\/p>\n<p>&nbsp;<\/p>\n<p>Humberto Zurita Era\u00f1a, subsecretario de Gobierno en sustituci\u00f3n de Pedro Silva Rodr\u00edguez.<\/p>\n<p>&nbsp;<\/p>\n<p>Mario de Jes\u00fas Leal Rodr\u00edguez, Director General del COBAT sustituye a C\u00e9sar Guerra Montalvo.<\/p>\n<p>&nbsp;<\/p>\n<p>Luis Bravo Guti\u00e9rrez, Titular de la Unidad Ejecutiva de la SET en sustituci\u00f3n de Mario Leal Rodr\u00edguez.<\/p>\n<p>&nbsp;<\/p>\n<p>Todos los nombramientos son efectivos a partir de este mismo viernes 1 de noviembre.<\/p>\n","protected":false},"excerpt":{"rendered":"<p>El Gobernador, Francisco Garc\u00eda Cabeza de Vaca, entreg\u00f3 este viernes nombramientos a cinco nuevos Secretarios de su administraci\u00f3n y design\u00f3&hellip;<\/p>\n","protected":false},"author":1,"featured_media":0,"comment_status":"open","ping_status":"open","sticky":false,"template":"","format":"standard","meta":{"footnotes":""},"categories":[6],"tags":[],"class_list":["post-472","post","type-post","status-publish","format-standard","hentry","category-tamaulipas"],"yoast_head":"<!-- This site is optimized with the Yoast SEO plugin v27.5 - https:\/\/yoast.com\/product\/yoast-seo-wordpress\/ -->\n<title>MOVIMIENTOS EN EL GABINETE DE FRANCISCO GARCIA CABEZA DE VACA - EL INFORMATIVO DE TAMAULIPAS<\/title>\n<meta name=\"description\" content=\"El Gobernador, Francisco Garc\u00eda Cabeza de Vaca, entreg\u00f3 este viernes nombramientos a cinco nuevos Secretarios de su administraci\u00f3n y design\u00f3 a titulares\" \/>\n<meta name=\"robots\" content=\"index, follow, max-snippet:-1, max-image-preview:large, max-video-preview:-1\" \/>\n<link rel=\"canonical\" href=\"https:\/\/elinformativotam.com\/index.php\/2019\/11\/02\/movimientos-en-el-gabinete-de-francisco-garcia-cabeza-de-vaca\/\" \/>\n<meta property=\"og:locale\" content=\"es_MX\" \/>\n<meta property=\"og:type\" content=\"article\" \/>\n<meta property=\"og:title\" content=\"MOVIMIENTOS EN EL GABINETE DE FRANCISCO GARCIA CABEZA DE VACA - EL INFORMATIVO DE TAMAULIPAS\" \/>\n<meta property=\"og:description\" content=\"El Gobernador, Francisco Garc\u00eda Cabeza de Vaca, entreg\u00f3 este viernes nombramientos a cinco nuevos Secretarios de su administraci\u00f3n y design\u00f3 a titulares\" \/>\n<meta property=\"og:url\" content=\"https:\/\/elinformativotam.com\/index.php\/2019\/11\/02\/movimientos-en-el-gabinete-de-francisco-garcia-cabeza-de-vaca\/\" \/>\n<meta property=\"og:site_name\" content=\"EL INFORMATIVO DE TAMAULIPAS\" \/>\n<meta property=\"article:published_time\" content=\"2019-11-02T21:34:46+00:00\" \/>\n<meta property=\"og:image\" content=\"http:\/\/elinformativotam.com\/wp-content\/uploads\/2019\/11\/TAM-300x300.jpg\" \/>\n<meta name=\"author\" content=\"El Informativo Tam\" \/>\n<meta name=\"twitter:card\" content=\"summary_large_image\" \/>\n<meta name=\"twitter:label1\" content=\"Escrito por\" \/>\n\t<meta name=\"twitter:data1\" content=\"El Informativo Tam\" \/>\n\t<meta name=\"twitter:label2\" content=\"Tiempo de lectura\" \/>\n\t<meta name=\"twitter:data2\" content=\"2 minutos\" \/>\n<script type=\"application\/ld+json\" class=\"yoast-schema-graph\">{\"@context\":\"https:\\\/\\\/schema.org\",\"@graph\":[{\"@type\":\"Article\",\"@id\":\"https:\\\/\\\/elinformativotam.com\\\/index.php\\\/2019\\\/11\\\/02\\\/movimientos-en-el-gabinete-de-francisco-garcia-cabeza-de-vaca\\\/#article\",\"isPartOf\":{\"@id\":\"https:\\\/\\\/elinformativotam.com\\\/index.php\\\/2019\\\/11\\\/02\\\/movimientos-en-el-gabinete-de-francisco-garcia-cabeza-de-vaca\\\/\"},\"author\":{\"name\":\"El Informativo Tam\",\"@id\":\"https:\\\/\\\/elinformativotam.com\\\/#\\\/schema\\\/person\\\/78e08040eed0f6110f0c5f83b6153590\"},\"headline\":\"MOVIMIENTOS EN EL GABINETE DE FRANCISCO GARCIA CABEZA DE VACA\",\"datePublished\":\"2019-11-02T21:34:46+00:00\",\"mainEntityOfPage\":{\"@id\":\"https:\\\/\\\/elinformativotam.com\\\/index.php\\\/2019\\\/11\\\/02\\\/movimientos-en-el-gabinete-de-francisco-garcia-cabeza-de-vaca\\\/\"},\"wordCount\":351,\"commentCount\":0,\"publisher\":{\"@id\":\"https:\\\/\\\/elinformativotam.com\\\/#organization\"},\"image\":{\"@id\":\"https:\\\/\\\/elinformativotam.com\\\/index.php\\\/2019\\\/11\\\/02\\\/movimientos-en-el-gabinete-de-francisco-garcia-cabeza-de-vaca\\\/#primaryimage\"},\"thumbnailUrl\":\"http:\\\/\\\/elinformativotam.com\\\/wp-content\\\/uploads\\\/2019\\\/11\\\/TAM-300x300.jpg\",\"articleSection\":[\"Tamaulipas\"],\"inLanguage\":\"es\",\"potentialAction\":[{\"@type\":\"CommentAction\",\"name\":\"Comment\",\"target\":[\"https:\\\/\\\/elinformativotam.com\\\/index.php\\\/2019\\\/11\\\/02\\\/movimientos-en-el-gabinete-de-francisco-garcia-cabeza-de-vaca\\\/#respond\"]}]},{\"@type\":\"WebPage\",\"@id\":\"https:\\\/\\\/elinformativotam.com\\\/index.php\\\/2019\\\/11\\\/02\\\/movimientos-en-el-gabinete-de-francisco-garcia-cabeza-de-vaca\\\/\",\"url\":\"https:\\\/\\\/elinformativotam.com\\\/index.php\\\/2019\\\/11\\\/02\\\/movimientos-en-el-gabinete-de-francisco-garcia-cabeza-de-vaca\\\/\",\"name\":\"MOVIMIENTOS EN EL GABINETE DE FRANCISCO GARCIA CABEZA DE VACA - EL INFORMATIVO DE TAMAULIPAS\",\"isPartOf\":{\"@id\":\"https:\\\/\\\/elinformativotam.com\\\/#website\"},\"primaryImageOfPage\":{\"@id\":\"https:\\\/\\\/elinformativotam.com\\\/index.php\\\/2019\\\/11\\\/02\\\/movimientos-en-el-gabinete-de-francisco-garcia-cabeza-de-vaca\\\/#primaryimage\"},\"image\":{\"@id\":\"https:\\\/\\\/elinformativotam.com\\\/index.php\\\/2019\\\/11\\\/02\\\/movimientos-en-el-gabinete-de-francisco-garcia-cabeza-de-vaca\\\/#primaryimage\"},\"thumbnailUrl\":\"http:\\\/\\\/elinformativotam.com\\\/wp-content\\\/uploads\\\/2019\\\/11\\\/TAM-300x300.jpg\",\"datePublished\":\"2019-11-02T21:34:46+00:00\",\"description\":\"El Gobernador, Francisco Garc\u00eda Cabeza de Vaca, entreg\u00f3 este viernes nombramientos a cinco nuevos Secretarios de su administraci\u00f3n y design\u00f3 a titulares\",\"inLanguage\":\"es\",\"potentialAction\":[{\"@type\":\"ReadAction\",\"target\":[\"https:\\\/\\\/elinformativotam.com\\\/index.php\\\/2019\\\/11\\\/02\\\/movimientos-en-el-gabinete-de-francisco-garcia-cabeza-de-vaca\\\/\"]}]},{\"@type\":\"ImageObject\",\"inLanguage\":\"es\",\"@id\":\"https:\\\/\\\/elinformativotam.com\\\/index.php\\\/2019\\\/11\\\/02\\\/movimientos-en-el-gabinete-de-francisco-garcia-cabeza-de-vaca\\\/#primaryimage\",\"url\":\"http:\\\/\\\/elinformativotam.com\\\/wp-content\\\/uploads\\\/2019\\\/11\\\/TAM-300x300.jpg\",\"contentUrl\":\"http:\\\/\\\/elinformativotam.com\\\/wp-content\\\/uploads\\\/2019\\\/11\\\/TAM-300x300.jpg\"},{\"@type\":\"WebSite\",\"@id\":\"https:\\\/\\\/elinformativotam.com\\\/#website\",\"url\":\"https:\\\/\\\/elinformativotam.com\\\/\",\"name\":\"EL INFORMATIVO DE TAMAULIPAS\",\"description\":\"Desde la Zona Metropolitana Para Todo M\u00e9xico\",\"publisher\":{\"@id\":\"https:\\\/\\\/elinformativotam.com\\\/#organization\"},\"potentialAction\":[{\"@type\":\"SearchAction\",\"target\":{\"@type\":\"EntryPoint\",\"urlTemplate\":\"https:\\\/\\\/elinformativotam.com\\\/?s={search_term_string}\"},\"query-input\":{\"@type\":\"PropertyValueSpecification\",\"valueRequired\":true,\"valueName\":\"search_term_string\"}}],\"inLanguage\":\"es\"},{\"@type\":\"Organization\",\"@id\":\"https:\\\/\\\/elinformativotam.com\\\/#organization\",\"name\":\"EL INFORMATIVO DE TAMAULIPAS\",\"url\":\"https:\\\/\\\/elinformativotam.com\\\/\",\"logo\":{\"@type\":\"ImageObject\",\"inLanguage\":\"es\",\"@id\":\"https:\\\/\\\/elinformativotam.com\\\/#\\\/schema\\\/logo\\\/image\\\/\",\"url\":\"https:\\\/\\\/elinformativotam.com\\\/wp-content\\\/uploads\\\/2026\\\/02\\\/Cabezal.png\",\"contentUrl\":\"https:\\\/\\\/elinformativotam.com\\\/wp-content\\\/uploads\\\/2026\\\/02\\\/Cabezal.png\",\"width\":960,\"height\":640,\"caption\":\"EL INFORMATIVO DE TAMAULIPAS\"},\"image\":{\"@id\":\"https:\\\/\\\/elinformativotam.com\\\/#\\\/schema\\\/logo\\\/image\\\/\"}},{\"@type\":\"Person\",\"@id\":\"https:\\\/\\\/elinformativotam.com\\\/#\\\/schema\\\/person\\\/78e08040eed0f6110f0c5f83b6153590\",\"name\":\"El Informativo Tam\",\"image\":{\"@type\":\"ImageObject\",\"inLanguage\":\"es\",\"@id\":\"https:\\\/\\\/secure.gravatar.com\\\/avatar\\\/f3b7ad3af540688955925ac610647be00b0cf41feea9c4978b73a707ee86bc53?s=96&d=mm&r=g\",\"url\":\"https:\\\/\\\/secure.gravatar.com\\\/avatar\\\/f3b7ad3af540688955925ac610647be00b0cf41feea9c4978b73a707ee86bc53?s=96&d=mm&r=g\",\"contentUrl\":\"https:\\\/\\\/secure.gravatar.com\\\/avatar\\\/f3b7ad3af540688955925ac610647be00b0cf41feea9c4978b73a707ee86bc53?s=96&d=mm&r=g\",\"caption\":\"El Informativo Tam\"}}]}<\/script>\n<!-- \/ Yoast SEO plugin. -->","yoast_head_json":{"title":"MOVIMIENTOS EN EL GABINETE DE FRANCISCO GARCIA CABEZA DE VACA - EL INFORMATIVO DE TAMAULIPAS","description":"El Gobernador, Francisco Garc\u00eda Cabeza de Vaca, entreg\u00f3 este viernes nombramientos a cinco nuevos Secretarios de su administraci\u00f3n y design\u00f3 a titulares","robots":{"index":"index","follow":"follow","max-snippet":"max-snippet:-1","max-image-preview":"max-image-preview:large","max-video-preview":"max-video-preview:-1"},"canonical":"https:\/\/elinformativotam.com\/index.php\/2019\/11\/02\/movimientos-en-el-gabinete-de-francisco-garcia-cabeza-de-vaca\/","og_locale":"es_MX","og_type":"article","og_title":"MOVIMIENTOS EN EL GABINETE DE FRANCISCO GARCIA CABEZA DE VACA - EL INFORMATIVO DE TAMAULIPAS","og_description":"El Gobernador, Francisco Garc\u00eda Cabeza de Vaca, entreg\u00f3 este viernes nombramientos a cinco nuevos Secretarios de su administraci\u00f3n y design\u00f3 a titulares","og_url":"https:\/\/elinformativotam.com\/index.php\/2019\/11\/02\/movimientos-en-el-gabinete-de-francisco-garcia-cabeza-de-vaca\/","og_site_name":"EL INFORMATIVO DE TAMAULIPAS","article_published_time":"2019-11-02T21:34:46+00:00","og_image":[{"url":"http:\/\/elinformativotam.com\/wp-content\/uploads\/2019\/11\/TAM-300x300.jpg","type":"","width":"","height":""}],"author":"El Informativo Tam","twitter_card":"summary_large_image","twitter_misc":{"Escrito por":"El Informativo Tam","Tiempo de lectura":"2 minutos"},"schema":{"@context":"https:\/\/schema.org","@graph":[{"@type":"Article","@id":"https:\/\/elinformativotam.com\/index.php\/2019\/11\/02\/movimientos-en-el-gabinete-de-francisco-garcia-cabeza-de-vaca\/#article","isPartOf":{"@id":"https:\/\/elinformativotam.com\/index.php\/2019\/11\/02\/movimientos-en-el-gabinete-de-francisco-garcia-cabeza-de-vaca\/"},"author":{"name":"El Informativo Tam","@id":"https:\/\/elinformativotam.com\/#\/schema\/person\/78e08040eed0f6110f0c5f83b6153590"},"headline":"MOVIMIENTOS EN EL GABINETE DE FRANCISCO GARCIA CABEZA DE VACA","datePublished":"2019-11-02T21:34:46+00:00","mainEntityOfPage":{"@id":"https:\/\/elinformativotam.com\/index.php\/2019\/11\/02\/movimientos-en-el-gabinete-de-francisco-garcia-cabeza-de-vaca\/"},"wordCount":351,"commentCount":0,"publisher":{"@id":"https:\/\/elinformativotam.com\/#organization"},"image":{"@id":"https:\/\/elinformativotam.com\/index.php\/2019\/11\/02\/movimientos-en-el-gabinete-de-francisco-garcia-cabeza-de-vaca\/#primaryimage"},"thumbnailUrl":"http:\/\/elinformativotam.com\/wp-content\/uploads\/2019\/11\/TAM-300x300.jpg","articleSection":["Tamaulipas"],"inLanguage":"es","potentialAction":[{"@type":"CommentAction","name":"Comment","target":["https:\/\/elinformativotam.com\/index.php\/2019\/11\/02\/movimientos-en-el-gabinete-de-francisco-garcia-cabeza-de-vaca\/#respond"]}]},{"@type":"WebPage","@id":"https:\/\/elinformativotam.com\/index.php\/2019\/11\/02\/movimientos-en-el-gabinete-de-francisco-garcia-cabeza-de-vaca\/","url":"https:\/\/elinformativotam.com\/index.php\/2019\/11\/02\/movimientos-en-el-gabinete-de-francisco-garcia-cabeza-de-vaca\/","name":"MOVIMIENTOS EN EL GABINETE DE FRANCISCO GARCIA CABEZA DE VACA - EL INFORMATIVO DE TAMAULIPAS","isPartOf":{"@id":"https:\/\/elinformativotam.com\/#website"},"primaryImageOfPage":{"@id":"https:\/\/elinformativotam.com\/index.php\/2019\/11\/02\/movimientos-en-el-gabinete-de-francisco-garcia-cabeza-de-vaca\/#primaryimage"},"image":{"@id":"https:\/\/elinformativotam.com\/index.php\/2019\/11\/02\/movimientos-en-el-gabinete-de-francisco-garcia-cabeza-de-vaca\/#primaryimage"},"thumbnailUrl":"http:\/\/elinformativotam.com\/wp-content\/uploads\/2019\/11\/TAM-300x300.jpg","datePublished":"2019-11-02T21:34:46+00:00","description":"El Gobernador, Francisco Garc\u00eda Cabeza de Vaca, entreg\u00f3 este viernes nombramientos a cinco nuevos Secretarios de su administraci\u00f3n y design\u00f3 a titulares","inLanguage":"es","potentialAction":[{"@type":"ReadAction","target":["https:\/\/elinformativotam.com\/index.php\/2019\/11\/02\/movimientos-en-el-gabinete-de-francisco-garcia-cabeza-de-vaca\/"]}]},{"@type":"ImageObject","inLanguage":"es","@id":"https:\/\/elinformativotam.com\/index.php\/2019\/11\/02\/movimientos-en-el-gabinete-de-francisco-garcia-cabeza-de-vaca\/#primaryimage","url":"http:\/\/elinformativotam.com\/wp-content\/uploads\/2019\/11\/TAM-300x300.jpg","contentUrl":"http:\/\/elinformativotam.com\/wp-content\/uploads\/2019\/11\/TAM-300x300.jpg"},{"@type":"WebSite","@id":"https:\/\/elinformativotam.com\/#website","url":"https:\/\/elinformativotam.com\/","name":"EL INFORMATIVO DE TAMAULIPAS","description":"Desde la Zona Metropolitana Para Todo M\u00e9xico","publisher":{"@id":"https:\/\/elinformativotam.com\/#organization"},"potentialAction":[{"@type":"SearchAction","target":{"@type":"EntryPoint","urlTemplate":"https:\/\/elinformativotam.com\/?s={search_term_string}"},"query-input":{"@type":"PropertyValueSpecification","valueRequired":true,"valueName":"search_term_string"}}],"inLanguage":"es"},{"@type":"Organization","@id":"https:\/\/elinformativotam.com\/#organization","name":"EL INFORMATIVO DE TAMAULIPAS","url":"https:\/\/elinformativotam.com\/","logo":{"@type":"ImageObject","inLanguage":"es","@id":"https:\/\/elinformativotam.com\/#\/schema\/logo\/image\/","url":"https:\/\/elinformativotam.com\/wp-content\/uploads\/2026\/02\/Cabezal.png","contentUrl":"https:\/\/elinformativotam.com\/wp-content\/uploads\/2026\/02\/Cabezal.png","width":960,"height":640,"caption":"EL INFORMATIVO DE TAMAULIPAS"},"image":{"@id":"https:\/\/elinformativotam.com\/#\/schema\/logo\/image\/"}},{"@type":"Person","@id":"https:\/\/elinformativotam.com\/#\/schema\/person\/78e08040eed0f6110f0c5f83b6153590","name":"El Informativo Tam","image":{"@type":"ImageObject","inLanguage":"es","@id":"https:\/\/secure.gravatar.com\/avatar\/f3b7ad3af540688955925ac610647be00b0cf41feea9c4978b73a707ee86bc53?s=96&d=mm&r=g","url":"https:\/\/secure.gravatar.com\/avatar\/f3b7ad3af540688955925ac610647be00b0cf41feea9c4978b73a707ee86bc53?s=96&d=mm&r=g","contentUrl":"https:\/\/secure.gravatar.com\/avatar\/f3b7ad3af540688955925ac610647be00b0cf41feea9c4978b73a707ee86bc53?s=96&d=mm&r=g","caption":"El Informativo Tam"}}]}},"_links":{"self":[{"href":"https:\/\/elinformativotam.com\/index.php\/wp-json\/wp\/v2\/posts\/472","targetHints":{"allow":["GET"]}}],"collection":[{"href":"https:\/\/elinformativotam.com\/index.php\/wp-json\/wp\/v2\/posts"}],"about":[{"href":"https:\/\/elinformativotam.com\/index.php\/wp-json\/wp\/v2\/types\/post"}],"author":[{"embeddable":true,"href":"https:\/\/elinformativotam.com\/index.php\/wp-json\/wp\/v2\/users\/1"}],"replies":[{"embeddable":true,"href":"https:\/\/elinformativotam.com\/index.php\/wp-json\/wp\/v2\/comments?post=472"}],"version-history":[{"count":0,"href":"https:\/\/elinformativotam.com\/index.php\/wp-json\/wp\/v2\/posts\/472\/revisions"}],"wp:attachment":[{"href":"https:\/\/elinformativotam.com\/index.php\/wp-json\/wp\/v2\/media?parent=472"}],"wp:term":[{"taxonomy":"category","embeddable":true,"href":"https:\/\/elinformativotam.com\/index.php\/wp-json\/wp\/v2\/categories?post=472"},{"taxonomy":"post_tag","embeddable":true,"href":"https:\/\/elinformativotam.com\/index.php\/wp-json\/wp\/v2\/tags?post=472"}],"curies":[{"name":"wp","href":"https:\/\/api.w.org\/{rel}","templated":true}]}}