{"id":46944,"date":"2023-11-28T21:59:45","date_gmt":"2023-11-29T03:59:45","guid":{"rendered":"https:\/\/elinformativotam.com\/?p=46944"},"modified":"2023-11-28T21:59:45","modified_gmt":"2023-11-29T03:59:45","slug":"vigilaran-autoridades-que-no-se-realicen-arrancones-en-madero","status":"publish","type":"post","link":"https:\/\/elinformativotam.com\/index.php\/2023\/11\/28\/vigilaran-autoridades-que-no-se-realicen-arrancones-en-madero\/","title":{"rendered":"VIGILAR\u00c1N AUTORIDADES QUE NO SE REALICEN ARRANCONES EN MADERO."},"content":{"rendered":"<p>Cd. Madero, Tamaulipas.- Debido a que se tiene reportes por la realizaci\u00f3n de arrancones en la avenida Jalisco, muy cerca del estadio Tamaulipas, se reforzar\u00e1 la vigilancia por parte de las distintas corporaciones de seguridad, entre ellas tr\u00e1nsito, Guardia Estatal,\u00a0 Ej\u00e9rcito Mexicano y de ser necesario la Marina.<\/p>\n<p>&nbsp;<\/p>\n<p>El secretario del ayuntamiento Juan Antonio Ortega Ju\u00e1rez, dijo que los arrancones se desarrollaban en el boulevard costero de playa Miramar, pero al instalar la vigilancia permanente en el m\u00e1ximo paseo por parte de tr\u00e1nsito para conminar a quienes realizaban los arrancones a no continuar y retirarse, aparentemente decidieron cambiar de lugar, lo que no van a permitir pues se har\u00e1n\u00a0 acreedores a sanciones de tipo administrativo.<\/p>\n<p>&nbsp;<\/p>\n<p>Destac\u00f3 que el realizar arrancones es una falta al reglamento de tr\u00e1nsito, por ello quienes lo realizan son acreedores a una multa, por lo que de ser necesario se buscar\u00e1 a los responsables\u00a0 para aplicarle la sanci\u00f3n correspondiente.<\/p>\n<p>&nbsp;<\/p>\n<p>Reiter\u00f3 que se har\u00e1 la solicitud a la guardia estatal , as\u00ed como al ej\u00e9rcito y Marina para que los apoyen en los rondines que realizan y en caso de detectar los arrancones act\u00faen conforme a la ley.<\/p>\n<p>&nbsp;<\/p>\n","protected":false},"excerpt":{"rendered":"<p>Cd. Madero, Tamaulipas.- Debido a que se tiene reportes por la realizaci\u00f3n de arrancones en la avenida Jalisco, muy cerca&hellip;<\/p>\n","protected":false},"author":1,"featured_media":46941,"comment_status":"open","ping_status":"open","sticky":false,"template":"","format":"standard","meta":{"footnotes":""},"categories":[4],"tags":[],"class_list":["post-46944","post","type-post","status-publish","format-standard","has-post-thumbnail","hentry","category-madero"],"yoast_head":"<!-- This site is optimized with the Yoast SEO plugin v27.4 - https:\/\/yoast.com\/product\/yoast-seo-wordpress\/ -->\n<title>VIGILAR\u00c1N AUTORIDADES QUE NO SE REALICEN ARRANCONES EN MADERO. - EL INFORMATIVO DE TAMAULIPAS<\/title>\n<meta name=\"description\" content=\"Cd. Madero, Tamaulipas.- Debido a que se tiene reportes por la realizaci\u00f3n de arrancones en la avenida Jalisco, muy cerca del estadio Tamaulipas, se\" \/>\n<meta name=\"robots\" content=\"index, follow, max-snippet:-1, max-image-preview:large, max-video-preview:-1\" \/>\n<link rel=\"canonical\" href=\"https:\/\/elinformativotam.com\/index.php\/2023\/11\/28\/vigilaran-autoridades-que-no-se-realicen-arrancones-en-madero\/\" \/>\n<meta property=\"og:locale\" content=\"es_MX\" \/>\n<meta property=\"og:type\" content=\"article\" \/>\n<meta property=\"og:title\" content=\"VIGILAR\u00c1N AUTORIDADES QUE NO SE REALICEN ARRANCONES EN MADERO. - EL INFORMATIVO DE TAMAULIPAS\" \/>\n<meta property=\"og:description\" content=\"Cd. Madero, Tamaulipas.- Debido a que se tiene reportes por la realizaci\u00f3n de arrancones en la avenida Jalisco, muy cerca del estadio Tamaulipas, se\" \/>\n<meta property=\"og:url\" content=\"https:\/\/elinformativotam.com\/index.php\/2023\/11\/28\/vigilaran-autoridades-que-no-se-realicen-arrancones-en-madero\/\" \/>\n<meta property=\"og:site_name\" content=\"EL INFORMATIVO DE TAMAULIPAS\" \/>\n<meta property=\"article:published_time\" content=\"2023-11-29T03:59:45+00:00\" \/>\n<meta property=\"og:image\" content=\"https:\/\/elinformativotam.com\/wp-content\/uploads\/2023\/11\/Ortega-Juarez.jpeg\" \/>\n\t<meta property=\"og:image:width\" content=\"1280\" \/>\n\t<meta property=\"og:image:height\" content=\"720\" \/>\n\t<meta property=\"og:image:type\" content=\"image\/jpeg\" \/>\n<meta name=\"author\" content=\"El Informativo Tam\" \/>\n<meta name=\"twitter:card\" content=\"summary_large_image\" \/>\n<meta name=\"twitter:label1\" content=\"Escrito por\" \/>\n\t<meta name=\"twitter:data1\" content=\"El Informativo Tam\" \/>\n\t<meta name=\"twitter:label2\" content=\"Tiempo de lectura\" \/>\n\t<meta name=\"twitter:data2\" content=\"1 minuto\" \/>\n<script type=\"application\/ld+json\" class=\"yoast-schema-graph\">{\"@context\":\"https:\\\/\\\/schema.org\",\"@graph\":[{\"@type\":\"Article\",\"@id\":\"https:\\\/\\\/elinformativotam.com\\\/index.php\\\/2023\\\/11\\\/28\\\/vigilaran-autoridades-que-no-se-realicen-arrancones-en-madero\\\/#article\",\"isPartOf\":{\"@id\":\"https:\\\/\\\/elinformativotam.com\\\/index.php\\\/2023\\\/11\\\/28\\\/vigilaran-autoridades-que-no-se-realicen-arrancones-en-madero\\\/\"},\"author\":{\"name\":\"El Informativo Tam\",\"@id\":\"https:\\\/\\\/elinformativotam.com\\\/#\\\/schema\\\/person\\\/78e08040eed0f6110f0c5f83b6153590\"},\"headline\":\"VIGILAR\u00c1N AUTORIDADES QUE NO SE REALICEN ARRANCONES EN MADERO.\",\"datePublished\":\"2023-11-29T03:59:45+00:00\",\"mainEntityOfPage\":{\"@id\":\"https:\\\/\\\/elinformativotam.com\\\/index.php\\\/2023\\\/11\\\/28\\\/vigilaran-autoridades-que-no-se-realicen-arrancones-en-madero\\\/\"},\"wordCount\":216,\"commentCount\":0,\"publisher\":{\"@id\":\"https:\\\/\\\/elinformativotam.com\\\/#organization\"},\"image\":{\"@id\":\"https:\\\/\\\/elinformativotam.com\\\/index.php\\\/2023\\\/11\\\/28\\\/vigilaran-autoridades-que-no-se-realicen-arrancones-en-madero\\\/#primaryimage\"},\"thumbnailUrl\":\"https:\\\/\\\/elinformativotam.com\\\/wp-content\\\/uploads\\\/2023\\\/11\\\/Ortega-Juarez.jpeg\",\"articleSection\":[\"Cd Madero\"],\"inLanguage\":\"es\",\"potentialAction\":[{\"@type\":\"CommentAction\",\"name\":\"Comment\",\"target\":[\"https:\\\/\\\/elinformativotam.com\\\/index.php\\\/2023\\\/11\\\/28\\\/vigilaran-autoridades-que-no-se-realicen-arrancones-en-madero\\\/#respond\"]}]},{\"@type\":\"WebPage\",\"@id\":\"https:\\\/\\\/elinformativotam.com\\\/index.php\\\/2023\\\/11\\\/28\\\/vigilaran-autoridades-que-no-se-realicen-arrancones-en-madero\\\/\",\"url\":\"https:\\\/\\\/elinformativotam.com\\\/index.php\\\/2023\\\/11\\\/28\\\/vigilaran-autoridades-que-no-se-realicen-arrancones-en-madero\\\/\",\"name\":\"VIGILAR\u00c1N AUTORIDADES QUE NO SE REALICEN ARRANCONES EN MADERO. - EL INFORMATIVO DE TAMAULIPAS\",\"isPartOf\":{\"@id\":\"https:\\\/\\\/elinformativotam.com\\\/#website\"},\"primaryImageOfPage\":{\"@id\":\"https:\\\/\\\/elinformativotam.com\\\/index.php\\\/2023\\\/11\\\/28\\\/vigilaran-autoridades-que-no-se-realicen-arrancones-en-madero\\\/#primaryimage\"},\"image\":{\"@id\":\"https:\\\/\\\/elinformativotam.com\\\/index.php\\\/2023\\\/11\\\/28\\\/vigilaran-autoridades-que-no-se-realicen-arrancones-en-madero\\\/#primaryimage\"},\"thumbnailUrl\":\"https:\\\/\\\/elinformativotam.com\\\/wp-content\\\/uploads\\\/2023\\\/11\\\/Ortega-Juarez.jpeg\",\"datePublished\":\"2023-11-29T03:59:45+00:00\",\"description\":\"Cd. Madero, Tamaulipas.- Debido a que se tiene reportes por la realizaci\u00f3n de arrancones en la avenida Jalisco, muy cerca del estadio Tamaulipas, se\",\"inLanguage\":\"es\",\"potentialAction\":[{\"@type\":\"ReadAction\",\"target\":[\"https:\\\/\\\/elinformativotam.com\\\/index.php\\\/2023\\\/11\\\/28\\\/vigilaran-autoridades-que-no-se-realicen-arrancones-en-madero\\\/\"]}]},{\"@type\":\"ImageObject\",\"inLanguage\":\"es\",\"@id\":\"https:\\\/\\\/elinformativotam.com\\\/index.php\\\/2023\\\/11\\\/28\\\/vigilaran-autoridades-que-no-se-realicen-arrancones-en-madero\\\/#primaryimage\",\"url\":\"https:\\\/\\\/elinformativotam.com\\\/wp-content\\\/uploads\\\/2023\\\/11\\\/Ortega-Juarez.jpeg\",\"contentUrl\":\"https:\\\/\\\/elinformativotam.com\\\/wp-content\\\/uploads\\\/2023\\\/11\\\/Ortega-Juarez.jpeg\",\"width\":1280,\"height\":720},{\"@type\":\"WebSite\",\"@id\":\"https:\\\/\\\/elinformativotam.com\\\/#website\",\"url\":\"https:\\\/\\\/elinformativotam.com\\\/\",\"name\":\"EL INFORMATIVO DE TAMAULIPAS\",\"description\":\"Desde la Zona Metropolitana Para Todo M\u00e9xico\",\"publisher\":{\"@id\":\"https:\\\/\\\/elinformativotam.com\\\/#organization\"},\"potentialAction\":[{\"@type\":\"SearchAction\",\"target\":{\"@type\":\"EntryPoint\",\"urlTemplate\":\"https:\\\/\\\/elinformativotam.com\\\/?s={search_term_string}\"},\"query-input\":{\"@type\":\"PropertyValueSpecification\",\"valueRequired\":true,\"valueName\":\"search_term_string\"}}],\"inLanguage\":\"es\"},{\"@type\":\"Organization\",\"@id\":\"https:\\\/\\\/elinformativotam.com\\\/#organization\",\"name\":\"EL INFORMATIVO DE TAMAULIPAS\",\"url\":\"https:\\\/\\\/elinformativotam.com\\\/\",\"logo\":{\"@type\":\"ImageObject\",\"inLanguage\":\"es\",\"@id\":\"https:\\\/\\\/elinformativotam.com\\\/#\\\/schema\\\/logo\\\/image\\\/\",\"url\":\"https:\\\/\\\/elinformativotam.com\\\/wp-content\\\/uploads\\\/2026\\\/02\\\/Cabezal.png\",\"contentUrl\":\"https:\\\/\\\/elinformativotam.com\\\/wp-content\\\/uploads\\\/2026\\\/02\\\/Cabezal.png\",\"width\":960,\"height\":640,\"caption\":\"EL INFORMATIVO DE TAMAULIPAS\"},\"image\":{\"@id\":\"https:\\\/\\\/elinformativotam.com\\\/#\\\/schema\\\/logo\\\/image\\\/\"}},{\"@type\":\"Person\",\"@id\":\"https:\\\/\\\/elinformativotam.com\\\/#\\\/schema\\\/person\\\/78e08040eed0f6110f0c5f83b6153590\",\"name\":\"El Informativo Tam\",\"image\":{\"@type\":\"ImageObject\",\"inLanguage\":\"es\",\"@id\":\"https:\\\/\\\/secure.gravatar.com\\\/avatar\\\/f3b7ad3af540688955925ac610647be00b0cf41feea9c4978b73a707ee86bc53?s=96&d=mm&r=g\",\"url\":\"https:\\\/\\\/secure.gravatar.com\\\/avatar\\\/f3b7ad3af540688955925ac610647be00b0cf41feea9c4978b73a707ee86bc53?s=96&d=mm&r=g\",\"contentUrl\":\"https:\\\/\\\/secure.gravatar.com\\\/avatar\\\/f3b7ad3af540688955925ac610647be00b0cf41feea9c4978b73a707ee86bc53?s=96&d=mm&r=g\",\"caption\":\"El Informativo Tam\"}}]}<\/script>\n<!-- \/ Yoast SEO plugin. -->","yoast_head_json":{"title":"VIGILAR\u00c1N AUTORIDADES QUE NO SE REALICEN ARRANCONES EN MADERO. - EL INFORMATIVO DE TAMAULIPAS","description":"Cd. Madero, Tamaulipas.- Debido a que se tiene reportes por la realizaci\u00f3n de arrancones en la avenida Jalisco, muy cerca del estadio Tamaulipas, se","robots":{"index":"index","follow":"follow","max-snippet":"max-snippet:-1","max-image-preview":"max-image-preview:large","max-video-preview":"max-video-preview:-1"},"canonical":"https:\/\/elinformativotam.com\/index.php\/2023\/11\/28\/vigilaran-autoridades-que-no-se-realicen-arrancones-en-madero\/","og_locale":"es_MX","og_type":"article","og_title":"VIGILAR\u00c1N AUTORIDADES QUE NO SE REALICEN ARRANCONES EN MADERO. - EL INFORMATIVO DE TAMAULIPAS","og_description":"Cd. Madero, Tamaulipas.- Debido a que se tiene reportes por la realizaci\u00f3n de arrancones en la avenida Jalisco, muy cerca del estadio Tamaulipas, se","og_url":"https:\/\/elinformativotam.com\/index.php\/2023\/11\/28\/vigilaran-autoridades-que-no-se-realicen-arrancones-en-madero\/","og_site_name":"EL INFORMATIVO DE TAMAULIPAS","article_published_time":"2023-11-29T03:59:45+00:00","og_image":[{"width":1280,"height":720,"url":"https:\/\/elinformativotam.com\/wp-content\/uploads\/2023\/11\/Ortega-Juarez.jpeg","type":"image\/jpeg"}],"author":"El Informativo Tam","twitter_card":"summary_large_image","twitter_misc":{"Escrito por":"El Informativo Tam","Tiempo de lectura":"1 minuto"},"schema":{"@context":"https:\/\/schema.org","@graph":[{"@type":"Article","@id":"https:\/\/elinformativotam.com\/index.php\/2023\/11\/28\/vigilaran-autoridades-que-no-se-realicen-arrancones-en-madero\/#article","isPartOf":{"@id":"https:\/\/elinformativotam.com\/index.php\/2023\/11\/28\/vigilaran-autoridades-que-no-se-realicen-arrancones-en-madero\/"},"author":{"name":"El Informativo Tam","@id":"https:\/\/elinformativotam.com\/#\/schema\/person\/78e08040eed0f6110f0c5f83b6153590"},"headline":"VIGILAR\u00c1N AUTORIDADES QUE NO SE REALICEN ARRANCONES EN MADERO.","datePublished":"2023-11-29T03:59:45+00:00","mainEntityOfPage":{"@id":"https:\/\/elinformativotam.com\/index.php\/2023\/11\/28\/vigilaran-autoridades-que-no-se-realicen-arrancones-en-madero\/"},"wordCount":216,"commentCount":0,"publisher":{"@id":"https:\/\/elinformativotam.com\/#organization"},"image":{"@id":"https:\/\/elinformativotam.com\/index.php\/2023\/11\/28\/vigilaran-autoridades-que-no-se-realicen-arrancones-en-madero\/#primaryimage"},"thumbnailUrl":"https:\/\/elinformativotam.com\/wp-content\/uploads\/2023\/11\/Ortega-Juarez.jpeg","articleSection":["Cd Madero"],"inLanguage":"es","potentialAction":[{"@type":"CommentAction","name":"Comment","target":["https:\/\/elinformativotam.com\/index.php\/2023\/11\/28\/vigilaran-autoridades-que-no-se-realicen-arrancones-en-madero\/#respond"]}]},{"@type":"WebPage","@id":"https:\/\/elinformativotam.com\/index.php\/2023\/11\/28\/vigilaran-autoridades-que-no-se-realicen-arrancones-en-madero\/","url":"https:\/\/elinformativotam.com\/index.php\/2023\/11\/28\/vigilaran-autoridades-que-no-se-realicen-arrancones-en-madero\/","name":"VIGILAR\u00c1N AUTORIDADES QUE NO SE REALICEN ARRANCONES EN MADERO. - EL INFORMATIVO DE TAMAULIPAS","isPartOf":{"@id":"https:\/\/elinformativotam.com\/#website"},"primaryImageOfPage":{"@id":"https:\/\/elinformativotam.com\/index.php\/2023\/11\/28\/vigilaran-autoridades-que-no-se-realicen-arrancones-en-madero\/#primaryimage"},"image":{"@id":"https:\/\/elinformativotam.com\/index.php\/2023\/11\/28\/vigilaran-autoridades-que-no-se-realicen-arrancones-en-madero\/#primaryimage"},"thumbnailUrl":"https:\/\/elinformativotam.com\/wp-content\/uploads\/2023\/11\/Ortega-Juarez.jpeg","datePublished":"2023-11-29T03:59:45+00:00","description":"Cd. Madero, Tamaulipas.- Debido a que se tiene reportes por la realizaci\u00f3n de arrancones en la avenida Jalisco, muy cerca del estadio Tamaulipas, se","inLanguage":"es","potentialAction":[{"@type":"ReadAction","target":["https:\/\/elinformativotam.com\/index.php\/2023\/11\/28\/vigilaran-autoridades-que-no-se-realicen-arrancones-en-madero\/"]}]},{"@type":"ImageObject","inLanguage":"es","@id":"https:\/\/elinformativotam.com\/index.php\/2023\/11\/28\/vigilaran-autoridades-que-no-se-realicen-arrancones-en-madero\/#primaryimage","url":"https:\/\/elinformativotam.com\/wp-content\/uploads\/2023\/11\/Ortega-Juarez.jpeg","contentUrl":"https:\/\/elinformativotam.com\/wp-content\/uploads\/2023\/11\/Ortega-Juarez.jpeg","width":1280,"height":720},{"@type":"WebSite","@id":"https:\/\/elinformativotam.com\/#website","url":"https:\/\/elinformativotam.com\/","name":"EL INFORMATIVO DE TAMAULIPAS","description":"Desde la Zona Metropolitana Para Todo M\u00e9xico","publisher":{"@id":"https:\/\/elinformativotam.com\/#organization"},"potentialAction":[{"@type":"SearchAction","target":{"@type":"EntryPoint","urlTemplate":"https:\/\/elinformativotam.com\/?s={search_term_string}"},"query-input":{"@type":"PropertyValueSpecification","valueRequired":true,"valueName":"search_term_string"}}],"inLanguage":"es"},{"@type":"Organization","@id":"https:\/\/elinformativotam.com\/#organization","name":"EL INFORMATIVO DE TAMAULIPAS","url":"https:\/\/elinformativotam.com\/","logo":{"@type":"ImageObject","inLanguage":"es","@id":"https:\/\/elinformativotam.com\/#\/schema\/logo\/image\/","url":"https:\/\/elinformativotam.com\/wp-content\/uploads\/2026\/02\/Cabezal.png","contentUrl":"https:\/\/elinformativotam.com\/wp-content\/uploads\/2026\/02\/Cabezal.png","width":960,"height":640,"caption":"EL INFORMATIVO DE TAMAULIPAS"},"image":{"@id":"https:\/\/elinformativotam.com\/#\/schema\/logo\/image\/"}},{"@type":"Person","@id":"https:\/\/elinformativotam.com\/#\/schema\/person\/78e08040eed0f6110f0c5f83b6153590","name":"El Informativo Tam","image":{"@type":"ImageObject","inLanguage":"es","@id":"https:\/\/secure.gravatar.com\/avatar\/f3b7ad3af540688955925ac610647be00b0cf41feea9c4978b73a707ee86bc53?s=96&d=mm&r=g","url":"https:\/\/secure.gravatar.com\/avatar\/f3b7ad3af540688955925ac610647be00b0cf41feea9c4978b73a707ee86bc53?s=96&d=mm&r=g","contentUrl":"https:\/\/secure.gravatar.com\/avatar\/f3b7ad3af540688955925ac610647be00b0cf41feea9c4978b73a707ee86bc53?s=96&d=mm&r=g","caption":"El Informativo Tam"}}]}},"_links":{"self":[{"href":"https:\/\/elinformativotam.com\/index.php\/wp-json\/wp\/v2\/posts\/46944","targetHints":{"allow":["GET"]}}],"collection":[{"href":"https:\/\/elinformativotam.com\/index.php\/wp-json\/wp\/v2\/posts"}],"about":[{"href":"https:\/\/elinformativotam.com\/index.php\/wp-json\/wp\/v2\/types\/post"}],"author":[{"embeddable":true,"href":"https:\/\/elinformativotam.com\/index.php\/wp-json\/wp\/v2\/users\/1"}],"replies":[{"embeddable":true,"href":"https:\/\/elinformativotam.com\/index.php\/wp-json\/wp\/v2\/comments?post=46944"}],"version-history":[{"count":1,"href":"https:\/\/elinformativotam.com\/index.php\/wp-json\/wp\/v2\/posts\/46944\/revisions"}],"predecessor-version":[{"id":46945,"href":"https:\/\/elinformativotam.com\/index.php\/wp-json\/wp\/v2\/posts\/46944\/revisions\/46945"}],"wp:featuredmedia":[{"embeddable":true,"href":"https:\/\/elinformativotam.com\/index.php\/wp-json\/wp\/v2\/media\/46941"}],"wp:attachment":[{"href":"https:\/\/elinformativotam.com\/index.php\/wp-json\/wp\/v2\/media?parent=46944"}],"wp:term":[{"taxonomy":"category","embeddable":true,"href":"https:\/\/elinformativotam.com\/index.php\/wp-json\/wp\/v2\/categories?post=46944"},{"taxonomy":"post_tag","embeddable":true,"href":"https:\/\/elinformativotam.com\/index.php\/wp-json\/wp\/v2\/tags?post=46944"}],"curies":[{"name":"wp","href":"https:\/\/api.w.org\/{rel}","templated":true}]}}