{"id":463,"date":"2019-10-31T11:03:35","date_gmt":"2019-10-31T17:03:35","guid":{"rendered":"http:\/\/elinformativotam.com\/?p=463"},"modified":"2019-10-31T11:05:26","modified_gmt":"2019-10-31T17:05:26","slug":"las-condiciones-climaticas-para-la-zona-conurbada-3","status":"publish","type":"post","link":"https:\/\/elinformativotam.com\/index.php\/2019\/10\/31\/las-condiciones-climaticas-para-la-zona-conurbada-3\/","title":{"rendered":"LAS CONDICIONES CLIM\u00c1TICAS PARA LA ZONA CONURBADA.."},"content":{"rendered":"<p>LAS CONDICIONES CLIM\u00c1TICAS PARA LA ZONA CONURBADA&#8230;<\/p>\n<p>&nbsp;<\/p>\n<p>TAMPICO, MADERO Y ALTAMIRA.- D\u00eda: Nuboso. M\u00e1xima de 18\u00b0C. Vientos del N de 30 a 50 Kms\/h.<\/p>\n<p>Noche: Cielo que se despejar\u00e1 a lo largo de la noche. M\u00ednima de 14\u00b0C. Vientos del NNO de 15 a 25 kms\/h.<\/p>\n<p>&nbsp;<\/p>\n<p>Condiciones actuales:<\/p>\n<p>Temp. actual: 15\u00b0C.<\/p>\n<p>Cielo Cubierto.<\/p>\n<p>Sensaci\u00f3n t\u00e9rmica: +15\u00b0C.<\/p>\n<p>Presi\u00f3n barom\u00e9trica: 1027.4 mb<\/p>\n<p>Punto de roc\u00edo: +6\u00b0C.<\/p>\n<p>Humedad: 54.8%<\/p>\n<p>Visibilidad: 11 km<\/p>\n<p>Salida del sol: 06:35<\/p>\n<p>Puesta del sol: 17:54<\/p>\n<p>&nbsp;<\/p>\n<p>PRESI\u00d3N BAROM\u00c9TRICA MUY ALTA&#8230; VIGILE SU TENSI\u00d3N ARTERIAL.<\/p>\n<p>&nbsp;<\/p>\n<p>NOTA: LLUVIAS PUNTUALES TORRENCIALES EN CHIAPAS E INTENSAS EN HIDALGO, PUEBLA, VERACRUZ, OAXACA Y TABASCO, ADEM\u00c1S DE VIENTO FUERTE EN VERACRUZ, TABASCO, OAXACA Y CHIAPAS.<\/p>\n<p>&nbsp;<\/p>\n<p>NOTA2: Golfo de M\u00e9xico: Evento &#8220;Norte&#8221; intenso y oleaje elevado sobre el litoral de Tamaulipas y Veracruz, durante las pr\u00f3ximas 24 a 36 horas.<\/p>\n<p>&nbsp;<\/p>\n<p><img loading=\"lazy\" decoding=\"async\" class=\" wp-image-465 aligncenter\" src=\"https:\/\/elinformativotam.com\/wp-content\/uploads\/2019\/10\/strom2-300x169.jpg\" alt=\"\" width=\"620\" height=\"349\" \/><\/p>\n<p>&nbsp;<\/p>\n<p>&nbsp;<\/p>\n<p>Cielo nublado con lluvias puntuales intensas en Veracruz y Tabasco, adem\u00e1s de intervalos de chubascos en Tamaulipas, las cuales podr\u00edan acompa\u00f1arse de descargas el\u00e9ctricas. Ambiente fr\u00edo, nieblas por la ma\u00f1ana y posible ca\u00edda de aguanieve en zonas monta\u00f1osas por arriba de 3,500 msnm. Evento &#8220;Norte&#8221; con rachas que pueden superar los 100 km\/h y oleaje elevado en el litoral de Veracruz; rachas de viento mayores a 70 km\/h en costas de Tamaulipas y viento de componente norte con rachas superiores a 50 km\/h en Tabasco.<\/p>\n<p>&nbsp;<\/p>\n<p>NOTA3: Este d\u00eda, el frente fr\u00edo No. 8 se extender\u00e1 desde el oriente de Estados Unidos hasta el sureste de M\u00e9xico, interaccionar\u00e1 con la onda tropical No. 48 sobre la Pen\u00ednsula de Yucat\u00e1n, originando nublados densos con probabilidad de lluvias muy fuertes a intensas en la mencionada pen\u00ednsula, adem\u00e1s del sureste y oriente del territorio nacional. La masa de aire polar asociada al frente provocar\u00e1 rachas de viento fuertes con posibles tolvaneras; un marcado descenso de la temperatura en gran parte de la Rep\u00fablica con posibles heladas en zonas altas del noroeste y norte del pa\u00eds; nublados densos y nieblas en zonas del noreste y oriente de la rep\u00fablica con posible ca\u00edda de nieve o aguanieve en zonas serranas por arriba de 3,500 msnm, adem\u00e1s de evento \u201cNorte\u201d muy fuerte a intenso en el litoral del Golfo de M\u00e9xico, Istmo y Golfo de Tehuantepec.<\/p>\n<p>&nbsp;<\/p>\n<p>FUENTE: SERVICIO METEOROL\u00d3GICO NACIONAL Y ESTACI\u00d3N METEOROL\u00d3GICA AEROPUERTO INTERNACIONAL FCO. JAVIER MINA.<\/p>\n","protected":false},"excerpt":{"rendered":"<p>LAS CONDICIONES CLIM\u00c1TICAS PARA LA ZONA CONURBADA&#8230; &nbsp; TAMPICO, MADERO Y ALTAMIRA.- D\u00eda: Nuboso. M\u00e1xima de 18\u00b0C. Vientos del N&hellip;<\/p>\n","protected":false},"author":1,"featured_media":0,"comment_status":"open","ping_status":"open","sticky":false,"template":"","format":"standard","meta":{"footnotes":""},"categories":[3],"tags":[],"class_list":["post-463","post","type-post","status-publish","format-standard","hentry","category-tampico"],"yoast_head":"<!-- This site is optimized with the Yoast SEO plugin v27.5 - https:\/\/yoast.com\/product\/yoast-seo-wordpress\/ -->\n<title>LAS CONDICIONES CLIM\u00c1TICAS PARA LA ZONA CONURBADA.. - EL INFORMATIVO DE TAMAULIPAS<\/title>\n<meta name=\"description\" content=\"LAS CONDICIONES CLIM\u00c1TICAS PARA LA ZONA CONURBADA... &nbsp; TAMPICO, MADERO Y ALTAMIRA.- D\u00eda: Nuboso. M\u00e1xima de 18\u00b0C. Vientos del N de 30 a 50 Kms\/h.\" \/>\n<meta name=\"robots\" content=\"index, follow, max-snippet:-1, max-image-preview:large, max-video-preview:-1\" \/>\n<link rel=\"canonical\" href=\"https:\/\/elinformativotam.com\/index.php\/2019\/10\/31\/las-condiciones-climaticas-para-la-zona-conurbada-3\/\" \/>\n<meta property=\"og:locale\" content=\"es_MX\" \/>\n<meta property=\"og:type\" content=\"article\" \/>\n<meta property=\"og:title\" content=\"LAS CONDICIONES CLIM\u00c1TICAS PARA LA ZONA CONURBADA.. - EL INFORMATIVO DE TAMAULIPAS\" \/>\n<meta property=\"og:description\" content=\"LAS CONDICIONES CLIM\u00c1TICAS PARA LA ZONA CONURBADA... &nbsp; TAMPICO, MADERO Y ALTAMIRA.- D\u00eda: Nuboso. M\u00e1xima de 18\u00b0C. Vientos del N de 30 a 50 Kms\/h.\" \/>\n<meta property=\"og:url\" content=\"https:\/\/elinformativotam.com\/index.php\/2019\/10\/31\/las-condiciones-climaticas-para-la-zona-conurbada-3\/\" \/>\n<meta property=\"og:site_name\" content=\"EL INFORMATIVO DE TAMAULIPAS\" \/>\n<meta property=\"article:published_time\" content=\"2019-10-31T17:03:35+00:00\" \/>\n<meta property=\"article:modified_time\" content=\"2019-10-31T17:05:26+00:00\" \/>\n<meta property=\"og:image\" content=\"http:\/\/elinformativotam.com\/wp-content\/uploads\/2019\/10\/strom2-300x169.jpg\" \/>\n<meta name=\"author\" content=\"El Informativo Tam\" \/>\n<meta name=\"twitter:card\" content=\"summary_large_image\" \/>\n<meta name=\"twitter:label1\" content=\"Escrito por\" \/>\n\t<meta name=\"twitter:data1\" content=\"El Informativo Tam\" \/>\n\t<meta name=\"twitter:label2\" content=\"Tiempo de lectura\" \/>\n\t<meta name=\"twitter:data2\" content=\"2 minutos\" \/>\n<script type=\"application\/ld+json\" class=\"yoast-schema-graph\">{\"@context\":\"https:\\\/\\\/schema.org\",\"@graph\":[{\"@type\":\"Article\",\"@id\":\"https:\\\/\\\/elinformativotam.com\\\/index.php\\\/2019\\\/10\\\/31\\\/las-condiciones-climaticas-para-la-zona-conurbada-3\\\/#article\",\"isPartOf\":{\"@id\":\"https:\\\/\\\/elinformativotam.com\\\/index.php\\\/2019\\\/10\\\/31\\\/las-condiciones-climaticas-para-la-zona-conurbada-3\\\/\"},\"author\":{\"name\":\"El Informativo Tam\",\"@id\":\"https:\\\/\\\/elinformativotam.com\\\/#\\\/schema\\\/person\\\/78e08040eed0f6110f0c5f83b6153590\"},\"headline\":\"LAS CONDICIONES CLIM\u00c1TICAS PARA LA ZONA CONURBADA..\",\"datePublished\":\"2019-10-31T17:03:35+00:00\",\"dateModified\":\"2019-10-31T17:05:26+00:00\",\"mainEntityOfPage\":{\"@id\":\"https:\\\/\\\/elinformativotam.com\\\/index.php\\\/2019\\\/10\\\/31\\\/las-condiciones-climaticas-para-la-zona-conurbada-3\\\/\"},\"wordCount\":420,\"commentCount\":0,\"publisher\":{\"@id\":\"https:\\\/\\\/elinformativotam.com\\\/#organization\"},\"image\":{\"@id\":\"https:\\\/\\\/elinformativotam.com\\\/index.php\\\/2019\\\/10\\\/31\\\/las-condiciones-climaticas-para-la-zona-conurbada-3\\\/#primaryimage\"},\"thumbnailUrl\":\"http:\\\/\\\/elinformativotam.com\\\/wp-content\\\/uploads\\\/2019\\\/10\\\/strom2-300x169.jpg\",\"articleSection\":[\"Tampico\"],\"inLanguage\":\"es\",\"potentialAction\":[{\"@type\":\"CommentAction\",\"name\":\"Comment\",\"target\":[\"https:\\\/\\\/elinformativotam.com\\\/index.php\\\/2019\\\/10\\\/31\\\/las-condiciones-climaticas-para-la-zona-conurbada-3\\\/#respond\"]}]},{\"@type\":\"WebPage\",\"@id\":\"https:\\\/\\\/elinformativotam.com\\\/index.php\\\/2019\\\/10\\\/31\\\/las-condiciones-climaticas-para-la-zona-conurbada-3\\\/\",\"url\":\"https:\\\/\\\/elinformativotam.com\\\/index.php\\\/2019\\\/10\\\/31\\\/las-condiciones-climaticas-para-la-zona-conurbada-3\\\/\",\"name\":\"LAS CONDICIONES CLIM\u00c1TICAS PARA LA ZONA CONURBADA.. - EL INFORMATIVO DE TAMAULIPAS\",\"isPartOf\":{\"@id\":\"https:\\\/\\\/elinformativotam.com\\\/#website\"},\"primaryImageOfPage\":{\"@id\":\"https:\\\/\\\/elinformativotam.com\\\/index.php\\\/2019\\\/10\\\/31\\\/las-condiciones-climaticas-para-la-zona-conurbada-3\\\/#primaryimage\"},\"image\":{\"@id\":\"https:\\\/\\\/elinformativotam.com\\\/index.php\\\/2019\\\/10\\\/31\\\/las-condiciones-climaticas-para-la-zona-conurbada-3\\\/#primaryimage\"},\"thumbnailUrl\":\"http:\\\/\\\/elinformativotam.com\\\/wp-content\\\/uploads\\\/2019\\\/10\\\/strom2-300x169.jpg\",\"datePublished\":\"2019-10-31T17:03:35+00:00\",\"dateModified\":\"2019-10-31T17:05:26+00:00\",\"description\":\"LAS CONDICIONES CLIM\u00c1TICAS PARA LA ZONA CONURBADA... &nbsp; TAMPICO, MADERO Y ALTAMIRA.- D\u00eda: Nuboso. M\u00e1xima de 18\u00b0C. Vientos del N de 30 a 50 Kms\\\/h.\",\"inLanguage\":\"es\",\"potentialAction\":[{\"@type\":\"ReadAction\",\"target\":[\"https:\\\/\\\/elinformativotam.com\\\/index.php\\\/2019\\\/10\\\/31\\\/las-condiciones-climaticas-para-la-zona-conurbada-3\\\/\"]}]},{\"@type\":\"ImageObject\",\"inLanguage\":\"es\",\"@id\":\"https:\\\/\\\/elinformativotam.com\\\/index.php\\\/2019\\\/10\\\/31\\\/las-condiciones-climaticas-para-la-zona-conurbada-3\\\/#primaryimage\",\"url\":\"http:\\\/\\\/elinformativotam.com\\\/wp-content\\\/uploads\\\/2019\\\/10\\\/strom2-300x169.jpg\",\"contentUrl\":\"http:\\\/\\\/elinformativotam.com\\\/wp-content\\\/uploads\\\/2019\\\/10\\\/strom2-300x169.jpg\"},{\"@type\":\"WebSite\",\"@id\":\"https:\\\/\\\/elinformativotam.com\\\/#website\",\"url\":\"https:\\\/\\\/elinformativotam.com\\\/\",\"name\":\"EL INFORMATIVO DE TAMAULIPAS\",\"description\":\"Desde la Zona Metropolitana Para Todo M\u00e9xico\",\"publisher\":{\"@id\":\"https:\\\/\\\/elinformativotam.com\\\/#organization\"},\"potentialAction\":[{\"@type\":\"SearchAction\",\"target\":{\"@type\":\"EntryPoint\",\"urlTemplate\":\"https:\\\/\\\/elinformativotam.com\\\/?s={search_term_string}\"},\"query-input\":{\"@type\":\"PropertyValueSpecification\",\"valueRequired\":true,\"valueName\":\"search_term_string\"}}],\"inLanguage\":\"es\"},{\"@type\":\"Organization\",\"@id\":\"https:\\\/\\\/elinformativotam.com\\\/#organization\",\"name\":\"EL INFORMATIVO DE TAMAULIPAS\",\"url\":\"https:\\\/\\\/elinformativotam.com\\\/\",\"logo\":{\"@type\":\"ImageObject\",\"inLanguage\":\"es\",\"@id\":\"https:\\\/\\\/elinformativotam.com\\\/#\\\/schema\\\/logo\\\/image\\\/\",\"url\":\"https:\\\/\\\/elinformativotam.com\\\/wp-content\\\/uploads\\\/2026\\\/02\\\/Cabezal.png\",\"contentUrl\":\"https:\\\/\\\/elinformativotam.com\\\/wp-content\\\/uploads\\\/2026\\\/02\\\/Cabezal.png\",\"width\":960,\"height\":640,\"caption\":\"EL INFORMATIVO DE TAMAULIPAS\"},\"image\":{\"@id\":\"https:\\\/\\\/elinformativotam.com\\\/#\\\/schema\\\/logo\\\/image\\\/\"}},{\"@type\":\"Person\",\"@id\":\"https:\\\/\\\/elinformativotam.com\\\/#\\\/schema\\\/person\\\/78e08040eed0f6110f0c5f83b6153590\",\"name\":\"El Informativo Tam\",\"image\":{\"@type\":\"ImageObject\",\"inLanguage\":\"es\",\"@id\":\"https:\\\/\\\/secure.gravatar.com\\\/avatar\\\/f3b7ad3af540688955925ac610647be00b0cf41feea9c4978b73a707ee86bc53?s=96&d=mm&r=g\",\"url\":\"https:\\\/\\\/secure.gravatar.com\\\/avatar\\\/f3b7ad3af540688955925ac610647be00b0cf41feea9c4978b73a707ee86bc53?s=96&d=mm&r=g\",\"contentUrl\":\"https:\\\/\\\/secure.gravatar.com\\\/avatar\\\/f3b7ad3af540688955925ac610647be00b0cf41feea9c4978b73a707ee86bc53?s=96&d=mm&r=g\",\"caption\":\"El Informativo Tam\"}}]}<\/script>\n<!-- \/ Yoast SEO plugin. -->","yoast_head_json":{"title":"LAS CONDICIONES CLIM\u00c1TICAS PARA LA ZONA CONURBADA.. - EL INFORMATIVO DE TAMAULIPAS","description":"LAS CONDICIONES CLIM\u00c1TICAS PARA LA ZONA CONURBADA... &nbsp; TAMPICO, MADERO Y ALTAMIRA.- D\u00eda: Nuboso. M\u00e1xima de 18\u00b0C. Vientos del N de 30 a 50 Kms\/h.","robots":{"index":"index","follow":"follow","max-snippet":"max-snippet:-1","max-image-preview":"max-image-preview:large","max-video-preview":"max-video-preview:-1"},"canonical":"https:\/\/elinformativotam.com\/index.php\/2019\/10\/31\/las-condiciones-climaticas-para-la-zona-conurbada-3\/","og_locale":"es_MX","og_type":"article","og_title":"LAS CONDICIONES CLIM\u00c1TICAS PARA LA ZONA CONURBADA.. - EL INFORMATIVO DE TAMAULIPAS","og_description":"LAS CONDICIONES CLIM\u00c1TICAS PARA LA ZONA CONURBADA... &nbsp; TAMPICO, MADERO Y ALTAMIRA.- D\u00eda: Nuboso. M\u00e1xima de 18\u00b0C. Vientos del N de 30 a 50 Kms\/h.","og_url":"https:\/\/elinformativotam.com\/index.php\/2019\/10\/31\/las-condiciones-climaticas-para-la-zona-conurbada-3\/","og_site_name":"EL INFORMATIVO DE TAMAULIPAS","article_published_time":"2019-10-31T17:03:35+00:00","article_modified_time":"2019-10-31T17:05:26+00:00","og_image":[{"url":"http:\/\/elinformativotam.com\/wp-content\/uploads\/2019\/10\/strom2-300x169.jpg","type":"","width":"","height":""}],"author":"El Informativo Tam","twitter_card":"summary_large_image","twitter_misc":{"Escrito por":"El Informativo Tam","Tiempo de lectura":"2 minutos"},"schema":{"@context":"https:\/\/schema.org","@graph":[{"@type":"Article","@id":"https:\/\/elinformativotam.com\/index.php\/2019\/10\/31\/las-condiciones-climaticas-para-la-zona-conurbada-3\/#article","isPartOf":{"@id":"https:\/\/elinformativotam.com\/index.php\/2019\/10\/31\/las-condiciones-climaticas-para-la-zona-conurbada-3\/"},"author":{"name":"El Informativo Tam","@id":"https:\/\/elinformativotam.com\/#\/schema\/person\/78e08040eed0f6110f0c5f83b6153590"},"headline":"LAS CONDICIONES CLIM\u00c1TICAS PARA LA ZONA CONURBADA..","datePublished":"2019-10-31T17:03:35+00:00","dateModified":"2019-10-31T17:05:26+00:00","mainEntityOfPage":{"@id":"https:\/\/elinformativotam.com\/index.php\/2019\/10\/31\/las-condiciones-climaticas-para-la-zona-conurbada-3\/"},"wordCount":420,"commentCount":0,"publisher":{"@id":"https:\/\/elinformativotam.com\/#organization"},"image":{"@id":"https:\/\/elinformativotam.com\/index.php\/2019\/10\/31\/las-condiciones-climaticas-para-la-zona-conurbada-3\/#primaryimage"},"thumbnailUrl":"http:\/\/elinformativotam.com\/wp-content\/uploads\/2019\/10\/strom2-300x169.jpg","articleSection":["Tampico"],"inLanguage":"es","potentialAction":[{"@type":"CommentAction","name":"Comment","target":["https:\/\/elinformativotam.com\/index.php\/2019\/10\/31\/las-condiciones-climaticas-para-la-zona-conurbada-3\/#respond"]}]},{"@type":"WebPage","@id":"https:\/\/elinformativotam.com\/index.php\/2019\/10\/31\/las-condiciones-climaticas-para-la-zona-conurbada-3\/","url":"https:\/\/elinformativotam.com\/index.php\/2019\/10\/31\/las-condiciones-climaticas-para-la-zona-conurbada-3\/","name":"LAS CONDICIONES CLIM\u00c1TICAS PARA LA ZONA CONURBADA.. - EL INFORMATIVO DE TAMAULIPAS","isPartOf":{"@id":"https:\/\/elinformativotam.com\/#website"},"primaryImageOfPage":{"@id":"https:\/\/elinformativotam.com\/index.php\/2019\/10\/31\/las-condiciones-climaticas-para-la-zona-conurbada-3\/#primaryimage"},"image":{"@id":"https:\/\/elinformativotam.com\/index.php\/2019\/10\/31\/las-condiciones-climaticas-para-la-zona-conurbada-3\/#primaryimage"},"thumbnailUrl":"http:\/\/elinformativotam.com\/wp-content\/uploads\/2019\/10\/strom2-300x169.jpg","datePublished":"2019-10-31T17:03:35+00:00","dateModified":"2019-10-31T17:05:26+00:00","description":"LAS CONDICIONES CLIM\u00c1TICAS PARA LA ZONA CONURBADA... &nbsp; TAMPICO, MADERO Y ALTAMIRA.- D\u00eda: Nuboso. M\u00e1xima de 18\u00b0C. Vientos del N de 30 a 50 Kms\/h.","inLanguage":"es","potentialAction":[{"@type":"ReadAction","target":["https:\/\/elinformativotam.com\/index.php\/2019\/10\/31\/las-condiciones-climaticas-para-la-zona-conurbada-3\/"]}]},{"@type":"ImageObject","inLanguage":"es","@id":"https:\/\/elinformativotam.com\/index.php\/2019\/10\/31\/las-condiciones-climaticas-para-la-zona-conurbada-3\/#primaryimage","url":"http:\/\/elinformativotam.com\/wp-content\/uploads\/2019\/10\/strom2-300x169.jpg","contentUrl":"http:\/\/elinformativotam.com\/wp-content\/uploads\/2019\/10\/strom2-300x169.jpg"},{"@type":"WebSite","@id":"https:\/\/elinformativotam.com\/#website","url":"https:\/\/elinformativotam.com\/","name":"EL INFORMATIVO DE TAMAULIPAS","description":"Desde la Zona Metropolitana Para Todo M\u00e9xico","publisher":{"@id":"https:\/\/elinformativotam.com\/#organization"},"potentialAction":[{"@type":"SearchAction","target":{"@type":"EntryPoint","urlTemplate":"https:\/\/elinformativotam.com\/?s={search_term_string}"},"query-input":{"@type":"PropertyValueSpecification","valueRequired":true,"valueName":"search_term_string"}}],"inLanguage":"es"},{"@type":"Organization","@id":"https:\/\/elinformativotam.com\/#organization","name":"EL INFORMATIVO DE TAMAULIPAS","url":"https:\/\/elinformativotam.com\/","logo":{"@type":"ImageObject","inLanguage":"es","@id":"https:\/\/elinformativotam.com\/#\/schema\/logo\/image\/","url":"https:\/\/elinformativotam.com\/wp-content\/uploads\/2026\/02\/Cabezal.png","contentUrl":"https:\/\/elinformativotam.com\/wp-content\/uploads\/2026\/02\/Cabezal.png","width":960,"height":640,"caption":"EL INFORMATIVO DE TAMAULIPAS"},"image":{"@id":"https:\/\/elinformativotam.com\/#\/schema\/logo\/image\/"}},{"@type":"Person","@id":"https:\/\/elinformativotam.com\/#\/schema\/person\/78e08040eed0f6110f0c5f83b6153590","name":"El Informativo Tam","image":{"@type":"ImageObject","inLanguage":"es","@id":"https:\/\/secure.gravatar.com\/avatar\/f3b7ad3af540688955925ac610647be00b0cf41feea9c4978b73a707ee86bc53?s=96&d=mm&r=g","url":"https:\/\/secure.gravatar.com\/avatar\/f3b7ad3af540688955925ac610647be00b0cf41feea9c4978b73a707ee86bc53?s=96&d=mm&r=g","contentUrl":"https:\/\/secure.gravatar.com\/avatar\/f3b7ad3af540688955925ac610647be00b0cf41feea9c4978b73a707ee86bc53?s=96&d=mm&r=g","caption":"El Informativo Tam"}}]}},"_links":{"self":[{"href":"https:\/\/elinformativotam.com\/index.php\/wp-json\/wp\/v2\/posts\/463","targetHints":{"allow":["GET"]}}],"collection":[{"href":"https:\/\/elinformativotam.com\/index.php\/wp-json\/wp\/v2\/posts"}],"about":[{"href":"https:\/\/elinformativotam.com\/index.php\/wp-json\/wp\/v2\/types\/post"}],"author":[{"embeddable":true,"href":"https:\/\/elinformativotam.com\/index.php\/wp-json\/wp\/v2\/users\/1"}],"replies":[{"embeddable":true,"href":"https:\/\/elinformativotam.com\/index.php\/wp-json\/wp\/v2\/comments?post=463"}],"version-history":[{"count":0,"href":"https:\/\/elinformativotam.com\/index.php\/wp-json\/wp\/v2\/posts\/463\/revisions"}],"wp:attachment":[{"href":"https:\/\/elinformativotam.com\/index.php\/wp-json\/wp\/v2\/media?parent=463"}],"wp:term":[{"taxonomy":"category","embeddable":true,"href":"https:\/\/elinformativotam.com\/index.php\/wp-json\/wp\/v2\/categories?post=463"},{"taxonomy":"post_tag","embeddable":true,"href":"https:\/\/elinformativotam.com\/index.php\/wp-json\/wp\/v2\/tags?post=463"}],"curies":[{"name":"wp","href":"https:\/\/api.w.org\/{rel}","templated":true}]}}