{"id":4237,"date":"2020-03-30T14:49:28","date_gmt":"2020-03-30T20:49:28","guid":{"rendered":"http:\/\/elinformativotam.com\/?p=4237"},"modified":"2020-03-30T14:49:28","modified_gmt":"2020-03-30T20:49:28","slug":"integrantes-del-gnte-tambien-llaman-a-ciudadanos-a-quedarse-en-casa","status":"publish","type":"post","link":"https:\/\/elinformativotam.com\/index.php\/2020\/03\/30\/integrantes-del-gnte-tambien-llaman-a-ciudadanos-a-quedarse-en-casa\/","title":{"rendered":"INTEGRANTES DEL GNTE TAMBI\u00c9N LLAMAN A CIUDADANOS A &#8220;QUEDARSE EN CASA&#8221;."},"content":{"rendered":"<p>Cd. Madero, Tamaulipas.- Debido a la situaci\u00f3n que est\u00e1 prevaleciendo en el pa\u00eds, los integrantes del Gremio Nacional de los Trabajadores de la Educaci\u00f3n en Tamaulipas, hicieron el llamado a los ciudadanos para que sean responsables y hagan caso a las recomendaciones que hacen las autoridades sanitarias por el tema el COVID-19.<\/p>\n<p>&nbsp;<\/p>\n<p>Fernando Garza Ruiz, secretario general del gremio, pidi\u00f3 a los padres de familia ser respetuosos de las indicaciones de los distintos estratos gubernamentales, para protegerse ellos y sus familias, a fin de evitar contagiarse de alguna enfermedad como en coronavirus.<\/p>\n<p>&nbsp;<\/p>\n<p>&#8220;Por favor, no salgan a la calle, a menos que sea inminentemente necesario, y de ser as\u00ed, solo salir una sola persona, no expongan a la familia, no es necesario que salgan todos a la vez&#8221;.<\/p>\n<p>&nbsp;<\/p>\n<p>Expuso que el subsecretario nacional de salud, ya lo ha dicho en reiteradas ocasiones, que esta es la ultima oportunidad que se tienen para evitar que la recta de casos que se presenta en el pa\u00eds siga en un paso ascendente.<\/p>\n<p><img loading=\"lazy\" decoding=\"async\" class=\"wp-image-4235 alignleft\" src=\"https:\/\/elinformativotam.com\/wp-content\/uploads\/2020\/03\/GRAZA-RUIZ-300x298.jpg\" alt=\"\" width=\"361\" height=\"359\" \/><\/p>\n<p>Garza Ruiz, destac\u00f3 que en la recientes 24 horas, se ha insistido por parte de las autoridades federales sobre la responsabilidad que se debe tener por parte de los ciudadanos para evitar una pandemia en la naci\u00f3n.<\/p>\n<p>&nbsp;<\/p>\n<p>Exhort\u00f3 a los padres de familia ser el ejemplo de obediencia hacia sus hijos a las indicaciones de las autoridades en una situaci\u00f3n de emergencia como en la que en este momento pasa el pa\u00eds.<\/p>\n<p>&nbsp;<\/p>\n<p>El secretario general de GNTE en Tamaulipas, hizo referencia a que no se encuentran de vacaciones, por ello es que invit\u00f3 a los ni\u00f1os y jovenes para que aprovechen el tiempo y lean junto con sus familias lecciones de sus libros y continuar cultiv\u00e1ndose en sus casas, ya que esto servir\u00e1 para que al momento de regresar a las aulas, sea m\u00e1s facil la recuperaci\u00f3n de clases.<\/p>\n","protected":false},"excerpt":{"rendered":"<p>Cd. Madero, Tamaulipas.- Debido a la situaci\u00f3n que est\u00e1 prevaleciendo en el pa\u00eds, los integrantes del Gremio Nacional de los&hellip;<\/p>\n","protected":false},"author":1,"featured_media":0,"comment_status":"open","ping_status":"open","sticky":false,"template":"","format":"standard","meta":{"footnotes":""},"categories":[4],"tags":[],"class_list":["post-4237","post","type-post","status-publish","format-standard","hentry","category-madero"],"yoast_head":"<!-- This site is optimized with the Yoast SEO plugin v27.5 - https:\/\/yoast.com\/product\/yoast-seo-wordpress\/ -->\n<title>INTEGRANTES DEL GNTE TAMBI\u00c9N LLAMAN A CIUDADANOS A &quot;QUEDARSE EN CASA&quot;. - EL INFORMATIVO DE TAMAULIPAS<\/title>\n<meta name=\"description\" content=\"Cd. Madero, Tamaulipas.- Debido a la situaci\u00f3n que est\u00e1 prevaleciendo en el pa\u00eds, los integrantes del Gremio Nacional de los Trabajadores de la Educaci\u00f3n\" \/>\n<meta name=\"robots\" content=\"index, follow, max-snippet:-1, max-image-preview:large, max-video-preview:-1\" \/>\n<link rel=\"canonical\" href=\"https:\/\/elinformativotam.com\/index.php\/2020\/03\/30\/integrantes-del-gnte-tambien-llaman-a-ciudadanos-a-quedarse-en-casa\/\" \/>\n<meta property=\"og:locale\" content=\"es_MX\" \/>\n<meta property=\"og:type\" content=\"article\" \/>\n<meta property=\"og:title\" content=\"INTEGRANTES DEL GNTE TAMBI\u00c9N LLAMAN A CIUDADANOS A &quot;QUEDARSE EN CASA&quot;. - EL INFORMATIVO DE TAMAULIPAS\" \/>\n<meta property=\"og:description\" content=\"Cd. Madero, Tamaulipas.- Debido a la situaci\u00f3n que est\u00e1 prevaleciendo en el pa\u00eds, los integrantes del Gremio Nacional de los Trabajadores de la Educaci\u00f3n\" \/>\n<meta property=\"og:url\" content=\"https:\/\/elinformativotam.com\/index.php\/2020\/03\/30\/integrantes-del-gnte-tambien-llaman-a-ciudadanos-a-quedarse-en-casa\/\" \/>\n<meta property=\"og:site_name\" content=\"EL INFORMATIVO DE TAMAULIPAS\" \/>\n<meta property=\"article:published_time\" content=\"2020-03-30T20:49:28+00:00\" \/>\n<meta property=\"og:image\" content=\"http:\/\/elinformativotam.com\/wp-content\/uploads\/2020\/03\/GRAZA-RUIZ-300x298.jpg\" \/>\n<meta name=\"author\" content=\"El Informativo Tam\" \/>\n<meta name=\"twitter:card\" content=\"summary_large_image\" \/>\n<meta name=\"twitter:label1\" content=\"Escrito por\" \/>\n\t<meta name=\"twitter:data1\" content=\"El Informativo Tam\" \/>\n\t<meta name=\"twitter:label2\" content=\"Tiempo de lectura\" \/>\n\t<meta name=\"twitter:data2\" content=\"2 minutos\" \/>\n<script type=\"application\/ld+json\" class=\"yoast-schema-graph\">{\"@context\":\"https:\\\/\\\/schema.org\",\"@graph\":[{\"@type\":\"Article\",\"@id\":\"https:\\\/\\\/elinformativotam.com\\\/index.php\\\/2020\\\/03\\\/30\\\/integrantes-del-gnte-tambien-llaman-a-ciudadanos-a-quedarse-en-casa\\\/#article\",\"isPartOf\":{\"@id\":\"https:\\\/\\\/elinformativotam.com\\\/index.php\\\/2020\\\/03\\\/30\\\/integrantes-del-gnte-tambien-llaman-a-ciudadanos-a-quedarse-en-casa\\\/\"},\"author\":{\"name\":\"El Informativo Tam\",\"@id\":\"https:\\\/\\\/elinformativotam.com\\\/#\\\/schema\\\/person\\\/78e08040eed0f6110f0c5f83b6153590\"},\"headline\":\"INTEGRANTES DEL GNTE TAMBI\u00c9N LLAMAN A CIUDADANOS A &#8220;QUEDARSE EN CASA&#8221;.\",\"datePublished\":\"2020-03-30T20:49:28+00:00\",\"mainEntityOfPage\":{\"@id\":\"https:\\\/\\\/elinformativotam.com\\\/index.php\\\/2020\\\/03\\\/30\\\/integrantes-del-gnte-tambien-llaman-a-ciudadanos-a-quedarse-en-casa\\\/\"},\"wordCount\":336,\"commentCount\":0,\"publisher\":{\"@id\":\"https:\\\/\\\/elinformativotam.com\\\/#organization\"},\"image\":{\"@id\":\"https:\\\/\\\/elinformativotam.com\\\/index.php\\\/2020\\\/03\\\/30\\\/integrantes-del-gnte-tambien-llaman-a-ciudadanos-a-quedarse-en-casa\\\/#primaryimage\"},\"thumbnailUrl\":\"http:\\\/\\\/elinformativotam.com\\\/wp-content\\\/uploads\\\/2020\\\/03\\\/GRAZA-RUIZ-300x298.jpg\",\"articleSection\":[\"Cd Madero\"],\"inLanguage\":\"es\",\"potentialAction\":[{\"@type\":\"CommentAction\",\"name\":\"Comment\",\"target\":[\"https:\\\/\\\/elinformativotam.com\\\/index.php\\\/2020\\\/03\\\/30\\\/integrantes-del-gnte-tambien-llaman-a-ciudadanos-a-quedarse-en-casa\\\/#respond\"]}]},{\"@type\":\"WebPage\",\"@id\":\"https:\\\/\\\/elinformativotam.com\\\/index.php\\\/2020\\\/03\\\/30\\\/integrantes-del-gnte-tambien-llaman-a-ciudadanos-a-quedarse-en-casa\\\/\",\"url\":\"https:\\\/\\\/elinformativotam.com\\\/index.php\\\/2020\\\/03\\\/30\\\/integrantes-del-gnte-tambien-llaman-a-ciudadanos-a-quedarse-en-casa\\\/\",\"name\":\"INTEGRANTES DEL GNTE TAMBI\u00c9N LLAMAN A CIUDADANOS A \\\"QUEDARSE EN CASA\\\". - EL INFORMATIVO DE TAMAULIPAS\",\"isPartOf\":{\"@id\":\"https:\\\/\\\/elinformativotam.com\\\/#website\"},\"primaryImageOfPage\":{\"@id\":\"https:\\\/\\\/elinformativotam.com\\\/index.php\\\/2020\\\/03\\\/30\\\/integrantes-del-gnte-tambien-llaman-a-ciudadanos-a-quedarse-en-casa\\\/#primaryimage\"},\"image\":{\"@id\":\"https:\\\/\\\/elinformativotam.com\\\/index.php\\\/2020\\\/03\\\/30\\\/integrantes-del-gnte-tambien-llaman-a-ciudadanos-a-quedarse-en-casa\\\/#primaryimage\"},\"thumbnailUrl\":\"http:\\\/\\\/elinformativotam.com\\\/wp-content\\\/uploads\\\/2020\\\/03\\\/GRAZA-RUIZ-300x298.jpg\",\"datePublished\":\"2020-03-30T20:49:28+00:00\",\"description\":\"Cd. Madero, Tamaulipas.- Debido a la situaci\u00f3n que est\u00e1 prevaleciendo en el pa\u00eds, los integrantes del Gremio Nacional de los Trabajadores de la Educaci\u00f3n\",\"inLanguage\":\"es\",\"potentialAction\":[{\"@type\":\"ReadAction\",\"target\":[\"https:\\\/\\\/elinformativotam.com\\\/index.php\\\/2020\\\/03\\\/30\\\/integrantes-del-gnte-tambien-llaman-a-ciudadanos-a-quedarse-en-casa\\\/\"]}]},{\"@type\":\"ImageObject\",\"inLanguage\":\"es\",\"@id\":\"https:\\\/\\\/elinformativotam.com\\\/index.php\\\/2020\\\/03\\\/30\\\/integrantes-del-gnte-tambien-llaman-a-ciudadanos-a-quedarse-en-casa\\\/#primaryimage\",\"url\":\"http:\\\/\\\/elinformativotam.com\\\/wp-content\\\/uploads\\\/2020\\\/03\\\/GRAZA-RUIZ-300x298.jpg\",\"contentUrl\":\"http:\\\/\\\/elinformativotam.com\\\/wp-content\\\/uploads\\\/2020\\\/03\\\/GRAZA-RUIZ-300x298.jpg\"},{\"@type\":\"WebSite\",\"@id\":\"https:\\\/\\\/elinformativotam.com\\\/#website\",\"url\":\"https:\\\/\\\/elinformativotam.com\\\/\",\"name\":\"EL INFORMATIVO DE TAMAULIPAS\",\"description\":\"Desde la Zona Metropolitana Para Todo M\u00e9xico\",\"publisher\":{\"@id\":\"https:\\\/\\\/elinformativotam.com\\\/#organization\"},\"potentialAction\":[{\"@type\":\"SearchAction\",\"target\":{\"@type\":\"EntryPoint\",\"urlTemplate\":\"https:\\\/\\\/elinformativotam.com\\\/?s={search_term_string}\"},\"query-input\":{\"@type\":\"PropertyValueSpecification\",\"valueRequired\":true,\"valueName\":\"search_term_string\"}}],\"inLanguage\":\"es\"},{\"@type\":\"Organization\",\"@id\":\"https:\\\/\\\/elinformativotam.com\\\/#organization\",\"name\":\"EL INFORMATIVO DE TAMAULIPAS\",\"url\":\"https:\\\/\\\/elinformativotam.com\\\/\",\"logo\":{\"@type\":\"ImageObject\",\"inLanguage\":\"es\",\"@id\":\"https:\\\/\\\/elinformativotam.com\\\/#\\\/schema\\\/logo\\\/image\\\/\",\"url\":\"https:\\\/\\\/elinformativotam.com\\\/wp-content\\\/uploads\\\/2026\\\/02\\\/Cabezal.png\",\"contentUrl\":\"https:\\\/\\\/elinformativotam.com\\\/wp-content\\\/uploads\\\/2026\\\/02\\\/Cabezal.png\",\"width\":960,\"height\":640,\"caption\":\"EL INFORMATIVO DE TAMAULIPAS\"},\"image\":{\"@id\":\"https:\\\/\\\/elinformativotam.com\\\/#\\\/schema\\\/logo\\\/image\\\/\"}},{\"@type\":\"Person\",\"@id\":\"https:\\\/\\\/elinformativotam.com\\\/#\\\/schema\\\/person\\\/78e08040eed0f6110f0c5f83b6153590\",\"name\":\"El Informativo Tam\",\"image\":{\"@type\":\"ImageObject\",\"inLanguage\":\"es\",\"@id\":\"https:\\\/\\\/secure.gravatar.com\\\/avatar\\\/f3b7ad3af540688955925ac610647be00b0cf41feea9c4978b73a707ee86bc53?s=96&d=mm&r=g\",\"url\":\"https:\\\/\\\/secure.gravatar.com\\\/avatar\\\/f3b7ad3af540688955925ac610647be00b0cf41feea9c4978b73a707ee86bc53?s=96&d=mm&r=g\",\"contentUrl\":\"https:\\\/\\\/secure.gravatar.com\\\/avatar\\\/f3b7ad3af540688955925ac610647be00b0cf41feea9c4978b73a707ee86bc53?s=96&d=mm&r=g\",\"caption\":\"El Informativo Tam\"}}]}<\/script>\n<!-- \/ Yoast SEO plugin. -->","yoast_head_json":{"title":"INTEGRANTES DEL GNTE TAMBI\u00c9N LLAMAN A CIUDADANOS A \"QUEDARSE EN CASA\". - EL INFORMATIVO DE TAMAULIPAS","description":"Cd. Madero, Tamaulipas.- Debido a la situaci\u00f3n que est\u00e1 prevaleciendo en el pa\u00eds, los integrantes del Gremio Nacional de los Trabajadores de la Educaci\u00f3n","robots":{"index":"index","follow":"follow","max-snippet":"max-snippet:-1","max-image-preview":"max-image-preview:large","max-video-preview":"max-video-preview:-1"},"canonical":"https:\/\/elinformativotam.com\/index.php\/2020\/03\/30\/integrantes-del-gnte-tambien-llaman-a-ciudadanos-a-quedarse-en-casa\/","og_locale":"es_MX","og_type":"article","og_title":"INTEGRANTES DEL GNTE TAMBI\u00c9N LLAMAN A CIUDADANOS A \"QUEDARSE EN CASA\". - EL INFORMATIVO DE TAMAULIPAS","og_description":"Cd. Madero, Tamaulipas.- Debido a la situaci\u00f3n que est\u00e1 prevaleciendo en el pa\u00eds, los integrantes del Gremio Nacional de los Trabajadores de la Educaci\u00f3n","og_url":"https:\/\/elinformativotam.com\/index.php\/2020\/03\/30\/integrantes-del-gnte-tambien-llaman-a-ciudadanos-a-quedarse-en-casa\/","og_site_name":"EL INFORMATIVO DE TAMAULIPAS","article_published_time":"2020-03-30T20:49:28+00:00","og_image":[{"url":"http:\/\/elinformativotam.com\/wp-content\/uploads\/2020\/03\/GRAZA-RUIZ-300x298.jpg","type":"","width":"","height":""}],"author":"El Informativo Tam","twitter_card":"summary_large_image","twitter_misc":{"Escrito por":"El Informativo Tam","Tiempo de lectura":"2 minutos"},"schema":{"@context":"https:\/\/schema.org","@graph":[{"@type":"Article","@id":"https:\/\/elinformativotam.com\/index.php\/2020\/03\/30\/integrantes-del-gnte-tambien-llaman-a-ciudadanos-a-quedarse-en-casa\/#article","isPartOf":{"@id":"https:\/\/elinformativotam.com\/index.php\/2020\/03\/30\/integrantes-del-gnte-tambien-llaman-a-ciudadanos-a-quedarse-en-casa\/"},"author":{"name":"El Informativo Tam","@id":"https:\/\/elinformativotam.com\/#\/schema\/person\/78e08040eed0f6110f0c5f83b6153590"},"headline":"INTEGRANTES DEL GNTE TAMBI\u00c9N LLAMAN A CIUDADANOS A &#8220;QUEDARSE EN CASA&#8221;.","datePublished":"2020-03-30T20:49:28+00:00","mainEntityOfPage":{"@id":"https:\/\/elinformativotam.com\/index.php\/2020\/03\/30\/integrantes-del-gnte-tambien-llaman-a-ciudadanos-a-quedarse-en-casa\/"},"wordCount":336,"commentCount":0,"publisher":{"@id":"https:\/\/elinformativotam.com\/#organization"},"image":{"@id":"https:\/\/elinformativotam.com\/index.php\/2020\/03\/30\/integrantes-del-gnte-tambien-llaman-a-ciudadanos-a-quedarse-en-casa\/#primaryimage"},"thumbnailUrl":"http:\/\/elinformativotam.com\/wp-content\/uploads\/2020\/03\/GRAZA-RUIZ-300x298.jpg","articleSection":["Cd Madero"],"inLanguage":"es","potentialAction":[{"@type":"CommentAction","name":"Comment","target":["https:\/\/elinformativotam.com\/index.php\/2020\/03\/30\/integrantes-del-gnte-tambien-llaman-a-ciudadanos-a-quedarse-en-casa\/#respond"]}]},{"@type":"WebPage","@id":"https:\/\/elinformativotam.com\/index.php\/2020\/03\/30\/integrantes-del-gnte-tambien-llaman-a-ciudadanos-a-quedarse-en-casa\/","url":"https:\/\/elinformativotam.com\/index.php\/2020\/03\/30\/integrantes-del-gnte-tambien-llaman-a-ciudadanos-a-quedarse-en-casa\/","name":"INTEGRANTES DEL GNTE TAMBI\u00c9N LLAMAN A CIUDADANOS A \"QUEDARSE EN CASA\". - EL INFORMATIVO DE TAMAULIPAS","isPartOf":{"@id":"https:\/\/elinformativotam.com\/#website"},"primaryImageOfPage":{"@id":"https:\/\/elinformativotam.com\/index.php\/2020\/03\/30\/integrantes-del-gnte-tambien-llaman-a-ciudadanos-a-quedarse-en-casa\/#primaryimage"},"image":{"@id":"https:\/\/elinformativotam.com\/index.php\/2020\/03\/30\/integrantes-del-gnte-tambien-llaman-a-ciudadanos-a-quedarse-en-casa\/#primaryimage"},"thumbnailUrl":"http:\/\/elinformativotam.com\/wp-content\/uploads\/2020\/03\/GRAZA-RUIZ-300x298.jpg","datePublished":"2020-03-30T20:49:28+00:00","description":"Cd. Madero, Tamaulipas.- Debido a la situaci\u00f3n que est\u00e1 prevaleciendo en el pa\u00eds, los integrantes del Gremio Nacional de los Trabajadores de la Educaci\u00f3n","inLanguage":"es","potentialAction":[{"@type":"ReadAction","target":["https:\/\/elinformativotam.com\/index.php\/2020\/03\/30\/integrantes-del-gnte-tambien-llaman-a-ciudadanos-a-quedarse-en-casa\/"]}]},{"@type":"ImageObject","inLanguage":"es","@id":"https:\/\/elinformativotam.com\/index.php\/2020\/03\/30\/integrantes-del-gnte-tambien-llaman-a-ciudadanos-a-quedarse-en-casa\/#primaryimage","url":"http:\/\/elinformativotam.com\/wp-content\/uploads\/2020\/03\/GRAZA-RUIZ-300x298.jpg","contentUrl":"http:\/\/elinformativotam.com\/wp-content\/uploads\/2020\/03\/GRAZA-RUIZ-300x298.jpg"},{"@type":"WebSite","@id":"https:\/\/elinformativotam.com\/#website","url":"https:\/\/elinformativotam.com\/","name":"EL INFORMATIVO DE TAMAULIPAS","description":"Desde la Zona Metropolitana Para Todo M\u00e9xico","publisher":{"@id":"https:\/\/elinformativotam.com\/#organization"},"potentialAction":[{"@type":"SearchAction","target":{"@type":"EntryPoint","urlTemplate":"https:\/\/elinformativotam.com\/?s={search_term_string}"},"query-input":{"@type":"PropertyValueSpecification","valueRequired":true,"valueName":"search_term_string"}}],"inLanguage":"es"},{"@type":"Organization","@id":"https:\/\/elinformativotam.com\/#organization","name":"EL INFORMATIVO DE TAMAULIPAS","url":"https:\/\/elinformativotam.com\/","logo":{"@type":"ImageObject","inLanguage":"es","@id":"https:\/\/elinformativotam.com\/#\/schema\/logo\/image\/","url":"https:\/\/elinformativotam.com\/wp-content\/uploads\/2026\/02\/Cabezal.png","contentUrl":"https:\/\/elinformativotam.com\/wp-content\/uploads\/2026\/02\/Cabezal.png","width":960,"height":640,"caption":"EL INFORMATIVO DE TAMAULIPAS"},"image":{"@id":"https:\/\/elinformativotam.com\/#\/schema\/logo\/image\/"}},{"@type":"Person","@id":"https:\/\/elinformativotam.com\/#\/schema\/person\/78e08040eed0f6110f0c5f83b6153590","name":"El Informativo Tam","image":{"@type":"ImageObject","inLanguage":"es","@id":"https:\/\/secure.gravatar.com\/avatar\/f3b7ad3af540688955925ac610647be00b0cf41feea9c4978b73a707ee86bc53?s=96&d=mm&r=g","url":"https:\/\/secure.gravatar.com\/avatar\/f3b7ad3af540688955925ac610647be00b0cf41feea9c4978b73a707ee86bc53?s=96&d=mm&r=g","contentUrl":"https:\/\/secure.gravatar.com\/avatar\/f3b7ad3af540688955925ac610647be00b0cf41feea9c4978b73a707ee86bc53?s=96&d=mm&r=g","caption":"El Informativo Tam"}}]}},"_links":{"self":[{"href":"https:\/\/elinformativotam.com\/index.php\/wp-json\/wp\/v2\/posts\/4237","targetHints":{"allow":["GET"]}}],"collection":[{"href":"https:\/\/elinformativotam.com\/index.php\/wp-json\/wp\/v2\/posts"}],"about":[{"href":"https:\/\/elinformativotam.com\/index.php\/wp-json\/wp\/v2\/types\/post"}],"author":[{"embeddable":true,"href":"https:\/\/elinformativotam.com\/index.php\/wp-json\/wp\/v2\/users\/1"}],"replies":[{"embeddable":true,"href":"https:\/\/elinformativotam.com\/index.php\/wp-json\/wp\/v2\/comments?post=4237"}],"version-history":[{"count":0,"href":"https:\/\/elinformativotam.com\/index.php\/wp-json\/wp\/v2\/posts\/4237\/revisions"}],"wp:attachment":[{"href":"https:\/\/elinformativotam.com\/index.php\/wp-json\/wp\/v2\/media?parent=4237"}],"wp:term":[{"taxonomy":"category","embeddable":true,"href":"https:\/\/elinformativotam.com\/index.php\/wp-json\/wp\/v2\/categories?post=4237"},{"taxonomy":"post_tag","embeddable":true,"href":"https:\/\/elinformativotam.com\/index.php\/wp-json\/wp\/v2\/tags?post=4237"}],"curies":[{"name":"wp","href":"https:\/\/api.w.org\/{rel}","templated":true}]}}