{"id":4178,"date":"2020-03-27T20:00:25","date_gmt":"2020-03-28T02:00:25","guid":{"rendered":"http:\/\/elinformativotam.com\/?p=4178"},"modified":"2020-03-27T20:00:25","modified_gmt":"2020-03-28T02:00:25","slug":"pide-chucho-nader-a-elementos-de-transito-y-vialidad-difundir-medidas-de-control-sanitario-ante-el-covid-19","status":"publish","type":"post","link":"https:\/\/elinformativotam.com\/index.php\/2020\/03\/27\/pide-chucho-nader-a-elementos-de-transito-y-vialidad-difundir-medidas-de-control-sanitario-ante-el-covid-19\/","title":{"rendered":"PIDE CHUCHO NADER A ELEMENTOS DE TR\u00c1NSITO Y VIALIDAD DIFUNDIR MEDIDAS DE CONTROL SANITARIO ANTE EL COVID-19"},"content":{"rendered":"<p>Al entregar equipo de protecci\u00f3n e higiene a los elementos de la Secretar\u00eda de Tr\u00e1nsito y Vialidad, el Presidente Municipal Chucho Nader pidi\u00f3 a la corporaci\u00f3n participar con mayor \u00e9nfasis en el exhorto ciudadano de permanecer en casa y atender las disposiciones de salud ante la contingencia decretada por el Covid-19.<\/p>\n<p>&nbsp;<\/p>\n<p>&#8220;Es importante que todos unamos nuestros esfuerzos para exhortar a la poblaci\u00f3n a permanecer en casa y a seguir las medidas de prevenci\u00f3n que eviten la propagaci\u00f3n y el contagio del Coronavirus, y ustedes forman una importante fuerza de trabajo y de servicio social, por lo que les pido que utilicen los protocolos de seguridad personal e higiene; y participen en este llamado que hacemos a todos los tampique\u00f1os de permanecer en casa&#8221;, dijo.<\/p>\n<p>&nbsp;<\/p>\n<p>Durante la reuni\u00f3n efectuada en las instalaciones de la corporaci\u00f3n vial en punto de las siete de la ma\u00f1ana, el jefe de la comuna entreg\u00f3 guantes, cubrebocas y gel antibacterial a cada uno de los agentes y recalc\u00f3 la importancia de que sean un canal de comunicaci\u00f3n con automovilistas, transportistas y peatones para transmitir las medidas sanitarias dispuestas por el Comit\u00e9 de Seguridad en Salud en el Estado.<\/p>\n<p><img loading=\"lazy\" decoding=\"async\" class=\"wp-image-4177 alignleft\" src=\"https:\/\/elinformativotam.com\/wp-content\/uploads\/2020\/03\/patrulla-300x169.jpg\" alt=\"\" width=\"465\" height=\"262\" \/><\/p>\n<p>&#8220;Estamos reforzando las acciones preventivas y el exhorto a la ciudadan\u00eda para que extremen las medidas de higiene y aislamiento necesarios, que permita reducir los riesgos de contagio, sobre todo entre los grupos m\u00e1s vulnerables de la poblaci\u00f3n&#8221;, indic\u00f3.<\/p>\n<p>&nbsp;<\/p>\n<p>Chucho Nader se\u00f1al\u00f3 que su administraci\u00f3n ha instalado filtros sanitarios en puntos estrat\u00e9gicos como el aeropuerto internacional, central camionera, pasos de embarcaciones y en los diferentes edificios de gobierno para proteger a la ciudadan\u00eda y crear conciencia social sobre la gravedad sanitaria que estamos enfrentando.<\/p>\n<p>&nbsp;<\/p>\n<p>&#8220;Hoy m\u00e1s que nunca Tampico nos necesita y juntos seguiremos avanzando para que este mensaje perme\u00e9 en toda la poblaci\u00f3n, y logremos superar esta crisis de salud p\u00fablica que hoy ha enlutado a miles de hogares en el mundo&#8221;, subray\u00f3.<\/p>\n","protected":false},"excerpt":{"rendered":"<p>Al entregar equipo de protecci\u00f3n e higiene a los elementos de la Secretar\u00eda de Tr\u00e1nsito y Vialidad, el Presidente Municipal&hellip;<\/p>\n","protected":false},"author":1,"featured_media":0,"comment_status":"open","ping_status":"open","sticky":false,"template":"","format":"standard","meta":{"footnotes":""},"categories":[3],"tags":[],"class_list":["post-4178","post","type-post","status-publish","format-standard","hentry","category-tampico"],"yoast_head":"<!-- This site is optimized with the Yoast SEO plugin v27.5 - https:\/\/yoast.com\/product\/yoast-seo-wordpress\/ -->\n<title>PIDE CHUCHO NADER A ELEMENTOS DE TR\u00c1NSITO Y VIALIDAD DIFUNDIR MEDIDAS DE CONTROL SANITARIO ANTE EL COVID-19 - EL INFORMATIVO DE TAMAULIPAS<\/title>\n<meta name=\"description\" content=\"Al entregar equipo de protecci\u00f3n e higiene a los elementos de la Secretar\u00eda de Tr\u00e1nsito y Vialidad, el Presidente Municipal Chucho Nader pidi\u00f3 a la\" \/>\n<meta name=\"robots\" content=\"index, follow, max-snippet:-1, max-image-preview:large, max-video-preview:-1\" \/>\n<link rel=\"canonical\" href=\"https:\/\/elinformativotam.com\/index.php\/2020\/03\/27\/pide-chucho-nader-a-elementos-de-transito-y-vialidad-difundir-medidas-de-control-sanitario-ante-el-covid-19\/\" \/>\n<meta property=\"og:locale\" content=\"es_MX\" \/>\n<meta property=\"og:type\" content=\"article\" \/>\n<meta property=\"og:title\" content=\"PIDE CHUCHO NADER A ELEMENTOS DE TR\u00c1NSITO Y VIALIDAD DIFUNDIR MEDIDAS DE CONTROL SANITARIO ANTE EL COVID-19 - EL INFORMATIVO DE TAMAULIPAS\" \/>\n<meta property=\"og:description\" content=\"Al entregar equipo de protecci\u00f3n e higiene a los elementos de la Secretar\u00eda de Tr\u00e1nsito y Vialidad, el Presidente Municipal Chucho Nader pidi\u00f3 a la\" \/>\n<meta property=\"og:url\" content=\"https:\/\/elinformativotam.com\/index.php\/2020\/03\/27\/pide-chucho-nader-a-elementos-de-transito-y-vialidad-difundir-medidas-de-control-sanitario-ante-el-covid-19\/\" \/>\n<meta property=\"og:site_name\" content=\"EL INFORMATIVO DE TAMAULIPAS\" \/>\n<meta property=\"article:published_time\" content=\"2020-03-28T02:00:25+00:00\" \/>\n<meta property=\"og:image\" content=\"http:\/\/elinformativotam.com\/wp-content\/uploads\/2020\/03\/patrulla-300x169.jpg\" \/>\n<meta name=\"author\" content=\"El Informativo Tam\" \/>\n<meta name=\"twitter:card\" content=\"summary_large_image\" \/>\n<meta name=\"twitter:label1\" content=\"Escrito por\" \/>\n\t<meta name=\"twitter:data1\" content=\"El Informativo Tam\" \/>\n\t<meta name=\"twitter:label2\" content=\"Tiempo de lectura\" \/>\n\t<meta name=\"twitter:data2\" content=\"2 minutos\" \/>\n<script type=\"application\/ld+json\" class=\"yoast-schema-graph\">{\"@context\":\"https:\\\/\\\/schema.org\",\"@graph\":[{\"@type\":\"Article\",\"@id\":\"https:\\\/\\\/elinformativotam.com\\\/index.php\\\/2020\\\/03\\\/27\\\/pide-chucho-nader-a-elementos-de-transito-y-vialidad-difundir-medidas-de-control-sanitario-ante-el-covid-19\\\/#article\",\"isPartOf\":{\"@id\":\"https:\\\/\\\/elinformativotam.com\\\/index.php\\\/2020\\\/03\\\/27\\\/pide-chucho-nader-a-elementos-de-transito-y-vialidad-difundir-medidas-de-control-sanitario-ante-el-covid-19\\\/\"},\"author\":{\"name\":\"El Informativo Tam\",\"@id\":\"https:\\\/\\\/elinformativotam.com\\\/#\\\/schema\\\/person\\\/78e08040eed0f6110f0c5f83b6153590\"},\"headline\":\"PIDE CHUCHO NADER A ELEMENTOS DE TR\u00c1NSITO Y VIALIDAD DIFUNDIR MEDIDAS DE CONTROL SANITARIO ANTE EL COVID-19\",\"datePublished\":\"2020-03-28T02:00:25+00:00\",\"mainEntityOfPage\":{\"@id\":\"https:\\\/\\\/elinformativotam.com\\\/index.php\\\/2020\\\/03\\\/27\\\/pide-chucho-nader-a-elementos-de-transito-y-vialidad-difundir-medidas-de-control-sanitario-ante-el-covid-19\\\/\"},\"wordCount\":361,\"commentCount\":0,\"publisher\":{\"@id\":\"https:\\\/\\\/elinformativotam.com\\\/#organization\"},\"image\":{\"@id\":\"https:\\\/\\\/elinformativotam.com\\\/index.php\\\/2020\\\/03\\\/27\\\/pide-chucho-nader-a-elementos-de-transito-y-vialidad-difundir-medidas-de-control-sanitario-ante-el-covid-19\\\/#primaryimage\"},\"thumbnailUrl\":\"http:\\\/\\\/elinformativotam.com\\\/wp-content\\\/uploads\\\/2020\\\/03\\\/patrulla-300x169.jpg\",\"articleSection\":[\"Tampico\"],\"inLanguage\":\"es\",\"potentialAction\":[{\"@type\":\"CommentAction\",\"name\":\"Comment\",\"target\":[\"https:\\\/\\\/elinformativotam.com\\\/index.php\\\/2020\\\/03\\\/27\\\/pide-chucho-nader-a-elementos-de-transito-y-vialidad-difundir-medidas-de-control-sanitario-ante-el-covid-19\\\/#respond\"]}]},{\"@type\":\"WebPage\",\"@id\":\"https:\\\/\\\/elinformativotam.com\\\/index.php\\\/2020\\\/03\\\/27\\\/pide-chucho-nader-a-elementos-de-transito-y-vialidad-difundir-medidas-de-control-sanitario-ante-el-covid-19\\\/\",\"url\":\"https:\\\/\\\/elinformativotam.com\\\/index.php\\\/2020\\\/03\\\/27\\\/pide-chucho-nader-a-elementos-de-transito-y-vialidad-difundir-medidas-de-control-sanitario-ante-el-covid-19\\\/\",\"name\":\"PIDE CHUCHO NADER A ELEMENTOS DE TR\u00c1NSITO Y VIALIDAD DIFUNDIR MEDIDAS DE CONTROL SANITARIO ANTE EL COVID-19 - EL INFORMATIVO DE TAMAULIPAS\",\"isPartOf\":{\"@id\":\"https:\\\/\\\/elinformativotam.com\\\/#website\"},\"primaryImageOfPage\":{\"@id\":\"https:\\\/\\\/elinformativotam.com\\\/index.php\\\/2020\\\/03\\\/27\\\/pide-chucho-nader-a-elementos-de-transito-y-vialidad-difundir-medidas-de-control-sanitario-ante-el-covid-19\\\/#primaryimage\"},\"image\":{\"@id\":\"https:\\\/\\\/elinformativotam.com\\\/index.php\\\/2020\\\/03\\\/27\\\/pide-chucho-nader-a-elementos-de-transito-y-vialidad-difundir-medidas-de-control-sanitario-ante-el-covid-19\\\/#primaryimage\"},\"thumbnailUrl\":\"http:\\\/\\\/elinformativotam.com\\\/wp-content\\\/uploads\\\/2020\\\/03\\\/patrulla-300x169.jpg\",\"datePublished\":\"2020-03-28T02:00:25+00:00\",\"description\":\"Al entregar equipo de protecci\u00f3n e higiene a los elementos de la Secretar\u00eda de Tr\u00e1nsito y Vialidad, el Presidente Municipal Chucho Nader pidi\u00f3 a la\",\"inLanguage\":\"es\",\"potentialAction\":[{\"@type\":\"ReadAction\",\"target\":[\"https:\\\/\\\/elinformativotam.com\\\/index.php\\\/2020\\\/03\\\/27\\\/pide-chucho-nader-a-elementos-de-transito-y-vialidad-difundir-medidas-de-control-sanitario-ante-el-covid-19\\\/\"]}]},{\"@type\":\"ImageObject\",\"inLanguage\":\"es\",\"@id\":\"https:\\\/\\\/elinformativotam.com\\\/index.php\\\/2020\\\/03\\\/27\\\/pide-chucho-nader-a-elementos-de-transito-y-vialidad-difundir-medidas-de-control-sanitario-ante-el-covid-19\\\/#primaryimage\",\"url\":\"http:\\\/\\\/elinformativotam.com\\\/wp-content\\\/uploads\\\/2020\\\/03\\\/patrulla-300x169.jpg\",\"contentUrl\":\"http:\\\/\\\/elinformativotam.com\\\/wp-content\\\/uploads\\\/2020\\\/03\\\/patrulla-300x169.jpg\"},{\"@type\":\"WebSite\",\"@id\":\"https:\\\/\\\/elinformativotam.com\\\/#website\",\"url\":\"https:\\\/\\\/elinformativotam.com\\\/\",\"name\":\"EL INFORMATIVO DE TAMAULIPAS\",\"description\":\"Desde la Zona Metropolitana Para Todo M\u00e9xico\",\"publisher\":{\"@id\":\"https:\\\/\\\/elinformativotam.com\\\/#organization\"},\"potentialAction\":[{\"@type\":\"SearchAction\",\"target\":{\"@type\":\"EntryPoint\",\"urlTemplate\":\"https:\\\/\\\/elinformativotam.com\\\/?s={search_term_string}\"},\"query-input\":{\"@type\":\"PropertyValueSpecification\",\"valueRequired\":true,\"valueName\":\"search_term_string\"}}],\"inLanguage\":\"es\"},{\"@type\":\"Organization\",\"@id\":\"https:\\\/\\\/elinformativotam.com\\\/#organization\",\"name\":\"EL INFORMATIVO DE TAMAULIPAS\",\"url\":\"https:\\\/\\\/elinformativotam.com\\\/\",\"logo\":{\"@type\":\"ImageObject\",\"inLanguage\":\"es\",\"@id\":\"https:\\\/\\\/elinformativotam.com\\\/#\\\/schema\\\/logo\\\/image\\\/\",\"url\":\"https:\\\/\\\/elinformativotam.com\\\/wp-content\\\/uploads\\\/2026\\\/02\\\/Cabezal.png\",\"contentUrl\":\"https:\\\/\\\/elinformativotam.com\\\/wp-content\\\/uploads\\\/2026\\\/02\\\/Cabezal.png\",\"width\":960,\"height\":640,\"caption\":\"EL INFORMATIVO DE TAMAULIPAS\"},\"image\":{\"@id\":\"https:\\\/\\\/elinformativotam.com\\\/#\\\/schema\\\/logo\\\/image\\\/\"}},{\"@type\":\"Person\",\"@id\":\"https:\\\/\\\/elinformativotam.com\\\/#\\\/schema\\\/person\\\/78e08040eed0f6110f0c5f83b6153590\",\"name\":\"El Informativo Tam\",\"image\":{\"@type\":\"ImageObject\",\"inLanguage\":\"es\",\"@id\":\"https:\\\/\\\/secure.gravatar.com\\\/avatar\\\/f3b7ad3af540688955925ac610647be00b0cf41feea9c4978b73a707ee86bc53?s=96&d=mm&r=g\",\"url\":\"https:\\\/\\\/secure.gravatar.com\\\/avatar\\\/f3b7ad3af540688955925ac610647be00b0cf41feea9c4978b73a707ee86bc53?s=96&d=mm&r=g\",\"contentUrl\":\"https:\\\/\\\/secure.gravatar.com\\\/avatar\\\/f3b7ad3af540688955925ac610647be00b0cf41feea9c4978b73a707ee86bc53?s=96&d=mm&r=g\",\"caption\":\"El Informativo Tam\"}}]}<\/script>\n<!-- \/ Yoast SEO plugin. -->","yoast_head_json":{"title":"PIDE CHUCHO NADER A ELEMENTOS DE TR\u00c1NSITO Y VIALIDAD DIFUNDIR MEDIDAS DE CONTROL SANITARIO ANTE EL COVID-19 - EL INFORMATIVO DE TAMAULIPAS","description":"Al entregar equipo de protecci\u00f3n e higiene a los elementos de la Secretar\u00eda de Tr\u00e1nsito y Vialidad, el Presidente Municipal Chucho Nader pidi\u00f3 a la","robots":{"index":"index","follow":"follow","max-snippet":"max-snippet:-1","max-image-preview":"max-image-preview:large","max-video-preview":"max-video-preview:-1"},"canonical":"https:\/\/elinformativotam.com\/index.php\/2020\/03\/27\/pide-chucho-nader-a-elementos-de-transito-y-vialidad-difundir-medidas-de-control-sanitario-ante-el-covid-19\/","og_locale":"es_MX","og_type":"article","og_title":"PIDE CHUCHO NADER A ELEMENTOS DE TR\u00c1NSITO Y VIALIDAD DIFUNDIR MEDIDAS DE CONTROL SANITARIO ANTE EL COVID-19 - EL INFORMATIVO DE TAMAULIPAS","og_description":"Al entregar equipo de protecci\u00f3n e higiene a los elementos de la Secretar\u00eda de Tr\u00e1nsito y Vialidad, el Presidente Municipal Chucho Nader pidi\u00f3 a la","og_url":"https:\/\/elinformativotam.com\/index.php\/2020\/03\/27\/pide-chucho-nader-a-elementos-de-transito-y-vialidad-difundir-medidas-de-control-sanitario-ante-el-covid-19\/","og_site_name":"EL INFORMATIVO DE TAMAULIPAS","article_published_time":"2020-03-28T02:00:25+00:00","og_image":[{"url":"http:\/\/elinformativotam.com\/wp-content\/uploads\/2020\/03\/patrulla-300x169.jpg","type":"","width":"","height":""}],"author":"El Informativo Tam","twitter_card":"summary_large_image","twitter_misc":{"Escrito por":"El Informativo Tam","Tiempo de lectura":"2 minutos"},"schema":{"@context":"https:\/\/schema.org","@graph":[{"@type":"Article","@id":"https:\/\/elinformativotam.com\/index.php\/2020\/03\/27\/pide-chucho-nader-a-elementos-de-transito-y-vialidad-difundir-medidas-de-control-sanitario-ante-el-covid-19\/#article","isPartOf":{"@id":"https:\/\/elinformativotam.com\/index.php\/2020\/03\/27\/pide-chucho-nader-a-elementos-de-transito-y-vialidad-difundir-medidas-de-control-sanitario-ante-el-covid-19\/"},"author":{"name":"El Informativo Tam","@id":"https:\/\/elinformativotam.com\/#\/schema\/person\/78e08040eed0f6110f0c5f83b6153590"},"headline":"PIDE CHUCHO NADER A ELEMENTOS DE TR\u00c1NSITO Y VIALIDAD DIFUNDIR MEDIDAS DE CONTROL SANITARIO ANTE EL COVID-19","datePublished":"2020-03-28T02:00:25+00:00","mainEntityOfPage":{"@id":"https:\/\/elinformativotam.com\/index.php\/2020\/03\/27\/pide-chucho-nader-a-elementos-de-transito-y-vialidad-difundir-medidas-de-control-sanitario-ante-el-covid-19\/"},"wordCount":361,"commentCount":0,"publisher":{"@id":"https:\/\/elinformativotam.com\/#organization"},"image":{"@id":"https:\/\/elinformativotam.com\/index.php\/2020\/03\/27\/pide-chucho-nader-a-elementos-de-transito-y-vialidad-difundir-medidas-de-control-sanitario-ante-el-covid-19\/#primaryimage"},"thumbnailUrl":"http:\/\/elinformativotam.com\/wp-content\/uploads\/2020\/03\/patrulla-300x169.jpg","articleSection":["Tampico"],"inLanguage":"es","potentialAction":[{"@type":"CommentAction","name":"Comment","target":["https:\/\/elinformativotam.com\/index.php\/2020\/03\/27\/pide-chucho-nader-a-elementos-de-transito-y-vialidad-difundir-medidas-de-control-sanitario-ante-el-covid-19\/#respond"]}]},{"@type":"WebPage","@id":"https:\/\/elinformativotam.com\/index.php\/2020\/03\/27\/pide-chucho-nader-a-elementos-de-transito-y-vialidad-difundir-medidas-de-control-sanitario-ante-el-covid-19\/","url":"https:\/\/elinformativotam.com\/index.php\/2020\/03\/27\/pide-chucho-nader-a-elementos-de-transito-y-vialidad-difundir-medidas-de-control-sanitario-ante-el-covid-19\/","name":"PIDE CHUCHO NADER A ELEMENTOS DE TR\u00c1NSITO Y VIALIDAD DIFUNDIR MEDIDAS DE CONTROL SANITARIO ANTE EL COVID-19 - EL INFORMATIVO DE TAMAULIPAS","isPartOf":{"@id":"https:\/\/elinformativotam.com\/#website"},"primaryImageOfPage":{"@id":"https:\/\/elinformativotam.com\/index.php\/2020\/03\/27\/pide-chucho-nader-a-elementos-de-transito-y-vialidad-difundir-medidas-de-control-sanitario-ante-el-covid-19\/#primaryimage"},"image":{"@id":"https:\/\/elinformativotam.com\/index.php\/2020\/03\/27\/pide-chucho-nader-a-elementos-de-transito-y-vialidad-difundir-medidas-de-control-sanitario-ante-el-covid-19\/#primaryimage"},"thumbnailUrl":"http:\/\/elinformativotam.com\/wp-content\/uploads\/2020\/03\/patrulla-300x169.jpg","datePublished":"2020-03-28T02:00:25+00:00","description":"Al entregar equipo de protecci\u00f3n e higiene a los elementos de la Secretar\u00eda de Tr\u00e1nsito y Vialidad, el Presidente Municipal Chucho Nader pidi\u00f3 a la","inLanguage":"es","potentialAction":[{"@type":"ReadAction","target":["https:\/\/elinformativotam.com\/index.php\/2020\/03\/27\/pide-chucho-nader-a-elementos-de-transito-y-vialidad-difundir-medidas-de-control-sanitario-ante-el-covid-19\/"]}]},{"@type":"ImageObject","inLanguage":"es","@id":"https:\/\/elinformativotam.com\/index.php\/2020\/03\/27\/pide-chucho-nader-a-elementos-de-transito-y-vialidad-difundir-medidas-de-control-sanitario-ante-el-covid-19\/#primaryimage","url":"http:\/\/elinformativotam.com\/wp-content\/uploads\/2020\/03\/patrulla-300x169.jpg","contentUrl":"http:\/\/elinformativotam.com\/wp-content\/uploads\/2020\/03\/patrulla-300x169.jpg"},{"@type":"WebSite","@id":"https:\/\/elinformativotam.com\/#website","url":"https:\/\/elinformativotam.com\/","name":"EL INFORMATIVO DE TAMAULIPAS","description":"Desde la Zona Metropolitana Para Todo M\u00e9xico","publisher":{"@id":"https:\/\/elinformativotam.com\/#organization"},"potentialAction":[{"@type":"SearchAction","target":{"@type":"EntryPoint","urlTemplate":"https:\/\/elinformativotam.com\/?s={search_term_string}"},"query-input":{"@type":"PropertyValueSpecification","valueRequired":true,"valueName":"search_term_string"}}],"inLanguage":"es"},{"@type":"Organization","@id":"https:\/\/elinformativotam.com\/#organization","name":"EL INFORMATIVO DE TAMAULIPAS","url":"https:\/\/elinformativotam.com\/","logo":{"@type":"ImageObject","inLanguage":"es","@id":"https:\/\/elinformativotam.com\/#\/schema\/logo\/image\/","url":"https:\/\/elinformativotam.com\/wp-content\/uploads\/2026\/02\/Cabezal.png","contentUrl":"https:\/\/elinformativotam.com\/wp-content\/uploads\/2026\/02\/Cabezal.png","width":960,"height":640,"caption":"EL INFORMATIVO DE TAMAULIPAS"},"image":{"@id":"https:\/\/elinformativotam.com\/#\/schema\/logo\/image\/"}},{"@type":"Person","@id":"https:\/\/elinformativotam.com\/#\/schema\/person\/78e08040eed0f6110f0c5f83b6153590","name":"El Informativo Tam","image":{"@type":"ImageObject","inLanguage":"es","@id":"https:\/\/secure.gravatar.com\/avatar\/f3b7ad3af540688955925ac610647be00b0cf41feea9c4978b73a707ee86bc53?s=96&d=mm&r=g","url":"https:\/\/secure.gravatar.com\/avatar\/f3b7ad3af540688955925ac610647be00b0cf41feea9c4978b73a707ee86bc53?s=96&d=mm&r=g","contentUrl":"https:\/\/secure.gravatar.com\/avatar\/f3b7ad3af540688955925ac610647be00b0cf41feea9c4978b73a707ee86bc53?s=96&d=mm&r=g","caption":"El Informativo Tam"}}]}},"_links":{"self":[{"href":"https:\/\/elinformativotam.com\/index.php\/wp-json\/wp\/v2\/posts\/4178","targetHints":{"allow":["GET"]}}],"collection":[{"href":"https:\/\/elinformativotam.com\/index.php\/wp-json\/wp\/v2\/posts"}],"about":[{"href":"https:\/\/elinformativotam.com\/index.php\/wp-json\/wp\/v2\/types\/post"}],"author":[{"embeddable":true,"href":"https:\/\/elinformativotam.com\/index.php\/wp-json\/wp\/v2\/users\/1"}],"replies":[{"embeddable":true,"href":"https:\/\/elinformativotam.com\/index.php\/wp-json\/wp\/v2\/comments?post=4178"}],"version-history":[{"count":0,"href":"https:\/\/elinformativotam.com\/index.php\/wp-json\/wp\/v2\/posts\/4178\/revisions"}],"wp:attachment":[{"href":"https:\/\/elinformativotam.com\/index.php\/wp-json\/wp\/v2\/media?parent=4178"}],"wp:term":[{"taxonomy":"category","embeddable":true,"href":"https:\/\/elinformativotam.com\/index.php\/wp-json\/wp\/v2\/categories?post=4178"},{"taxonomy":"post_tag","embeddable":true,"href":"https:\/\/elinformativotam.com\/index.php\/wp-json\/wp\/v2\/tags?post=4178"}],"curies":[{"name":"wp","href":"https:\/\/api.w.org\/{rel}","templated":true}]}}