{"id":4108,"date":"2020-03-26T17:07:57","date_gmt":"2020-03-26T23:07:57","guid":{"rendered":"http:\/\/elinformativotam.com\/?p=4108"},"modified":"2020-03-26T17:07:57","modified_gmt":"2020-03-26T23:07:57","slug":"gobierno-de-altamira-acentua-labores-contra-padecimientos-vectoriales","status":"publish","type":"post","link":"https:\/\/elinformativotam.com\/index.php\/2020\/03\/26\/gobierno-de-altamira-acentua-labores-contra-padecimientos-vectoriales\/","title":{"rendered":"GOBIERNO DE ALTAMIRA ACENT\u00daA LABORES CONTRA PADECIMIENTOS VECTORIALES"},"content":{"rendered":"<h2><em><strong>*Se Efect\u00faa Jornada De Limpieza En El Fraccionamiento Santa Anita<\/strong><\/em><\/h2>\n<p>Con la finalidad de reducir los riegos de enfermedades transmitidas por vector, el Gobierno Municipal de Altamira, que preside la alcaldesa Alma Laura Ampar\u00e1n Cruz, coordina esfuerzos con la Secretar\u00eda de Salud de Tamaulipas para intensificar las acciones de descacharrizaci\u00f3n y abatizaci\u00f3n en esta localidad, tendientes a evitar la propagaci\u00f3n de casos de dengue, zika o chikungunya.<\/p>\n<p>&nbsp;<\/p>\n<p>Recientemente, la Direcci\u00f3n de Salud efectu\u00f3 labores de descacharrizaci\u00f3n, eliminaci\u00f3n de criaderos de mosquitos y limpieza en el Fraccionamiento Santa Anita, contando con el apoyo de personal de las secretar\u00edas de Servicios P\u00fablicos y de Bienestar Social.<\/p>\n<p>&nbsp;<\/p>\n<p>Casa por casa, se invit\u00f3 a los vecinos a evitar el almacenamiento de recipientes y objetos en desuso donde pueda acumularse el agua, ya que son lugares propicios para la formaci\u00f3n de moscos transmisores de enfermedades como dengue, zika y chikungunya, adem\u00e1s de retirar neum\u00e1ticos viejos, muebles y envases en la v\u00eda p\u00fablica, solares bald\u00edos e inmuebles abandonados no cercados.<\/p>\n<p>&nbsp;<\/p>\n<p>Durante este mes, se realizaron acciones de descacharrizaci\u00f3n y abatizaci\u00f3n en el Fraccionamiento Villas del Sol, colonia Municipios Libres, Fraccionamiento Laguna Florida sectores 1 y 2, colonia Los Presidentes (seis sectores), INFONAVIT Fidel Vel\u00e1zquez, as\u00ed como en el Fraccionamiento Santa Anita.<\/p>\n<p>&nbsp;<\/p>\n<p>Gracias a la participaci\u00f3n de la poblaci\u00f3n y al esfuerzo coordinado entre las autoridades municipales y sanitarias, Altamira se mantiene como un municipio responsable en materia de salud, buscando de esta manera el bienestar y prosperidad de las familias altamirenses.<\/p>\n","protected":false},"excerpt":{"rendered":"<p>*Se Efect\u00faa Jornada De Limpieza En El Fraccionamiento Santa Anita Con la finalidad de reducir los riegos de enfermedades transmitidas&hellip;<\/p>\n","protected":false},"author":1,"featured_media":0,"comment_status":"open","ping_status":"open","sticky":false,"template":"","format":"standard","meta":{"footnotes":""},"categories":[5],"tags":[],"class_list":["post-4108","post","type-post","status-publish","format-standard","hentry","category-altamira"],"yoast_head":"<!-- This site is optimized with the Yoast SEO plugin v27.5 - https:\/\/yoast.com\/product\/yoast-seo-wordpress\/ -->\n<title>GOBIERNO DE ALTAMIRA ACENT\u00daA LABORES CONTRA PADECIMIENTOS VECTORIALES - EL INFORMATIVO DE TAMAULIPAS<\/title>\n<meta name=\"description\" content=\"*Se Efect\u00faa Jornada De Limpieza En El Fraccionamiento Santa Anita Con la finalidad de reducir los riegos de enfermedades transmitidas por vector, el\" \/>\n<meta name=\"robots\" content=\"index, follow, max-snippet:-1, max-image-preview:large, max-video-preview:-1\" \/>\n<link rel=\"canonical\" href=\"https:\/\/elinformativotam.com\/index.php\/2020\/03\/26\/gobierno-de-altamira-acentua-labores-contra-padecimientos-vectoriales\/\" \/>\n<meta property=\"og:locale\" content=\"es_MX\" \/>\n<meta property=\"og:type\" content=\"article\" \/>\n<meta property=\"og:title\" content=\"GOBIERNO DE ALTAMIRA ACENT\u00daA LABORES CONTRA PADECIMIENTOS VECTORIALES - EL INFORMATIVO DE TAMAULIPAS\" \/>\n<meta property=\"og:description\" content=\"*Se Efect\u00faa Jornada De Limpieza En El Fraccionamiento Santa Anita Con la finalidad de reducir los riegos de enfermedades transmitidas por vector, el\" \/>\n<meta property=\"og:url\" content=\"https:\/\/elinformativotam.com\/index.php\/2020\/03\/26\/gobierno-de-altamira-acentua-labores-contra-padecimientos-vectoriales\/\" \/>\n<meta property=\"og:site_name\" content=\"EL INFORMATIVO DE TAMAULIPAS\" \/>\n<meta property=\"article:published_time\" content=\"2020-03-26T23:07:57+00:00\" \/>\n<meta name=\"author\" content=\"El Informativo Tam\" \/>\n<meta name=\"twitter:card\" content=\"summary_large_image\" \/>\n<meta name=\"twitter:label1\" content=\"Escrito por\" \/>\n\t<meta name=\"twitter:data1\" content=\"El Informativo Tam\" \/>\n\t<meta name=\"twitter:label2\" content=\"Tiempo de lectura\" \/>\n\t<meta name=\"twitter:data2\" content=\"1 minuto\" \/>\n<script type=\"application\/ld+json\" class=\"yoast-schema-graph\">{\"@context\":\"https:\\\/\\\/schema.org\",\"@graph\":[{\"@type\":\"Article\",\"@id\":\"https:\\\/\\\/elinformativotam.com\\\/index.php\\\/2020\\\/03\\\/26\\\/gobierno-de-altamira-acentua-labores-contra-padecimientos-vectoriales\\\/#article\",\"isPartOf\":{\"@id\":\"https:\\\/\\\/elinformativotam.com\\\/index.php\\\/2020\\\/03\\\/26\\\/gobierno-de-altamira-acentua-labores-contra-padecimientos-vectoriales\\\/\"},\"author\":{\"name\":\"El Informativo Tam\",\"@id\":\"https:\\\/\\\/elinformativotam.com\\\/#\\\/schema\\\/person\\\/78e08040eed0f6110f0c5f83b6153590\"},\"headline\":\"GOBIERNO DE ALTAMIRA ACENT\u00daA LABORES CONTRA PADECIMIENTOS VECTORIALES\",\"datePublished\":\"2020-03-26T23:07:57+00:00\",\"mainEntityOfPage\":{\"@id\":\"https:\\\/\\\/elinformativotam.com\\\/index.php\\\/2020\\\/03\\\/26\\\/gobierno-de-altamira-acentua-labores-contra-padecimientos-vectoriales\\\/\"},\"wordCount\":278,\"commentCount\":0,\"publisher\":{\"@id\":\"https:\\\/\\\/elinformativotam.com\\\/#organization\"},\"articleSection\":[\"Altamira\"],\"inLanguage\":\"es\",\"potentialAction\":[{\"@type\":\"CommentAction\",\"name\":\"Comment\",\"target\":[\"https:\\\/\\\/elinformativotam.com\\\/index.php\\\/2020\\\/03\\\/26\\\/gobierno-de-altamira-acentua-labores-contra-padecimientos-vectoriales\\\/#respond\"]}]},{\"@type\":\"WebPage\",\"@id\":\"https:\\\/\\\/elinformativotam.com\\\/index.php\\\/2020\\\/03\\\/26\\\/gobierno-de-altamira-acentua-labores-contra-padecimientos-vectoriales\\\/\",\"url\":\"https:\\\/\\\/elinformativotam.com\\\/index.php\\\/2020\\\/03\\\/26\\\/gobierno-de-altamira-acentua-labores-contra-padecimientos-vectoriales\\\/\",\"name\":\"GOBIERNO DE ALTAMIRA ACENT\u00daA LABORES CONTRA PADECIMIENTOS VECTORIALES - EL INFORMATIVO DE TAMAULIPAS\",\"isPartOf\":{\"@id\":\"https:\\\/\\\/elinformativotam.com\\\/#website\"},\"datePublished\":\"2020-03-26T23:07:57+00:00\",\"description\":\"*Se Efect\u00faa Jornada De Limpieza En El Fraccionamiento Santa Anita Con la finalidad de reducir los riegos de enfermedades transmitidas por vector, el\",\"inLanguage\":\"es\",\"potentialAction\":[{\"@type\":\"ReadAction\",\"target\":[\"https:\\\/\\\/elinformativotam.com\\\/index.php\\\/2020\\\/03\\\/26\\\/gobierno-de-altamira-acentua-labores-contra-padecimientos-vectoriales\\\/\"]}]},{\"@type\":\"WebSite\",\"@id\":\"https:\\\/\\\/elinformativotam.com\\\/#website\",\"url\":\"https:\\\/\\\/elinformativotam.com\\\/\",\"name\":\"EL INFORMATIVO DE TAMAULIPAS\",\"description\":\"Desde la Zona Metropolitana Para Todo M\u00e9xico\",\"publisher\":{\"@id\":\"https:\\\/\\\/elinformativotam.com\\\/#organization\"},\"potentialAction\":[{\"@type\":\"SearchAction\",\"target\":{\"@type\":\"EntryPoint\",\"urlTemplate\":\"https:\\\/\\\/elinformativotam.com\\\/?s={search_term_string}\"},\"query-input\":{\"@type\":\"PropertyValueSpecification\",\"valueRequired\":true,\"valueName\":\"search_term_string\"}}],\"inLanguage\":\"es\"},{\"@type\":\"Organization\",\"@id\":\"https:\\\/\\\/elinformativotam.com\\\/#organization\",\"name\":\"EL INFORMATIVO DE TAMAULIPAS\",\"url\":\"https:\\\/\\\/elinformativotam.com\\\/\",\"logo\":{\"@type\":\"ImageObject\",\"inLanguage\":\"es\",\"@id\":\"https:\\\/\\\/elinformativotam.com\\\/#\\\/schema\\\/logo\\\/image\\\/\",\"url\":\"https:\\\/\\\/elinformativotam.com\\\/wp-content\\\/uploads\\\/2026\\\/02\\\/Cabezal.png\",\"contentUrl\":\"https:\\\/\\\/elinformativotam.com\\\/wp-content\\\/uploads\\\/2026\\\/02\\\/Cabezal.png\",\"width\":960,\"height\":640,\"caption\":\"EL INFORMATIVO DE TAMAULIPAS\"},\"image\":{\"@id\":\"https:\\\/\\\/elinformativotam.com\\\/#\\\/schema\\\/logo\\\/image\\\/\"}},{\"@type\":\"Person\",\"@id\":\"https:\\\/\\\/elinformativotam.com\\\/#\\\/schema\\\/person\\\/78e08040eed0f6110f0c5f83b6153590\",\"name\":\"El Informativo Tam\",\"image\":{\"@type\":\"ImageObject\",\"inLanguage\":\"es\",\"@id\":\"https:\\\/\\\/secure.gravatar.com\\\/avatar\\\/f3b7ad3af540688955925ac610647be00b0cf41feea9c4978b73a707ee86bc53?s=96&d=mm&r=g\",\"url\":\"https:\\\/\\\/secure.gravatar.com\\\/avatar\\\/f3b7ad3af540688955925ac610647be00b0cf41feea9c4978b73a707ee86bc53?s=96&d=mm&r=g\",\"contentUrl\":\"https:\\\/\\\/secure.gravatar.com\\\/avatar\\\/f3b7ad3af540688955925ac610647be00b0cf41feea9c4978b73a707ee86bc53?s=96&d=mm&r=g\",\"caption\":\"El Informativo Tam\"}}]}<\/script>\n<!-- \/ Yoast SEO plugin. -->","yoast_head_json":{"title":"GOBIERNO DE ALTAMIRA ACENT\u00daA LABORES CONTRA PADECIMIENTOS VECTORIALES - EL INFORMATIVO DE TAMAULIPAS","description":"*Se Efect\u00faa Jornada De Limpieza En El Fraccionamiento Santa Anita Con la finalidad de reducir los riegos de enfermedades transmitidas por vector, el","robots":{"index":"index","follow":"follow","max-snippet":"max-snippet:-1","max-image-preview":"max-image-preview:large","max-video-preview":"max-video-preview:-1"},"canonical":"https:\/\/elinformativotam.com\/index.php\/2020\/03\/26\/gobierno-de-altamira-acentua-labores-contra-padecimientos-vectoriales\/","og_locale":"es_MX","og_type":"article","og_title":"GOBIERNO DE ALTAMIRA ACENT\u00daA LABORES CONTRA PADECIMIENTOS VECTORIALES - EL INFORMATIVO DE TAMAULIPAS","og_description":"*Se Efect\u00faa Jornada De Limpieza En El Fraccionamiento Santa Anita Con la finalidad de reducir los riegos de enfermedades transmitidas por vector, el","og_url":"https:\/\/elinformativotam.com\/index.php\/2020\/03\/26\/gobierno-de-altamira-acentua-labores-contra-padecimientos-vectoriales\/","og_site_name":"EL INFORMATIVO DE TAMAULIPAS","article_published_time":"2020-03-26T23:07:57+00:00","author":"El Informativo Tam","twitter_card":"summary_large_image","twitter_misc":{"Escrito por":"El Informativo Tam","Tiempo de lectura":"1 minuto"},"schema":{"@context":"https:\/\/schema.org","@graph":[{"@type":"Article","@id":"https:\/\/elinformativotam.com\/index.php\/2020\/03\/26\/gobierno-de-altamira-acentua-labores-contra-padecimientos-vectoriales\/#article","isPartOf":{"@id":"https:\/\/elinformativotam.com\/index.php\/2020\/03\/26\/gobierno-de-altamira-acentua-labores-contra-padecimientos-vectoriales\/"},"author":{"name":"El Informativo Tam","@id":"https:\/\/elinformativotam.com\/#\/schema\/person\/78e08040eed0f6110f0c5f83b6153590"},"headline":"GOBIERNO DE ALTAMIRA ACENT\u00daA LABORES CONTRA PADECIMIENTOS VECTORIALES","datePublished":"2020-03-26T23:07:57+00:00","mainEntityOfPage":{"@id":"https:\/\/elinformativotam.com\/index.php\/2020\/03\/26\/gobierno-de-altamira-acentua-labores-contra-padecimientos-vectoriales\/"},"wordCount":278,"commentCount":0,"publisher":{"@id":"https:\/\/elinformativotam.com\/#organization"},"articleSection":["Altamira"],"inLanguage":"es","potentialAction":[{"@type":"CommentAction","name":"Comment","target":["https:\/\/elinformativotam.com\/index.php\/2020\/03\/26\/gobierno-de-altamira-acentua-labores-contra-padecimientos-vectoriales\/#respond"]}]},{"@type":"WebPage","@id":"https:\/\/elinformativotam.com\/index.php\/2020\/03\/26\/gobierno-de-altamira-acentua-labores-contra-padecimientos-vectoriales\/","url":"https:\/\/elinformativotam.com\/index.php\/2020\/03\/26\/gobierno-de-altamira-acentua-labores-contra-padecimientos-vectoriales\/","name":"GOBIERNO DE ALTAMIRA ACENT\u00daA LABORES CONTRA PADECIMIENTOS VECTORIALES - EL INFORMATIVO DE TAMAULIPAS","isPartOf":{"@id":"https:\/\/elinformativotam.com\/#website"},"datePublished":"2020-03-26T23:07:57+00:00","description":"*Se Efect\u00faa Jornada De Limpieza En El Fraccionamiento Santa Anita Con la finalidad de reducir los riegos de enfermedades transmitidas por vector, el","inLanguage":"es","potentialAction":[{"@type":"ReadAction","target":["https:\/\/elinformativotam.com\/index.php\/2020\/03\/26\/gobierno-de-altamira-acentua-labores-contra-padecimientos-vectoriales\/"]}]},{"@type":"WebSite","@id":"https:\/\/elinformativotam.com\/#website","url":"https:\/\/elinformativotam.com\/","name":"EL INFORMATIVO DE TAMAULIPAS","description":"Desde la Zona Metropolitana Para Todo M\u00e9xico","publisher":{"@id":"https:\/\/elinformativotam.com\/#organization"},"potentialAction":[{"@type":"SearchAction","target":{"@type":"EntryPoint","urlTemplate":"https:\/\/elinformativotam.com\/?s={search_term_string}"},"query-input":{"@type":"PropertyValueSpecification","valueRequired":true,"valueName":"search_term_string"}}],"inLanguage":"es"},{"@type":"Organization","@id":"https:\/\/elinformativotam.com\/#organization","name":"EL INFORMATIVO DE TAMAULIPAS","url":"https:\/\/elinformativotam.com\/","logo":{"@type":"ImageObject","inLanguage":"es","@id":"https:\/\/elinformativotam.com\/#\/schema\/logo\/image\/","url":"https:\/\/elinformativotam.com\/wp-content\/uploads\/2026\/02\/Cabezal.png","contentUrl":"https:\/\/elinformativotam.com\/wp-content\/uploads\/2026\/02\/Cabezal.png","width":960,"height":640,"caption":"EL INFORMATIVO DE TAMAULIPAS"},"image":{"@id":"https:\/\/elinformativotam.com\/#\/schema\/logo\/image\/"}},{"@type":"Person","@id":"https:\/\/elinformativotam.com\/#\/schema\/person\/78e08040eed0f6110f0c5f83b6153590","name":"El Informativo Tam","image":{"@type":"ImageObject","inLanguage":"es","@id":"https:\/\/secure.gravatar.com\/avatar\/f3b7ad3af540688955925ac610647be00b0cf41feea9c4978b73a707ee86bc53?s=96&d=mm&r=g","url":"https:\/\/secure.gravatar.com\/avatar\/f3b7ad3af540688955925ac610647be00b0cf41feea9c4978b73a707ee86bc53?s=96&d=mm&r=g","contentUrl":"https:\/\/secure.gravatar.com\/avatar\/f3b7ad3af540688955925ac610647be00b0cf41feea9c4978b73a707ee86bc53?s=96&d=mm&r=g","caption":"El Informativo Tam"}}]}},"_links":{"self":[{"href":"https:\/\/elinformativotam.com\/index.php\/wp-json\/wp\/v2\/posts\/4108","targetHints":{"allow":["GET"]}}],"collection":[{"href":"https:\/\/elinformativotam.com\/index.php\/wp-json\/wp\/v2\/posts"}],"about":[{"href":"https:\/\/elinformativotam.com\/index.php\/wp-json\/wp\/v2\/types\/post"}],"author":[{"embeddable":true,"href":"https:\/\/elinformativotam.com\/index.php\/wp-json\/wp\/v2\/users\/1"}],"replies":[{"embeddable":true,"href":"https:\/\/elinformativotam.com\/index.php\/wp-json\/wp\/v2\/comments?post=4108"}],"version-history":[{"count":0,"href":"https:\/\/elinformativotam.com\/index.php\/wp-json\/wp\/v2\/posts\/4108\/revisions"}],"wp:attachment":[{"href":"https:\/\/elinformativotam.com\/index.php\/wp-json\/wp\/v2\/media?parent=4108"}],"wp:term":[{"taxonomy":"category","embeddable":true,"href":"https:\/\/elinformativotam.com\/index.php\/wp-json\/wp\/v2\/categories?post=4108"},{"taxonomy":"post_tag","embeddable":true,"href":"https:\/\/elinformativotam.com\/index.php\/wp-json\/wp\/v2\/tags?post=4108"}],"curies":[{"name":"wp","href":"https:\/\/api.w.org\/{rel}","templated":true}]}}