{"id":4096,"date":"2020-03-26T16:45:51","date_gmt":"2020-03-26T22:45:51","guid":{"rendered":"http:\/\/elinformativotam.com\/?p=4096"},"modified":"2020-03-26T16:45:51","modified_gmt":"2020-03-26T22:45:51","slug":"entrega-sistema-dif-madero-despensas-a-abuelitos-empacadores","status":"publish","type":"post","link":"https:\/\/elinformativotam.com\/index.php\/2020\/03\/26\/entrega-sistema-dif-madero-despensas-a-abuelitos-empacadores\/","title":{"rendered":"ENTREGA SISTEMA DIF MADERO DESPENSAS A ABUELITOS EMPACADORES"},"content":{"rendered":"<p>Cuidando los protocolos de salud y atendiendo a uno de los sectores m\u00e1s vulnerables de la poblaci\u00f3n, el Sistema DIF Madero, que preside la Sra. Ana Cristina Organista de Oseguera, hizo la entrega ordenada de los apoyos nutricionales que beneficia a los m\u00e1s de 600 abuelitos y abuelitas inscritos al programa de empacadores en distintos centros comerciales, que de momento tienen suspendidas dichas actividades por el COVID-19.<\/p>\n<p>&nbsp;<\/p>\n<p>Al respecto, la directora general del DIF municipal, Amelia P\u00e9rez Rodr\u00edguez, se\u00f1al\u00f3 que este beneficio fue entregado a los abuelitos trabajadores en coordinaci\u00f3n con el Sistema DIF Estatal.<\/p>\n<p>&nbsp;<\/p>\n<p>&#8220;Durante esta contingencia de salud, los abuelitos que laboran diariamente en las tiendas comerciales del municipio como empacadores, han dejado temporalmente esas actividades ateniendo las recomendaciones de las autoridades de Salud; sin embargo conjuntamente con DIF Tamaulipas, estamos entreg\u00e1ndoles la despensa&#8221;, expres\u00f3 P\u00e9rez Rodr\u00edguez.<\/p>\n<p><img loading=\"lazy\" decoding=\"async\" class=\"wp-image-4094 alignleft\" src=\"https:\/\/elinformativotam.com\/wp-content\/uploads\/2020\/03\/difmad-300x200.jpg\" alt=\"\" width=\"491\" height=\"327\" \/><\/p>\n<p>Asimismo, a nombre de la Sra. Ana Cristina Organista de Oseguera, hizo un reconocimiento especial a las tiendas HEB, Soriana, Su Bodega, Aurrera, Walmart, Aka, Chedraui y Arteli, ya que se sumaron a la causa haciendo una aportaci\u00f3n econ\u00f3mica a los 627 adultos mayores que laboran en sus sucursales.<\/p>\n<p>&nbsp;<\/p>\n<p>&#8220;Las 34 tiendas comerciales que tienen como empacadores a los abuelitos del DIF Madero, son socialmente responsables, por ello, al saber qu\u00e9 no podr\u00edan asistir a sus centros de trabajo mientras la contingencia contin\u00fae, quisieron darles una aportaci\u00f3n econ\u00f3mica para que cuenten con recursos&#8221;, se\u00f1al\u00f3 la directora general del DIF Madero.<\/p>\n<p>&nbsp;<\/p>\n<p>Mencion\u00f3 por \u00faltimo que la Sra. Ana Cristina Organista de Oseguera, ha estado muy al pendiente de los abuelitos y abuelitas integrados al DIF Madero,<\/p>\n<p>&nbsp;<\/p>\n<p>brind\u00e1ndoles todo lo necesario para que la estad\u00eda en casa sea lo m\u00e1s tranquila posible<\/p>\n","protected":false},"excerpt":{"rendered":"<p>Cuidando los protocolos de salud y atendiendo a uno de los sectores m\u00e1s vulnerables de la poblaci\u00f3n, el Sistema DIF&hellip;<\/p>\n","protected":false},"author":1,"featured_media":0,"comment_status":"open","ping_status":"open","sticky":false,"template":"","format":"standard","meta":{"footnotes":""},"categories":[4],"tags":[],"class_list":["post-4096","post","type-post","status-publish","format-standard","hentry","category-madero"],"yoast_head":"<!-- This site is optimized with the Yoast SEO plugin v27.4 - https:\/\/yoast.com\/product\/yoast-seo-wordpress\/ -->\n<title>ENTREGA SISTEMA DIF MADERO DESPENSAS A ABUELITOS EMPACADORES - EL INFORMATIVO DE TAMAULIPAS<\/title>\n<meta name=\"description\" content=\"Cuidando los protocolos de salud y atendiendo a uno de los sectores m\u00e1s vulnerables de la poblaci\u00f3n, el Sistema DIF Madero, que preside la Sra. Ana\" \/>\n<meta name=\"robots\" content=\"index, follow, max-snippet:-1, max-image-preview:large, max-video-preview:-1\" \/>\n<link rel=\"canonical\" href=\"https:\/\/elinformativotam.com\/index.php\/2020\/03\/26\/entrega-sistema-dif-madero-despensas-a-abuelitos-empacadores\/\" \/>\n<meta property=\"og:locale\" content=\"es_MX\" \/>\n<meta property=\"og:type\" content=\"article\" \/>\n<meta property=\"og:title\" content=\"ENTREGA SISTEMA DIF MADERO DESPENSAS A ABUELITOS EMPACADORES - EL INFORMATIVO DE TAMAULIPAS\" \/>\n<meta property=\"og:description\" content=\"Cuidando los protocolos de salud y atendiendo a uno de los sectores m\u00e1s vulnerables de la poblaci\u00f3n, el Sistema DIF Madero, que preside la Sra. Ana\" \/>\n<meta property=\"og:url\" content=\"https:\/\/elinformativotam.com\/index.php\/2020\/03\/26\/entrega-sistema-dif-madero-despensas-a-abuelitos-empacadores\/\" \/>\n<meta property=\"og:site_name\" content=\"EL INFORMATIVO DE TAMAULIPAS\" \/>\n<meta property=\"article:published_time\" content=\"2020-03-26T22:45:51+00:00\" \/>\n<meta property=\"og:image\" content=\"http:\/\/elinformativotam.com\/wp-content\/uploads\/2020\/03\/difmad-300x200.jpg\" \/>\n<meta name=\"author\" content=\"El Informativo Tam\" \/>\n<meta name=\"twitter:card\" content=\"summary_large_image\" \/>\n<meta name=\"twitter:label1\" content=\"Escrito por\" \/>\n\t<meta name=\"twitter:data1\" content=\"El Informativo Tam\" \/>\n\t<meta name=\"twitter:label2\" content=\"Tiempo de lectura\" \/>\n\t<meta name=\"twitter:data2\" content=\"2 minutos\" \/>\n<script type=\"application\/ld+json\" class=\"yoast-schema-graph\">{\"@context\":\"https:\\\/\\\/schema.org\",\"@graph\":[{\"@type\":\"Article\",\"@id\":\"https:\\\/\\\/elinformativotam.com\\\/index.php\\\/2020\\\/03\\\/26\\\/entrega-sistema-dif-madero-despensas-a-abuelitos-empacadores\\\/#article\",\"isPartOf\":{\"@id\":\"https:\\\/\\\/elinformativotam.com\\\/index.php\\\/2020\\\/03\\\/26\\\/entrega-sistema-dif-madero-despensas-a-abuelitos-empacadores\\\/\"},\"author\":{\"name\":\"El Informativo Tam\",\"@id\":\"https:\\\/\\\/elinformativotam.com\\\/#\\\/schema\\\/person\\\/78e08040eed0f6110f0c5f83b6153590\"},\"headline\":\"ENTREGA SISTEMA DIF MADERO DESPENSAS A ABUELITOS EMPACADORES\",\"datePublished\":\"2020-03-26T22:45:51+00:00\",\"mainEntityOfPage\":{\"@id\":\"https:\\\/\\\/elinformativotam.com\\\/index.php\\\/2020\\\/03\\\/26\\\/entrega-sistema-dif-madero-despensas-a-abuelitos-empacadores\\\/\"},\"wordCount\":309,\"commentCount\":0,\"publisher\":{\"@id\":\"https:\\\/\\\/elinformativotam.com\\\/#organization\"},\"image\":{\"@id\":\"https:\\\/\\\/elinformativotam.com\\\/index.php\\\/2020\\\/03\\\/26\\\/entrega-sistema-dif-madero-despensas-a-abuelitos-empacadores\\\/#primaryimage\"},\"thumbnailUrl\":\"http:\\\/\\\/elinformativotam.com\\\/wp-content\\\/uploads\\\/2020\\\/03\\\/difmad-300x200.jpg\",\"articleSection\":[\"Cd Madero\"],\"inLanguage\":\"es\",\"potentialAction\":[{\"@type\":\"CommentAction\",\"name\":\"Comment\",\"target\":[\"https:\\\/\\\/elinformativotam.com\\\/index.php\\\/2020\\\/03\\\/26\\\/entrega-sistema-dif-madero-despensas-a-abuelitos-empacadores\\\/#respond\"]}]},{\"@type\":\"WebPage\",\"@id\":\"https:\\\/\\\/elinformativotam.com\\\/index.php\\\/2020\\\/03\\\/26\\\/entrega-sistema-dif-madero-despensas-a-abuelitos-empacadores\\\/\",\"url\":\"https:\\\/\\\/elinformativotam.com\\\/index.php\\\/2020\\\/03\\\/26\\\/entrega-sistema-dif-madero-despensas-a-abuelitos-empacadores\\\/\",\"name\":\"ENTREGA SISTEMA DIF MADERO DESPENSAS A ABUELITOS EMPACADORES - EL INFORMATIVO DE TAMAULIPAS\",\"isPartOf\":{\"@id\":\"https:\\\/\\\/elinformativotam.com\\\/#website\"},\"primaryImageOfPage\":{\"@id\":\"https:\\\/\\\/elinformativotam.com\\\/index.php\\\/2020\\\/03\\\/26\\\/entrega-sistema-dif-madero-despensas-a-abuelitos-empacadores\\\/#primaryimage\"},\"image\":{\"@id\":\"https:\\\/\\\/elinformativotam.com\\\/index.php\\\/2020\\\/03\\\/26\\\/entrega-sistema-dif-madero-despensas-a-abuelitos-empacadores\\\/#primaryimage\"},\"thumbnailUrl\":\"http:\\\/\\\/elinformativotam.com\\\/wp-content\\\/uploads\\\/2020\\\/03\\\/difmad-300x200.jpg\",\"datePublished\":\"2020-03-26T22:45:51+00:00\",\"description\":\"Cuidando los protocolos de salud y atendiendo a uno de los sectores m\u00e1s vulnerables de la poblaci\u00f3n, el Sistema DIF Madero, que preside la Sra. Ana\",\"inLanguage\":\"es\",\"potentialAction\":[{\"@type\":\"ReadAction\",\"target\":[\"https:\\\/\\\/elinformativotam.com\\\/index.php\\\/2020\\\/03\\\/26\\\/entrega-sistema-dif-madero-despensas-a-abuelitos-empacadores\\\/\"]}]},{\"@type\":\"ImageObject\",\"inLanguage\":\"es\",\"@id\":\"https:\\\/\\\/elinformativotam.com\\\/index.php\\\/2020\\\/03\\\/26\\\/entrega-sistema-dif-madero-despensas-a-abuelitos-empacadores\\\/#primaryimage\",\"url\":\"http:\\\/\\\/elinformativotam.com\\\/wp-content\\\/uploads\\\/2020\\\/03\\\/difmad-300x200.jpg\",\"contentUrl\":\"http:\\\/\\\/elinformativotam.com\\\/wp-content\\\/uploads\\\/2020\\\/03\\\/difmad-300x200.jpg\"},{\"@type\":\"WebSite\",\"@id\":\"https:\\\/\\\/elinformativotam.com\\\/#website\",\"url\":\"https:\\\/\\\/elinformativotam.com\\\/\",\"name\":\"EL INFORMATIVO DE TAMAULIPAS\",\"description\":\"Desde la Zona Metropolitana Para Todo M\u00e9xico\",\"publisher\":{\"@id\":\"https:\\\/\\\/elinformativotam.com\\\/#organization\"},\"potentialAction\":[{\"@type\":\"SearchAction\",\"target\":{\"@type\":\"EntryPoint\",\"urlTemplate\":\"https:\\\/\\\/elinformativotam.com\\\/?s={search_term_string}\"},\"query-input\":{\"@type\":\"PropertyValueSpecification\",\"valueRequired\":true,\"valueName\":\"search_term_string\"}}],\"inLanguage\":\"es\"},{\"@type\":\"Organization\",\"@id\":\"https:\\\/\\\/elinformativotam.com\\\/#organization\",\"name\":\"EL INFORMATIVO DE TAMAULIPAS\",\"url\":\"https:\\\/\\\/elinformativotam.com\\\/\",\"logo\":{\"@type\":\"ImageObject\",\"inLanguage\":\"es\",\"@id\":\"https:\\\/\\\/elinformativotam.com\\\/#\\\/schema\\\/logo\\\/image\\\/\",\"url\":\"https:\\\/\\\/elinformativotam.com\\\/wp-content\\\/uploads\\\/2026\\\/02\\\/Cabezal.png\",\"contentUrl\":\"https:\\\/\\\/elinformativotam.com\\\/wp-content\\\/uploads\\\/2026\\\/02\\\/Cabezal.png\",\"width\":960,\"height\":640,\"caption\":\"EL INFORMATIVO DE TAMAULIPAS\"},\"image\":{\"@id\":\"https:\\\/\\\/elinformativotam.com\\\/#\\\/schema\\\/logo\\\/image\\\/\"}},{\"@type\":\"Person\",\"@id\":\"https:\\\/\\\/elinformativotam.com\\\/#\\\/schema\\\/person\\\/78e08040eed0f6110f0c5f83b6153590\",\"name\":\"El Informativo Tam\",\"image\":{\"@type\":\"ImageObject\",\"inLanguage\":\"es\",\"@id\":\"https:\\\/\\\/secure.gravatar.com\\\/avatar\\\/f3b7ad3af540688955925ac610647be00b0cf41feea9c4978b73a707ee86bc53?s=96&d=mm&r=g\",\"url\":\"https:\\\/\\\/secure.gravatar.com\\\/avatar\\\/f3b7ad3af540688955925ac610647be00b0cf41feea9c4978b73a707ee86bc53?s=96&d=mm&r=g\",\"contentUrl\":\"https:\\\/\\\/secure.gravatar.com\\\/avatar\\\/f3b7ad3af540688955925ac610647be00b0cf41feea9c4978b73a707ee86bc53?s=96&d=mm&r=g\",\"caption\":\"El Informativo Tam\"}}]}<\/script>\n<!-- \/ Yoast SEO plugin. -->","yoast_head_json":{"title":"ENTREGA SISTEMA DIF MADERO DESPENSAS A ABUELITOS EMPACADORES - EL INFORMATIVO DE TAMAULIPAS","description":"Cuidando los protocolos de salud y atendiendo a uno de los sectores m\u00e1s vulnerables de la poblaci\u00f3n, el Sistema DIF Madero, que preside la Sra. Ana","robots":{"index":"index","follow":"follow","max-snippet":"max-snippet:-1","max-image-preview":"max-image-preview:large","max-video-preview":"max-video-preview:-1"},"canonical":"https:\/\/elinformativotam.com\/index.php\/2020\/03\/26\/entrega-sistema-dif-madero-despensas-a-abuelitos-empacadores\/","og_locale":"es_MX","og_type":"article","og_title":"ENTREGA SISTEMA DIF MADERO DESPENSAS A ABUELITOS EMPACADORES - EL INFORMATIVO DE TAMAULIPAS","og_description":"Cuidando los protocolos de salud y atendiendo a uno de los sectores m\u00e1s vulnerables de la poblaci\u00f3n, el Sistema DIF Madero, que preside la Sra. Ana","og_url":"https:\/\/elinformativotam.com\/index.php\/2020\/03\/26\/entrega-sistema-dif-madero-despensas-a-abuelitos-empacadores\/","og_site_name":"EL INFORMATIVO DE TAMAULIPAS","article_published_time":"2020-03-26T22:45:51+00:00","og_image":[{"url":"http:\/\/elinformativotam.com\/wp-content\/uploads\/2020\/03\/difmad-300x200.jpg","type":"","width":"","height":""}],"author":"El Informativo Tam","twitter_card":"summary_large_image","twitter_misc":{"Escrito por":"El Informativo Tam","Tiempo de lectura":"2 minutos"},"schema":{"@context":"https:\/\/schema.org","@graph":[{"@type":"Article","@id":"https:\/\/elinformativotam.com\/index.php\/2020\/03\/26\/entrega-sistema-dif-madero-despensas-a-abuelitos-empacadores\/#article","isPartOf":{"@id":"https:\/\/elinformativotam.com\/index.php\/2020\/03\/26\/entrega-sistema-dif-madero-despensas-a-abuelitos-empacadores\/"},"author":{"name":"El Informativo Tam","@id":"https:\/\/elinformativotam.com\/#\/schema\/person\/78e08040eed0f6110f0c5f83b6153590"},"headline":"ENTREGA SISTEMA DIF MADERO DESPENSAS A ABUELITOS EMPACADORES","datePublished":"2020-03-26T22:45:51+00:00","mainEntityOfPage":{"@id":"https:\/\/elinformativotam.com\/index.php\/2020\/03\/26\/entrega-sistema-dif-madero-despensas-a-abuelitos-empacadores\/"},"wordCount":309,"commentCount":0,"publisher":{"@id":"https:\/\/elinformativotam.com\/#organization"},"image":{"@id":"https:\/\/elinformativotam.com\/index.php\/2020\/03\/26\/entrega-sistema-dif-madero-despensas-a-abuelitos-empacadores\/#primaryimage"},"thumbnailUrl":"http:\/\/elinformativotam.com\/wp-content\/uploads\/2020\/03\/difmad-300x200.jpg","articleSection":["Cd Madero"],"inLanguage":"es","potentialAction":[{"@type":"CommentAction","name":"Comment","target":["https:\/\/elinformativotam.com\/index.php\/2020\/03\/26\/entrega-sistema-dif-madero-despensas-a-abuelitos-empacadores\/#respond"]}]},{"@type":"WebPage","@id":"https:\/\/elinformativotam.com\/index.php\/2020\/03\/26\/entrega-sistema-dif-madero-despensas-a-abuelitos-empacadores\/","url":"https:\/\/elinformativotam.com\/index.php\/2020\/03\/26\/entrega-sistema-dif-madero-despensas-a-abuelitos-empacadores\/","name":"ENTREGA SISTEMA DIF MADERO DESPENSAS A ABUELITOS EMPACADORES - EL INFORMATIVO DE TAMAULIPAS","isPartOf":{"@id":"https:\/\/elinformativotam.com\/#website"},"primaryImageOfPage":{"@id":"https:\/\/elinformativotam.com\/index.php\/2020\/03\/26\/entrega-sistema-dif-madero-despensas-a-abuelitos-empacadores\/#primaryimage"},"image":{"@id":"https:\/\/elinformativotam.com\/index.php\/2020\/03\/26\/entrega-sistema-dif-madero-despensas-a-abuelitos-empacadores\/#primaryimage"},"thumbnailUrl":"http:\/\/elinformativotam.com\/wp-content\/uploads\/2020\/03\/difmad-300x200.jpg","datePublished":"2020-03-26T22:45:51+00:00","description":"Cuidando los protocolos de salud y atendiendo a uno de los sectores m\u00e1s vulnerables de la poblaci\u00f3n, el Sistema DIF Madero, que preside la Sra. Ana","inLanguage":"es","potentialAction":[{"@type":"ReadAction","target":["https:\/\/elinformativotam.com\/index.php\/2020\/03\/26\/entrega-sistema-dif-madero-despensas-a-abuelitos-empacadores\/"]}]},{"@type":"ImageObject","inLanguage":"es","@id":"https:\/\/elinformativotam.com\/index.php\/2020\/03\/26\/entrega-sistema-dif-madero-despensas-a-abuelitos-empacadores\/#primaryimage","url":"http:\/\/elinformativotam.com\/wp-content\/uploads\/2020\/03\/difmad-300x200.jpg","contentUrl":"http:\/\/elinformativotam.com\/wp-content\/uploads\/2020\/03\/difmad-300x200.jpg"},{"@type":"WebSite","@id":"https:\/\/elinformativotam.com\/#website","url":"https:\/\/elinformativotam.com\/","name":"EL INFORMATIVO DE TAMAULIPAS","description":"Desde la Zona Metropolitana Para Todo M\u00e9xico","publisher":{"@id":"https:\/\/elinformativotam.com\/#organization"},"potentialAction":[{"@type":"SearchAction","target":{"@type":"EntryPoint","urlTemplate":"https:\/\/elinformativotam.com\/?s={search_term_string}"},"query-input":{"@type":"PropertyValueSpecification","valueRequired":true,"valueName":"search_term_string"}}],"inLanguage":"es"},{"@type":"Organization","@id":"https:\/\/elinformativotam.com\/#organization","name":"EL INFORMATIVO DE TAMAULIPAS","url":"https:\/\/elinformativotam.com\/","logo":{"@type":"ImageObject","inLanguage":"es","@id":"https:\/\/elinformativotam.com\/#\/schema\/logo\/image\/","url":"https:\/\/elinformativotam.com\/wp-content\/uploads\/2026\/02\/Cabezal.png","contentUrl":"https:\/\/elinformativotam.com\/wp-content\/uploads\/2026\/02\/Cabezal.png","width":960,"height":640,"caption":"EL INFORMATIVO DE TAMAULIPAS"},"image":{"@id":"https:\/\/elinformativotam.com\/#\/schema\/logo\/image\/"}},{"@type":"Person","@id":"https:\/\/elinformativotam.com\/#\/schema\/person\/78e08040eed0f6110f0c5f83b6153590","name":"El Informativo Tam","image":{"@type":"ImageObject","inLanguage":"es","@id":"https:\/\/secure.gravatar.com\/avatar\/f3b7ad3af540688955925ac610647be00b0cf41feea9c4978b73a707ee86bc53?s=96&d=mm&r=g","url":"https:\/\/secure.gravatar.com\/avatar\/f3b7ad3af540688955925ac610647be00b0cf41feea9c4978b73a707ee86bc53?s=96&d=mm&r=g","contentUrl":"https:\/\/secure.gravatar.com\/avatar\/f3b7ad3af540688955925ac610647be00b0cf41feea9c4978b73a707ee86bc53?s=96&d=mm&r=g","caption":"El Informativo Tam"}}]}},"_links":{"self":[{"href":"https:\/\/elinformativotam.com\/index.php\/wp-json\/wp\/v2\/posts\/4096","targetHints":{"allow":["GET"]}}],"collection":[{"href":"https:\/\/elinformativotam.com\/index.php\/wp-json\/wp\/v2\/posts"}],"about":[{"href":"https:\/\/elinformativotam.com\/index.php\/wp-json\/wp\/v2\/types\/post"}],"author":[{"embeddable":true,"href":"https:\/\/elinformativotam.com\/index.php\/wp-json\/wp\/v2\/users\/1"}],"replies":[{"embeddable":true,"href":"https:\/\/elinformativotam.com\/index.php\/wp-json\/wp\/v2\/comments?post=4096"}],"version-history":[{"count":0,"href":"https:\/\/elinformativotam.com\/index.php\/wp-json\/wp\/v2\/posts\/4096\/revisions"}],"wp:attachment":[{"href":"https:\/\/elinformativotam.com\/index.php\/wp-json\/wp\/v2\/media?parent=4096"}],"wp:term":[{"taxonomy":"category","embeddable":true,"href":"https:\/\/elinformativotam.com\/index.php\/wp-json\/wp\/v2\/categories?post=4096"},{"taxonomy":"post_tag","embeddable":true,"href":"https:\/\/elinformativotam.com\/index.php\/wp-json\/wp\/v2\/tags?post=4096"}],"curies":[{"name":"wp","href":"https:\/\/api.w.org\/{rel}","templated":true}]}}