{"id":405,"date":"2019-10-28T19:12:39","date_gmt":"2019-10-29T01:12:39","guid":{"rendered":"http:\/\/elinformativotam.com\/?p=405"},"modified":"2019-10-28T19:12:39","modified_gmt":"2019-10-29T01:12:39","slug":"en-pavimentacion-chucho-nader-cumple-con-los-tampiquenos","status":"publish","type":"post","link":"https:\/\/elinformativotam.com\/index.php\/2019\/10\/28\/en-pavimentacion-chucho-nader-cumple-con-los-tampiquenos\/","title":{"rendered":"EN PAVIMENTACI\u00d3N CHUCHO NADER CUMPLE CON LOS TAMPIQUE\u00d1OS"},"content":{"rendered":"<p>Mediante una inversi\u00f3n superior a los seis millones 400 mil pesos, el Presidente Municipal Chucho Nader inaugur\u00f3 este lunes, la pavimentaci\u00f3n a base de concreto hidr\u00e1ulico de la calle Pedro Jos\u00e9 M\u00e9ndez, entre Allende y Revoluci\u00f3n de la colonia Jos\u00e9 L\u00f3pez Portillo.<\/p>\n<p>El jefe de la comuna, acompa\u00f1ado por los miembros de su Cabildo y los titulares de las diferentes dependencias, se\u00f1al\u00f3 que con la modernizaci\u00f3n de esta vialidad, se cumple el anhelo de los vecinos que por m\u00e1s de 40 a\u00f1os hab\u00edan esperado la pavimentaci\u00f3n de la misma.<\/p>\n<p>\u201cEstamos cumpliendo las necesidades prioritarias de la poblaci\u00f3n y en materia de pavimentaci\u00f3n hemos efectuado un extenso e intenso trabajo por modernizar la red vial en toda la ciudad. Gracias a la eficacia en el manejo de los recursos, a la transparencia y honestidad que impera en este gobierno, hemos pavimentado m\u00e1s de 240 cuadras, atendiendo a todos los sectores de Tampico\u201d, dijo.<\/p>\n<p>Chucho Nader asegur\u00f3 que con un trabajo basado en resultados y en el cumplimiento de los compromisos contra\u00eddos con la poblaci\u00f3n, se est\u00e1 recuperando el orgullo de ser tampique\u00f1os y se construye una ciudad modelo a nivel estatal y nacional.<\/p>\n<p>&nbsp;<\/p>\n<p><img loading=\"lazy\" decoding=\"async\" class=\"alignnone wp-image-407\" src=\"https:\/\/elinformativotam.com\/wp-content\/uploads\/2019\/10\/chucho-2-300x169.jpg\" alt=\"\" width=\"747\" height=\"421\" \/><\/p>\n<p>&nbsp;<\/p>\n<p>La obra incluy\u00f3 la pavimentaci\u00f3n a base de concreto hidr\u00e1ulico de 320 metros lineales de calle; as\u00ed como la reposici\u00f3n integral de la red de agua potable y drenaje sanitario, la construcci\u00f3n de guarniciones y banquetas; y la instalaci\u00f3n de una moderna red de alumbrado p\u00fablico.<\/p>\n<p>A nombre de los vecinos, Ver\u00f3nica Huerta Acosta agradeci\u00f3 la pavimentaci\u00f3n de la arteria, que dijo- \u201cdurante m\u00e1s de 44 a\u00f1os anhelamos su pavimentaci\u00f3n y hoy se hizo posible, gracias a usted\u201d.<\/p>\n<p>Record\u00f3 que durante la presente administraci\u00f3n, la colonia L\u00f3pez Portillo ha sido favorecida con la pavimentaci\u00f3n de las calles; Morelos, Mariano Matamoros, privada Morelos y Pedro Jos\u00e9 M\u00e9ndez.<\/p>\n<p>\u201cTodos estos compromisos han sido cumplidos porque usted, lo que dice lo cumple; y ha definido a la pol\u00edtica como el arte de servir de una manera transparente, responsable y honesta; haciendo que Tampico brille en todo su esplendor\u201d, puntualiz\u00f3.<\/p>\n<p>Al acto asistieron tambi\u00e9n, el Secretario de Bienestar social y Deportes, Ren\u00e9 Sent\u00edes Barrios; el Delegado Municipal de la Zona Norte, Lamberto Gonz\u00e1lez de la Maza; el Regidor Presidente de la Comisi\u00f3n de obras p\u00fablicas, Jos\u00e9 Antonio Luengas Dond\u00e9 y el titular de Obras P\u00fablicas, Pedro Pablo Rangel Cerrillo.<\/p>\n","protected":false},"excerpt":{"rendered":"<p>Mediante una inversi\u00f3n superior a los seis millones 400 mil pesos, el Presidente Municipal Chucho Nader inaugur\u00f3 este lunes, la&hellip;<\/p>\n","protected":false},"author":1,"featured_media":0,"comment_status":"open","ping_status":"open","sticky":false,"template":"","format":"standard","meta":{"footnotes":""},"categories":[3],"tags":[],"class_list":["post-405","post","type-post","status-publish","format-standard","hentry","category-tampico"],"yoast_head":"<!-- This site is optimized with the Yoast SEO plugin v27.5 - https:\/\/yoast.com\/product\/yoast-seo-wordpress\/ -->\n<title>EN PAVIMENTACI\u00d3N CHUCHO NADER CUMPLE CON LOS TAMPIQUE\u00d1OS - EL INFORMATIVO DE TAMAULIPAS<\/title>\n<meta name=\"description\" content=\"Mediante una inversi\u00f3n superior a los seis millones 400 mil pesos, el Presidente Municipal Chucho Nader inaugur\u00f3 este lunes, la pavimentaci\u00f3n a base de\" \/>\n<meta name=\"robots\" content=\"index, follow, max-snippet:-1, max-image-preview:large, max-video-preview:-1\" \/>\n<link rel=\"canonical\" href=\"https:\/\/elinformativotam.com\/index.php\/2019\/10\/28\/en-pavimentacion-chucho-nader-cumple-con-los-tampiquenos\/\" \/>\n<meta property=\"og:locale\" content=\"es_MX\" \/>\n<meta property=\"og:type\" content=\"article\" \/>\n<meta property=\"og:title\" content=\"EN PAVIMENTACI\u00d3N CHUCHO NADER CUMPLE CON LOS TAMPIQUE\u00d1OS - EL INFORMATIVO DE TAMAULIPAS\" \/>\n<meta property=\"og:description\" content=\"Mediante una inversi\u00f3n superior a los seis millones 400 mil pesos, el Presidente Municipal Chucho Nader inaugur\u00f3 este lunes, la pavimentaci\u00f3n a base de\" \/>\n<meta property=\"og:url\" content=\"https:\/\/elinformativotam.com\/index.php\/2019\/10\/28\/en-pavimentacion-chucho-nader-cumple-con-los-tampiquenos\/\" \/>\n<meta property=\"og:site_name\" content=\"EL INFORMATIVO DE TAMAULIPAS\" \/>\n<meta property=\"article:published_time\" content=\"2019-10-29T01:12:39+00:00\" \/>\n<meta property=\"og:image\" content=\"http:\/\/elinformativotam.com\/wp-content\/uploads\/2019\/10\/chucho-2-300x169.jpg\" \/>\n<meta name=\"author\" content=\"El Informativo Tam\" \/>\n<meta name=\"twitter:card\" content=\"summary_large_image\" \/>\n<meta name=\"twitter:label1\" content=\"Escrito por\" \/>\n\t<meta name=\"twitter:data1\" content=\"El Informativo Tam\" \/>\n\t<meta name=\"twitter:label2\" content=\"Tiempo de lectura\" \/>\n\t<meta name=\"twitter:data2\" content=\"2 minutos\" \/>\n<script type=\"application\/ld+json\" class=\"yoast-schema-graph\">{\"@context\":\"https:\\\/\\\/schema.org\",\"@graph\":[{\"@type\":\"Article\",\"@id\":\"https:\\\/\\\/elinformativotam.com\\\/index.php\\\/2019\\\/10\\\/28\\\/en-pavimentacion-chucho-nader-cumple-con-los-tampiquenos\\\/#article\",\"isPartOf\":{\"@id\":\"https:\\\/\\\/elinformativotam.com\\\/index.php\\\/2019\\\/10\\\/28\\\/en-pavimentacion-chucho-nader-cumple-con-los-tampiquenos\\\/\"},\"author\":{\"name\":\"El Informativo Tam\",\"@id\":\"https:\\\/\\\/elinformativotam.com\\\/#\\\/schema\\\/person\\\/78e08040eed0f6110f0c5f83b6153590\"},\"headline\":\"EN PAVIMENTACI\u00d3N CHUCHO NADER CUMPLE CON LOS TAMPIQUE\u00d1OS\",\"datePublished\":\"2019-10-29T01:12:39+00:00\",\"mainEntityOfPage\":{\"@id\":\"https:\\\/\\\/elinformativotam.com\\\/index.php\\\/2019\\\/10\\\/28\\\/en-pavimentacion-chucho-nader-cumple-con-los-tampiquenos\\\/\"},\"wordCount\":435,\"commentCount\":0,\"publisher\":{\"@id\":\"https:\\\/\\\/elinformativotam.com\\\/#organization\"},\"image\":{\"@id\":\"https:\\\/\\\/elinformativotam.com\\\/index.php\\\/2019\\\/10\\\/28\\\/en-pavimentacion-chucho-nader-cumple-con-los-tampiquenos\\\/#primaryimage\"},\"thumbnailUrl\":\"http:\\\/\\\/elinformativotam.com\\\/wp-content\\\/uploads\\\/2019\\\/10\\\/chucho-2-300x169.jpg\",\"articleSection\":[\"Tampico\"],\"inLanguage\":\"es\",\"potentialAction\":[{\"@type\":\"CommentAction\",\"name\":\"Comment\",\"target\":[\"https:\\\/\\\/elinformativotam.com\\\/index.php\\\/2019\\\/10\\\/28\\\/en-pavimentacion-chucho-nader-cumple-con-los-tampiquenos\\\/#respond\"]}]},{\"@type\":\"WebPage\",\"@id\":\"https:\\\/\\\/elinformativotam.com\\\/index.php\\\/2019\\\/10\\\/28\\\/en-pavimentacion-chucho-nader-cumple-con-los-tampiquenos\\\/\",\"url\":\"https:\\\/\\\/elinformativotam.com\\\/index.php\\\/2019\\\/10\\\/28\\\/en-pavimentacion-chucho-nader-cumple-con-los-tampiquenos\\\/\",\"name\":\"EN PAVIMENTACI\u00d3N CHUCHO NADER CUMPLE CON LOS TAMPIQUE\u00d1OS - EL INFORMATIVO DE TAMAULIPAS\",\"isPartOf\":{\"@id\":\"https:\\\/\\\/elinformativotam.com\\\/#website\"},\"primaryImageOfPage\":{\"@id\":\"https:\\\/\\\/elinformativotam.com\\\/index.php\\\/2019\\\/10\\\/28\\\/en-pavimentacion-chucho-nader-cumple-con-los-tampiquenos\\\/#primaryimage\"},\"image\":{\"@id\":\"https:\\\/\\\/elinformativotam.com\\\/index.php\\\/2019\\\/10\\\/28\\\/en-pavimentacion-chucho-nader-cumple-con-los-tampiquenos\\\/#primaryimage\"},\"thumbnailUrl\":\"http:\\\/\\\/elinformativotam.com\\\/wp-content\\\/uploads\\\/2019\\\/10\\\/chucho-2-300x169.jpg\",\"datePublished\":\"2019-10-29T01:12:39+00:00\",\"description\":\"Mediante una inversi\u00f3n superior a los seis millones 400 mil pesos, el Presidente Municipal Chucho Nader inaugur\u00f3 este lunes, la pavimentaci\u00f3n a base de\",\"inLanguage\":\"es\",\"potentialAction\":[{\"@type\":\"ReadAction\",\"target\":[\"https:\\\/\\\/elinformativotam.com\\\/index.php\\\/2019\\\/10\\\/28\\\/en-pavimentacion-chucho-nader-cumple-con-los-tampiquenos\\\/\"]}]},{\"@type\":\"ImageObject\",\"inLanguage\":\"es\",\"@id\":\"https:\\\/\\\/elinformativotam.com\\\/index.php\\\/2019\\\/10\\\/28\\\/en-pavimentacion-chucho-nader-cumple-con-los-tampiquenos\\\/#primaryimage\",\"url\":\"http:\\\/\\\/elinformativotam.com\\\/wp-content\\\/uploads\\\/2019\\\/10\\\/chucho-2-300x169.jpg\",\"contentUrl\":\"http:\\\/\\\/elinformativotam.com\\\/wp-content\\\/uploads\\\/2019\\\/10\\\/chucho-2-300x169.jpg\"},{\"@type\":\"WebSite\",\"@id\":\"https:\\\/\\\/elinformativotam.com\\\/#website\",\"url\":\"https:\\\/\\\/elinformativotam.com\\\/\",\"name\":\"EL INFORMATIVO DE TAMAULIPAS\",\"description\":\"Desde la Zona Metropolitana Para Todo M\u00e9xico\",\"publisher\":{\"@id\":\"https:\\\/\\\/elinformativotam.com\\\/#organization\"},\"potentialAction\":[{\"@type\":\"SearchAction\",\"target\":{\"@type\":\"EntryPoint\",\"urlTemplate\":\"https:\\\/\\\/elinformativotam.com\\\/?s={search_term_string}\"},\"query-input\":{\"@type\":\"PropertyValueSpecification\",\"valueRequired\":true,\"valueName\":\"search_term_string\"}}],\"inLanguage\":\"es\"},{\"@type\":\"Organization\",\"@id\":\"https:\\\/\\\/elinformativotam.com\\\/#organization\",\"name\":\"EL INFORMATIVO DE TAMAULIPAS\",\"url\":\"https:\\\/\\\/elinformativotam.com\\\/\",\"logo\":{\"@type\":\"ImageObject\",\"inLanguage\":\"es\",\"@id\":\"https:\\\/\\\/elinformativotam.com\\\/#\\\/schema\\\/logo\\\/image\\\/\",\"url\":\"https:\\\/\\\/elinformativotam.com\\\/wp-content\\\/uploads\\\/2026\\\/02\\\/Cabezal.png\",\"contentUrl\":\"https:\\\/\\\/elinformativotam.com\\\/wp-content\\\/uploads\\\/2026\\\/02\\\/Cabezal.png\",\"width\":960,\"height\":640,\"caption\":\"EL INFORMATIVO DE TAMAULIPAS\"},\"image\":{\"@id\":\"https:\\\/\\\/elinformativotam.com\\\/#\\\/schema\\\/logo\\\/image\\\/\"}},{\"@type\":\"Person\",\"@id\":\"https:\\\/\\\/elinformativotam.com\\\/#\\\/schema\\\/person\\\/78e08040eed0f6110f0c5f83b6153590\",\"name\":\"El Informativo Tam\",\"image\":{\"@type\":\"ImageObject\",\"inLanguage\":\"es\",\"@id\":\"https:\\\/\\\/secure.gravatar.com\\\/avatar\\\/f3b7ad3af540688955925ac610647be00b0cf41feea9c4978b73a707ee86bc53?s=96&d=mm&r=g\",\"url\":\"https:\\\/\\\/secure.gravatar.com\\\/avatar\\\/f3b7ad3af540688955925ac610647be00b0cf41feea9c4978b73a707ee86bc53?s=96&d=mm&r=g\",\"contentUrl\":\"https:\\\/\\\/secure.gravatar.com\\\/avatar\\\/f3b7ad3af540688955925ac610647be00b0cf41feea9c4978b73a707ee86bc53?s=96&d=mm&r=g\",\"caption\":\"El Informativo Tam\"}}]}<\/script>\n<!-- \/ Yoast SEO plugin. -->","yoast_head_json":{"title":"EN PAVIMENTACI\u00d3N CHUCHO NADER CUMPLE CON LOS TAMPIQUE\u00d1OS - EL INFORMATIVO DE TAMAULIPAS","description":"Mediante una inversi\u00f3n superior a los seis millones 400 mil pesos, el Presidente Municipal Chucho Nader inaugur\u00f3 este lunes, la pavimentaci\u00f3n a base de","robots":{"index":"index","follow":"follow","max-snippet":"max-snippet:-1","max-image-preview":"max-image-preview:large","max-video-preview":"max-video-preview:-1"},"canonical":"https:\/\/elinformativotam.com\/index.php\/2019\/10\/28\/en-pavimentacion-chucho-nader-cumple-con-los-tampiquenos\/","og_locale":"es_MX","og_type":"article","og_title":"EN PAVIMENTACI\u00d3N CHUCHO NADER CUMPLE CON LOS TAMPIQUE\u00d1OS - EL INFORMATIVO DE TAMAULIPAS","og_description":"Mediante una inversi\u00f3n superior a los seis millones 400 mil pesos, el Presidente Municipal Chucho Nader inaugur\u00f3 este lunes, la pavimentaci\u00f3n a base de","og_url":"https:\/\/elinformativotam.com\/index.php\/2019\/10\/28\/en-pavimentacion-chucho-nader-cumple-con-los-tampiquenos\/","og_site_name":"EL INFORMATIVO DE TAMAULIPAS","article_published_time":"2019-10-29T01:12:39+00:00","og_image":[{"url":"http:\/\/elinformativotam.com\/wp-content\/uploads\/2019\/10\/chucho-2-300x169.jpg","type":"","width":"","height":""}],"author":"El Informativo Tam","twitter_card":"summary_large_image","twitter_misc":{"Escrito por":"El Informativo Tam","Tiempo de lectura":"2 minutos"},"schema":{"@context":"https:\/\/schema.org","@graph":[{"@type":"Article","@id":"https:\/\/elinformativotam.com\/index.php\/2019\/10\/28\/en-pavimentacion-chucho-nader-cumple-con-los-tampiquenos\/#article","isPartOf":{"@id":"https:\/\/elinformativotam.com\/index.php\/2019\/10\/28\/en-pavimentacion-chucho-nader-cumple-con-los-tampiquenos\/"},"author":{"name":"El Informativo Tam","@id":"https:\/\/elinformativotam.com\/#\/schema\/person\/78e08040eed0f6110f0c5f83b6153590"},"headline":"EN PAVIMENTACI\u00d3N CHUCHO NADER CUMPLE CON LOS TAMPIQUE\u00d1OS","datePublished":"2019-10-29T01:12:39+00:00","mainEntityOfPage":{"@id":"https:\/\/elinformativotam.com\/index.php\/2019\/10\/28\/en-pavimentacion-chucho-nader-cumple-con-los-tampiquenos\/"},"wordCount":435,"commentCount":0,"publisher":{"@id":"https:\/\/elinformativotam.com\/#organization"},"image":{"@id":"https:\/\/elinformativotam.com\/index.php\/2019\/10\/28\/en-pavimentacion-chucho-nader-cumple-con-los-tampiquenos\/#primaryimage"},"thumbnailUrl":"http:\/\/elinformativotam.com\/wp-content\/uploads\/2019\/10\/chucho-2-300x169.jpg","articleSection":["Tampico"],"inLanguage":"es","potentialAction":[{"@type":"CommentAction","name":"Comment","target":["https:\/\/elinformativotam.com\/index.php\/2019\/10\/28\/en-pavimentacion-chucho-nader-cumple-con-los-tampiquenos\/#respond"]}]},{"@type":"WebPage","@id":"https:\/\/elinformativotam.com\/index.php\/2019\/10\/28\/en-pavimentacion-chucho-nader-cumple-con-los-tampiquenos\/","url":"https:\/\/elinformativotam.com\/index.php\/2019\/10\/28\/en-pavimentacion-chucho-nader-cumple-con-los-tampiquenos\/","name":"EN PAVIMENTACI\u00d3N CHUCHO NADER CUMPLE CON LOS TAMPIQUE\u00d1OS - EL INFORMATIVO DE TAMAULIPAS","isPartOf":{"@id":"https:\/\/elinformativotam.com\/#website"},"primaryImageOfPage":{"@id":"https:\/\/elinformativotam.com\/index.php\/2019\/10\/28\/en-pavimentacion-chucho-nader-cumple-con-los-tampiquenos\/#primaryimage"},"image":{"@id":"https:\/\/elinformativotam.com\/index.php\/2019\/10\/28\/en-pavimentacion-chucho-nader-cumple-con-los-tampiquenos\/#primaryimage"},"thumbnailUrl":"http:\/\/elinformativotam.com\/wp-content\/uploads\/2019\/10\/chucho-2-300x169.jpg","datePublished":"2019-10-29T01:12:39+00:00","description":"Mediante una inversi\u00f3n superior a los seis millones 400 mil pesos, el Presidente Municipal Chucho Nader inaugur\u00f3 este lunes, la pavimentaci\u00f3n a base de","inLanguage":"es","potentialAction":[{"@type":"ReadAction","target":["https:\/\/elinformativotam.com\/index.php\/2019\/10\/28\/en-pavimentacion-chucho-nader-cumple-con-los-tampiquenos\/"]}]},{"@type":"ImageObject","inLanguage":"es","@id":"https:\/\/elinformativotam.com\/index.php\/2019\/10\/28\/en-pavimentacion-chucho-nader-cumple-con-los-tampiquenos\/#primaryimage","url":"http:\/\/elinformativotam.com\/wp-content\/uploads\/2019\/10\/chucho-2-300x169.jpg","contentUrl":"http:\/\/elinformativotam.com\/wp-content\/uploads\/2019\/10\/chucho-2-300x169.jpg"},{"@type":"WebSite","@id":"https:\/\/elinformativotam.com\/#website","url":"https:\/\/elinformativotam.com\/","name":"EL INFORMATIVO DE TAMAULIPAS","description":"Desde la Zona Metropolitana Para Todo M\u00e9xico","publisher":{"@id":"https:\/\/elinformativotam.com\/#organization"},"potentialAction":[{"@type":"SearchAction","target":{"@type":"EntryPoint","urlTemplate":"https:\/\/elinformativotam.com\/?s={search_term_string}"},"query-input":{"@type":"PropertyValueSpecification","valueRequired":true,"valueName":"search_term_string"}}],"inLanguage":"es"},{"@type":"Organization","@id":"https:\/\/elinformativotam.com\/#organization","name":"EL INFORMATIVO DE TAMAULIPAS","url":"https:\/\/elinformativotam.com\/","logo":{"@type":"ImageObject","inLanguage":"es","@id":"https:\/\/elinformativotam.com\/#\/schema\/logo\/image\/","url":"https:\/\/elinformativotam.com\/wp-content\/uploads\/2026\/02\/Cabezal.png","contentUrl":"https:\/\/elinformativotam.com\/wp-content\/uploads\/2026\/02\/Cabezal.png","width":960,"height":640,"caption":"EL INFORMATIVO DE TAMAULIPAS"},"image":{"@id":"https:\/\/elinformativotam.com\/#\/schema\/logo\/image\/"}},{"@type":"Person","@id":"https:\/\/elinformativotam.com\/#\/schema\/person\/78e08040eed0f6110f0c5f83b6153590","name":"El Informativo Tam","image":{"@type":"ImageObject","inLanguage":"es","@id":"https:\/\/secure.gravatar.com\/avatar\/f3b7ad3af540688955925ac610647be00b0cf41feea9c4978b73a707ee86bc53?s=96&d=mm&r=g","url":"https:\/\/secure.gravatar.com\/avatar\/f3b7ad3af540688955925ac610647be00b0cf41feea9c4978b73a707ee86bc53?s=96&d=mm&r=g","contentUrl":"https:\/\/secure.gravatar.com\/avatar\/f3b7ad3af540688955925ac610647be00b0cf41feea9c4978b73a707ee86bc53?s=96&d=mm&r=g","caption":"El Informativo Tam"}}]}},"_links":{"self":[{"href":"https:\/\/elinformativotam.com\/index.php\/wp-json\/wp\/v2\/posts\/405","targetHints":{"allow":["GET"]}}],"collection":[{"href":"https:\/\/elinformativotam.com\/index.php\/wp-json\/wp\/v2\/posts"}],"about":[{"href":"https:\/\/elinformativotam.com\/index.php\/wp-json\/wp\/v2\/types\/post"}],"author":[{"embeddable":true,"href":"https:\/\/elinformativotam.com\/index.php\/wp-json\/wp\/v2\/users\/1"}],"replies":[{"embeddable":true,"href":"https:\/\/elinformativotam.com\/index.php\/wp-json\/wp\/v2\/comments?post=405"}],"version-history":[{"count":0,"href":"https:\/\/elinformativotam.com\/index.php\/wp-json\/wp\/v2\/posts\/405\/revisions"}],"wp:attachment":[{"href":"https:\/\/elinformativotam.com\/index.php\/wp-json\/wp\/v2\/media?parent=405"}],"wp:term":[{"taxonomy":"category","embeddable":true,"href":"https:\/\/elinformativotam.com\/index.php\/wp-json\/wp\/v2\/categories?post=405"},{"taxonomy":"post_tag","embeddable":true,"href":"https:\/\/elinformativotam.com\/index.php\/wp-json\/wp\/v2\/tags?post=405"}],"curies":[{"name":"wp","href":"https:\/\/api.w.org\/{rel}","templated":true}]}}