{"id":4028,"date":"2020-03-24T18:44:39","date_gmt":"2020-03-25T00:44:39","guid":{"rendered":"http:\/\/elinformativotam.com\/?p=4028"},"modified":"2020-03-24T18:44:39","modified_gmt":"2020-03-25T00:44:39","slug":"choferes-de-transporte-publico-debera-portar-cubrebocas","status":"publish","type":"post","link":"https:\/\/elinformativotam.com\/index.php\/2020\/03\/24\/choferes-de-transporte-publico-debera-portar-cubrebocas\/","title":{"rendered":"CHOFERES DE TRANSPORTE P\u00daBLICO DEBER\u00c1 PORTAR CUBREBOCAS."},"content":{"rendered":"<p>Cd. Madero, Tamaulipas.- Por indicaciones de la Delegaci\u00f3n de Transporte p\u00fablico del estado, los choferes de taxis, carros de ruta, autobuses y microbuses, deber\u00e1n portar cubrebocas de manera obligatoria al momento de prestar el servicio.<\/p>\n<p>&nbsp;<\/p>\n<p>Roberto Delgado Ruiz, delegado de una ruta de taxis en Madero, destac\u00f3 que fue una instrucci\u00f3n que se les gir\u00f3 por parte de las autoridades estatales para tratar de prevenir contagios de algunas enfermedades.<\/p>\n<p>&nbsp;<\/p>\n<p>Mencion\u00f3 que se est\u00e1 haciendo el llamado a quienes manejan alguna unidad del transporte p\u00fablico, debido a que se han percatado que muchos no lo portan, simplemente porque no desean pon\u00e9rselo.<\/p>\n<p>&nbsp;<\/p>\n<p>&#8220;En el momento que nosotros portamos el cubrebocas, se\u00f1alan que estamos infectados, la gente piensa que al momento de portar un cubrebocas es porque est\u00e1n infectados y la gente no se quiere subir con nosotros, la gente se debe enterar que nosotros no lo usamos porque estemos enfermos, sino por disposici\u00f3n de la secretar\u00eda de salud y de transporte p\u00fablico, as\u00ed como por cuidar a nuestras familias&#8221;.<\/p>\n<p>&nbsp;<\/p>\n<p>Expuso que los usuarios deben estar concientes que est\u00e1 acci\u00f3n es preventiva y no porque est\u00e9n enfermos, por lo que no deben tener temor a subirse a las unidades.<\/p>\n<p>&nbsp;<\/p>\n<p>Finalmente, estableci\u00f3 que por el bien de ellos y sus familias, deben acatar las disposiciones de las autoridades, de lo contrario pudieran incluso ser sancionados.<\/p>\n","protected":false},"excerpt":{"rendered":"<p>Cd. Madero, Tamaulipas.- Por indicaciones de la Delegaci\u00f3n de Transporte p\u00fablico del estado, los choferes de taxis, carros de ruta,&hellip;<\/p>\n","protected":false},"author":1,"featured_media":0,"comment_status":"open","ping_status":"open","sticky":false,"template":"","format":"standard","meta":{"footnotes":""},"categories":[4],"tags":[],"class_list":["post-4028","post","type-post","status-publish","format-standard","hentry","category-madero"],"yoast_head":"<!-- This site is optimized with the Yoast SEO plugin v27.5 - https:\/\/yoast.com\/product\/yoast-seo-wordpress\/ -->\n<title>CHOFERES DE TRANSPORTE P\u00daBLICO DEBER\u00c1 PORTAR CUBREBOCAS. - EL INFORMATIVO DE TAMAULIPAS<\/title>\n<meta name=\"description\" content=\"Cd. Madero, Tamaulipas.- Por indicaciones de la Delegaci\u00f3n de Transporte p\u00fablico del estado, los choferes de taxis, carros de ruta, autobuses y\" \/>\n<meta name=\"robots\" content=\"index, follow, max-snippet:-1, max-image-preview:large, max-video-preview:-1\" \/>\n<link rel=\"canonical\" href=\"https:\/\/elinformativotam.com\/index.php\/2020\/03\/24\/choferes-de-transporte-publico-debera-portar-cubrebocas\/\" \/>\n<meta property=\"og:locale\" content=\"es_MX\" \/>\n<meta property=\"og:type\" content=\"article\" \/>\n<meta property=\"og:title\" content=\"CHOFERES DE TRANSPORTE P\u00daBLICO DEBER\u00c1 PORTAR CUBREBOCAS. - EL INFORMATIVO DE TAMAULIPAS\" \/>\n<meta property=\"og:description\" content=\"Cd. Madero, Tamaulipas.- Por indicaciones de la Delegaci\u00f3n de Transporte p\u00fablico del estado, los choferes de taxis, carros de ruta, autobuses y\" \/>\n<meta property=\"og:url\" content=\"https:\/\/elinformativotam.com\/index.php\/2020\/03\/24\/choferes-de-transporte-publico-debera-portar-cubrebocas\/\" \/>\n<meta property=\"og:site_name\" content=\"EL INFORMATIVO DE TAMAULIPAS\" \/>\n<meta property=\"article:published_time\" content=\"2020-03-25T00:44:39+00:00\" \/>\n<meta name=\"author\" content=\"El Informativo Tam\" \/>\n<meta name=\"twitter:card\" content=\"summary_large_image\" \/>\n<meta name=\"twitter:label1\" content=\"Escrito por\" \/>\n\t<meta name=\"twitter:data1\" content=\"El Informativo Tam\" \/>\n\t<meta name=\"twitter:label2\" content=\"Tiempo de lectura\" \/>\n\t<meta name=\"twitter:data2\" content=\"1 minuto\" \/>\n<script type=\"application\/ld+json\" class=\"yoast-schema-graph\">{\"@context\":\"https:\\\/\\\/schema.org\",\"@graph\":[{\"@type\":\"Article\",\"@id\":\"https:\\\/\\\/elinformativotam.com\\\/index.php\\\/2020\\\/03\\\/24\\\/choferes-de-transporte-publico-debera-portar-cubrebocas\\\/#article\",\"isPartOf\":{\"@id\":\"https:\\\/\\\/elinformativotam.com\\\/index.php\\\/2020\\\/03\\\/24\\\/choferes-de-transporte-publico-debera-portar-cubrebocas\\\/\"},\"author\":{\"name\":\"El Informativo Tam\",\"@id\":\"https:\\\/\\\/elinformativotam.com\\\/#\\\/schema\\\/person\\\/78e08040eed0f6110f0c5f83b6153590\"},\"headline\":\"CHOFERES DE TRANSPORTE P\u00daBLICO DEBER\u00c1 PORTAR CUBREBOCAS.\",\"datePublished\":\"2020-03-25T00:44:39+00:00\",\"mainEntityOfPage\":{\"@id\":\"https:\\\/\\\/elinformativotam.com\\\/index.php\\\/2020\\\/03\\\/24\\\/choferes-de-transporte-publico-debera-portar-cubrebocas\\\/\"},\"wordCount\":248,\"commentCount\":0,\"publisher\":{\"@id\":\"https:\\\/\\\/elinformativotam.com\\\/#organization\"},\"articleSection\":[\"Cd Madero\"],\"inLanguage\":\"es\",\"potentialAction\":[{\"@type\":\"CommentAction\",\"name\":\"Comment\",\"target\":[\"https:\\\/\\\/elinformativotam.com\\\/index.php\\\/2020\\\/03\\\/24\\\/choferes-de-transporte-publico-debera-portar-cubrebocas\\\/#respond\"]}]},{\"@type\":\"WebPage\",\"@id\":\"https:\\\/\\\/elinformativotam.com\\\/index.php\\\/2020\\\/03\\\/24\\\/choferes-de-transporte-publico-debera-portar-cubrebocas\\\/\",\"url\":\"https:\\\/\\\/elinformativotam.com\\\/index.php\\\/2020\\\/03\\\/24\\\/choferes-de-transporte-publico-debera-portar-cubrebocas\\\/\",\"name\":\"CHOFERES DE TRANSPORTE P\u00daBLICO DEBER\u00c1 PORTAR CUBREBOCAS. - EL INFORMATIVO DE TAMAULIPAS\",\"isPartOf\":{\"@id\":\"https:\\\/\\\/elinformativotam.com\\\/#website\"},\"datePublished\":\"2020-03-25T00:44:39+00:00\",\"description\":\"Cd. Madero, Tamaulipas.- Por indicaciones de la Delegaci\u00f3n de Transporte p\u00fablico del estado, los choferes de taxis, carros de ruta, autobuses y\",\"inLanguage\":\"es\",\"potentialAction\":[{\"@type\":\"ReadAction\",\"target\":[\"https:\\\/\\\/elinformativotam.com\\\/index.php\\\/2020\\\/03\\\/24\\\/choferes-de-transporte-publico-debera-portar-cubrebocas\\\/\"]}]},{\"@type\":\"WebSite\",\"@id\":\"https:\\\/\\\/elinformativotam.com\\\/#website\",\"url\":\"https:\\\/\\\/elinformativotam.com\\\/\",\"name\":\"EL INFORMATIVO DE TAMAULIPAS\",\"description\":\"Desde la Zona Metropolitana Para Todo M\u00e9xico\",\"publisher\":{\"@id\":\"https:\\\/\\\/elinformativotam.com\\\/#organization\"},\"potentialAction\":[{\"@type\":\"SearchAction\",\"target\":{\"@type\":\"EntryPoint\",\"urlTemplate\":\"https:\\\/\\\/elinformativotam.com\\\/?s={search_term_string}\"},\"query-input\":{\"@type\":\"PropertyValueSpecification\",\"valueRequired\":true,\"valueName\":\"search_term_string\"}}],\"inLanguage\":\"es\"},{\"@type\":\"Organization\",\"@id\":\"https:\\\/\\\/elinformativotam.com\\\/#organization\",\"name\":\"EL INFORMATIVO DE TAMAULIPAS\",\"url\":\"https:\\\/\\\/elinformativotam.com\\\/\",\"logo\":{\"@type\":\"ImageObject\",\"inLanguage\":\"es\",\"@id\":\"https:\\\/\\\/elinformativotam.com\\\/#\\\/schema\\\/logo\\\/image\\\/\",\"url\":\"https:\\\/\\\/elinformativotam.com\\\/wp-content\\\/uploads\\\/2026\\\/02\\\/Cabezal.png\",\"contentUrl\":\"https:\\\/\\\/elinformativotam.com\\\/wp-content\\\/uploads\\\/2026\\\/02\\\/Cabezal.png\",\"width\":960,\"height\":640,\"caption\":\"EL INFORMATIVO DE TAMAULIPAS\"},\"image\":{\"@id\":\"https:\\\/\\\/elinformativotam.com\\\/#\\\/schema\\\/logo\\\/image\\\/\"}},{\"@type\":\"Person\",\"@id\":\"https:\\\/\\\/elinformativotam.com\\\/#\\\/schema\\\/person\\\/78e08040eed0f6110f0c5f83b6153590\",\"name\":\"El Informativo Tam\",\"image\":{\"@type\":\"ImageObject\",\"inLanguage\":\"es\",\"@id\":\"https:\\\/\\\/secure.gravatar.com\\\/avatar\\\/f3b7ad3af540688955925ac610647be00b0cf41feea9c4978b73a707ee86bc53?s=96&d=mm&r=g\",\"url\":\"https:\\\/\\\/secure.gravatar.com\\\/avatar\\\/f3b7ad3af540688955925ac610647be00b0cf41feea9c4978b73a707ee86bc53?s=96&d=mm&r=g\",\"contentUrl\":\"https:\\\/\\\/secure.gravatar.com\\\/avatar\\\/f3b7ad3af540688955925ac610647be00b0cf41feea9c4978b73a707ee86bc53?s=96&d=mm&r=g\",\"caption\":\"El Informativo Tam\"}}]}<\/script>\n<!-- \/ Yoast SEO plugin. -->","yoast_head_json":{"title":"CHOFERES DE TRANSPORTE P\u00daBLICO DEBER\u00c1 PORTAR CUBREBOCAS. - EL INFORMATIVO DE TAMAULIPAS","description":"Cd. Madero, Tamaulipas.- Por indicaciones de la Delegaci\u00f3n de Transporte p\u00fablico del estado, los choferes de taxis, carros de ruta, autobuses y","robots":{"index":"index","follow":"follow","max-snippet":"max-snippet:-1","max-image-preview":"max-image-preview:large","max-video-preview":"max-video-preview:-1"},"canonical":"https:\/\/elinformativotam.com\/index.php\/2020\/03\/24\/choferes-de-transporte-publico-debera-portar-cubrebocas\/","og_locale":"es_MX","og_type":"article","og_title":"CHOFERES DE TRANSPORTE P\u00daBLICO DEBER\u00c1 PORTAR CUBREBOCAS. - EL INFORMATIVO DE TAMAULIPAS","og_description":"Cd. Madero, Tamaulipas.- Por indicaciones de la Delegaci\u00f3n de Transporte p\u00fablico del estado, los choferes de taxis, carros de ruta, autobuses y","og_url":"https:\/\/elinformativotam.com\/index.php\/2020\/03\/24\/choferes-de-transporte-publico-debera-portar-cubrebocas\/","og_site_name":"EL INFORMATIVO DE TAMAULIPAS","article_published_time":"2020-03-25T00:44:39+00:00","author":"El Informativo Tam","twitter_card":"summary_large_image","twitter_misc":{"Escrito por":"El Informativo Tam","Tiempo de lectura":"1 minuto"},"schema":{"@context":"https:\/\/schema.org","@graph":[{"@type":"Article","@id":"https:\/\/elinformativotam.com\/index.php\/2020\/03\/24\/choferes-de-transporte-publico-debera-portar-cubrebocas\/#article","isPartOf":{"@id":"https:\/\/elinformativotam.com\/index.php\/2020\/03\/24\/choferes-de-transporte-publico-debera-portar-cubrebocas\/"},"author":{"name":"El Informativo Tam","@id":"https:\/\/elinformativotam.com\/#\/schema\/person\/78e08040eed0f6110f0c5f83b6153590"},"headline":"CHOFERES DE TRANSPORTE P\u00daBLICO DEBER\u00c1 PORTAR CUBREBOCAS.","datePublished":"2020-03-25T00:44:39+00:00","mainEntityOfPage":{"@id":"https:\/\/elinformativotam.com\/index.php\/2020\/03\/24\/choferes-de-transporte-publico-debera-portar-cubrebocas\/"},"wordCount":248,"commentCount":0,"publisher":{"@id":"https:\/\/elinformativotam.com\/#organization"},"articleSection":["Cd Madero"],"inLanguage":"es","potentialAction":[{"@type":"CommentAction","name":"Comment","target":["https:\/\/elinformativotam.com\/index.php\/2020\/03\/24\/choferes-de-transporte-publico-debera-portar-cubrebocas\/#respond"]}]},{"@type":"WebPage","@id":"https:\/\/elinformativotam.com\/index.php\/2020\/03\/24\/choferes-de-transporte-publico-debera-portar-cubrebocas\/","url":"https:\/\/elinformativotam.com\/index.php\/2020\/03\/24\/choferes-de-transporte-publico-debera-portar-cubrebocas\/","name":"CHOFERES DE TRANSPORTE P\u00daBLICO DEBER\u00c1 PORTAR CUBREBOCAS. - EL INFORMATIVO DE TAMAULIPAS","isPartOf":{"@id":"https:\/\/elinformativotam.com\/#website"},"datePublished":"2020-03-25T00:44:39+00:00","description":"Cd. Madero, Tamaulipas.- Por indicaciones de la Delegaci\u00f3n de Transporte p\u00fablico del estado, los choferes de taxis, carros de ruta, autobuses y","inLanguage":"es","potentialAction":[{"@type":"ReadAction","target":["https:\/\/elinformativotam.com\/index.php\/2020\/03\/24\/choferes-de-transporte-publico-debera-portar-cubrebocas\/"]}]},{"@type":"WebSite","@id":"https:\/\/elinformativotam.com\/#website","url":"https:\/\/elinformativotam.com\/","name":"EL INFORMATIVO DE TAMAULIPAS","description":"Desde la Zona Metropolitana Para Todo M\u00e9xico","publisher":{"@id":"https:\/\/elinformativotam.com\/#organization"},"potentialAction":[{"@type":"SearchAction","target":{"@type":"EntryPoint","urlTemplate":"https:\/\/elinformativotam.com\/?s={search_term_string}"},"query-input":{"@type":"PropertyValueSpecification","valueRequired":true,"valueName":"search_term_string"}}],"inLanguage":"es"},{"@type":"Organization","@id":"https:\/\/elinformativotam.com\/#organization","name":"EL INFORMATIVO DE TAMAULIPAS","url":"https:\/\/elinformativotam.com\/","logo":{"@type":"ImageObject","inLanguage":"es","@id":"https:\/\/elinformativotam.com\/#\/schema\/logo\/image\/","url":"https:\/\/elinformativotam.com\/wp-content\/uploads\/2026\/02\/Cabezal.png","contentUrl":"https:\/\/elinformativotam.com\/wp-content\/uploads\/2026\/02\/Cabezal.png","width":960,"height":640,"caption":"EL INFORMATIVO DE TAMAULIPAS"},"image":{"@id":"https:\/\/elinformativotam.com\/#\/schema\/logo\/image\/"}},{"@type":"Person","@id":"https:\/\/elinformativotam.com\/#\/schema\/person\/78e08040eed0f6110f0c5f83b6153590","name":"El Informativo Tam","image":{"@type":"ImageObject","inLanguage":"es","@id":"https:\/\/secure.gravatar.com\/avatar\/f3b7ad3af540688955925ac610647be00b0cf41feea9c4978b73a707ee86bc53?s=96&d=mm&r=g","url":"https:\/\/secure.gravatar.com\/avatar\/f3b7ad3af540688955925ac610647be00b0cf41feea9c4978b73a707ee86bc53?s=96&d=mm&r=g","contentUrl":"https:\/\/secure.gravatar.com\/avatar\/f3b7ad3af540688955925ac610647be00b0cf41feea9c4978b73a707ee86bc53?s=96&d=mm&r=g","caption":"El Informativo Tam"}}]}},"_links":{"self":[{"href":"https:\/\/elinformativotam.com\/index.php\/wp-json\/wp\/v2\/posts\/4028","targetHints":{"allow":["GET"]}}],"collection":[{"href":"https:\/\/elinformativotam.com\/index.php\/wp-json\/wp\/v2\/posts"}],"about":[{"href":"https:\/\/elinformativotam.com\/index.php\/wp-json\/wp\/v2\/types\/post"}],"author":[{"embeddable":true,"href":"https:\/\/elinformativotam.com\/index.php\/wp-json\/wp\/v2\/users\/1"}],"replies":[{"embeddable":true,"href":"https:\/\/elinformativotam.com\/index.php\/wp-json\/wp\/v2\/comments?post=4028"}],"version-history":[{"count":0,"href":"https:\/\/elinformativotam.com\/index.php\/wp-json\/wp\/v2\/posts\/4028\/revisions"}],"wp:attachment":[{"href":"https:\/\/elinformativotam.com\/index.php\/wp-json\/wp\/v2\/media?parent=4028"}],"wp:term":[{"taxonomy":"category","embeddable":true,"href":"https:\/\/elinformativotam.com\/index.php\/wp-json\/wp\/v2\/categories?post=4028"},{"taxonomy":"post_tag","embeddable":true,"href":"https:\/\/elinformativotam.com\/index.php\/wp-json\/wp\/v2\/tags?post=4028"}],"curies":[{"name":"wp","href":"https:\/\/api.w.org\/{rel}","templated":true}]}}