{"id":397,"date":"2019-10-28T18:48:07","date_gmt":"2019-10-29T00:48:07","guid":{"rendered":"http:\/\/elinformativotam.com\/?p=397"},"modified":"2019-10-28T18:48:07","modified_gmt":"2019-10-29T00:48:07","slug":"brindaran-diputados-del-pan-mayor-certeza-juridica-a-las-familias-tamaulipecas-en-materia-civil","status":"publish","type":"post","link":"https:\/\/elinformativotam.com\/index.php\/2019\/10\/28\/brindaran-diputados-del-pan-mayor-certeza-juridica-a-las-familias-tamaulipecas-en-materia-civil\/","title":{"rendered":"BRINDAR\u00c1N DIPUTADOS DEL PAN MAYOR CERTEZA JUR\u00cdDICA A LAS FAMILIAS TAMAULIPECAS EN MATERIA CIVIL."},"content":{"rendered":"<p><em><strong>*Mon Maron Lanz\u00f3 Iniciativa de Reforma al C\u00f3digo Civil del Estado<\/strong><\/em><\/p>\n<p>&nbsp;<\/p>\n<p>A nombre del Grupo Parlamentario del PAN en el Congreso del Estado, el Diputado Local Mon Mar\u00f3n presento una iniciativa de reformas al C\u00f3digo Civil de Tamaulipas en las que incluye diversos temas como\u00a0 cambio de apellido y\u00a0 los alimentos\u00a0 con el objetivo de adecuar a la realidad social y dotar de coherencia a la legislaci\u00f3n vigente en esta materia.<\/p>\n<p>&nbsp;<\/p>\n<p>\u201cSomos conscientes de la importancia de dotar al Estado, de leyes actualizadas actualizado, pero sobretodo basado en las necesidades de las personas, que sean claras, concretas y sencillas que redunde en beneficios a los habitantes de la entidad\u201d indico el Legislador por la zona norte de Tampico.<\/p>\n<p>&nbsp;<\/p>\n<p>Indico que el c\u00f3digo civil es una ley muy importante porque regula las relaciones entre las personas en muchos aspectos importantes de la vida cotidiana,\u00a0 por lo que es importante promover cambios sustanciales en diversos aspectos que dar\u00e1n mayor certeza jur\u00eddica a la sociedad.<\/p>\n<p>&nbsp;<\/p>\n<p>Agrego que el Grupo Parlamentario del PAN presento este paquete de reformas a diversos art\u00edculos de la legislaci\u00f3n civil por su conducto , en donde promueve cambios , como elegir el orden de los apellidos a los hijos, determinando cual va primero el paterno o el materno,\u00a0 como parte en la b\u00fasqueda de la construcci\u00f3n de una sociedad igualitaria.<\/p>\n<div id=\"attachment_399\" style=\"width: 682px\" class=\"wp-caption aligncenter\"><img loading=\"lazy\" decoding=\"async\" aria-describedby=\"caption-attachment-399\" class=\"wp-image-399\" src=\"https:\/\/elinformativotam.com\/wp-content\/uploads\/2019\/10\/monmaron1-300x202.jpg\" alt=\"\" width=\"672\" height=\"452\" \/><p id=\"caption-attachment-399\" class=\"wp-caption-text\">EL DIPUTADO EDMUNDO MAR\u00d3N, EN EL USO DE LA PALABRA, DURANTE LA SESI\u00d3N EN EL PLENO<\/p><\/div>\n<p>&nbsp;<\/p>\n<p>&nbsp;<\/p>\n<p>Respecto a los alimentos, explico que se busca determinar que los menores, incapaces y adultos mayores en caso de un divorcio, pueda ser\u00a0 el mismo juez quien los determine, como medida precautoria, si no logran un acuerdos entre las partes,\u00a0 adem\u00e1s de que este no sea podr\u00e1 ser mayor del 50% del sueldo o salario del quien tenga la obligaci\u00f3n de darlos. Adem\u00e1s dijo que se incluyen dos supuestos para la suspensi\u00f3n de alimentos en caso de hijos mayores de edad.<\/p>\n<p>&nbsp;<\/p>\n<p>Mon Mar\u00f3n preciso que esta iniciativa es muy integral , surgiendo de un compromiso establecido en campa\u00f1a, de escuchar a todos los ciudadanos , como en este caso a\u00a0 los colegios de profesionistas y barras\u00a0 de abogados, quienes presentaron argumentos y\u00a0 posiciones en la necesidad de reformar el c\u00f3digo civil de la entidad en diversos t\u00f3picos prioritarios.<\/p>\n<p>&nbsp;<\/p>\n<p>Finalmente \u00edndico el legislador tampique\u00f1o\u00a0 que esta iniciativa presentada en el pleno del Congreso del Estado incluye siete puntos fundamentales, con temas relativos al Divorcio, Registro Civil, Matrimonio Infantil y\u00a0 Presunci\u00f3n de muerte por ausencia entre otras.<\/p>\n","protected":false},"excerpt":{"rendered":"<p>*Mon Maron Lanz\u00f3 Iniciativa de Reforma al C\u00f3digo Civil del Estado &nbsp; A nombre del Grupo Parlamentario del PAN en&hellip;<\/p>\n","protected":false},"author":1,"featured_media":0,"comment_status":"open","ping_status":"open","sticky":false,"template":"","format":"standard","meta":{"footnotes":""},"categories":[6],"tags":[],"class_list":["post-397","post","type-post","status-publish","format-standard","hentry","category-tamaulipas"],"yoast_head":"<!-- This site is optimized with the Yoast SEO plugin v27.5 - https:\/\/yoast.com\/product\/yoast-seo-wordpress\/ -->\n<title>BRINDAR\u00c1N DIPUTADOS DEL PAN MAYOR CERTEZA JUR\u00cdDICA A LAS FAMILIAS TAMAULIPECAS EN MATERIA CIVIL. - EL INFORMATIVO DE TAMAULIPAS<\/title>\n<meta name=\"description\" content=\"*Mon Maron Lanz\u00f3 Iniciativa de Reforma al C\u00f3digo Civil del Estado &nbsp; A nombre del Grupo Parlamentario del PAN en el Congreso del Estado, el Diputado\" \/>\n<meta name=\"robots\" content=\"index, follow, max-snippet:-1, max-image-preview:large, max-video-preview:-1\" \/>\n<link rel=\"canonical\" href=\"https:\/\/elinformativotam.com\/index.php\/2019\/10\/28\/brindaran-diputados-del-pan-mayor-certeza-juridica-a-las-familias-tamaulipecas-en-materia-civil\/\" \/>\n<meta property=\"og:locale\" content=\"es_MX\" \/>\n<meta property=\"og:type\" content=\"article\" \/>\n<meta property=\"og:title\" content=\"BRINDAR\u00c1N DIPUTADOS DEL PAN MAYOR CERTEZA JUR\u00cdDICA A LAS FAMILIAS TAMAULIPECAS EN MATERIA CIVIL. - EL INFORMATIVO DE TAMAULIPAS\" \/>\n<meta property=\"og:description\" content=\"*Mon Maron Lanz\u00f3 Iniciativa de Reforma al C\u00f3digo Civil del Estado &nbsp; A nombre del Grupo Parlamentario del PAN en el Congreso del Estado, el Diputado\" \/>\n<meta property=\"og:url\" content=\"https:\/\/elinformativotam.com\/index.php\/2019\/10\/28\/brindaran-diputados-del-pan-mayor-certeza-juridica-a-las-familias-tamaulipecas-en-materia-civil\/\" \/>\n<meta property=\"og:site_name\" content=\"EL INFORMATIVO DE TAMAULIPAS\" \/>\n<meta property=\"article:published_time\" content=\"2019-10-29T00:48:07+00:00\" \/>\n<meta property=\"og:image\" content=\"http:\/\/elinformativotam.com\/wp-content\/uploads\/2019\/10\/monmaron1-300x202.jpg\" \/>\n<meta name=\"author\" content=\"El Informativo Tam\" \/>\n<meta name=\"twitter:card\" content=\"summary_large_image\" \/>\n<meta name=\"twitter:label1\" content=\"Escrito por\" \/>\n\t<meta name=\"twitter:data1\" content=\"El Informativo Tam\" \/>\n\t<meta name=\"twitter:label2\" content=\"Tiempo de lectura\" \/>\n\t<meta name=\"twitter:data2\" content=\"2 minutos\" \/>\n<script type=\"application\/ld+json\" class=\"yoast-schema-graph\">{\"@context\":\"https:\\\/\\\/schema.org\",\"@graph\":[{\"@type\":\"Article\",\"@id\":\"https:\\\/\\\/elinformativotam.com\\\/index.php\\\/2019\\\/10\\\/28\\\/brindaran-diputados-del-pan-mayor-certeza-juridica-a-las-familias-tamaulipecas-en-materia-civil\\\/#article\",\"isPartOf\":{\"@id\":\"https:\\\/\\\/elinformativotam.com\\\/index.php\\\/2019\\\/10\\\/28\\\/brindaran-diputados-del-pan-mayor-certeza-juridica-a-las-familias-tamaulipecas-en-materia-civil\\\/\"},\"author\":{\"name\":\"El Informativo Tam\",\"@id\":\"https:\\\/\\\/elinformativotam.com\\\/#\\\/schema\\\/person\\\/78e08040eed0f6110f0c5f83b6153590\"},\"headline\":\"BRINDAR\u00c1N DIPUTADOS DEL PAN MAYOR CERTEZA JUR\u00cdDICA A LAS FAMILIAS TAMAULIPECAS EN MATERIA CIVIL.\",\"datePublished\":\"2019-10-29T00:48:07+00:00\",\"mainEntityOfPage\":{\"@id\":\"https:\\\/\\\/elinformativotam.com\\\/index.php\\\/2019\\\/10\\\/28\\\/brindaran-diputados-del-pan-mayor-certeza-juridica-a-las-familias-tamaulipecas-en-materia-civil\\\/\"},\"wordCount\":461,\"commentCount\":0,\"publisher\":{\"@id\":\"https:\\\/\\\/elinformativotam.com\\\/#organization\"},\"image\":{\"@id\":\"https:\\\/\\\/elinformativotam.com\\\/index.php\\\/2019\\\/10\\\/28\\\/brindaran-diputados-del-pan-mayor-certeza-juridica-a-las-familias-tamaulipecas-en-materia-civil\\\/#primaryimage\"},\"thumbnailUrl\":\"http:\\\/\\\/elinformativotam.com\\\/wp-content\\\/uploads\\\/2019\\\/10\\\/monmaron1-300x202.jpg\",\"articleSection\":[\"Tamaulipas\"],\"inLanguage\":\"es\",\"potentialAction\":[{\"@type\":\"CommentAction\",\"name\":\"Comment\",\"target\":[\"https:\\\/\\\/elinformativotam.com\\\/index.php\\\/2019\\\/10\\\/28\\\/brindaran-diputados-del-pan-mayor-certeza-juridica-a-las-familias-tamaulipecas-en-materia-civil\\\/#respond\"]}]},{\"@type\":\"WebPage\",\"@id\":\"https:\\\/\\\/elinformativotam.com\\\/index.php\\\/2019\\\/10\\\/28\\\/brindaran-diputados-del-pan-mayor-certeza-juridica-a-las-familias-tamaulipecas-en-materia-civil\\\/\",\"url\":\"https:\\\/\\\/elinformativotam.com\\\/index.php\\\/2019\\\/10\\\/28\\\/brindaran-diputados-del-pan-mayor-certeza-juridica-a-las-familias-tamaulipecas-en-materia-civil\\\/\",\"name\":\"BRINDAR\u00c1N DIPUTADOS DEL PAN MAYOR CERTEZA JUR\u00cdDICA A LAS FAMILIAS TAMAULIPECAS EN MATERIA CIVIL. - EL INFORMATIVO DE TAMAULIPAS\",\"isPartOf\":{\"@id\":\"https:\\\/\\\/elinformativotam.com\\\/#website\"},\"primaryImageOfPage\":{\"@id\":\"https:\\\/\\\/elinformativotam.com\\\/index.php\\\/2019\\\/10\\\/28\\\/brindaran-diputados-del-pan-mayor-certeza-juridica-a-las-familias-tamaulipecas-en-materia-civil\\\/#primaryimage\"},\"image\":{\"@id\":\"https:\\\/\\\/elinformativotam.com\\\/index.php\\\/2019\\\/10\\\/28\\\/brindaran-diputados-del-pan-mayor-certeza-juridica-a-las-familias-tamaulipecas-en-materia-civil\\\/#primaryimage\"},\"thumbnailUrl\":\"http:\\\/\\\/elinformativotam.com\\\/wp-content\\\/uploads\\\/2019\\\/10\\\/monmaron1-300x202.jpg\",\"datePublished\":\"2019-10-29T00:48:07+00:00\",\"description\":\"*Mon Maron Lanz\u00f3 Iniciativa de Reforma al C\u00f3digo Civil del Estado &nbsp; A nombre del Grupo Parlamentario del PAN en el Congreso del Estado, el Diputado\",\"inLanguage\":\"es\",\"potentialAction\":[{\"@type\":\"ReadAction\",\"target\":[\"https:\\\/\\\/elinformativotam.com\\\/index.php\\\/2019\\\/10\\\/28\\\/brindaran-diputados-del-pan-mayor-certeza-juridica-a-las-familias-tamaulipecas-en-materia-civil\\\/\"]}]},{\"@type\":\"ImageObject\",\"inLanguage\":\"es\",\"@id\":\"https:\\\/\\\/elinformativotam.com\\\/index.php\\\/2019\\\/10\\\/28\\\/brindaran-diputados-del-pan-mayor-certeza-juridica-a-las-familias-tamaulipecas-en-materia-civil\\\/#primaryimage\",\"url\":\"http:\\\/\\\/elinformativotam.com\\\/wp-content\\\/uploads\\\/2019\\\/10\\\/monmaron1-300x202.jpg\",\"contentUrl\":\"http:\\\/\\\/elinformativotam.com\\\/wp-content\\\/uploads\\\/2019\\\/10\\\/monmaron1-300x202.jpg\"},{\"@type\":\"WebSite\",\"@id\":\"https:\\\/\\\/elinformativotam.com\\\/#website\",\"url\":\"https:\\\/\\\/elinformativotam.com\\\/\",\"name\":\"EL INFORMATIVO DE TAMAULIPAS\",\"description\":\"Desde la Zona Metropolitana Para Todo M\u00e9xico\",\"publisher\":{\"@id\":\"https:\\\/\\\/elinformativotam.com\\\/#organization\"},\"potentialAction\":[{\"@type\":\"SearchAction\",\"target\":{\"@type\":\"EntryPoint\",\"urlTemplate\":\"https:\\\/\\\/elinformativotam.com\\\/?s={search_term_string}\"},\"query-input\":{\"@type\":\"PropertyValueSpecification\",\"valueRequired\":true,\"valueName\":\"search_term_string\"}}],\"inLanguage\":\"es\"},{\"@type\":\"Organization\",\"@id\":\"https:\\\/\\\/elinformativotam.com\\\/#organization\",\"name\":\"EL INFORMATIVO DE TAMAULIPAS\",\"url\":\"https:\\\/\\\/elinformativotam.com\\\/\",\"logo\":{\"@type\":\"ImageObject\",\"inLanguage\":\"es\",\"@id\":\"https:\\\/\\\/elinformativotam.com\\\/#\\\/schema\\\/logo\\\/image\\\/\",\"url\":\"https:\\\/\\\/elinformativotam.com\\\/wp-content\\\/uploads\\\/2026\\\/02\\\/Cabezal.png\",\"contentUrl\":\"https:\\\/\\\/elinformativotam.com\\\/wp-content\\\/uploads\\\/2026\\\/02\\\/Cabezal.png\",\"width\":960,\"height\":640,\"caption\":\"EL INFORMATIVO DE TAMAULIPAS\"},\"image\":{\"@id\":\"https:\\\/\\\/elinformativotam.com\\\/#\\\/schema\\\/logo\\\/image\\\/\"}},{\"@type\":\"Person\",\"@id\":\"https:\\\/\\\/elinformativotam.com\\\/#\\\/schema\\\/person\\\/78e08040eed0f6110f0c5f83b6153590\",\"name\":\"El Informativo Tam\",\"image\":{\"@type\":\"ImageObject\",\"inLanguage\":\"es\",\"@id\":\"https:\\\/\\\/secure.gravatar.com\\\/avatar\\\/f3b7ad3af540688955925ac610647be00b0cf41feea9c4978b73a707ee86bc53?s=96&d=mm&r=g\",\"url\":\"https:\\\/\\\/secure.gravatar.com\\\/avatar\\\/f3b7ad3af540688955925ac610647be00b0cf41feea9c4978b73a707ee86bc53?s=96&d=mm&r=g\",\"contentUrl\":\"https:\\\/\\\/secure.gravatar.com\\\/avatar\\\/f3b7ad3af540688955925ac610647be00b0cf41feea9c4978b73a707ee86bc53?s=96&d=mm&r=g\",\"caption\":\"El Informativo Tam\"}}]}<\/script>\n<!-- \/ Yoast SEO plugin. -->","yoast_head_json":{"title":"BRINDAR\u00c1N DIPUTADOS DEL PAN MAYOR CERTEZA JUR\u00cdDICA A LAS FAMILIAS TAMAULIPECAS EN MATERIA CIVIL. - EL INFORMATIVO DE TAMAULIPAS","description":"*Mon Maron Lanz\u00f3 Iniciativa de Reforma al C\u00f3digo Civil del Estado &nbsp; A nombre del Grupo Parlamentario del PAN en el Congreso del Estado, el Diputado","robots":{"index":"index","follow":"follow","max-snippet":"max-snippet:-1","max-image-preview":"max-image-preview:large","max-video-preview":"max-video-preview:-1"},"canonical":"https:\/\/elinformativotam.com\/index.php\/2019\/10\/28\/brindaran-diputados-del-pan-mayor-certeza-juridica-a-las-familias-tamaulipecas-en-materia-civil\/","og_locale":"es_MX","og_type":"article","og_title":"BRINDAR\u00c1N DIPUTADOS DEL PAN MAYOR CERTEZA JUR\u00cdDICA A LAS FAMILIAS TAMAULIPECAS EN MATERIA CIVIL. - EL INFORMATIVO DE TAMAULIPAS","og_description":"*Mon Maron Lanz\u00f3 Iniciativa de Reforma al C\u00f3digo Civil del Estado &nbsp; A nombre del Grupo Parlamentario del PAN en el Congreso del Estado, el Diputado","og_url":"https:\/\/elinformativotam.com\/index.php\/2019\/10\/28\/brindaran-diputados-del-pan-mayor-certeza-juridica-a-las-familias-tamaulipecas-en-materia-civil\/","og_site_name":"EL INFORMATIVO DE TAMAULIPAS","article_published_time":"2019-10-29T00:48:07+00:00","og_image":[{"url":"http:\/\/elinformativotam.com\/wp-content\/uploads\/2019\/10\/monmaron1-300x202.jpg","type":"","width":"","height":""}],"author":"El Informativo Tam","twitter_card":"summary_large_image","twitter_misc":{"Escrito por":"El Informativo Tam","Tiempo de lectura":"2 minutos"},"schema":{"@context":"https:\/\/schema.org","@graph":[{"@type":"Article","@id":"https:\/\/elinformativotam.com\/index.php\/2019\/10\/28\/brindaran-diputados-del-pan-mayor-certeza-juridica-a-las-familias-tamaulipecas-en-materia-civil\/#article","isPartOf":{"@id":"https:\/\/elinformativotam.com\/index.php\/2019\/10\/28\/brindaran-diputados-del-pan-mayor-certeza-juridica-a-las-familias-tamaulipecas-en-materia-civil\/"},"author":{"name":"El Informativo Tam","@id":"https:\/\/elinformativotam.com\/#\/schema\/person\/78e08040eed0f6110f0c5f83b6153590"},"headline":"BRINDAR\u00c1N DIPUTADOS DEL PAN MAYOR CERTEZA JUR\u00cdDICA A LAS FAMILIAS TAMAULIPECAS EN MATERIA CIVIL.","datePublished":"2019-10-29T00:48:07+00:00","mainEntityOfPage":{"@id":"https:\/\/elinformativotam.com\/index.php\/2019\/10\/28\/brindaran-diputados-del-pan-mayor-certeza-juridica-a-las-familias-tamaulipecas-en-materia-civil\/"},"wordCount":461,"commentCount":0,"publisher":{"@id":"https:\/\/elinformativotam.com\/#organization"},"image":{"@id":"https:\/\/elinformativotam.com\/index.php\/2019\/10\/28\/brindaran-diputados-del-pan-mayor-certeza-juridica-a-las-familias-tamaulipecas-en-materia-civil\/#primaryimage"},"thumbnailUrl":"http:\/\/elinformativotam.com\/wp-content\/uploads\/2019\/10\/monmaron1-300x202.jpg","articleSection":["Tamaulipas"],"inLanguage":"es","potentialAction":[{"@type":"CommentAction","name":"Comment","target":["https:\/\/elinformativotam.com\/index.php\/2019\/10\/28\/brindaran-diputados-del-pan-mayor-certeza-juridica-a-las-familias-tamaulipecas-en-materia-civil\/#respond"]}]},{"@type":"WebPage","@id":"https:\/\/elinformativotam.com\/index.php\/2019\/10\/28\/brindaran-diputados-del-pan-mayor-certeza-juridica-a-las-familias-tamaulipecas-en-materia-civil\/","url":"https:\/\/elinformativotam.com\/index.php\/2019\/10\/28\/brindaran-diputados-del-pan-mayor-certeza-juridica-a-las-familias-tamaulipecas-en-materia-civil\/","name":"BRINDAR\u00c1N DIPUTADOS DEL PAN MAYOR CERTEZA JUR\u00cdDICA A LAS FAMILIAS TAMAULIPECAS EN MATERIA CIVIL. - EL INFORMATIVO DE TAMAULIPAS","isPartOf":{"@id":"https:\/\/elinformativotam.com\/#website"},"primaryImageOfPage":{"@id":"https:\/\/elinformativotam.com\/index.php\/2019\/10\/28\/brindaran-diputados-del-pan-mayor-certeza-juridica-a-las-familias-tamaulipecas-en-materia-civil\/#primaryimage"},"image":{"@id":"https:\/\/elinformativotam.com\/index.php\/2019\/10\/28\/brindaran-diputados-del-pan-mayor-certeza-juridica-a-las-familias-tamaulipecas-en-materia-civil\/#primaryimage"},"thumbnailUrl":"http:\/\/elinformativotam.com\/wp-content\/uploads\/2019\/10\/monmaron1-300x202.jpg","datePublished":"2019-10-29T00:48:07+00:00","description":"*Mon Maron Lanz\u00f3 Iniciativa de Reforma al C\u00f3digo Civil del Estado &nbsp; A nombre del Grupo Parlamentario del PAN en el Congreso del Estado, el Diputado","inLanguage":"es","potentialAction":[{"@type":"ReadAction","target":["https:\/\/elinformativotam.com\/index.php\/2019\/10\/28\/brindaran-diputados-del-pan-mayor-certeza-juridica-a-las-familias-tamaulipecas-en-materia-civil\/"]}]},{"@type":"ImageObject","inLanguage":"es","@id":"https:\/\/elinformativotam.com\/index.php\/2019\/10\/28\/brindaran-diputados-del-pan-mayor-certeza-juridica-a-las-familias-tamaulipecas-en-materia-civil\/#primaryimage","url":"http:\/\/elinformativotam.com\/wp-content\/uploads\/2019\/10\/monmaron1-300x202.jpg","contentUrl":"http:\/\/elinformativotam.com\/wp-content\/uploads\/2019\/10\/monmaron1-300x202.jpg"},{"@type":"WebSite","@id":"https:\/\/elinformativotam.com\/#website","url":"https:\/\/elinformativotam.com\/","name":"EL INFORMATIVO DE TAMAULIPAS","description":"Desde la Zona Metropolitana Para Todo M\u00e9xico","publisher":{"@id":"https:\/\/elinformativotam.com\/#organization"},"potentialAction":[{"@type":"SearchAction","target":{"@type":"EntryPoint","urlTemplate":"https:\/\/elinformativotam.com\/?s={search_term_string}"},"query-input":{"@type":"PropertyValueSpecification","valueRequired":true,"valueName":"search_term_string"}}],"inLanguage":"es"},{"@type":"Organization","@id":"https:\/\/elinformativotam.com\/#organization","name":"EL INFORMATIVO DE TAMAULIPAS","url":"https:\/\/elinformativotam.com\/","logo":{"@type":"ImageObject","inLanguage":"es","@id":"https:\/\/elinformativotam.com\/#\/schema\/logo\/image\/","url":"https:\/\/elinformativotam.com\/wp-content\/uploads\/2026\/02\/Cabezal.png","contentUrl":"https:\/\/elinformativotam.com\/wp-content\/uploads\/2026\/02\/Cabezal.png","width":960,"height":640,"caption":"EL INFORMATIVO DE TAMAULIPAS"},"image":{"@id":"https:\/\/elinformativotam.com\/#\/schema\/logo\/image\/"}},{"@type":"Person","@id":"https:\/\/elinformativotam.com\/#\/schema\/person\/78e08040eed0f6110f0c5f83b6153590","name":"El Informativo Tam","image":{"@type":"ImageObject","inLanguage":"es","@id":"https:\/\/secure.gravatar.com\/avatar\/f3b7ad3af540688955925ac610647be00b0cf41feea9c4978b73a707ee86bc53?s=96&d=mm&r=g","url":"https:\/\/secure.gravatar.com\/avatar\/f3b7ad3af540688955925ac610647be00b0cf41feea9c4978b73a707ee86bc53?s=96&d=mm&r=g","contentUrl":"https:\/\/secure.gravatar.com\/avatar\/f3b7ad3af540688955925ac610647be00b0cf41feea9c4978b73a707ee86bc53?s=96&d=mm&r=g","caption":"El Informativo Tam"}}]}},"_links":{"self":[{"href":"https:\/\/elinformativotam.com\/index.php\/wp-json\/wp\/v2\/posts\/397","targetHints":{"allow":["GET"]}}],"collection":[{"href":"https:\/\/elinformativotam.com\/index.php\/wp-json\/wp\/v2\/posts"}],"about":[{"href":"https:\/\/elinformativotam.com\/index.php\/wp-json\/wp\/v2\/types\/post"}],"author":[{"embeddable":true,"href":"https:\/\/elinformativotam.com\/index.php\/wp-json\/wp\/v2\/users\/1"}],"replies":[{"embeddable":true,"href":"https:\/\/elinformativotam.com\/index.php\/wp-json\/wp\/v2\/comments?post=397"}],"version-history":[{"count":0,"href":"https:\/\/elinformativotam.com\/index.php\/wp-json\/wp\/v2\/posts\/397\/revisions"}],"wp:attachment":[{"href":"https:\/\/elinformativotam.com\/index.php\/wp-json\/wp\/v2\/media?parent=397"}],"wp:term":[{"taxonomy":"category","embeddable":true,"href":"https:\/\/elinformativotam.com\/index.php\/wp-json\/wp\/v2\/categories?post=397"},{"taxonomy":"post_tag","embeddable":true,"href":"https:\/\/elinformativotam.com\/index.php\/wp-json\/wp\/v2\/tags?post=397"}],"curies":[{"name":"wp","href":"https:\/\/api.w.org\/{rel}","templated":true}]}}