{"id":3963,"date":"2020-03-22T18:01:28","date_gmt":"2020-03-23T00:01:28","guid":{"rendered":"http:\/\/elinformativotam.com\/?p=3963"},"modified":"2020-03-22T18:01:28","modified_gmt":"2020-03-23T00:01:28","slug":"fortalece-gobierno-de-altamira-acciones-de-prevencion-por-el-covid-19","status":"publish","type":"post","link":"https:\/\/elinformativotam.com\/index.php\/2020\/03\/22\/fortalece-gobierno-de-altamira-acciones-de-prevencion-por-el-covid-19\/","title":{"rendered":"FORTALECE GOBIERNO DE ALTAMIRA ACCIONES DE PREVENCI\u00d3N POR EL COVID 19"},"content":{"rendered":"<h2><em><strong>*Cumpliendo Con Los Lineamientos De La Secretar\u00eda De Salud En Tamaulipas<\/strong><\/em><\/h2>\n<p>&nbsp;<\/p>\n<p>Con el prop\u00f3sito de garantizar la salud de la poblaci\u00f3n altamirense, as\u00ed como de todo el personal que labora en el Gobierno Municipal, por instrucciones de la alcaldesa Alma Laura Ampar\u00e1n Cruz, la Direcci\u00f3n de Salud, a cargo de Abel Rojas Cortina, comparti\u00f3 con s\u00edndicos y regidores del ayuntamiento medidas de prevenci\u00f3n para evitar el contagio del Coronavirus COVID 19, bas\u00e1ndose en los lineamientos marcados por la Secretar\u00eda de Salud en Tamaulipas y la Federaci\u00f3n.<\/p>\n<p>&nbsp;<\/p>\n<p>La junta de trabajo efectuada en la sala de cabildo, fue encabezada por la presidenta municipal Alma Laura Ampar\u00e1n, quien invit\u00f3 a los ediles a fomentar entre la poblaci\u00f3n las medidas preventivas de este virus, representando un ejemplo ante la ciudadan\u00eda como autoridades socialmente responsables.<\/p>\n<p>&nbsp;<\/p>\n<p>Indic\u00f3 que se mantiene estrecha comunicaci\u00f3n con la secretaria de Salud en Tamaulipas, Gloria de Jes\u00fas Molina Gamboa, precisando que la \u00fanica instancia oficial para informar sobre la situaci\u00f3n del COVID-19 en la entidad, es la Secretar\u00eda de Salud del Estado.<\/p>\n<p>Precis\u00f3 que como parte de la vinculaci\u00f3n con la iniciativa privada, ha exhortado a la Asociaci\u00f3n de Industriales del Sur de Tamaulipas (AISTAC) para que las diferentes empresas del corredor industrial implementen las medidas de seguridad pertinentes para salvaguardar la salud de su personal.<\/p>\n<p><img loading=\"lazy\" decoding=\"async\" class=\"wp-image-3962 alignleft\" src=\"https:\/\/elinformativotam.com\/wp-content\/uploads\/2020\/03\/laura-12-300x225.jpg\" alt=\"\" width=\"478\" height=\"359\" \/><\/p>\n<p>Por su parte, el director de Salud, Abel Rojas Cortina detall\u00f3 que todo empleado del gobierno altamirense que presente alguna sintomatolog\u00eda de enfermedades respiratorias, tiene la obligaci\u00f3n de asistir a la cl\u00ednica del DIF municipal para ser atendido y que el m\u00e9dico responsable pueda determinar la incapacidad laboral en caso de que as\u00ed lo amerite, puntualizando que el trabajador deber\u00e1 acatar responsablemente dicha incapacidad mediante la firma de una responsiva en el \u00e1rea de Recursos Humanos.<\/p>\n<p>&nbsp;<\/p>\n<p>A la par de estas disposiciones y actuando de acuerdo a lo estipulado por el gobernador del estado, Francisco Garc\u00eda Cabeza de Vaca, las mujeres embarazadas, adultos mayores y personas con discapacidad, ser\u00e1n incapacitadas, igualmente bajo una responsiva por parte del trabajador donde se comprometa a permanecer en su hogar.<\/p>\n<p>&nbsp;<\/p>\n<p>De igual manera, el gobierno de la ciudad realiza la entrega de folletos informativos con la finalidad de difundir las acciones de prevenci\u00f3n del COVID-19 entre s\u00edndicos y regidores del ayuntamiento, as\u00ed como personal que trabaja en el Palacio Municipal de Altamira y en el complejo administrativo de La Retama, acci\u00f3n que se extender\u00e1 a la comunidad en general.<\/p>\n<p>&nbsp;<\/p>\n<p>Cabe hacer menci\u00f3n que tanto en el Palacio Municipal de Gobierno, Sistema DIF, La Retama, instalaciones de las secretar\u00edas de Servicios P\u00fablicos y Obras P\u00fablicas, delegaciones municipales de la Zona Norte y Zona Sur, as\u00ed como en las direcciones de Tr\u00e1nsito y Protecci\u00f3n Civil, se mantienen los filtros de sanidad para que las medidas de prevenci\u00f3n se encuentren activas en todo momento.<\/p>\n<p>&nbsp;<\/p>\n<p>En esta reuni\u00f3n tambi\u00e9n particip\u00f3 el secretario del Ayuntamiento de Altamira, Cuauht\u00e9moc Zaleta Alonso.<\/p>\n","protected":false},"excerpt":{"rendered":"<p>*Cumpliendo Con Los Lineamientos De La Secretar\u00eda De Salud En Tamaulipas &nbsp; Con el prop\u00f3sito de garantizar la salud de&hellip;<\/p>\n","protected":false},"author":1,"featured_media":0,"comment_status":"open","ping_status":"open","sticky":false,"template":"","format":"standard","meta":{"footnotes":""},"categories":[5],"tags":[],"class_list":["post-3963","post","type-post","status-publish","format-standard","hentry","category-altamira"],"yoast_head":"<!-- This site is optimized with the Yoast SEO plugin v27.5 - https:\/\/yoast.com\/product\/yoast-seo-wordpress\/ -->\n<title>FORTALECE GOBIERNO DE ALTAMIRA ACCIONES DE PREVENCI\u00d3N POR EL COVID 19 - EL INFORMATIVO DE TAMAULIPAS<\/title>\n<meta name=\"description\" content=\"*Cumpliendo Con Los Lineamientos De La Secretar\u00eda De Salud En Tamaulipas &nbsp; Con el prop\u00f3sito de garantizar la salud de la poblaci\u00f3n altamirense, as\u00ed\" \/>\n<meta name=\"robots\" content=\"index, follow, max-snippet:-1, max-image-preview:large, max-video-preview:-1\" \/>\n<link rel=\"canonical\" href=\"https:\/\/elinformativotam.com\/index.php\/2020\/03\/22\/fortalece-gobierno-de-altamira-acciones-de-prevencion-por-el-covid-19\/\" \/>\n<meta property=\"og:locale\" content=\"es_MX\" \/>\n<meta property=\"og:type\" content=\"article\" \/>\n<meta property=\"og:title\" content=\"FORTALECE GOBIERNO DE ALTAMIRA ACCIONES DE PREVENCI\u00d3N POR EL COVID 19 - EL INFORMATIVO DE TAMAULIPAS\" \/>\n<meta property=\"og:description\" content=\"*Cumpliendo Con Los Lineamientos De La Secretar\u00eda De Salud En Tamaulipas &nbsp; Con el prop\u00f3sito de garantizar la salud de la poblaci\u00f3n altamirense, as\u00ed\" \/>\n<meta property=\"og:url\" content=\"https:\/\/elinformativotam.com\/index.php\/2020\/03\/22\/fortalece-gobierno-de-altamira-acciones-de-prevencion-por-el-covid-19\/\" \/>\n<meta property=\"og:site_name\" content=\"EL INFORMATIVO DE TAMAULIPAS\" \/>\n<meta property=\"article:published_time\" content=\"2020-03-23T00:01:28+00:00\" \/>\n<meta property=\"og:image\" content=\"http:\/\/elinformativotam.com\/wp-content\/uploads\/2020\/03\/laura-12-300x225.jpg\" \/>\n<meta name=\"author\" content=\"El Informativo Tam\" \/>\n<meta name=\"twitter:card\" content=\"summary_large_image\" \/>\n<meta name=\"twitter:label1\" content=\"Escrito por\" \/>\n\t<meta name=\"twitter:data1\" content=\"El Informativo Tam\" \/>\n\t<meta name=\"twitter:label2\" content=\"Tiempo de lectura\" \/>\n\t<meta name=\"twitter:data2\" content=\"3 minutos\" \/>\n<script type=\"application\/ld+json\" class=\"yoast-schema-graph\">{\"@context\":\"https:\\\/\\\/schema.org\",\"@graph\":[{\"@type\":\"Article\",\"@id\":\"https:\\\/\\\/elinformativotam.com\\\/index.php\\\/2020\\\/03\\\/22\\\/fortalece-gobierno-de-altamira-acciones-de-prevencion-por-el-covid-19\\\/#article\",\"isPartOf\":{\"@id\":\"https:\\\/\\\/elinformativotam.com\\\/index.php\\\/2020\\\/03\\\/22\\\/fortalece-gobierno-de-altamira-acciones-de-prevencion-por-el-covid-19\\\/\"},\"author\":{\"name\":\"El Informativo Tam\",\"@id\":\"https:\\\/\\\/elinformativotam.com\\\/#\\\/schema\\\/person\\\/78e08040eed0f6110f0c5f83b6153590\"},\"headline\":\"FORTALECE GOBIERNO DE ALTAMIRA ACCIONES DE PREVENCI\u00d3N POR EL COVID 19\",\"datePublished\":\"2020-03-23T00:01:28+00:00\",\"mainEntityOfPage\":{\"@id\":\"https:\\\/\\\/elinformativotam.com\\\/index.php\\\/2020\\\/03\\\/22\\\/fortalece-gobierno-de-altamira-acciones-de-prevencion-por-el-covid-19\\\/\"},\"wordCount\":532,\"commentCount\":0,\"publisher\":{\"@id\":\"https:\\\/\\\/elinformativotam.com\\\/#organization\"},\"image\":{\"@id\":\"https:\\\/\\\/elinformativotam.com\\\/index.php\\\/2020\\\/03\\\/22\\\/fortalece-gobierno-de-altamira-acciones-de-prevencion-por-el-covid-19\\\/#primaryimage\"},\"thumbnailUrl\":\"http:\\\/\\\/elinformativotam.com\\\/wp-content\\\/uploads\\\/2020\\\/03\\\/laura-12-300x225.jpg\",\"articleSection\":[\"Altamira\"],\"inLanguage\":\"es\",\"potentialAction\":[{\"@type\":\"CommentAction\",\"name\":\"Comment\",\"target\":[\"https:\\\/\\\/elinformativotam.com\\\/index.php\\\/2020\\\/03\\\/22\\\/fortalece-gobierno-de-altamira-acciones-de-prevencion-por-el-covid-19\\\/#respond\"]}]},{\"@type\":\"WebPage\",\"@id\":\"https:\\\/\\\/elinformativotam.com\\\/index.php\\\/2020\\\/03\\\/22\\\/fortalece-gobierno-de-altamira-acciones-de-prevencion-por-el-covid-19\\\/\",\"url\":\"https:\\\/\\\/elinformativotam.com\\\/index.php\\\/2020\\\/03\\\/22\\\/fortalece-gobierno-de-altamira-acciones-de-prevencion-por-el-covid-19\\\/\",\"name\":\"FORTALECE GOBIERNO DE ALTAMIRA ACCIONES DE PREVENCI\u00d3N POR EL COVID 19 - EL INFORMATIVO DE TAMAULIPAS\",\"isPartOf\":{\"@id\":\"https:\\\/\\\/elinformativotam.com\\\/#website\"},\"primaryImageOfPage\":{\"@id\":\"https:\\\/\\\/elinformativotam.com\\\/index.php\\\/2020\\\/03\\\/22\\\/fortalece-gobierno-de-altamira-acciones-de-prevencion-por-el-covid-19\\\/#primaryimage\"},\"image\":{\"@id\":\"https:\\\/\\\/elinformativotam.com\\\/index.php\\\/2020\\\/03\\\/22\\\/fortalece-gobierno-de-altamira-acciones-de-prevencion-por-el-covid-19\\\/#primaryimage\"},\"thumbnailUrl\":\"http:\\\/\\\/elinformativotam.com\\\/wp-content\\\/uploads\\\/2020\\\/03\\\/laura-12-300x225.jpg\",\"datePublished\":\"2020-03-23T00:01:28+00:00\",\"description\":\"*Cumpliendo Con Los Lineamientos De La Secretar\u00eda De Salud En Tamaulipas &nbsp; Con el prop\u00f3sito de garantizar la salud de la poblaci\u00f3n altamirense, as\u00ed\",\"inLanguage\":\"es\",\"potentialAction\":[{\"@type\":\"ReadAction\",\"target\":[\"https:\\\/\\\/elinformativotam.com\\\/index.php\\\/2020\\\/03\\\/22\\\/fortalece-gobierno-de-altamira-acciones-de-prevencion-por-el-covid-19\\\/\"]}]},{\"@type\":\"ImageObject\",\"inLanguage\":\"es\",\"@id\":\"https:\\\/\\\/elinformativotam.com\\\/index.php\\\/2020\\\/03\\\/22\\\/fortalece-gobierno-de-altamira-acciones-de-prevencion-por-el-covid-19\\\/#primaryimage\",\"url\":\"http:\\\/\\\/elinformativotam.com\\\/wp-content\\\/uploads\\\/2020\\\/03\\\/laura-12-300x225.jpg\",\"contentUrl\":\"http:\\\/\\\/elinformativotam.com\\\/wp-content\\\/uploads\\\/2020\\\/03\\\/laura-12-300x225.jpg\"},{\"@type\":\"WebSite\",\"@id\":\"https:\\\/\\\/elinformativotam.com\\\/#website\",\"url\":\"https:\\\/\\\/elinformativotam.com\\\/\",\"name\":\"EL INFORMATIVO DE TAMAULIPAS\",\"description\":\"Desde la Zona Metropolitana Para Todo M\u00e9xico\",\"publisher\":{\"@id\":\"https:\\\/\\\/elinformativotam.com\\\/#organization\"},\"potentialAction\":[{\"@type\":\"SearchAction\",\"target\":{\"@type\":\"EntryPoint\",\"urlTemplate\":\"https:\\\/\\\/elinformativotam.com\\\/?s={search_term_string}\"},\"query-input\":{\"@type\":\"PropertyValueSpecification\",\"valueRequired\":true,\"valueName\":\"search_term_string\"}}],\"inLanguage\":\"es\"},{\"@type\":\"Organization\",\"@id\":\"https:\\\/\\\/elinformativotam.com\\\/#organization\",\"name\":\"EL INFORMATIVO DE TAMAULIPAS\",\"url\":\"https:\\\/\\\/elinformativotam.com\\\/\",\"logo\":{\"@type\":\"ImageObject\",\"inLanguage\":\"es\",\"@id\":\"https:\\\/\\\/elinformativotam.com\\\/#\\\/schema\\\/logo\\\/image\\\/\",\"url\":\"https:\\\/\\\/elinformativotam.com\\\/wp-content\\\/uploads\\\/2026\\\/02\\\/Cabezal.png\",\"contentUrl\":\"https:\\\/\\\/elinformativotam.com\\\/wp-content\\\/uploads\\\/2026\\\/02\\\/Cabezal.png\",\"width\":960,\"height\":640,\"caption\":\"EL INFORMATIVO DE TAMAULIPAS\"},\"image\":{\"@id\":\"https:\\\/\\\/elinformativotam.com\\\/#\\\/schema\\\/logo\\\/image\\\/\"}},{\"@type\":\"Person\",\"@id\":\"https:\\\/\\\/elinformativotam.com\\\/#\\\/schema\\\/person\\\/78e08040eed0f6110f0c5f83b6153590\",\"name\":\"El Informativo Tam\",\"image\":{\"@type\":\"ImageObject\",\"inLanguage\":\"es\",\"@id\":\"https:\\\/\\\/secure.gravatar.com\\\/avatar\\\/f3b7ad3af540688955925ac610647be00b0cf41feea9c4978b73a707ee86bc53?s=96&d=mm&r=g\",\"url\":\"https:\\\/\\\/secure.gravatar.com\\\/avatar\\\/f3b7ad3af540688955925ac610647be00b0cf41feea9c4978b73a707ee86bc53?s=96&d=mm&r=g\",\"contentUrl\":\"https:\\\/\\\/secure.gravatar.com\\\/avatar\\\/f3b7ad3af540688955925ac610647be00b0cf41feea9c4978b73a707ee86bc53?s=96&d=mm&r=g\",\"caption\":\"El Informativo Tam\"}}]}<\/script>\n<!-- \/ Yoast SEO plugin. -->","yoast_head_json":{"title":"FORTALECE GOBIERNO DE ALTAMIRA ACCIONES DE PREVENCI\u00d3N POR EL COVID 19 - EL INFORMATIVO DE TAMAULIPAS","description":"*Cumpliendo Con Los Lineamientos De La Secretar\u00eda De Salud En Tamaulipas &nbsp; Con el prop\u00f3sito de garantizar la salud de la poblaci\u00f3n altamirense, as\u00ed","robots":{"index":"index","follow":"follow","max-snippet":"max-snippet:-1","max-image-preview":"max-image-preview:large","max-video-preview":"max-video-preview:-1"},"canonical":"https:\/\/elinformativotam.com\/index.php\/2020\/03\/22\/fortalece-gobierno-de-altamira-acciones-de-prevencion-por-el-covid-19\/","og_locale":"es_MX","og_type":"article","og_title":"FORTALECE GOBIERNO DE ALTAMIRA ACCIONES DE PREVENCI\u00d3N POR EL COVID 19 - EL INFORMATIVO DE TAMAULIPAS","og_description":"*Cumpliendo Con Los Lineamientos De La Secretar\u00eda De Salud En Tamaulipas &nbsp; Con el prop\u00f3sito de garantizar la salud de la poblaci\u00f3n altamirense, as\u00ed","og_url":"https:\/\/elinformativotam.com\/index.php\/2020\/03\/22\/fortalece-gobierno-de-altamira-acciones-de-prevencion-por-el-covid-19\/","og_site_name":"EL INFORMATIVO DE TAMAULIPAS","article_published_time":"2020-03-23T00:01:28+00:00","og_image":[{"url":"http:\/\/elinformativotam.com\/wp-content\/uploads\/2020\/03\/laura-12-300x225.jpg","type":"","width":"","height":""}],"author":"El Informativo Tam","twitter_card":"summary_large_image","twitter_misc":{"Escrito por":"El Informativo Tam","Tiempo de lectura":"3 minutos"},"schema":{"@context":"https:\/\/schema.org","@graph":[{"@type":"Article","@id":"https:\/\/elinformativotam.com\/index.php\/2020\/03\/22\/fortalece-gobierno-de-altamira-acciones-de-prevencion-por-el-covid-19\/#article","isPartOf":{"@id":"https:\/\/elinformativotam.com\/index.php\/2020\/03\/22\/fortalece-gobierno-de-altamira-acciones-de-prevencion-por-el-covid-19\/"},"author":{"name":"El Informativo Tam","@id":"https:\/\/elinformativotam.com\/#\/schema\/person\/78e08040eed0f6110f0c5f83b6153590"},"headline":"FORTALECE GOBIERNO DE ALTAMIRA ACCIONES DE PREVENCI\u00d3N POR EL COVID 19","datePublished":"2020-03-23T00:01:28+00:00","mainEntityOfPage":{"@id":"https:\/\/elinformativotam.com\/index.php\/2020\/03\/22\/fortalece-gobierno-de-altamira-acciones-de-prevencion-por-el-covid-19\/"},"wordCount":532,"commentCount":0,"publisher":{"@id":"https:\/\/elinformativotam.com\/#organization"},"image":{"@id":"https:\/\/elinformativotam.com\/index.php\/2020\/03\/22\/fortalece-gobierno-de-altamira-acciones-de-prevencion-por-el-covid-19\/#primaryimage"},"thumbnailUrl":"http:\/\/elinformativotam.com\/wp-content\/uploads\/2020\/03\/laura-12-300x225.jpg","articleSection":["Altamira"],"inLanguage":"es","potentialAction":[{"@type":"CommentAction","name":"Comment","target":["https:\/\/elinformativotam.com\/index.php\/2020\/03\/22\/fortalece-gobierno-de-altamira-acciones-de-prevencion-por-el-covid-19\/#respond"]}]},{"@type":"WebPage","@id":"https:\/\/elinformativotam.com\/index.php\/2020\/03\/22\/fortalece-gobierno-de-altamira-acciones-de-prevencion-por-el-covid-19\/","url":"https:\/\/elinformativotam.com\/index.php\/2020\/03\/22\/fortalece-gobierno-de-altamira-acciones-de-prevencion-por-el-covid-19\/","name":"FORTALECE GOBIERNO DE ALTAMIRA ACCIONES DE PREVENCI\u00d3N POR EL COVID 19 - EL INFORMATIVO DE TAMAULIPAS","isPartOf":{"@id":"https:\/\/elinformativotam.com\/#website"},"primaryImageOfPage":{"@id":"https:\/\/elinformativotam.com\/index.php\/2020\/03\/22\/fortalece-gobierno-de-altamira-acciones-de-prevencion-por-el-covid-19\/#primaryimage"},"image":{"@id":"https:\/\/elinformativotam.com\/index.php\/2020\/03\/22\/fortalece-gobierno-de-altamira-acciones-de-prevencion-por-el-covid-19\/#primaryimage"},"thumbnailUrl":"http:\/\/elinformativotam.com\/wp-content\/uploads\/2020\/03\/laura-12-300x225.jpg","datePublished":"2020-03-23T00:01:28+00:00","description":"*Cumpliendo Con Los Lineamientos De La Secretar\u00eda De Salud En Tamaulipas &nbsp; Con el prop\u00f3sito de garantizar la salud de la poblaci\u00f3n altamirense, as\u00ed","inLanguage":"es","potentialAction":[{"@type":"ReadAction","target":["https:\/\/elinformativotam.com\/index.php\/2020\/03\/22\/fortalece-gobierno-de-altamira-acciones-de-prevencion-por-el-covid-19\/"]}]},{"@type":"ImageObject","inLanguage":"es","@id":"https:\/\/elinformativotam.com\/index.php\/2020\/03\/22\/fortalece-gobierno-de-altamira-acciones-de-prevencion-por-el-covid-19\/#primaryimage","url":"http:\/\/elinformativotam.com\/wp-content\/uploads\/2020\/03\/laura-12-300x225.jpg","contentUrl":"http:\/\/elinformativotam.com\/wp-content\/uploads\/2020\/03\/laura-12-300x225.jpg"},{"@type":"WebSite","@id":"https:\/\/elinformativotam.com\/#website","url":"https:\/\/elinformativotam.com\/","name":"EL INFORMATIVO DE TAMAULIPAS","description":"Desde la Zona Metropolitana Para Todo M\u00e9xico","publisher":{"@id":"https:\/\/elinformativotam.com\/#organization"},"potentialAction":[{"@type":"SearchAction","target":{"@type":"EntryPoint","urlTemplate":"https:\/\/elinformativotam.com\/?s={search_term_string}"},"query-input":{"@type":"PropertyValueSpecification","valueRequired":true,"valueName":"search_term_string"}}],"inLanguage":"es"},{"@type":"Organization","@id":"https:\/\/elinformativotam.com\/#organization","name":"EL INFORMATIVO DE TAMAULIPAS","url":"https:\/\/elinformativotam.com\/","logo":{"@type":"ImageObject","inLanguage":"es","@id":"https:\/\/elinformativotam.com\/#\/schema\/logo\/image\/","url":"https:\/\/elinformativotam.com\/wp-content\/uploads\/2026\/02\/Cabezal.png","contentUrl":"https:\/\/elinformativotam.com\/wp-content\/uploads\/2026\/02\/Cabezal.png","width":960,"height":640,"caption":"EL INFORMATIVO DE TAMAULIPAS"},"image":{"@id":"https:\/\/elinformativotam.com\/#\/schema\/logo\/image\/"}},{"@type":"Person","@id":"https:\/\/elinformativotam.com\/#\/schema\/person\/78e08040eed0f6110f0c5f83b6153590","name":"El Informativo Tam","image":{"@type":"ImageObject","inLanguage":"es","@id":"https:\/\/secure.gravatar.com\/avatar\/f3b7ad3af540688955925ac610647be00b0cf41feea9c4978b73a707ee86bc53?s=96&d=mm&r=g","url":"https:\/\/secure.gravatar.com\/avatar\/f3b7ad3af540688955925ac610647be00b0cf41feea9c4978b73a707ee86bc53?s=96&d=mm&r=g","contentUrl":"https:\/\/secure.gravatar.com\/avatar\/f3b7ad3af540688955925ac610647be00b0cf41feea9c4978b73a707ee86bc53?s=96&d=mm&r=g","caption":"El Informativo Tam"}}]}},"_links":{"self":[{"href":"https:\/\/elinformativotam.com\/index.php\/wp-json\/wp\/v2\/posts\/3963","targetHints":{"allow":["GET"]}}],"collection":[{"href":"https:\/\/elinformativotam.com\/index.php\/wp-json\/wp\/v2\/posts"}],"about":[{"href":"https:\/\/elinformativotam.com\/index.php\/wp-json\/wp\/v2\/types\/post"}],"author":[{"embeddable":true,"href":"https:\/\/elinformativotam.com\/index.php\/wp-json\/wp\/v2\/users\/1"}],"replies":[{"embeddable":true,"href":"https:\/\/elinformativotam.com\/index.php\/wp-json\/wp\/v2\/comments?post=3963"}],"version-history":[{"count":0,"href":"https:\/\/elinformativotam.com\/index.php\/wp-json\/wp\/v2\/posts\/3963\/revisions"}],"wp:attachment":[{"href":"https:\/\/elinformativotam.com\/index.php\/wp-json\/wp\/v2\/media?parent=3963"}],"wp:term":[{"taxonomy":"category","embeddable":true,"href":"https:\/\/elinformativotam.com\/index.php\/wp-json\/wp\/v2\/categories?post=3963"},{"taxonomy":"post_tag","embeddable":true,"href":"https:\/\/elinformativotam.com\/index.php\/wp-json\/wp\/v2\/tags?post=3963"}],"curies":[{"name":"wp","href":"https:\/\/api.w.org\/{rel}","templated":true}]}}