{"id":3957,"date":"2020-03-22T14:04:53","date_gmt":"2020-03-22T20:04:53","guid":{"rendered":"http:\/\/elinformativotam.com\/?p=3957"},"modified":"2020-03-22T14:04:53","modified_gmt":"2020-03-22T20:04:53","slug":"set-determinara-la-forma-de-recuperar-clases-perdidas","status":"publish","type":"post","link":"https:\/\/elinformativotam.com\/index.php\/2020\/03\/22\/set-determinara-la-forma-de-recuperar-clases-perdidas\/","title":{"rendered":"SET DETERMINAR\u00c1 LA FORMA DE RECUPERAR CLASES PERDIDAS."},"content":{"rendered":"<p>Cd. Madero, Tamaulipas.- La Secretar\u00eda de Educaci\u00f3n en Tamaulipas, ser\u00e1 quien marque los lineamientos en torno a c\u00f3mo se van a recuperar las clases que se est\u00e1n perdiendo por la contingencia sanitaria que se presente en el pa\u00eds.<\/p>\n<p>&nbsp;<\/p>\n<p>El director de educaci\u00f3n en Madero, Edgar Avalos Dom\u00ednguez, indic\u00f3 que es necesario que los padres y alumnos tengan en claro que no son vacaciones, pues las escuelas donde sus estudiantes tienen la posibilidad de tomar sus clases o trabajos en l\u00ednea lo est\u00e1n haciendo, desde nivel primaria, secundaria, media superior y superior.<\/p>\n<p>&nbsp;<\/p>\n<p>Destac\u00f3 que se tiene contacto de manera constante con los directores, quienes est\u00e1n realizando sus enlaces con los maestros y estos a su vez con los alumnos para ponerles los trabajos correspondientes en cada materia.<\/p>\n<p>&nbsp;<\/p>\n<p>&#8220;Esta contingencia que nos manda el gobierno federal y de estado, no son vacaciones, los muchachos siguen trabajando con su planeaci\u00f3n, obviamente quienes tengan la posibilidad, porque hay alumnos que no la tienen, se tendr\u00e1 que ver la manera en la que puedan recuperar esos d\u00edas que no asistan a clases&#8221;.<\/p>\n<p>&nbsp;<\/p>\n<p>Mencion\u00f3 que son \u00fanicamente nueve d\u00edas los que se van a perder oficialmente de clases, debido a que posteriormente segu\u00eda el periodo vacacional, por ello es que se buscan estrategias para que tratar de recuperar el tiempo y las clases de alguna manera.<\/p>\n<p>&nbsp;<\/p>\n<p>Avalos Dom\u00ednguez a\u00f1adi\u00f3 que se busca que los alumnos no pierdan los trabajos que ya se ten\u00edan planeados, por ello la secretar\u00eda va a decidir si se recuperan por medio de los trabajos solamente o con d\u00edas posteriores.<\/p>\n<p>&nbsp;<\/p>\n<p>Expuso que est\u00e1n conscientes que es dif\u00edcil llevar a cabo clases en l\u00ednea, debido a que no todos los alumnos tienen la posibilidad de acceder a una computadora o a un servicio de internet eficiente, adem\u00e1s que la conectividad de las escuelas se encuentra en el 95 por ciento de los planteles, pero nadie puede ir a las instituciones educativas en este momento.<\/p>\n<p>&nbsp;<\/p>\n","protected":false},"excerpt":{"rendered":"<p>Cd. Madero, Tamaulipas.- La Secretar\u00eda de Educaci\u00f3n en Tamaulipas, ser\u00e1 quien marque los lineamientos en torno a c\u00f3mo se van&hellip;<\/p>\n","protected":false},"author":1,"featured_media":0,"comment_status":"open","ping_status":"open","sticky":false,"template":"","format":"standard","meta":{"footnotes":""},"categories":[4],"tags":[],"class_list":["post-3957","post","type-post","status-publish","format-standard","hentry","category-madero"],"yoast_head":"<!-- This site is optimized with the Yoast SEO plugin v27.4 - https:\/\/yoast.com\/product\/yoast-seo-wordpress\/ -->\n<title>SET DETERMINAR\u00c1 LA FORMA DE RECUPERAR CLASES PERDIDAS. - EL INFORMATIVO DE TAMAULIPAS<\/title>\n<meta name=\"description\" content=\"Cd. Madero, Tamaulipas.- La Secretar\u00eda de Educaci\u00f3n en Tamaulipas, ser\u00e1 quien marque los lineamientos en torno a c\u00f3mo se van a recuperar las clases que se\" \/>\n<meta name=\"robots\" content=\"index, follow, max-snippet:-1, max-image-preview:large, max-video-preview:-1\" \/>\n<link rel=\"canonical\" href=\"https:\/\/elinformativotam.com\/index.php\/2020\/03\/22\/set-determinara-la-forma-de-recuperar-clases-perdidas\/\" \/>\n<meta property=\"og:locale\" content=\"es_MX\" \/>\n<meta property=\"og:type\" content=\"article\" \/>\n<meta property=\"og:title\" content=\"SET DETERMINAR\u00c1 LA FORMA DE RECUPERAR CLASES PERDIDAS. - EL INFORMATIVO DE TAMAULIPAS\" \/>\n<meta property=\"og:description\" content=\"Cd. Madero, Tamaulipas.- La Secretar\u00eda de Educaci\u00f3n en Tamaulipas, ser\u00e1 quien marque los lineamientos en torno a c\u00f3mo se van a recuperar las clases que se\" \/>\n<meta property=\"og:url\" content=\"https:\/\/elinformativotam.com\/index.php\/2020\/03\/22\/set-determinara-la-forma-de-recuperar-clases-perdidas\/\" \/>\n<meta property=\"og:site_name\" content=\"EL INFORMATIVO DE TAMAULIPAS\" \/>\n<meta property=\"article:published_time\" content=\"2020-03-22T20:04:53+00:00\" \/>\n<meta name=\"author\" content=\"El Informativo Tam\" \/>\n<meta name=\"twitter:card\" content=\"summary_large_image\" \/>\n<meta name=\"twitter:label1\" content=\"Escrito por\" \/>\n\t<meta name=\"twitter:data1\" content=\"El Informativo Tam\" \/>\n\t<meta name=\"twitter:label2\" content=\"Tiempo de lectura\" \/>\n\t<meta name=\"twitter:data2\" content=\"2 minutos\" \/>\n<script type=\"application\/ld+json\" class=\"yoast-schema-graph\">{\"@context\":\"https:\\\/\\\/schema.org\",\"@graph\":[{\"@type\":\"Article\",\"@id\":\"https:\\\/\\\/elinformativotam.com\\\/index.php\\\/2020\\\/03\\\/22\\\/set-determinara-la-forma-de-recuperar-clases-perdidas\\\/#article\",\"isPartOf\":{\"@id\":\"https:\\\/\\\/elinformativotam.com\\\/index.php\\\/2020\\\/03\\\/22\\\/set-determinara-la-forma-de-recuperar-clases-perdidas\\\/\"},\"author\":{\"name\":\"El Informativo Tam\",\"@id\":\"https:\\\/\\\/elinformativotam.com\\\/#\\\/schema\\\/person\\\/78e08040eed0f6110f0c5f83b6153590\"},\"headline\":\"SET DETERMINAR\u00c1 LA FORMA DE RECUPERAR CLASES PERDIDAS.\",\"datePublished\":\"2020-03-22T20:04:53+00:00\",\"mainEntityOfPage\":{\"@id\":\"https:\\\/\\\/elinformativotam.com\\\/index.php\\\/2020\\\/03\\\/22\\\/set-determinara-la-forma-de-recuperar-clases-perdidas\\\/\"},\"wordCount\":359,\"commentCount\":0,\"publisher\":{\"@id\":\"https:\\\/\\\/elinformativotam.com\\\/#organization\"},\"articleSection\":[\"Cd Madero\"],\"inLanguage\":\"es\",\"potentialAction\":[{\"@type\":\"CommentAction\",\"name\":\"Comment\",\"target\":[\"https:\\\/\\\/elinformativotam.com\\\/index.php\\\/2020\\\/03\\\/22\\\/set-determinara-la-forma-de-recuperar-clases-perdidas\\\/#respond\"]}]},{\"@type\":\"WebPage\",\"@id\":\"https:\\\/\\\/elinformativotam.com\\\/index.php\\\/2020\\\/03\\\/22\\\/set-determinara-la-forma-de-recuperar-clases-perdidas\\\/\",\"url\":\"https:\\\/\\\/elinformativotam.com\\\/index.php\\\/2020\\\/03\\\/22\\\/set-determinara-la-forma-de-recuperar-clases-perdidas\\\/\",\"name\":\"SET DETERMINAR\u00c1 LA FORMA DE RECUPERAR CLASES PERDIDAS. - EL INFORMATIVO DE TAMAULIPAS\",\"isPartOf\":{\"@id\":\"https:\\\/\\\/elinformativotam.com\\\/#website\"},\"datePublished\":\"2020-03-22T20:04:53+00:00\",\"description\":\"Cd. Madero, Tamaulipas.- La Secretar\u00eda de Educaci\u00f3n en Tamaulipas, ser\u00e1 quien marque los lineamientos en torno a c\u00f3mo se van a recuperar las clases que se\",\"inLanguage\":\"es\",\"potentialAction\":[{\"@type\":\"ReadAction\",\"target\":[\"https:\\\/\\\/elinformativotam.com\\\/index.php\\\/2020\\\/03\\\/22\\\/set-determinara-la-forma-de-recuperar-clases-perdidas\\\/\"]}]},{\"@type\":\"WebSite\",\"@id\":\"https:\\\/\\\/elinformativotam.com\\\/#website\",\"url\":\"https:\\\/\\\/elinformativotam.com\\\/\",\"name\":\"EL INFORMATIVO DE TAMAULIPAS\",\"description\":\"Desde la Zona Metropolitana Para Todo M\u00e9xico\",\"publisher\":{\"@id\":\"https:\\\/\\\/elinformativotam.com\\\/#organization\"},\"potentialAction\":[{\"@type\":\"SearchAction\",\"target\":{\"@type\":\"EntryPoint\",\"urlTemplate\":\"https:\\\/\\\/elinformativotam.com\\\/?s={search_term_string}\"},\"query-input\":{\"@type\":\"PropertyValueSpecification\",\"valueRequired\":true,\"valueName\":\"search_term_string\"}}],\"inLanguage\":\"es\"},{\"@type\":\"Organization\",\"@id\":\"https:\\\/\\\/elinformativotam.com\\\/#organization\",\"name\":\"EL INFORMATIVO DE TAMAULIPAS\",\"url\":\"https:\\\/\\\/elinformativotam.com\\\/\",\"logo\":{\"@type\":\"ImageObject\",\"inLanguage\":\"es\",\"@id\":\"https:\\\/\\\/elinformativotam.com\\\/#\\\/schema\\\/logo\\\/image\\\/\",\"url\":\"https:\\\/\\\/elinformativotam.com\\\/wp-content\\\/uploads\\\/2026\\\/02\\\/Cabezal.png\",\"contentUrl\":\"https:\\\/\\\/elinformativotam.com\\\/wp-content\\\/uploads\\\/2026\\\/02\\\/Cabezal.png\",\"width\":960,\"height\":640,\"caption\":\"EL INFORMATIVO DE TAMAULIPAS\"},\"image\":{\"@id\":\"https:\\\/\\\/elinformativotam.com\\\/#\\\/schema\\\/logo\\\/image\\\/\"}},{\"@type\":\"Person\",\"@id\":\"https:\\\/\\\/elinformativotam.com\\\/#\\\/schema\\\/person\\\/78e08040eed0f6110f0c5f83b6153590\",\"name\":\"El Informativo Tam\",\"image\":{\"@type\":\"ImageObject\",\"inLanguage\":\"es\",\"@id\":\"https:\\\/\\\/secure.gravatar.com\\\/avatar\\\/f3b7ad3af540688955925ac610647be00b0cf41feea9c4978b73a707ee86bc53?s=96&d=mm&r=g\",\"url\":\"https:\\\/\\\/secure.gravatar.com\\\/avatar\\\/f3b7ad3af540688955925ac610647be00b0cf41feea9c4978b73a707ee86bc53?s=96&d=mm&r=g\",\"contentUrl\":\"https:\\\/\\\/secure.gravatar.com\\\/avatar\\\/f3b7ad3af540688955925ac610647be00b0cf41feea9c4978b73a707ee86bc53?s=96&d=mm&r=g\",\"caption\":\"El Informativo Tam\"}}]}<\/script>\n<!-- \/ Yoast SEO plugin. -->","yoast_head_json":{"title":"SET DETERMINAR\u00c1 LA FORMA DE RECUPERAR CLASES PERDIDAS. - EL INFORMATIVO DE TAMAULIPAS","description":"Cd. Madero, Tamaulipas.- La Secretar\u00eda de Educaci\u00f3n en Tamaulipas, ser\u00e1 quien marque los lineamientos en torno a c\u00f3mo se van a recuperar las clases que se","robots":{"index":"index","follow":"follow","max-snippet":"max-snippet:-1","max-image-preview":"max-image-preview:large","max-video-preview":"max-video-preview:-1"},"canonical":"https:\/\/elinformativotam.com\/index.php\/2020\/03\/22\/set-determinara-la-forma-de-recuperar-clases-perdidas\/","og_locale":"es_MX","og_type":"article","og_title":"SET DETERMINAR\u00c1 LA FORMA DE RECUPERAR CLASES PERDIDAS. - EL INFORMATIVO DE TAMAULIPAS","og_description":"Cd. Madero, Tamaulipas.- La Secretar\u00eda de Educaci\u00f3n en Tamaulipas, ser\u00e1 quien marque los lineamientos en torno a c\u00f3mo se van a recuperar las clases que se","og_url":"https:\/\/elinformativotam.com\/index.php\/2020\/03\/22\/set-determinara-la-forma-de-recuperar-clases-perdidas\/","og_site_name":"EL INFORMATIVO DE TAMAULIPAS","article_published_time":"2020-03-22T20:04:53+00:00","author":"El Informativo Tam","twitter_card":"summary_large_image","twitter_misc":{"Escrito por":"El Informativo Tam","Tiempo de lectura":"2 minutos"},"schema":{"@context":"https:\/\/schema.org","@graph":[{"@type":"Article","@id":"https:\/\/elinformativotam.com\/index.php\/2020\/03\/22\/set-determinara-la-forma-de-recuperar-clases-perdidas\/#article","isPartOf":{"@id":"https:\/\/elinformativotam.com\/index.php\/2020\/03\/22\/set-determinara-la-forma-de-recuperar-clases-perdidas\/"},"author":{"name":"El Informativo Tam","@id":"https:\/\/elinformativotam.com\/#\/schema\/person\/78e08040eed0f6110f0c5f83b6153590"},"headline":"SET DETERMINAR\u00c1 LA FORMA DE RECUPERAR CLASES PERDIDAS.","datePublished":"2020-03-22T20:04:53+00:00","mainEntityOfPage":{"@id":"https:\/\/elinformativotam.com\/index.php\/2020\/03\/22\/set-determinara-la-forma-de-recuperar-clases-perdidas\/"},"wordCount":359,"commentCount":0,"publisher":{"@id":"https:\/\/elinformativotam.com\/#organization"},"articleSection":["Cd Madero"],"inLanguage":"es","potentialAction":[{"@type":"CommentAction","name":"Comment","target":["https:\/\/elinformativotam.com\/index.php\/2020\/03\/22\/set-determinara-la-forma-de-recuperar-clases-perdidas\/#respond"]}]},{"@type":"WebPage","@id":"https:\/\/elinformativotam.com\/index.php\/2020\/03\/22\/set-determinara-la-forma-de-recuperar-clases-perdidas\/","url":"https:\/\/elinformativotam.com\/index.php\/2020\/03\/22\/set-determinara-la-forma-de-recuperar-clases-perdidas\/","name":"SET DETERMINAR\u00c1 LA FORMA DE RECUPERAR CLASES PERDIDAS. - EL INFORMATIVO DE TAMAULIPAS","isPartOf":{"@id":"https:\/\/elinformativotam.com\/#website"},"datePublished":"2020-03-22T20:04:53+00:00","description":"Cd. Madero, Tamaulipas.- La Secretar\u00eda de Educaci\u00f3n en Tamaulipas, ser\u00e1 quien marque los lineamientos en torno a c\u00f3mo se van a recuperar las clases que se","inLanguage":"es","potentialAction":[{"@type":"ReadAction","target":["https:\/\/elinformativotam.com\/index.php\/2020\/03\/22\/set-determinara-la-forma-de-recuperar-clases-perdidas\/"]}]},{"@type":"WebSite","@id":"https:\/\/elinformativotam.com\/#website","url":"https:\/\/elinformativotam.com\/","name":"EL INFORMATIVO DE TAMAULIPAS","description":"Desde la Zona Metropolitana Para Todo M\u00e9xico","publisher":{"@id":"https:\/\/elinformativotam.com\/#organization"},"potentialAction":[{"@type":"SearchAction","target":{"@type":"EntryPoint","urlTemplate":"https:\/\/elinformativotam.com\/?s={search_term_string}"},"query-input":{"@type":"PropertyValueSpecification","valueRequired":true,"valueName":"search_term_string"}}],"inLanguage":"es"},{"@type":"Organization","@id":"https:\/\/elinformativotam.com\/#organization","name":"EL INFORMATIVO DE TAMAULIPAS","url":"https:\/\/elinformativotam.com\/","logo":{"@type":"ImageObject","inLanguage":"es","@id":"https:\/\/elinformativotam.com\/#\/schema\/logo\/image\/","url":"https:\/\/elinformativotam.com\/wp-content\/uploads\/2026\/02\/Cabezal.png","contentUrl":"https:\/\/elinformativotam.com\/wp-content\/uploads\/2026\/02\/Cabezal.png","width":960,"height":640,"caption":"EL INFORMATIVO DE TAMAULIPAS"},"image":{"@id":"https:\/\/elinformativotam.com\/#\/schema\/logo\/image\/"}},{"@type":"Person","@id":"https:\/\/elinformativotam.com\/#\/schema\/person\/78e08040eed0f6110f0c5f83b6153590","name":"El Informativo Tam","image":{"@type":"ImageObject","inLanguage":"es","@id":"https:\/\/secure.gravatar.com\/avatar\/f3b7ad3af540688955925ac610647be00b0cf41feea9c4978b73a707ee86bc53?s=96&d=mm&r=g","url":"https:\/\/secure.gravatar.com\/avatar\/f3b7ad3af540688955925ac610647be00b0cf41feea9c4978b73a707ee86bc53?s=96&d=mm&r=g","contentUrl":"https:\/\/secure.gravatar.com\/avatar\/f3b7ad3af540688955925ac610647be00b0cf41feea9c4978b73a707ee86bc53?s=96&d=mm&r=g","caption":"El Informativo Tam"}}]}},"_links":{"self":[{"href":"https:\/\/elinformativotam.com\/index.php\/wp-json\/wp\/v2\/posts\/3957","targetHints":{"allow":["GET"]}}],"collection":[{"href":"https:\/\/elinformativotam.com\/index.php\/wp-json\/wp\/v2\/posts"}],"about":[{"href":"https:\/\/elinformativotam.com\/index.php\/wp-json\/wp\/v2\/types\/post"}],"author":[{"embeddable":true,"href":"https:\/\/elinformativotam.com\/index.php\/wp-json\/wp\/v2\/users\/1"}],"replies":[{"embeddable":true,"href":"https:\/\/elinformativotam.com\/index.php\/wp-json\/wp\/v2\/comments?post=3957"}],"version-history":[{"count":0,"href":"https:\/\/elinformativotam.com\/index.php\/wp-json\/wp\/v2\/posts\/3957\/revisions"}],"wp:attachment":[{"href":"https:\/\/elinformativotam.com\/index.php\/wp-json\/wp\/v2\/media?parent=3957"}],"wp:term":[{"taxonomy":"category","embeddable":true,"href":"https:\/\/elinformativotam.com\/index.php\/wp-json\/wp\/v2\/categories?post=3957"},{"taxonomy":"post_tag","embeddable":true,"href":"https:\/\/elinformativotam.com\/index.php\/wp-json\/wp\/v2\/tags?post=3957"}],"curies":[{"name":"wp","href":"https:\/\/api.w.org\/{rel}","templated":true}]}}