{"id":3901,"date":"2020-03-21T13:19:10","date_gmt":"2020-03-21T19:19:10","guid":{"rendered":"http:\/\/elinformativotam.com\/?p=3901"},"modified":"2020-03-21T13:19:10","modified_gmt":"2020-03-21T19:19:10","slug":"intensifica-ciudad-madero-servicio-de-recoleccion-de-basura","status":"publish","type":"post","link":"https:\/\/elinformativotam.com\/index.php\/2020\/03\/21\/intensifica-ciudad-madero-servicio-de-recoleccion-de-basura\/","title":{"rendered":"INTENSIFICA CIUDAD MADERO SERVICIO DE RECOLECCI\u00d3N DE BASURA"},"content":{"rendered":"<p>Cuadrillas de trabajadores de limpia p\u00fablica han intensificado las labores de recolecci\u00f3n de basura en el municipio, al registrarse un ligero incremento en el volumen de los desechos s\u00f3lidos en esta semana.<\/p>\n<p>&nbsp;<\/p>\n<p>El director de Servicios P\u00fablicos, Jos\u00e9 Rafael Morales Solano, inform\u00f3 que de 220 toneladas de basura que se recogen diariamente en la urbe petrolera, se ha aumentado la generaci\u00f3n a 280 toneladas, por lo que el Ayuntamiento maderense ha intensificado las labores para mantener limpia la ciudad.<\/p>\n<p>&nbsp;<\/p>\n<p>\u201cEn estos d\u00edas se ha incrementado la generaci\u00f3n de basura debido a que las familias se encuentran en casa, atendiendo a la recomendaci\u00f3n de las autoridades de mantenerse resguardados para evitar la propagaci\u00f3n de casos de COVID-19\u201d, se\u00f1al\u00f3.<\/p>\n<p><img loading=\"lazy\" decoding=\"async\" class=\" wp-image-3900 alignleft\" src=\"https:\/\/elinformativotam.com\/wp-content\/uploads\/2020\/03\/playa-2-300x200.jpg\" alt=\"\" width=\"490\" height=\"326\" \/><\/p>\n<p>En tanto, coment\u00f3 Morales Solano, que en el m\u00e1ximo paseo tur\u00edstico se redujo en un 60% la generaci\u00f3n de residuos s\u00f3lidos, luego de que el pasado fin de semana fueran cerrados los accesos a playa Miramar.<\/p>\n<p>&nbsp;<\/p>\n<p>\u201cEn playa Miramar normalmente se recolectan 10 toneladas de basura al d\u00eda, pero se ha registrado una disminuci\u00f3n a 4 toneladas, y se prev\u00e9 que contin\u00fae bajando en los pr\u00f3ximos d\u00edas\u201d, manifest\u00f3 el funcionario municipal.<\/p>\n","protected":false},"excerpt":{"rendered":"<p>Cuadrillas de trabajadores de limpia p\u00fablica han intensificado las labores de recolecci\u00f3n de basura en el municipio, al registrarse un&hellip;<\/p>\n","protected":false},"author":1,"featured_media":0,"comment_status":"open","ping_status":"open","sticky":false,"template":"","format":"standard","meta":{"footnotes":""},"categories":[4],"tags":[],"class_list":["post-3901","post","type-post","status-publish","format-standard","hentry","category-madero"],"yoast_head":"<!-- This site is optimized with the Yoast SEO plugin v27.5 - https:\/\/yoast.com\/product\/yoast-seo-wordpress\/ -->\n<title>INTENSIFICA CIUDAD MADERO SERVICIO DE RECOLECCI\u00d3N DE BASURA - EL INFORMATIVO DE TAMAULIPAS<\/title>\n<meta name=\"description\" content=\"Cuadrillas de trabajadores de limpia p\u00fablica han intensificado las labores de recolecci\u00f3n de basura en el municipio, al registrarse un ligero incremento\" \/>\n<meta name=\"robots\" content=\"index, follow, max-snippet:-1, max-image-preview:large, max-video-preview:-1\" \/>\n<link rel=\"canonical\" href=\"https:\/\/elinformativotam.com\/index.php\/2020\/03\/21\/intensifica-ciudad-madero-servicio-de-recoleccion-de-basura\/\" \/>\n<meta property=\"og:locale\" content=\"es_MX\" \/>\n<meta property=\"og:type\" content=\"article\" \/>\n<meta property=\"og:title\" content=\"INTENSIFICA CIUDAD MADERO SERVICIO DE RECOLECCI\u00d3N DE BASURA - EL INFORMATIVO DE TAMAULIPAS\" \/>\n<meta property=\"og:description\" content=\"Cuadrillas de trabajadores de limpia p\u00fablica han intensificado las labores de recolecci\u00f3n de basura en el municipio, al registrarse un ligero incremento\" \/>\n<meta property=\"og:url\" content=\"https:\/\/elinformativotam.com\/index.php\/2020\/03\/21\/intensifica-ciudad-madero-servicio-de-recoleccion-de-basura\/\" \/>\n<meta property=\"og:site_name\" content=\"EL INFORMATIVO DE TAMAULIPAS\" \/>\n<meta property=\"article:published_time\" content=\"2020-03-21T19:19:10+00:00\" \/>\n<meta property=\"og:image\" content=\"http:\/\/elinformativotam.com\/wp-content\/uploads\/2020\/03\/playa-2-300x200.jpg\" \/>\n<meta name=\"author\" content=\"El Informativo Tam\" \/>\n<meta name=\"twitter:card\" content=\"summary_large_image\" \/>\n<meta name=\"twitter:label1\" content=\"Escrito por\" \/>\n\t<meta name=\"twitter:data1\" content=\"El Informativo Tam\" \/>\n\t<meta name=\"twitter:label2\" content=\"Tiempo de lectura\" \/>\n\t<meta name=\"twitter:data2\" content=\"1 minuto\" \/>\n<script type=\"application\/ld+json\" class=\"yoast-schema-graph\">{\"@context\":\"https:\\\/\\\/schema.org\",\"@graph\":[{\"@type\":\"Article\",\"@id\":\"https:\\\/\\\/elinformativotam.com\\\/index.php\\\/2020\\\/03\\\/21\\\/intensifica-ciudad-madero-servicio-de-recoleccion-de-basura\\\/#article\",\"isPartOf\":{\"@id\":\"https:\\\/\\\/elinformativotam.com\\\/index.php\\\/2020\\\/03\\\/21\\\/intensifica-ciudad-madero-servicio-de-recoleccion-de-basura\\\/\"},\"author\":{\"name\":\"El Informativo Tam\",\"@id\":\"https:\\\/\\\/elinformativotam.com\\\/#\\\/schema\\\/person\\\/78e08040eed0f6110f0c5f83b6153590\"},\"headline\":\"INTENSIFICA CIUDAD MADERO SERVICIO DE RECOLECCI\u00d3N DE BASURA\",\"datePublished\":\"2020-03-21T19:19:10+00:00\",\"mainEntityOfPage\":{\"@id\":\"https:\\\/\\\/elinformativotam.com\\\/index.php\\\/2020\\\/03\\\/21\\\/intensifica-ciudad-madero-servicio-de-recoleccion-de-basura\\\/\"},\"wordCount\":214,\"commentCount\":0,\"publisher\":{\"@id\":\"https:\\\/\\\/elinformativotam.com\\\/#organization\"},\"image\":{\"@id\":\"https:\\\/\\\/elinformativotam.com\\\/index.php\\\/2020\\\/03\\\/21\\\/intensifica-ciudad-madero-servicio-de-recoleccion-de-basura\\\/#primaryimage\"},\"thumbnailUrl\":\"http:\\\/\\\/elinformativotam.com\\\/wp-content\\\/uploads\\\/2020\\\/03\\\/playa-2-300x200.jpg\",\"articleSection\":[\"Cd Madero\"],\"inLanguage\":\"es\",\"potentialAction\":[{\"@type\":\"CommentAction\",\"name\":\"Comment\",\"target\":[\"https:\\\/\\\/elinformativotam.com\\\/index.php\\\/2020\\\/03\\\/21\\\/intensifica-ciudad-madero-servicio-de-recoleccion-de-basura\\\/#respond\"]}]},{\"@type\":\"WebPage\",\"@id\":\"https:\\\/\\\/elinformativotam.com\\\/index.php\\\/2020\\\/03\\\/21\\\/intensifica-ciudad-madero-servicio-de-recoleccion-de-basura\\\/\",\"url\":\"https:\\\/\\\/elinformativotam.com\\\/index.php\\\/2020\\\/03\\\/21\\\/intensifica-ciudad-madero-servicio-de-recoleccion-de-basura\\\/\",\"name\":\"INTENSIFICA CIUDAD MADERO SERVICIO DE RECOLECCI\u00d3N DE BASURA - EL INFORMATIVO DE TAMAULIPAS\",\"isPartOf\":{\"@id\":\"https:\\\/\\\/elinformativotam.com\\\/#website\"},\"primaryImageOfPage\":{\"@id\":\"https:\\\/\\\/elinformativotam.com\\\/index.php\\\/2020\\\/03\\\/21\\\/intensifica-ciudad-madero-servicio-de-recoleccion-de-basura\\\/#primaryimage\"},\"image\":{\"@id\":\"https:\\\/\\\/elinformativotam.com\\\/index.php\\\/2020\\\/03\\\/21\\\/intensifica-ciudad-madero-servicio-de-recoleccion-de-basura\\\/#primaryimage\"},\"thumbnailUrl\":\"http:\\\/\\\/elinformativotam.com\\\/wp-content\\\/uploads\\\/2020\\\/03\\\/playa-2-300x200.jpg\",\"datePublished\":\"2020-03-21T19:19:10+00:00\",\"description\":\"Cuadrillas de trabajadores de limpia p\u00fablica han intensificado las labores de recolecci\u00f3n de basura en el municipio, al registrarse un ligero incremento\",\"inLanguage\":\"es\",\"potentialAction\":[{\"@type\":\"ReadAction\",\"target\":[\"https:\\\/\\\/elinformativotam.com\\\/index.php\\\/2020\\\/03\\\/21\\\/intensifica-ciudad-madero-servicio-de-recoleccion-de-basura\\\/\"]}]},{\"@type\":\"ImageObject\",\"inLanguage\":\"es\",\"@id\":\"https:\\\/\\\/elinformativotam.com\\\/index.php\\\/2020\\\/03\\\/21\\\/intensifica-ciudad-madero-servicio-de-recoleccion-de-basura\\\/#primaryimage\",\"url\":\"http:\\\/\\\/elinformativotam.com\\\/wp-content\\\/uploads\\\/2020\\\/03\\\/playa-2-300x200.jpg\",\"contentUrl\":\"http:\\\/\\\/elinformativotam.com\\\/wp-content\\\/uploads\\\/2020\\\/03\\\/playa-2-300x200.jpg\"},{\"@type\":\"WebSite\",\"@id\":\"https:\\\/\\\/elinformativotam.com\\\/#website\",\"url\":\"https:\\\/\\\/elinformativotam.com\\\/\",\"name\":\"EL INFORMATIVO DE TAMAULIPAS\",\"description\":\"Desde la Zona Metropolitana Para Todo M\u00e9xico\",\"publisher\":{\"@id\":\"https:\\\/\\\/elinformativotam.com\\\/#organization\"},\"potentialAction\":[{\"@type\":\"SearchAction\",\"target\":{\"@type\":\"EntryPoint\",\"urlTemplate\":\"https:\\\/\\\/elinformativotam.com\\\/?s={search_term_string}\"},\"query-input\":{\"@type\":\"PropertyValueSpecification\",\"valueRequired\":true,\"valueName\":\"search_term_string\"}}],\"inLanguage\":\"es\"},{\"@type\":\"Organization\",\"@id\":\"https:\\\/\\\/elinformativotam.com\\\/#organization\",\"name\":\"EL INFORMATIVO DE TAMAULIPAS\",\"url\":\"https:\\\/\\\/elinformativotam.com\\\/\",\"logo\":{\"@type\":\"ImageObject\",\"inLanguage\":\"es\",\"@id\":\"https:\\\/\\\/elinformativotam.com\\\/#\\\/schema\\\/logo\\\/image\\\/\",\"url\":\"https:\\\/\\\/elinformativotam.com\\\/wp-content\\\/uploads\\\/2026\\\/02\\\/Cabezal.png\",\"contentUrl\":\"https:\\\/\\\/elinformativotam.com\\\/wp-content\\\/uploads\\\/2026\\\/02\\\/Cabezal.png\",\"width\":960,\"height\":640,\"caption\":\"EL INFORMATIVO DE TAMAULIPAS\"},\"image\":{\"@id\":\"https:\\\/\\\/elinformativotam.com\\\/#\\\/schema\\\/logo\\\/image\\\/\"}},{\"@type\":\"Person\",\"@id\":\"https:\\\/\\\/elinformativotam.com\\\/#\\\/schema\\\/person\\\/78e08040eed0f6110f0c5f83b6153590\",\"name\":\"El Informativo Tam\",\"image\":{\"@type\":\"ImageObject\",\"inLanguage\":\"es\",\"@id\":\"https:\\\/\\\/secure.gravatar.com\\\/avatar\\\/f3b7ad3af540688955925ac610647be00b0cf41feea9c4978b73a707ee86bc53?s=96&d=mm&r=g\",\"url\":\"https:\\\/\\\/secure.gravatar.com\\\/avatar\\\/f3b7ad3af540688955925ac610647be00b0cf41feea9c4978b73a707ee86bc53?s=96&d=mm&r=g\",\"contentUrl\":\"https:\\\/\\\/secure.gravatar.com\\\/avatar\\\/f3b7ad3af540688955925ac610647be00b0cf41feea9c4978b73a707ee86bc53?s=96&d=mm&r=g\",\"caption\":\"El Informativo Tam\"}}]}<\/script>\n<!-- \/ Yoast SEO plugin. -->","yoast_head_json":{"title":"INTENSIFICA CIUDAD MADERO SERVICIO DE RECOLECCI\u00d3N DE BASURA - EL INFORMATIVO DE TAMAULIPAS","description":"Cuadrillas de trabajadores de limpia p\u00fablica han intensificado las labores de recolecci\u00f3n de basura en el municipio, al registrarse un ligero incremento","robots":{"index":"index","follow":"follow","max-snippet":"max-snippet:-1","max-image-preview":"max-image-preview:large","max-video-preview":"max-video-preview:-1"},"canonical":"https:\/\/elinformativotam.com\/index.php\/2020\/03\/21\/intensifica-ciudad-madero-servicio-de-recoleccion-de-basura\/","og_locale":"es_MX","og_type":"article","og_title":"INTENSIFICA CIUDAD MADERO SERVICIO DE RECOLECCI\u00d3N DE BASURA - EL INFORMATIVO DE TAMAULIPAS","og_description":"Cuadrillas de trabajadores de limpia p\u00fablica han intensificado las labores de recolecci\u00f3n de basura en el municipio, al registrarse un ligero incremento","og_url":"https:\/\/elinformativotam.com\/index.php\/2020\/03\/21\/intensifica-ciudad-madero-servicio-de-recoleccion-de-basura\/","og_site_name":"EL INFORMATIVO DE TAMAULIPAS","article_published_time":"2020-03-21T19:19:10+00:00","og_image":[{"url":"http:\/\/elinformativotam.com\/wp-content\/uploads\/2020\/03\/playa-2-300x200.jpg","type":"","width":"","height":""}],"author":"El Informativo Tam","twitter_card":"summary_large_image","twitter_misc":{"Escrito por":"El Informativo Tam","Tiempo de lectura":"1 minuto"},"schema":{"@context":"https:\/\/schema.org","@graph":[{"@type":"Article","@id":"https:\/\/elinformativotam.com\/index.php\/2020\/03\/21\/intensifica-ciudad-madero-servicio-de-recoleccion-de-basura\/#article","isPartOf":{"@id":"https:\/\/elinformativotam.com\/index.php\/2020\/03\/21\/intensifica-ciudad-madero-servicio-de-recoleccion-de-basura\/"},"author":{"name":"El Informativo Tam","@id":"https:\/\/elinformativotam.com\/#\/schema\/person\/78e08040eed0f6110f0c5f83b6153590"},"headline":"INTENSIFICA CIUDAD MADERO SERVICIO DE RECOLECCI\u00d3N DE BASURA","datePublished":"2020-03-21T19:19:10+00:00","mainEntityOfPage":{"@id":"https:\/\/elinformativotam.com\/index.php\/2020\/03\/21\/intensifica-ciudad-madero-servicio-de-recoleccion-de-basura\/"},"wordCount":214,"commentCount":0,"publisher":{"@id":"https:\/\/elinformativotam.com\/#organization"},"image":{"@id":"https:\/\/elinformativotam.com\/index.php\/2020\/03\/21\/intensifica-ciudad-madero-servicio-de-recoleccion-de-basura\/#primaryimage"},"thumbnailUrl":"http:\/\/elinformativotam.com\/wp-content\/uploads\/2020\/03\/playa-2-300x200.jpg","articleSection":["Cd Madero"],"inLanguage":"es","potentialAction":[{"@type":"CommentAction","name":"Comment","target":["https:\/\/elinformativotam.com\/index.php\/2020\/03\/21\/intensifica-ciudad-madero-servicio-de-recoleccion-de-basura\/#respond"]}]},{"@type":"WebPage","@id":"https:\/\/elinformativotam.com\/index.php\/2020\/03\/21\/intensifica-ciudad-madero-servicio-de-recoleccion-de-basura\/","url":"https:\/\/elinformativotam.com\/index.php\/2020\/03\/21\/intensifica-ciudad-madero-servicio-de-recoleccion-de-basura\/","name":"INTENSIFICA CIUDAD MADERO SERVICIO DE RECOLECCI\u00d3N DE BASURA - EL INFORMATIVO DE TAMAULIPAS","isPartOf":{"@id":"https:\/\/elinformativotam.com\/#website"},"primaryImageOfPage":{"@id":"https:\/\/elinformativotam.com\/index.php\/2020\/03\/21\/intensifica-ciudad-madero-servicio-de-recoleccion-de-basura\/#primaryimage"},"image":{"@id":"https:\/\/elinformativotam.com\/index.php\/2020\/03\/21\/intensifica-ciudad-madero-servicio-de-recoleccion-de-basura\/#primaryimage"},"thumbnailUrl":"http:\/\/elinformativotam.com\/wp-content\/uploads\/2020\/03\/playa-2-300x200.jpg","datePublished":"2020-03-21T19:19:10+00:00","description":"Cuadrillas de trabajadores de limpia p\u00fablica han intensificado las labores de recolecci\u00f3n de basura en el municipio, al registrarse un ligero incremento","inLanguage":"es","potentialAction":[{"@type":"ReadAction","target":["https:\/\/elinformativotam.com\/index.php\/2020\/03\/21\/intensifica-ciudad-madero-servicio-de-recoleccion-de-basura\/"]}]},{"@type":"ImageObject","inLanguage":"es","@id":"https:\/\/elinformativotam.com\/index.php\/2020\/03\/21\/intensifica-ciudad-madero-servicio-de-recoleccion-de-basura\/#primaryimage","url":"http:\/\/elinformativotam.com\/wp-content\/uploads\/2020\/03\/playa-2-300x200.jpg","contentUrl":"http:\/\/elinformativotam.com\/wp-content\/uploads\/2020\/03\/playa-2-300x200.jpg"},{"@type":"WebSite","@id":"https:\/\/elinformativotam.com\/#website","url":"https:\/\/elinformativotam.com\/","name":"EL INFORMATIVO DE TAMAULIPAS","description":"Desde la Zona Metropolitana Para Todo M\u00e9xico","publisher":{"@id":"https:\/\/elinformativotam.com\/#organization"},"potentialAction":[{"@type":"SearchAction","target":{"@type":"EntryPoint","urlTemplate":"https:\/\/elinformativotam.com\/?s={search_term_string}"},"query-input":{"@type":"PropertyValueSpecification","valueRequired":true,"valueName":"search_term_string"}}],"inLanguage":"es"},{"@type":"Organization","@id":"https:\/\/elinformativotam.com\/#organization","name":"EL INFORMATIVO DE TAMAULIPAS","url":"https:\/\/elinformativotam.com\/","logo":{"@type":"ImageObject","inLanguage":"es","@id":"https:\/\/elinformativotam.com\/#\/schema\/logo\/image\/","url":"https:\/\/elinformativotam.com\/wp-content\/uploads\/2026\/02\/Cabezal.png","contentUrl":"https:\/\/elinformativotam.com\/wp-content\/uploads\/2026\/02\/Cabezal.png","width":960,"height":640,"caption":"EL INFORMATIVO DE TAMAULIPAS"},"image":{"@id":"https:\/\/elinformativotam.com\/#\/schema\/logo\/image\/"}},{"@type":"Person","@id":"https:\/\/elinformativotam.com\/#\/schema\/person\/78e08040eed0f6110f0c5f83b6153590","name":"El Informativo Tam","image":{"@type":"ImageObject","inLanguage":"es","@id":"https:\/\/secure.gravatar.com\/avatar\/f3b7ad3af540688955925ac610647be00b0cf41feea9c4978b73a707ee86bc53?s=96&d=mm&r=g","url":"https:\/\/secure.gravatar.com\/avatar\/f3b7ad3af540688955925ac610647be00b0cf41feea9c4978b73a707ee86bc53?s=96&d=mm&r=g","contentUrl":"https:\/\/secure.gravatar.com\/avatar\/f3b7ad3af540688955925ac610647be00b0cf41feea9c4978b73a707ee86bc53?s=96&d=mm&r=g","caption":"El Informativo Tam"}}]}},"_links":{"self":[{"href":"https:\/\/elinformativotam.com\/index.php\/wp-json\/wp\/v2\/posts\/3901","targetHints":{"allow":["GET"]}}],"collection":[{"href":"https:\/\/elinformativotam.com\/index.php\/wp-json\/wp\/v2\/posts"}],"about":[{"href":"https:\/\/elinformativotam.com\/index.php\/wp-json\/wp\/v2\/types\/post"}],"author":[{"embeddable":true,"href":"https:\/\/elinformativotam.com\/index.php\/wp-json\/wp\/v2\/users\/1"}],"replies":[{"embeddable":true,"href":"https:\/\/elinformativotam.com\/index.php\/wp-json\/wp\/v2\/comments?post=3901"}],"version-history":[{"count":0,"href":"https:\/\/elinformativotam.com\/index.php\/wp-json\/wp\/v2\/posts\/3901\/revisions"}],"wp:attachment":[{"href":"https:\/\/elinformativotam.com\/index.php\/wp-json\/wp\/v2\/media?parent=3901"}],"wp:term":[{"taxonomy":"category","embeddable":true,"href":"https:\/\/elinformativotam.com\/index.php\/wp-json\/wp\/v2\/categories?post=3901"},{"taxonomy":"post_tag","embeddable":true,"href":"https:\/\/elinformativotam.com\/index.php\/wp-json\/wp\/v2\/tags?post=3901"}],"curies":[{"name":"wp","href":"https:\/\/api.w.org\/{rel}","templated":true}]}}