{"id":3849,"date":"2020-03-20T17:32:49","date_gmt":"2020-03-20T23:32:49","guid":{"rendered":"http:\/\/elinformativotam.com\/?p=3849"},"modified":"2020-03-20T17:32:49","modified_gmt":"2020-03-20T23:32:49","slug":"garantizados-los-servicios-a-la-poblacion-en-presidencia-de-ciudad-madero","status":"publish","type":"post","link":"https:\/\/elinformativotam.com\/index.php\/2020\/03\/20\/garantizados-los-servicios-a-la-poblacion-en-presidencia-de-ciudad-madero\/","title":{"rendered":"GARANTIZADOS LOS SERVICIOS A LA POBLACI\u00d3N EN PRESIDENCIA DE CIUDAD MADERO"},"content":{"rendered":"<p>El Gobierno de Ciudad Madero, que preside el alcalde Adri\u00e1n Oseguera Kernion, continuar\u00e1 brindando los servicios y tr\u00e1mites en horario normal pero con las medidas preventivas del cuidado a la salud.<\/p>\n<p>&nbsp;<\/p>\n<p>Lo anterior, inform\u00f3 Sandra Patricia Cruz Moreno, regidora de la comuna maderense, quien refiri\u00f3 que aunque en la sala de regidores se han implementado guardias para evitar aglomeraciones, la ciudadan\u00eda sigue siendo atendida de manera oportuna.<\/p>\n<p>&nbsp;<\/p>\n<p>A su vez, destac\u00f3 que en el acceso a la Presidencia Municipal, se colocaron filtros de higiene con la aplicaci\u00f3n de gel antibacterial para las personas que ingresan al recinto.<\/p>\n<p><img loading=\"lazy\" decoding=\"async\" class=\"wp-image-3848 alignleft\" src=\"https:\/\/elinformativotam.com\/wp-content\/uploads\/2020\/03\/navirus-300x200.jpg\" alt=\"\" width=\"479\" height=\"319\" \/><\/p>\n<p>Asimismo, enfatiz\u00f3 que la poblaci\u00f3n que requiere hacer alg\u00fan tr\u00e1mite o servicio, lo puede hacer v\u00eda telef\u00f3nica para evitar que salgan de sus domicilios en caso de que no sea un caso urgente.<\/p>\n<p>&nbsp;<\/p>\n<p>Resalt\u00f3 finalmente Cruz Romero, que en todas las \u00e1reas se contar\u00e1 con el personal suficiente para atender las peticiones de la ciudadan\u00eda as\u00ed como para realizar las actividades correspondientes.<\/p>\n","protected":false},"excerpt":{"rendered":"<p>El Gobierno de Ciudad Madero, que preside el alcalde Adri\u00e1n Oseguera Kernion, continuar\u00e1 brindando los servicios y tr\u00e1mites en horario&hellip;<\/p>\n","protected":false},"author":1,"featured_media":0,"comment_status":"open","ping_status":"open","sticky":false,"template":"","format":"standard","meta":{"footnotes":""},"categories":[4],"tags":[],"class_list":["post-3849","post","type-post","status-publish","format-standard","hentry","category-madero"],"yoast_head":"<!-- This site is optimized with the Yoast SEO plugin v27.5 - https:\/\/yoast.com\/product\/yoast-seo-wordpress\/ -->\n<title>GARANTIZADOS LOS SERVICIOS A LA POBLACI\u00d3N EN PRESIDENCIA DE CIUDAD MADERO - EL INFORMATIVO DE TAMAULIPAS<\/title>\n<meta name=\"description\" content=\"El Gobierno de Ciudad Madero, que preside el alcalde Adri\u00e1n Oseguera Kernion, continuar\u00e1 brindando los servicios y tr\u00e1mites en horario normal pero con las\" \/>\n<meta name=\"robots\" content=\"index, follow, max-snippet:-1, max-image-preview:large, max-video-preview:-1\" \/>\n<link rel=\"canonical\" href=\"https:\/\/elinformativotam.com\/index.php\/2020\/03\/20\/garantizados-los-servicios-a-la-poblacion-en-presidencia-de-ciudad-madero\/\" \/>\n<meta property=\"og:locale\" content=\"es_MX\" \/>\n<meta property=\"og:type\" content=\"article\" \/>\n<meta property=\"og:title\" content=\"GARANTIZADOS LOS SERVICIOS A LA POBLACI\u00d3N EN PRESIDENCIA DE CIUDAD MADERO - EL INFORMATIVO DE TAMAULIPAS\" \/>\n<meta property=\"og:description\" content=\"El Gobierno de Ciudad Madero, que preside el alcalde Adri\u00e1n Oseguera Kernion, continuar\u00e1 brindando los servicios y tr\u00e1mites en horario normal pero con las\" \/>\n<meta property=\"og:url\" content=\"https:\/\/elinformativotam.com\/index.php\/2020\/03\/20\/garantizados-los-servicios-a-la-poblacion-en-presidencia-de-ciudad-madero\/\" \/>\n<meta property=\"og:site_name\" content=\"EL INFORMATIVO DE TAMAULIPAS\" \/>\n<meta property=\"article:published_time\" content=\"2020-03-20T23:32:49+00:00\" \/>\n<meta property=\"og:image\" content=\"http:\/\/elinformativotam.com\/wp-content\/uploads\/2020\/03\/navirus-300x200.jpg\" \/>\n<meta name=\"author\" content=\"El Informativo Tam\" \/>\n<meta name=\"twitter:card\" content=\"summary_large_image\" \/>\n<meta name=\"twitter:label1\" content=\"Escrito por\" \/>\n\t<meta name=\"twitter:data1\" content=\"El Informativo Tam\" \/>\n\t<meta name=\"twitter:label2\" content=\"Tiempo de lectura\" \/>\n\t<meta name=\"twitter:data2\" content=\"1 minuto\" \/>\n<script type=\"application\/ld+json\" class=\"yoast-schema-graph\">{\"@context\":\"https:\\\/\\\/schema.org\",\"@graph\":[{\"@type\":\"Article\",\"@id\":\"https:\\\/\\\/elinformativotam.com\\\/index.php\\\/2020\\\/03\\\/20\\\/garantizados-los-servicios-a-la-poblacion-en-presidencia-de-ciudad-madero\\\/#article\",\"isPartOf\":{\"@id\":\"https:\\\/\\\/elinformativotam.com\\\/index.php\\\/2020\\\/03\\\/20\\\/garantizados-los-servicios-a-la-poblacion-en-presidencia-de-ciudad-madero\\\/\"},\"author\":{\"name\":\"El Informativo Tam\",\"@id\":\"https:\\\/\\\/elinformativotam.com\\\/#\\\/schema\\\/person\\\/78e08040eed0f6110f0c5f83b6153590\"},\"headline\":\"GARANTIZADOS LOS SERVICIOS A LA POBLACI\u00d3N EN PRESIDENCIA DE CIUDAD MADERO\",\"datePublished\":\"2020-03-20T23:32:49+00:00\",\"mainEntityOfPage\":{\"@id\":\"https:\\\/\\\/elinformativotam.com\\\/index.php\\\/2020\\\/03\\\/20\\\/garantizados-los-servicios-a-la-poblacion-en-presidencia-de-ciudad-madero\\\/\"},\"wordCount\":184,\"commentCount\":0,\"publisher\":{\"@id\":\"https:\\\/\\\/elinformativotam.com\\\/#organization\"},\"image\":{\"@id\":\"https:\\\/\\\/elinformativotam.com\\\/index.php\\\/2020\\\/03\\\/20\\\/garantizados-los-servicios-a-la-poblacion-en-presidencia-de-ciudad-madero\\\/#primaryimage\"},\"thumbnailUrl\":\"http:\\\/\\\/elinformativotam.com\\\/wp-content\\\/uploads\\\/2020\\\/03\\\/navirus-300x200.jpg\",\"articleSection\":[\"Cd Madero\"],\"inLanguage\":\"es\",\"potentialAction\":[{\"@type\":\"CommentAction\",\"name\":\"Comment\",\"target\":[\"https:\\\/\\\/elinformativotam.com\\\/index.php\\\/2020\\\/03\\\/20\\\/garantizados-los-servicios-a-la-poblacion-en-presidencia-de-ciudad-madero\\\/#respond\"]}]},{\"@type\":\"WebPage\",\"@id\":\"https:\\\/\\\/elinformativotam.com\\\/index.php\\\/2020\\\/03\\\/20\\\/garantizados-los-servicios-a-la-poblacion-en-presidencia-de-ciudad-madero\\\/\",\"url\":\"https:\\\/\\\/elinformativotam.com\\\/index.php\\\/2020\\\/03\\\/20\\\/garantizados-los-servicios-a-la-poblacion-en-presidencia-de-ciudad-madero\\\/\",\"name\":\"GARANTIZADOS LOS SERVICIOS A LA POBLACI\u00d3N EN PRESIDENCIA DE CIUDAD MADERO - EL INFORMATIVO DE TAMAULIPAS\",\"isPartOf\":{\"@id\":\"https:\\\/\\\/elinformativotam.com\\\/#website\"},\"primaryImageOfPage\":{\"@id\":\"https:\\\/\\\/elinformativotam.com\\\/index.php\\\/2020\\\/03\\\/20\\\/garantizados-los-servicios-a-la-poblacion-en-presidencia-de-ciudad-madero\\\/#primaryimage\"},\"image\":{\"@id\":\"https:\\\/\\\/elinformativotam.com\\\/index.php\\\/2020\\\/03\\\/20\\\/garantizados-los-servicios-a-la-poblacion-en-presidencia-de-ciudad-madero\\\/#primaryimage\"},\"thumbnailUrl\":\"http:\\\/\\\/elinformativotam.com\\\/wp-content\\\/uploads\\\/2020\\\/03\\\/navirus-300x200.jpg\",\"datePublished\":\"2020-03-20T23:32:49+00:00\",\"description\":\"El Gobierno de Ciudad Madero, que preside el alcalde Adri\u00e1n Oseguera Kernion, continuar\u00e1 brindando los servicios y tr\u00e1mites en horario normal pero con las\",\"inLanguage\":\"es\",\"potentialAction\":[{\"@type\":\"ReadAction\",\"target\":[\"https:\\\/\\\/elinformativotam.com\\\/index.php\\\/2020\\\/03\\\/20\\\/garantizados-los-servicios-a-la-poblacion-en-presidencia-de-ciudad-madero\\\/\"]}]},{\"@type\":\"ImageObject\",\"inLanguage\":\"es\",\"@id\":\"https:\\\/\\\/elinformativotam.com\\\/index.php\\\/2020\\\/03\\\/20\\\/garantizados-los-servicios-a-la-poblacion-en-presidencia-de-ciudad-madero\\\/#primaryimage\",\"url\":\"http:\\\/\\\/elinformativotam.com\\\/wp-content\\\/uploads\\\/2020\\\/03\\\/navirus-300x200.jpg\",\"contentUrl\":\"http:\\\/\\\/elinformativotam.com\\\/wp-content\\\/uploads\\\/2020\\\/03\\\/navirus-300x200.jpg\"},{\"@type\":\"WebSite\",\"@id\":\"https:\\\/\\\/elinformativotam.com\\\/#website\",\"url\":\"https:\\\/\\\/elinformativotam.com\\\/\",\"name\":\"EL INFORMATIVO DE TAMAULIPAS\",\"description\":\"Desde la Zona Metropolitana Para Todo M\u00e9xico\",\"publisher\":{\"@id\":\"https:\\\/\\\/elinformativotam.com\\\/#organization\"},\"potentialAction\":[{\"@type\":\"SearchAction\",\"target\":{\"@type\":\"EntryPoint\",\"urlTemplate\":\"https:\\\/\\\/elinformativotam.com\\\/?s={search_term_string}\"},\"query-input\":{\"@type\":\"PropertyValueSpecification\",\"valueRequired\":true,\"valueName\":\"search_term_string\"}}],\"inLanguage\":\"es\"},{\"@type\":\"Organization\",\"@id\":\"https:\\\/\\\/elinformativotam.com\\\/#organization\",\"name\":\"EL INFORMATIVO DE TAMAULIPAS\",\"url\":\"https:\\\/\\\/elinformativotam.com\\\/\",\"logo\":{\"@type\":\"ImageObject\",\"inLanguage\":\"es\",\"@id\":\"https:\\\/\\\/elinformativotam.com\\\/#\\\/schema\\\/logo\\\/image\\\/\",\"url\":\"https:\\\/\\\/elinformativotam.com\\\/wp-content\\\/uploads\\\/2026\\\/02\\\/Cabezal.png\",\"contentUrl\":\"https:\\\/\\\/elinformativotam.com\\\/wp-content\\\/uploads\\\/2026\\\/02\\\/Cabezal.png\",\"width\":960,\"height\":640,\"caption\":\"EL INFORMATIVO DE TAMAULIPAS\"},\"image\":{\"@id\":\"https:\\\/\\\/elinformativotam.com\\\/#\\\/schema\\\/logo\\\/image\\\/\"}},{\"@type\":\"Person\",\"@id\":\"https:\\\/\\\/elinformativotam.com\\\/#\\\/schema\\\/person\\\/78e08040eed0f6110f0c5f83b6153590\",\"name\":\"El Informativo Tam\",\"image\":{\"@type\":\"ImageObject\",\"inLanguage\":\"es\",\"@id\":\"https:\\\/\\\/secure.gravatar.com\\\/avatar\\\/f3b7ad3af540688955925ac610647be00b0cf41feea9c4978b73a707ee86bc53?s=96&d=mm&r=g\",\"url\":\"https:\\\/\\\/secure.gravatar.com\\\/avatar\\\/f3b7ad3af540688955925ac610647be00b0cf41feea9c4978b73a707ee86bc53?s=96&d=mm&r=g\",\"contentUrl\":\"https:\\\/\\\/secure.gravatar.com\\\/avatar\\\/f3b7ad3af540688955925ac610647be00b0cf41feea9c4978b73a707ee86bc53?s=96&d=mm&r=g\",\"caption\":\"El Informativo Tam\"}}]}<\/script>\n<!-- \/ Yoast SEO plugin. -->","yoast_head_json":{"title":"GARANTIZADOS LOS SERVICIOS A LA POBLACI\u00d3N EN PRESIDENCIA DE CIUDAD MADERO - EL INFORMATIVO DE TAMAULIPAS","description":"El Gobierno de Ciudad Madero, que preside el alcalde Adri\u00e1n Oseguera Kernion, continuar\u00e1 brindando los servicios y tr\u00e1mites en horario normal pero con las","robots":{"index":"index","follow":"follow","max-snippet":"max-snippet:-1","max-image-preview":"max-image-preview:large","max-video-preview":"max-video-preview:-1"},"canonical":"https:\/\/elinformativotam.com\/index.php\/2020\/03\/20\/garantizados-los-servicios-a-la-poblacion-en-presidencia-de-ciudad-madero\/","og_locale":"es_MX","og_type":"article","og_title":"GARANTIZADOS LOS SERVICIOS A LA POBLACI\u00d3N EN PRESIDENCIA DE CIUDAD MADERO - EL INFORMATIVO DE TAMAULIPAS","og_description":"El Gobierno de Ciudad Madero, que preside el alcalde Adri\u00e1n Oseguera Kernion, continuar\u00e1 brindando los servicios y tr\u00e1mites en horario normal pero con las","og_url":"https:\/\/elinformativotam.com\/index.php\/2020\/03\/20\/garantizados-los-servicios-a-la-poblacion-en-presidencia-de-ciudad-madero\/","og_site_name":"EL INFORMATIVO DE TAMAULIPAS","article_published_time":"2020-03-20T23:32:49+00:00","og_image":[{"url":"http:\/\/elinformativotam.com\/wp-content\/uploads\/2020\/03\/navirus-300x200.jpg","type":"","width":"","height":""}],"author":"El Informativo Tam","twitter_card":"summary_large_image","twitter_misc":{"Escrito por":"El Informativo Tam","Tiempo de lectura":"1 minuto"},"schema":{"@context":"https:\/\/schema.org","@graph":[{"@type":"Article","@id":"https:\/\/elinformativotam.com\/index.php\/2020\/03\/20\/garantizados-los-servicios-a-la-poblacion-en-presidencia-de-ciudad-madero\/#article","isPartOf":{"@id":"https:\/\/elinformativotam.com\/index.php\/2020\/03\/20\/garantizados-los-servicios-a-la-poblacion-en-presidencia-de-ciudad-madero\/"},"author":{"name":"El Informativo Tam","@id":"https:\/\/elinformativotam.com\/#\/schema\/person\/78e08040eed0f6110f0c5f83b6153590"},"headline":"GARANTIZADOS LOS SERVICIOS A LA POBLACI\u00d3N EN PRESIDENCIA DE CIUDAD MADERO","datePublished":"2020-03-20T23:32:49+00:00","mainEntityOfPage":{"@id":"https:\/\/elinformativotam.com\/index.php\/2020\/03\/20\/garantizados-los-servicios-a-la-poblacion-en-presidencia-de-ciudad-madero\/"},"wordCount":184,"commentCount":0,"publisher":{"@id":"https:\/\/elinformativotam.com\/#organization"},"image":{"@id":"https:\/\/elinformativotam.com\/index.php\/2020\/03\/20\/garantizados-los-servicios-a-la-poblacion-en-presidencia-de-ciudad-madero\/#primaryimage"},"thumbnailUrl":"http:\/\/elinformativotam.com\/wp-content\/uploads\/2020\/03\/navirus-300x200.jpg","articleSection":["Cd Madero"],"inLanguage":"es","potentialAction":[{"@type":"CommentAction","name":"Comment","target":["https:\/\/elinformativotam.com\/index.php\/2020\/03\/20\/garantizados-los-servicios-a-la-poblacion-en-presidencia-de-ciudad-madero\/#respond"]}]},{"@type":"WebPage","@id":"https:\/\/elinformativotam.com\/index.php\/2020\/03\/20\/garantizados-los-servicios-a-la-poblacion-en-presidencia-de-ciudad-madero\/","url":"https:\/\/elinformativotam.com\/index.php\/2020\/03\/20\/garantizados-los-servicios-a-la-poblacion-en-presidencia-de-ciudad-madero\/","name":"GARANTIZADOS LOS SERVICIOS A LA POBLACI\u00d3N EN PRESIDENCIA DE CIUDAD MADERO - EL INFORMATIVO DE TAMAULIPAS","isPartOf":{"@id":"https:\/\/elinformativotam.com\/#website"},"primaryImageOfPage":{"@id":"https:\/\/elinformativotam.com\/index.php\/2020\/03\/20\/garantizados-los-servicios-a-la-poblacion-en-presidencia-de-ciudad-madero\/#primaryimage"},"image":{"@id":"https:\/\/elinformativotam.com\/index.php\/2020\/03\/20\/garantizados-los-servicios-a-la-poblacion-en-presidencia-de-ciudad-madero\/#primaryimage"},"thumbnailUrl":"http:\/\/elinformativotam.com\/wp-content\/uploads\/2020\/03\/navirus-300x200.jpg","datePublished":"2020-03-20T23:32:49+00:00","description":"El Gobierno de Ciudad Madero, que preside el alcalde Adri\u00e1n Oseguera Kernion, continuar\u00e1 brindando los servicios y tr\u00e1mites en horario normal pero con las","inLanguage":"es","potentialAction":[{"@type":"ReadAction","target":["https:\/\/elinformativotam.com\/index.php\/2020\/03\/20\/garantizados-los-servicios-a-la-poblacion-en-presidencia-de-ciudad-madero\/"]}]},{"@type":"ImageObject","inLanguage":"es","@id":"https:\/\/elinformativotam.com\/index.php\/2020\/03\/20\/garantizados-los-servicios-a-la-poblacion-en-presidencia-de-ciudad-madero\/#primaryimage","url":"http:\/\/elinformativotam.com\/wp-content\/uploads\/2020\/03\/navirus-300x200.jpg","contentUrl":"http:\/\/elinformativotam.com\/wp-content\/uploads\/2020\/03\/navirus-300x200.jpg"},{"@type":"WebSite","@id":"https:\/\/elinformativotam.com\/#website","url":"https:\/\/elinformativotam.com\/","name":"EL INFORMATIVO DE TAMAULIPAS","description":"Desde la Zona Metropolitana Para Todo M\u00e9xico","publisher":{"@id":"https:\/\/elinformativotam.com\/#organization"},"potentialAction":[{"@type":"SearchAction","target":{"@type":"EntryPoint","urlTemplate":"https:\/\/elinformativotam.com\/?s={search_term_string}"},"query-input":{"@type":"PropertyValueSpecification","valueRequired":true,"valueName":"search_term_string"}}],"inLanguage":"es"},{"@type":"Organization","@id":"https:\/\/elinformativotam.com\/#organization","name":"EL INFORMATIVO DE TAMAULIPAS","url":"https:\/\/elinformativotam.com\/","logo":{"@type":"ImageObject","inLanguage":"es","@id":"https:\/\/elinformativotam.com\/#\/schema\/logo\/image\/","url":"https:\/\/elinformativotam.com\/wp-content\/uploads\/2026\/02\/Cabezal.png","contentUrl":"https:\/\/elinformativotam.com\/wp-content\/uploads\/2026\/02\/Cabezal.png","width":960,"height":640,"caption":"EL INFORMATIVO DE TAMAULIPAS"},"image":{"@id":"https:\/\/elinformativotam.com\/#\/schema\/logo\/image\/"}},{"@type":"Person","@id":"https:\/\/elinformativotam.com\/#\/schema\/person\/78e08040eed0f6110f0c5f83b6153590","name":"El Informativo Tam","image":{"@type":"ImageObject","inLanguage":"es","@id":"https:\/\/secure.gravatar.com\/avatar\/f3b7ad3af540688955925ac610647be00b0cf41feea9c4978b73a707ee86bc53?s=96&d=mm&r=g","url":"https:\/\/secure.gravatar.com\/avatar\/f3b7ad3af540688955925ac610647be00b0cf41feea9c4978b73a707ee86bc53?s=96&d=mm&r=g","contentUrl":"https:\/\/secure.gravatar.com\/avatar\/f3b7ad3af540688955925ac610647be00b0cf41feea9c4978b73a707ee86bc53?s=96&d=mm&r=g","caption":"El Informativo Tam"}}]}},"_links":{"self":[{"href":"https:\/\/elinformativotam.com\/index.php\/wp-json\/wp\/v2\/posts\/3849","targetHints":{"allow":["GET"]}}],"collection":[{"href":"https:\/\/elinformativotam.com\/index.php\/wp-json\/wp\/v2\/posts"}],"about":[{"href":"https:\/\/elinformativotam.com\/index.php\/wp-json\/wp\/v2\/types\/post"}],"author":[{"embeddable":true,"href":"https:\/\/elinformativotam.com\/index.php\/wp-json\/wp\/v2\/users\/1"}],"replies":[{"embeddable":true,"href":"https:\/\/elinformativotam.com\/index.php\/wp-json\/wp\/v2\/comments?post=3849"}],"version-history":[{"count":0,"href":"https:\/\/elinformativotam.com\/index.php\/wp-json\/wp\/v2\/posts\/3849\/revisions"}],"wp:attachment":[{"href":"https:\/\/elinformativotam.com\/index.php\/wp-json\/wp\/v2\/media?parent=3849"}],"wp:term":[{"taxonomy":"category","embeddable":true,"href":"https:\/\/elinformativotam.com\/index.php\/wp-json\/wp\/v2\/categories?post=3849"},{"taxonomy":"post_tag","embeddable":true,"href":"https:\/\/elinformativotam.com\/index.php\/wp-json\/wp\/v2\/tags?post=3849"}],"curies":[{"name":"wp","href":"https:\/\/api.w.org\/{rel}","templated":true}]}}