{"id":3844,"date":"2020-03-20T17:28:13","date_gmt":"2020-03-20T23:28:13","guid":{"rendered":"http:\/\/elinformativotam.com\/?p=3844"},"modified":"2020-03-20T17:28:13","modified_gmt":"2020-03-20T23:28:13","slug":"autoridades-municipales-dan-clase-para-elaboran-gel-antibacterial-casero","status":"publish","type":"post","link":"https:\/\/elinformativotam.com\/index.php\/2020\/03\/20\/autoridades-municipales-dan-clase-para-elaboran-gel-antibacterial-casero\/","title":{"rendered":"AUTORIDADES MUNICIPALES DAN CLASE PARA ELABORAN GEL ANTIBACTERIAL CASERO"},"content":{"rendered":"<p>Al continuar con las acciones de prevenci\u00f3n en la salud de la poblaci\u00f3n maderense, autoridades municipales llevaron a cabo en la explanada de la Presidencia una clase para la elaboraci\u00f3n de gel antibacterial de manera casera.<\/p>\n<p>&nbsp;<\/p>\n<p>Lo anterior se realiz\u00f3 la ma\u00f1ana del viernes con la presencia de regidores y directores de las diferentes \u00e1reas municipales, apoyados por personal de salud para mostrar a los transe\u00fantes la forma de preparar dicho producto a base de alcohol, glicerina y agua.<\/p>\n<p>&nbsp;<\/p>\n<p>La regidora Nury Romero Santiago, presidenta de la comisi\u00f3n de Ecolog\u00eda, indic\u00f3 que esta actividad fue iniciativa de la comuna maderense debido a la importancia que radica en el aseo frecuente de manos para evitar el contagio del COVID-19.<\/p>\n<p>&nbsp;<\/p>\n<p>Finalmente, indic\u00f3 que se procedi\u00f3 a repartir el producto, adem\u00e1s de cubre bocas, guantes y toallas h\u00famedas antibacteriales, entre las personas que transitaron por la explanada de Presidencia Municipal<\/p>\n","protected":false},"excerpt":{"rendered":"<p>Al continuar con las acciones de prevenci\u00f3n en la salud de la poblaci\u00f3n maderense, autoridades municipales llevaron a cabo en&hellip;<\/p>\n","protected":false},"author":1,"featured_media":0,"comment_status":"open","ping_status":"open","sticky":false,"template":"","format":"standard","meta":{"footnotes":""},"categories":[4],"tags":[],"class_list":["post-3844","post","type-post","status-publish","format-standard","hentry","category-madero"],"yoast_head":"<!-- This site is optimized with the Yoast SEO plugin v27.4 - https:\/\/yoast.com\/product\/yoast-seo-wordpress\/ -->\n<title>AUTORIDADES MUNICIPALES DAN CLASE PARA ELABORAN GEL ANTIBACTERIAL CASERO - EL INFORMATIVO DE TAMAULIPAS<\/title>\n<meta name=\"description\" content=\"Al continuar con las acciones de prevenci\u00f3n en la salud de la poblaci\u00f3n maderense, autoridades municipales llevaron a cabo en la explanada de la\" \/>\n<meta name=\"robots\" content=\"index, follow, max-snippet:-1, max-image-preview:large, max-video-preview:-1\" \/>\n<link rel=\"canonical\" href=\"https:\/\/elinformativotam.com\/index.php\/2020\/03\/20\/autoridades-municipales-dan-clase-para-elaboran-gel-antibacterial-casero\/\" \/>\n<meta property=\"og:locale\" content=\"es_MX\" \/>\n<meta property=\"og:type\" content=\"article\" \/>\n<meta property=\"og:title\" content=\"AUTORIDADES MUNICIPALES DAN CLASE PARA ELABORAN GEL ANTIBACTERIAL CASERO - EL INFORMATIVO DE TAMAULIPAS\" \/>\n<meta property=\"og:description\" content=\"Al continuar con las acciones de prevenci\u00f3n en la salud de la poblaci\u00f3n maderense, autoridades municipales llevaron a cabo en la explanada de la\" \/>\n<meta property=\"og:url\" content=\"https:\/\/elinformativotam.com\/index.php\/2020\/03\/20\/autoridades-municipales-dan-clase-para-elaboran-gel-antibacterial-casero\/\" \/>\n<meta property=\"og:site_name\" content=\"EL INFORMATIVO DE TAMAULIPAS\" \/>\n<meta property=\"article:published_time\" content=\"2020-03-20T23:28:13+00:00\" \/>\n<meta name=\"author\" content=\"El Informativo Tam\" \/>\n<meta name=\"twitter:card\" content=\"summary_large_image\" \/>\n<meta name=\"twitter:label1\" content=\"Escrito por\" \/>\n\t<meta name=\"twitter:data1\" content=\"El Informativo Tam\" \/>\n\t<meta name=\"twitter:label2\" content=\"Tiempo de lectura\" \/>\n\t<meta name=\"twitter:data2\" content=\"1 minuto\" \/>\n<script type=\"application\/ld+json\" class=\"yoast-schema-graph\">{\"@context\":\"https:\\\/\\\/schema.org\",\"@graph\":[{\"@type\":\"Article\",\"@id\":\"https:\\\/\\\/elinformativotam.com\\\/index.php\\\/2020\\\/03\\\/20\\\/autoridades-municipales-dan-clase-para-elaboran-gel-antibacterial-casero\\\/#article\",\"isPartOf\":{\"@id\":\"https:\\\/\\\/elinformativotam.com\\\/index.php\\\/2020\\\/03\\\/20\\\/autoridades-municipales-dan-clase-para-elaboran-gel-antibacterial-casero\\\/\"},\"author\":{\"name\":\"El Informativo Tam\",\"@id\":\"https:\\\/\\\/elinformativotam.com\\\/#\\\/schema\\\/person\\\/78e08040eed0f6110f0c5f83b6153590\"},\"headline\":\"AUTORIDADES MUNICIPALES DAN CLASE PARA ELABORAN GEL ANTIBACTERIAL CASERO\",\"datePublished\":\"2020-03-20T23:28:13+00:00\",\"mainEntityOfPage\":{\"@id\":\"https:\\\/\\\/elinformativotam.com\\\/index.php\\\/2020\\\/03\\\/20\\\/autoridades-municipales-dan-clase-para-elaboran-gel-antibacterial-casero\\\/\"},\"wordCount\":168,\"commentCount\":0,\"publisher\":{\"@id\":\"https:\\\/\\\/elinformativotam.com\\\/#organization\"},\"articleSection\":[\"Cd Madero\"],\"inLanguage\":\"es\",\"potentialAction\":[{\"@type\":\"CommentAction\",\"name\":\"Comment\",\"target\":[\"https:\\\/\\\/elinformativotam.com\\\/index.php\\\/2020\\\/03\\\/20\\\/autoridades-municipales-dan-clase-para-elaboran-gel-antibacterial-casero\\\/#respond\"]}]},{\"@type\":\"WebPage\",\"@id\":\"https:\\\/\\\/elinformativotam.com\\\/index.php\\\/2020\\\/03\\\/20\\\/autoridades-municipales-dan-clase-para-elaboran-gel-antibacterial-casero\\\/\",\"url\":\"https:\\\/\\\/elinformativotam.com\\\/index.php\\\/2020\\\/03\\\/20\\\/autoridades-municipales-dan-clase-para-elaboran-gel-antibacterial-casero\\\/\",\"name\":\"AUTORIDADES MUNICIPALES DAN CLASE PARA ELABORAN GEL ANTIBACTERIAL CASERO - EL INFORMATIVO DE TAMAULIPAS\",\"isPartOf\":{\"@id\":\"https:\\\/\\\/elinformativotam.com\\\/#website\"},\"datePublished\":\"2020-03-20T23:28:13+00:00\",\"description\":\"Al continuar con las acciones de prevenci\u00f3n en la salud de la poblaci\u00f3n maderense, autoridades municipales llevaron a cabo en la explanada de la\",\"inLanguage\":\"es\",\"potentialAction\":[{\"@type\":\"ReadAction\",\"target\":[\"https:\\\/\\\/elinformativotam.com\\\/index.php\\\/2020\\\/03\\\/20\\\/autoridades-municipales-dan-clase-para-elaboran-gel-antibacterial-casero\\\/\"]}]},{\"@type\":\"WebSite\",\"@id\":\"https:\\\/\\\/elinformativotam.com\\\/#website\",\"url\":\"https:\\\/\\\/elinformativotam.com\\\/\",\"name\":\"EL INFORMATIVO DE TAMAULIPAS\",\"description\":\"Desde la Zona Metropolitana Para Todo M\u00e9xico\",\"publisher\":{\"@id\":\"https:\\\/\\\/elinformativotam.com\\\/#organization\"},\"potentialAction\":[{\"@type\":\"SearchAction\",\"target\":{\"@type\":\"EntryPoint\",\"urlTemplate\":\"https:\\\/\\\/elinformativotam.com\\\/?s={search_term_string}\"},\"query-input\":{\"@type\":\"PropertyValueSpecification\",\"valueRequired\":true,\"valueName\":\"search_term_string\"}}],\"inLanguage\":\"es\"},{\"@type\":\"Organization\",\"@id\":\"https:\\\/\\\/elinformativotam.com\\\/#organization\",\"name\":\"EL INFORMATIVO DE TAMAULIPAS\",\"url\":\"https:\\\/\\\/elinformativotam.com\\\/\",\"logo\":{\"@type\":\"ImageObject\",\"inLanguage\":\"es\",\"@id\":\"https:\\\/\\\/elinformativotam.com\\\/#\\\/schema\\\/logo\\\/image\\\/\",\"url\":\"https:\\\/\\\/elinformativotam.com\\\/wp-content\\\/uploads\\\/2026\\\/02\\\/Cabezal.png\",\"contentUrl\":\"https:\\\/\\\/elinformativotam.com\\\/wp-content\\\/uploads\\\/2026\\\/02\\\/Cabezal.png\",\"width\":960,\"height\":640,\"caption\":\"EL INFORMATIVO DE TAMAULIPAS\"},\"image\":{\"@id\":\"https:\\\/\\\/elinformativotam.com\\\/#\\\/schema\\\/logo\\\/image\\\/\"}},{\"@type\":\"Person\",\"@id\":\"https:\\\/\\\/elinformativotam.com\\\/#\\\/schema\\\/person\\\/78e08040eed0f6110f0c5f83b6153590\",\"name\":\"El Informativo Tam\",\"image\":{\"@type\":\"ImageObject\",\"inLanguage\":\"es\",\"@id\":\"https:\\\/\\\/secure.gravatar.com\\\/avatar\\\/f3b7ad3af540688955925ac610647be00b0cf41feea9c4978b73a707ee86bc53?s=96&d=mm&r=g\",\"url\":\"https:\\\/\\\/secure.gravatar.com\\\/avatar\\\/f3b7ad3af540688955925ac610647be00b0cf41feea9c4978b73a707ee86bc53?s=96&d=mm&r=g\",\"contentUrl\":\"https:\\\/\\\/secure.gravatar.com\\\/avatar\\\/f3b7ad3af540688955925ac610647be00b0cf41feea9c4978b73a707ee86bc53?s=96&d=mm&r=g\",\"caption\":\"El Informativo Tam\"}}]}<\/script>\n<!-- \/ Yoast SEO plugin. -->","yoast_head_json":{"title":"AUTORIDADES MUNICIPALES DAN CLASE PARA ELABORAN GEL ANTIBACTERIAL CASERO - EL INFORMATIVO DE TAMAULIPAS","description":"Al continuar con las acciones de prevenci\u00f3n en la salud de la poblaci\u00f3n maderense, autoridades municipales llevaron a cabo en la explanada de la","robots":{"index":"index","follow":"follow","max-snippet":"max-snippet:-1","max-image-preview":"max-image-preview:large","max-video-preview":"max-video-preview:-1"},"canonical":"https:\/\/elinformativotam.com\/index.php\/2020\/03\/20\/autoridades-municipales-dan-clase-para-elaboran-gel-antibacterial-casero\/","og_locale":"es_MX","og_type":"article","og_title":"AUTORIDADES MUNICIPALES DAN CLASE PARA ELABORAN GEL ANTIBACTERIAL CASERO - EL INFORMATIVO DE TAMAULIPAS","og_description":"Al continuar con las acciones de prevenci\u00f3n en la salud de la poblaci\u00f3n maderense, autoridades municipales llevaron a cabo en la explanada de la","og_url":"https:\/\/elinformativotam.com\/index.php\/2020\/03\/20\/autoridades-municipales-dan-clase-para-elaboran-gel-antibacterial-casero\/","og_site_name":"EL INFORMATIVO DE TAMAULIPAS","article_published_time":"2020-03-20T23:28:13+00:00","author":"El Informativo Tam","twitter_card":"summary_large_image","twitter_misc":{"Escrito por":"El Informativo Tam","Tiempo de lectura":"1 minuto"},"schema":{"@context":"https:\/\/schema.org","@graph":[{"@type":"Article","@id":"https:\/\/elinformativotam.com\/index.php\/2020\/03\/20\/autoridades-municipales-dan-clase-para-elaboran-gel-antibacterial-casero\/#article","isPartOf":{"@id":"https:\/\/elinformativotam.com\/index.php\/2020\/03\/20\/autoridades-municipales-dan-clase-para-elaboran-gel-antibacterial-casero\/"},"author":{"name":"El Informativo Tam","@id":"https:\/\/elinformativotam.com\/#\/schema\/person\/78e08040eed0f6110f0c5f83b6153590"},"headline":"AUTORIDADES MUNICIPALES DAN CLASE PARA ELABORAN GEL ANTIBACTERIAL CASERO","datePublished":"2020-03-20T23:28:13+00:00","mainEntityOfPage":{"@id":"https:\/\/elinformativotam.com\/index.php\/2020\/03\/20\/autoridades-municipales-dan-clase-para-elaboran-gel-antibacterial-casero\/"},"wordCount":168,"commentCount":0,"publisher":{"@id":"https:\/\/elinformativotam.com\/#organization"},"articleSection":["Cd Madero"],"inLanguage":"es","potentialAction":[{"@type":"CommentAction","name":"Comment","target":["https:\/\/elinformativotam.com\/index.php\/2020\/03\/20\/autoridades-municipales-dan-clase-para-elaboran-gel-antibacterial-casero\/#respond"]}]},{"@type":"WebPage","@id":"https:\/\/elinformativotam.com\/index.php\/2020\/03\/20\/autoridades-municipales-dan-clase-para-elaboran-gel-antibacterial-casero\/","url":"https:\/\/elinformativotam.com\/index.php\/2020\/03\/20\/autoridades-municipales-dan-clase-para-elaboran-gel-antibacterial-casero\/","name":"AUTORIDADES MUNICIPALES DAN CLASE PARA ELABORAN GEL ANTIBACTERIAL CASERO - EL INFORMATIVO DE TAMAULIPAS","isPartOf":{"@id":"https:\/\/elinformativotam.com\/#website"},"datePublished":"2020-03-20T23:28:13+00:00","description":"Al continuar con las acciones de prevenci\u00f3n en la salud de la poblaci\u00f3n maderense, autoridades municipales llevaron a cabo en la explanada de la","inLanguage":"es","potentialAction":[{"@type":"ReadAction","target":["https:\/\/elinformativotam.com\/index.php\/2020\/03\/20\/autoridades-municipales-dan-clase-para-elaboran-gel-antibacterial-casero\/"]}]},{"@type":"WebSite","@id":"https:\/\/elinformativotam.com\/#website","url":"https:\/\/elinformativotam.com\/","name":"EL INFORMATIVO DE TAMAULIPAS","description":"Desde la Zona Metropolitana Para Todo M\u00e9xico","publisher":{"@id":"https:\/\/elinformativotam.com\/#organization"},"potentialAction":[{"@type":"SearchAction","target":{"@type":"EntryPoint","urlTemplate":"https:\/\/elinformativotam.com\/?s={search_term_string}"},"query-input":{"@type":"PropertyValueSpecification","valueRequired":true,"valueName":"search_term_string"}}],"inLanguage":"es"},{"@type":"Organization","@id":"https:\/\/elinformativotam.com\/#organization","name":"EL INFORMATIVO DE TAMAULIPAS","url":"https:\/\/elinformativotam.com\/","logo":{"@type":"ImageObject","inLanguage":"es","@id":"https:\/\/elinformativotam.com\/#\/schema\/logo\/image\/","url":"https:\/\/elinformativotam.com\/wp-content\/uploads\/2026\/02\/Cabezal.png","contentUrl":"https:\/\/elinformativotam.com\/wp-content\/uploads\/2026\/02\/Cabezal.png","width":960,"height":640,"caption":"EL INFORMATIVO DE TAMAULIPAS"},"image":{"@id":"https:\/\/elinformativotam.com\/#\/schema\/logo\/image\/"}},{"@type":"Person","@id":"https:\/\/elinformativotam.com\/#\/schema\/person\/78e08040eed0f6110f0c5f83b6153590","name":"El Informativo Tam","image":{"@type":"ImageObject","inLanguage":"es","@id":"https:\/\/secure.gravatar.com\/avatar\/f3b7ad3af540688955925ac610647be00b0cf41feea9c4978b73a707ee86bc53?s=96&d=mm&r=g","url":"https:\/\/secure.gravatar.com\/avatar\/f3b7ad3af540688955925ac610647be00b0cf41feea9c4978b73a707ee86bc53?s=96&d=mm&r=g","contentUrl":"https:\/\/secure.gravatar.com\/avatar\/f3b7ad3af540688955925ac610647be00b0cf41feea9c4978b73a707ee86bc53?s=96&d=mm&r=g","caption":"El Informativo Tam"}}]}},"_links":{"self":[{"href":"https:\/\/elinformativotam.com\/index.php\/wp-json\/wp\/v2\/posts\/3844","targetHints":{"allow":["GET"]}}],"collection":[{"href":"https:\/\/elinformativotam.com\/index.php\/wp-json\/wp\/v2\/posts"}],"about":[{"href":"https:\/\/elinformativotam.com\/index.php\/wp-json\/wp\/v2\/types\/post"}],"author":[{"embeddable":true,"href":"https:\/\/elinformativotam.com\/index.php\/wp-json\/wp\/v2\/users\/1"}],"replies":[{"embeddable":true,"href":"https:\/\/elinformativotam.com\/index.php\/wp-json\/wp\/v2\/comments?post=3844"}],"version-history":[{"count":0,"href":"https:\/\/elinformativotam.com\/index.php\/wp-json\/wp\/v2\/posts\/3844\/revisions"}],"wp:attachment":[{"href":"https:\/\/elinformativotam.com\/index.php\/wp-json\/wp\/v2\/media?parent=3844"}],"wp:term":[{"taxonomy":"category","embeddable":true,"href":"https:\/\/elinformativotam.com\/index.php\/wp-json\/wp\/v2\/categories?post=3844"},{"taxonomy":"post_tag","embeddable":true,"href":"https:\/\/elinformativotam.com\/index.php\/wp-json\/wp\/v2\/tags?post=3844"}],"curies":[{"name":"wp","href":"https:\/\/api.w.org\/{rel}","templated":true}]}}