{"id":3821,"date":"2020-03-19T19:20:22","date_gmt":"2020-03-20T01:20:22","guid":{"rendered":"http:\/\/elinformativotam.com\/?p=3821"},"modified":"2020-03-19T19:20:22","modified_gmt":"2020-03-20T01:20:22","slug":"dif-madero-otorga-licencia-laboral-a-adultos-mayores","status":"publish","type":"post","link":"https:\/\/elinformativotam.com\/index.php\/2020\/03\/19\/dif-madero-otorga-licencia-laboral-a-adultos-mayores\/","title":{"rendered":"DIF MADERO OTORGA LICENCIA LABORAL A ADULTOS MAYORES."},"content":{"rendered":"<p>Cd. Madero, Tamaulipas.- Un aproximado el 30 % de los trabajadores que conforman la plantilla laboral del Sistema DIF (personas mayores de 60 a\u00f1os, embarzadas y con alguna discapacidad) tendr\u00e1n licencia laboral, por lo que a part\u00edr de este jueves, se podr\u00e1n ausentar de sus actividades hasta el pr\u00f3ximo 20 de abril.<\/p>\n<p>&nbsp;<\/p>\n<p>La directora del Sistema DIF en Madero, Amelia P\u00e9rez Rodr\u00edguez, indic\u00f3 que esto es parte de las acciones que las autoridades han implementado para proteger a la poblaci\u00f3n m\u00e1s vulnerable, por lo que se acatar\u00e1n las mismas.<\/p>\n<p>&nbsp;<\/p>\n<p>\u201cSiempre es importante seguir todas las instrucciones que manejen las autoridades, sobre todo la que tiene que ver con la salud, cuidar la salud de los maderenses es responsabilidades de todas las autoridades, que est\u00e1n muy alpendiente de eso y ver que se siga al p\u00ede de la letra\u201d.<\/p>\n<p>&nbsp;<\/p>\n<p>Indic\u00f3 que son alrededor de 90 las personas que se encuentran en esta situaci\u00f3n y por ello es que\u00a0 dejar\u00e1n de acudir a laborar hasta que pase la contingencia.<\/p>\n<p>&nbsp;<\/p>\n<p>P\u00e9rez Rodr\u00edguez, a\u00f1adi\u00f3 que dentro de las instalaciones del voluntariado, se han implementado las medidas de prevenci\u00f3n para evitar alg\u00fan posible contagio del virus.<\/p>\n<p>&nbsp;<\/p>\n<p>Mencion\u00f3 que la aplicaci\u00f3n del gel antibacterial es obligatorio, adem\u00e1s hizo un llamado a los ciudadanos, pues si no es necesario acudir a las instalaciones, eviten ir y si es necesario se pide un distanciamiento entre las personas.<\/p>\n<p>&nbsp;<\/p>\n","protected":false},"excerpt":{"rendered":"<p>Cd. Madero, Tamaulipas.- Un aproximado el 30 % de los trabajadores que conforman la plantilla laboral del Sistema DIF (personas&hellip;<\/p>\n","protected":false},"author":1,"featured_media":0,"comment_status":"open","ping_status":"open","sticky":false,"template":"","format":"standard","meta":{"footnotes":""},"categories":[4],"tags":[],"class_list":["post-3821","post","type-post","status-publish","format-standard","hentry","category-madero"],"yoast_head":"<!-- This site is optimized with the Yoast SEO plugin v27.5 - https:\/\/yoast.com\/product\/yoast-seo-wordpress\/ -->\n<title>DIF MADERO OTORGA LICENCIA LABORAL A ADULTOS MAYORES. - EL INFORMATIVO DE TAMAULIPAS<\/title>\n<meta name=\"description\" content=\"Cd. Madero, Tamaulipas.- Un aproximado el 30 % de los trabajadores que conforman la plantilla laboral del Sistema DIF (personas mayores de 60 a\u00f1os,\" \/>\n<meta name=\"robots\" content=\"index, follow, max-snippet:-1, max-image-preview:large, max-video-preview:-1\" \/>\n<link rel=\"canonical\" href=\"https:\/\/elinformativotam.com\/index.php\/2020\/03\/19\/dif-madero-otorga-licencia-laboral-a-adultos-mayores\/\" \/>\n<meta property=\"og:locale\" content=\"es_MX\" \/>\n<meta property=\"og:type\" content=\"article\" \/>\n<meta property=\"og:title\" content=\"DIF MADERO OTORGA LICENCIA LABORAL A ADULTOS MAYORES. - EL INFORMATIVO DE TAMAULIPAS\" \/>\n<meta property=\"og:description\" content=\"Cd. Madero, Tamaulipas.- Un aproximado el 30 % de los trabajadores que conforman la plantilla laboral del Sistema DIF (personas mayores de 60 a\u00f1os,\" \/>\n<meta property=\"og:url\" content=\"https:\/\/elinformativotam.com\/index.php\/2020\/03\/19\/dif-madero-otorga-licencia-laboral-a-adultos-mayores\/\" \/>\n<meta property=\"og:site_name\" content=\"EL INFORMATIVO DE TAMAULIPAS\" \/>\n<meta property=\"article:published_time\" content=\"2020-03-20T01:20:22+00:00\" \/>\n<meta name=\"author\" content=\"El Informativo Tam\" \/>\n<meta name=\"twitter:card\" content=\"summary_large_image\" \/>\n<meta name=\"twitter:label1\" content=\"Escrito por\" \/>\n\t<meta name=\"twitter:data1\" content=\"El Informativo Tam\" \/>\n\t<meta name=\"twitter:label2\" content=\"Tiempo de lectura\" \/>\n\t<meta name=\"twitter:data2\" content=\"1 minuto\" \/>\n<script type=\"application\/ld+json\" class=\"yoast-schema-graph\">{\"@context\":\"https:\\\/\\\/schema.org\",\"@graph\":[{\"@type\":\"Article\",\"@id\":\"https:\\\/\\\/elinformativotam.com\\\/index.php\\\/2020\\\/03\\\/19\\\/dif-madero-otorga-licencia-laboral-a-adultos-mayores\\\/#article\",\"isPartOf\":{\"@id\":\"https:\\\/\\\/elinformativotam.com\\\/index.php\\\/2020\\\/03\\\/19\\\/dif-madero-otorga-licencia-laboral-a-adultos-mayores\\\/\"},\"author\":{\"name\":\"El Informativo Tam\",\"@id\":\"https:\\\/\\\/elinformativotam.com\\\/#\\\/schema\\\/person\\\/78e08040eed0f6110f0c5f83b6153590\"},\"headline\":\"DIF MADERO OTORGA LICENCIA LABORAL A ADULTOS MAYORES.\",\"datePublished\":\"2020-03-20T01:20:22+00:00\",\"mainEntityOfPage\":{\"@id\":\"https:\\\/\\\/elinformativotam.com\\\/index.php\\\/2020\\\/03\\\/19\\\/dif-madero-otorga-licencia-laboral-a-adultos-mayores\\\/\"},\"wordCount\":260,\"commentCount\":0,\"publisher\":{\"@id\":\"https:\\\/\\\/elinformativotam.com\\\/#organization\"},\"articleSection\":[\"Cd Madero\"],\"inLanguage\":\"es\",\"potentialAction\":[{\"@type\":\"CommentAction\",\"name\":\"Comment\",\"target\":[\"https:\\\/\\\/elinformativotam.com\\\/index.php\\\/2020\\\/03\\\/19\\\/dif-madero-otorga-licencia-laboral-a-adultos-mayores\\\/#respond\"]}]},{\"@type\":\"WebPage\",\"@id\":\"https:\\\/\\\/elinformativotam.com\\\/index.php\\\/2020\\\/03\\\/19\\\/dif-madero-otorga-licencia-laboral-a-adultos-mayores\\\/\",\"url\":\"https:\\\/\\\/elinformativotam.com\\\/index.php\\\/2020\\\/03\\\/19\\\/dif-madero-otorga-licencia-laboral-a-adultos-mayores\\\/\",\"name\":\"DIF MADERO OTORGA LICENCIA LABORAL A ADULTOS MAYORES. - EL INFORMATIVO DE TAMAULIPAS\",\"isPartOf\":{\"@id\":\"https:\\\/\\\/elinformativotam.com\\\/#website\"},\"datePublished\":\"2020-03-20T01:20:22+00:00\",\"description\":\"Cd. Madero, Tamaulipas.- Un aproximado el 30 % de los trabajadores que conforman la plantilla laboral del Sistema DIF (personas mayores de 60 a\u00f1os,\",\"inLanguage\":\"es\",\"potentialAction\":[{\"@type\":\"ReadAction\",\"target\":[\"https:\\\/\\\/elinformativotam.com\\\/index.php\\\/2020\\\/03\\\/19\\\/dif-madero-otorga-licencia-laboral-a-adultos-mayores\\\/\"]}]},{\"@type\":\"WebSite\",\"@id\":\"https:\\\/\\\/elinformativotam.com\\\/#website\",\"url\":\"https:\\\/\\\/elinformativotam.com\\\/\",\"name\":\"EL INFORMATIVO DE TAMAULIPAS\",\"description\":\"Desde la Zona Metropolitana Para Todo M\u00e9xico\",\"publisher\":{\"@id\":\"https:\\\/\\\/elinformativotam.com\\\/#organization\"},\"potentialAction\":[{\"@type\":\"SearchAction\",\"target\":{\"@type\":\"EntryPoint\",\"urlTemplate\":\"https:\\\/\\\/elinformativotam.com\\\/?s={search_term_string}\"},\"query-input\":{\"@type\":\"PropertyValueSpecification\",\"valueRequired\":true,\"valueName\":\"search_term_string\"}}],\"inLanguage\":\"es\"},{\"@type\":\"Organization\",\"@id\":\"https:\\\/\\\/elinformativotam.com\\\/#organization\",\"name\":\"EL INFORMATIVO DE TAMAULIPAS\",\"url\":\"https:\\\/\\\/elinformativotam.com\\\/\",\"logo\":{\"@type\":\"ImageObject\",\"inLanguage\":\"es\",\"@id\":\"https:\\\/\\\/elinformativotam.com\\\/#\\\/schema\\\/logo\\\/image\\\/\",\"url\":\"https:\\\/\\\/elinformativotam.com\\\/wp-content\\\/uploads\\\/2026\\\/02\\\/Cabezal.png\",\"contentUrl\":\"https:\\\/\\\/elinformativotam.com\\\/wp-content\\\/uploads\\\/2026\\\/02\\\/Cabezal.png\",\"width\":960,\"height\":640,\"caption\":\"EL INFORMATIVO DE TAMAULIPAS\"},\"image\":{\"@id\":\"https:\\\/\\\/elinformativotam.com\\\/#\\\/schema\\\/logo\\\/image\\\/\"}},{\"@type\":\"Person\",\"@id\":\"https:\\\/\\\/elinformativotam.com\\\/#\\\/schema\\\/person\\\/78e08040eed0f6110f0c5f83b6153590\",\"name\":\"El Informativo Tam\",\"image\":{\"@type\":\"ImageObject\",\"inLanguage\":\"es\",\"@id\":\"https:\\\/\\\/secure.gravatar.com\\\/avatar\\\/f3b7ad3af540688955925ac610647be00b0cf41feea9c4978b73a707ee86bc53?s=96&d=mm&r=g\",\"url\":\"https:\\\/\\\/secure.gravatar.com\\\/avatar\\\/f3b7ad3af540688955925ac610647be00b0cf41feea9c4978b73a707ee86bc53?s=96&d=mm&r=g\",\"contentUrl\":\"https:\\\/\\\/secure.gravatar.com\\\/avatar\\\/f3b7ad3af540688955925ac610647be00b0cf41feea9c4978b73a707ee86bc53?s=96&d=mm&r=g\",\"caption\":\"El Informativo Tam\"}}]}<\/script>\n<!-- \/ Yoast SEO plugin. -->","yoast_head_json":{"title":"DIF MADERO OTORGA LICENCIA LABORAL A ADULTOS MAYORES. - EL INFORMATIVO DE TAMAULIPAS","description":"Cd. Madero, Tamaulipas.- Un aproximado el 30 % de los trabajadores que conforman la plantilla laboral del Sistema DIF (personas mayores de 60 a\u00f1os,","robots":{"index":"index","follow":"follow","max-snippet":"max-snippet:-1","max-image-preview":"max-image-preview:large","max-video-preview":"max-video-preview:-1"},"canonical":"https:\/\/elinformativotam.com\/index.php\/2020\/03\/19\/dif-madero-otorga-licencia-laboral-a-adultos-mayores\/","og_locale":"es_MX","og_type":"article","og_title":"DIF MADERO OTORGA LICENCIA LABORAL A ADULTOS MAYORES. - EL INFORMATIVO DE TAMAULIPAS","og_description":"Cd. Madero, Tamaulipas.- Un aproximado el 30 % de los trabajadores que conforman la plantilla laboral del Sistema DIF (personas mayores de 60 a\u00f1os,","og_url":"https:\/\/elinformativotam.com\/index.php\/2020\/03\/19\/dif-madero-otorga-licencia-laboral-a-adultos-mayores\/","og_site_name":"EL INFORMATIVO DE TAMAULIPAS","article_published_time":"2020-03-20T01:20:22+00:00","author":"El Informativo Tam","twitter_card":"summary_large_image","twitter_misc":{"Escrito por":"El Informativo Tam","Tiempo de lectura":"1 minuto"},"schema":{"@context":"https:\/\/schema.org","@graph":[{"@type":"Article","@id":"https:\/\/elinformativotam.com\/index.php\/2020\/03\/19\/dif-madero-otorga-licencia-laboral-a-adultos-mayores\/#article","isPartOf":{"@id":"https:\/\/elinformativotam.com\/index.php\/2020\/03\/19\/dif-madero-otorga-licencia-laboral-a-adultos-mayores\/"},"author":{"name":"El Informativo Tam","@id":"https:\/\/elinformativotam.com\/#\/schema\/person\/78e08040eed0f6110f0c5f83b6153590"},"headline":"DIF MADERO OTORGA LICENCIA LABORAL A ADULTOS MAYORES.","datePublished":"2020-03-20T01:20:22+00:00","mainEntityOfPage":{"@id":"https:\/\/elinformativotam.com\/index.php\/2020\/03\/19\/dif-madero-otorga-licencia-laboral-a-adultos-mayores\/"},"wordCount":260,"commentCount":0,"publisher":{"@id":"https:\/\/elinformativotam.com\/#organization"},"articleSection":["Cd Madero"],"inLanguage":"es","potentialAction":[{"@type":"CommentAction","name":"Comment","target":["https:\/\/elinformativotam.com\/index.php\/2020\/03\/19\/dif-madero-otorga-licencia-laboral-a-adultos-mayores\/#respond"]}]},{"@type":"WebPage","@id":"https:\/\/elinformativotam.com\/index.php\/2020\/03\/19\/dif-madero-otorga-licencia-laboral-a-adultos-mayores\/","url":"https:\/\/elinformativotam.com\/index.php\/2020\/03\/19\/dif-madero-otorga-licencia-laboral-a-adultos-mayores\/","name":"DIF MADERO OTORGA LICENCIA LABORAL A ADULTOS MAYORES. - EL INFORMATIVO DE TAMAULIPAS","isPartOf":{"@id":"https:\/\/elinformativotam.com\/#website"},"datePublished":"2020-03-20T01:20:22+00:00","description":"Cd. Madero, Tamaulipas.- Un aproximado el 30 % de los trabajadores que conforman la plantilla laboral del Sistema DIF (personas mayores de 60 a\u00f1os,","inLanguage":"es","potentialAction":[{"@type":"ReadAction","target":["https:\/\/elinformativotam.com\/index.php\/2020\/03\/19\/dif-madero-otorga-licencia-laboral-a-adultos-mayores\/"]}]},{"@type":"WebSite","@id":"https:\/\/elinformativotam.com\/#website","url":"https:\/\/elinformativotam.com\/","name":"EL INFORMATIVO DE TAMAULIPAS","description":"Desde la Zona Metropolitana Para Todo M\u00e9xico","publisher":{"@id":"https:\/\/elinformativotam.com\/#organization"},"potentialAction":[{"@type":"SearchAction","target":{"@type":"EntryPoint","urlTemplate":"https:\/\/elinformativotam.com\/?s={search_term_string}"},"query-input":{"@type":"PropertyValueSpecification","valueRequired":true,"valueName":"search_term_string"}}],"inLanguage":"es"},{"@type":"Organization","@id":"https:\/\/elinformativotam.com\/#organization","name":"EL INFORMATIVO DE TAMAULIPAS","url":"https:\/\/elinformativotam.com\/","logo":{"@type":"ImageObject","inLanguage":"es","@id":"https:\/\/elinformativotam.com\/#\/schema\/logo\/image\/","url":"https:\/\/elinformativotam.com\/wp-content\/uploads\/2026\/02\/Cabezal.png","contentUrl":"https:\/\/elinformativotam.com\/wp-content\/uploads\/2026\/02\/Cabezal.png","width":960,"height":640,"caption":"EL INFORMATIVO DE TAMAULIPAS"},"image":{"@id":"https:\/\/elinformativotam.com\/#\/schema\/logo\/image\/"}},{"@type":"Person","@id":"https:\/\/elinformativotam.com\/#\/schema\/person\/78e08040eed0f6110f0c5f83b6153590","name":"El Informativo Tam","image":{"@type":"ImageObject","inLanguage":"es","@id":"https:\/\/secure.gravatar.com\/avatar\/f3b7ad3af540688955925ac610647be00b0cf41feea9c4978b73a707ee86bc53?s=96&d=mm&r=g","url":"https:\/\/secure.gravatar.com\/avatar\/f3b7ad3af540688955925ac610647be00b0cf41feea9c4978b73a707ee86bc53?s=96&d=mm&r=g","contentUrl":"https:\/\/secure.gravatar.com\/avatar\/f3b7ad3af540688955925ac610647be00b0cf41feea9c4978b73a707ee86bc53?s=96&d=mm&r=g","caption":"El Informativo Tam"}}]}},"_links":{"self":[{"href":"https:\/\/elinformativotam.com\/index.php\/wp-json\/wp\/v2\/posts\/3821","targetHints":{"allow":["GET"]}}],"collection":[{"href":"https:\/\/elinformativotam.com\/index.php\/wp-json\/wp\/v2\/posts"}],"about":[{"href":"https:\/\/elinformativotam.com\/index.php\/wp-json\/wp\/v2\/types\/post"}],"author":[{"embeddable":true,"href":"https:\/\/elinformativotam.com\/index.php\/wp-json\/wp\/v2\/users\/1"}],"replies":[{"embeddable":true,"href":"https:\/\/elinformativotam.com\/index.php\/wp-json\/wp\/v2\/comments?post=3821"}],"version-history":[{"count":0,"href":"https:\/\/elinformativotam.com\/index.php\/wp-json\/wp\/v2\/posts\/3821\/revisions"}],"wp:attachment":[{"href":"https:\/\/elinformativotam.com\/index.php\/wp-json\/wp\/v2\/media?parent=3821"}],"wp:term":[{"taxonomy":"category","embeddable":true,"href":"https:\/\/elinformativotam.com\/index.php\/wp-json\/wp\/v2\/categories?post=3821"},{"taxonomy":"post_tag","embeddable":true,"href":"https:\/\/elinformativotam.com\/index.php\/wp-json\/wp\/v2\/tags?post=3821"}],"curies":[{"name":"wp","href":"https:\/\/api.w.org\/{rel}","templated":true}]}}