{"id":3735,"date":"2020-03-17T19:36:41","date_gmt":"2020-03-18T01:36:41","guid":{"rendered":"http:\/\/elinformativotam.com\/?p=3735"},"modified":"2020-03-17T19:36:41","modified_gmt":"2020-03-18T01:36:41","slug":"comerciantes-de-playa-podrian-vender-en-zona-centro-de-madero","status":"publish","type":"post","link":"https:\/\/elinformativotam.com\/index.php\/2020\/03\/17\/comerciantes-de-playa-podrian-vender-en-zona-centro-de-madero\/","title":{"rendered":"COMERCIANTES DE PLAYA PODR\u00cdAN VENDER EN ZONA CENTRO DE MADERO."},"content":{"rendered":"<p>Cd. Madero, Tamaulipas.- El ayuntamiento de Madero buscar\u00e1\u00a0 brindar apoyo a los vendedores que se ven perjudicados por el cierre de playa Miramar esto brindandoles alternativas para que comercialicen sus productos.<\/p>\n<p>&nbsp;<\/p>\n<p>El director de finanzas en el municipio, Carlo Alberto Gonz\u00e1lez Portes, dijo que esto es una acci\u00f3n que se analiza por parte de las autoridades municipales,\u00a0 por lo que a trav\u00e9s de la direcci\u00f3n de ingresos, se har\u00e1 del conocimiento de los comerciantes sobre las opciones que se les puede brindar como apoyo.<\/p>\n<p>&nbsp;<\/p>\n<p>Expuso que algunas de estas pueden ser el permitirles vender sus productos en algunas partes o \u00e1reas de la zona centro de la ciudad, o en otros puntos del municipio, con la finalidad de que no se queden con la mercanc\u00eda que ya adquirieron.<\/p>\n<p>&nbsp;<\/p>\n<p>Mencion\u00f3 que las acciones tomadas por la administraci\u00f3n son de tipo preventivas para evitar se presente alg\u00fan tipo de contagio, como lo que est\u00e1 ocurriendo con el COVID-19,\u00a0 resaltando que est\u00e1n conscientes de la situaci\u00f3n y el perjuicio que esto trae a los comerciantes de playa.<\/p>\n<p>&nbsp;<\/p>\n<p>Gonz\u00e1lez Portes, dijo finalmente que la actual administraci\u00f3n seguir\u00e1 buscando alternativas para ayudar a los comerciantes que se dedican a la venta de productos en playa, siempre d\u00e1ndole preferencia a los que a diario se encuentran en el m\u00e1ximo paseo y no permitir que alguien quiera aprovechar la situaci\u00f3n para sacar alg\u00fan beneficio.<\/p>\n","protected":false},"excerpt":{"rendered":"<p>Cd. Madero, Tamaulipas.- El ayuntamiento de Madero buscar\u00e1\u00a0 brindar apoyo a los vendedores que se ven perjudicados por el cierre&hellip;<\/p>\n","protected":false},"author":1,"featured_media":0,"comment_status":"open","ping_status":"open","sticky":false,"template":"","format":"standard","meta":{"footnotes":""},"categories":[4],"tags":[],"class_list":["post-3735","post","type-post","status-publish","format-standard","hentry","category-madero"],"yoast_head":"<!-- This site is optimized with the Yoast SEO plugin v27.5 - https:\/\/yoast.com\/product\/yoast-seo-wordpress\/ -->\n<title>COMERCIANTES DE PLAYA PODR\u00cdAN VENDER EN ZONA CENTRO DE MADERO. - EL INFORMATIVO DE TAMAULIPAS<\/title>\n<meta name=\"description\" content=\"Cd. Madero, Tamaulipas.- El ayuntamiento de Madero buscar\u00e1\u00a0 brindar apoyo a los vendedores que se ven perjudicados por el cierre de playa Miramar esto\" \/>\n<meta name=\"robots\" content=\"index, follow, max-snippet:-1, max-image-preview:large, max-video-preview:-1\" \/>\n<link rel=\"canonical\" href=\"https:\/\/elinformativotam.com\/index.php\/2020\/03\/17\/comerciantes-de-playa-podrian-vender-en-zona-centro-de-madero\/\" \/>\n<meta property=\"og:locale\" content=\"es_MX\" \/>\n<meta property=\"og:type\" content=\"article\" \/>\n<meta property=\"og:title\" content=\"COMERCIANTES DE PLAYA PODR\u00cdAN VENDER EN ZONA CENTRO DE MADERO. - EL INFORMATIVO DE TAMAULIPAS\" \/>\n<meta property=\"og:description\" content=\"Cd. Madero, Tamaulipas.- El ayuntamiento de Madero buscar\u00e1\u00a0 brindar apoyo a los vendedores que se ven perjudicados por el cierre de playa Miramar esto\" \/>\n<meta property=\"og:url\" content=\"https:\/\/elinformativotam.com\/index.php\/2020\/03\/17\/comerciantes-de-playa-podrian-vender-en-zona-centro-de-madero\/\" \/>\n<meta property=\"og:site_name\" content=\"EL INFORMATIVO DE TAMAULIPAS\" \/>\n<meta property=\"article:published_time\" content=\"2020-03-18T01:36:41+00:00\" \/>\n<meta name=\"author\" content=\"El Informativo Tam\" \/>\n<meta name=\"twitter:card\" content=\"summary_large_image\" \/>\n<meta name=\"twitter:label1\" content=\"Escrito por\" \/>\n\t<meta name=\"twitter:data1\" content=\"El Informativo Tam\" \/>\n\t<meta name=\"twitter:label2\" content=\"Tiempo de lectura\" \/>\n\t<meta name=\"twitter:data2\" content=\"1 minuto\" \/>\n<script type=\"application\/ld+json\" class=\"yoast-schema-graph\">{\"@context\":\"https:\\\/\\\/schema.org\",\"@graph\":[{\"@type\":\"Article\",\"@id\":\"https:\\\/\\\/elinformativotam.com\\\/index.php\\\/2020\\\/03\\\/17\\\/comerciantes-de-playa-podrian-vender-en-zona-centro-de-madero\\\/#article\",\"isPartOf\":{\"@id\":\"https:\\\/\\\/elinformativotam.com\\\/index.php\\\/2020\\\/03\\\/17\\\/comerciantes-de-playa-podrian-vender-en-zona-centro-de-madero\\\/\"},\"author\":{\"name\":\"El Informativo Tam\",\"@id\":\"https:\\\/\\\/elinformativotam.com\\\/#\\\/schema\\\/person\\\/78e08040eed0f6110f0c5f83b6153590\"},\"headline\":\"COMERCIANTES DE PLAYA PODR\u00cdAN VENDER EN ZONA CENTRO DE MADERO.\",\"datePublished\":\"2020-03-18T01:36:41+00:00\",\"mainEntityOfPage\":{\"@id\":\"https:\\\/\\\/elinformativotam.com\\\/index.php\\\/2020\\\/03\\\/17\\\/comerciantes-de-playa-podrian-vender-en-zona-centro-de-madero\\\/\"},\"wordCount\":258,\"commentCount\":0,\"publisher\":{\"@id\":\"https:\\\/\\\/elinformativotam.com\\\/#organization\"},\"articleSection\":[\"Cd Madero\"],\"inLanguage\":\"es\",\"potentialAction\":[{\"@type\":\"CommentAction\",\"name\":\"Comment\",\"target\":[\"https:\\\/\\\/elinformativotam.com\\\/index.php\\\/2020\\\/03\\\/17\\\/comerciantes-de-playa-podrian-vender-en-zona-centro-de-madero\\\/#respond\"]}]},{\"@type\":\"WebPage\",\"@id\":\"https:\\\/\\\/elinformativotam.com\\\/index.php\\\/2020\\\/03\\\/17\\\/comerciantes-de-playa-podrian-vender-en-zona-centro-de-madero\\\/\",\"url\":\"https:\\\/\\\/elinformativotam.com\\\/index.php\\\/2020\\\/03\\\/17\\\/comerciantes-de-playa-podrian-vender-en-zona-centro-de-madero\\\/\",\"name\":\"COMERCIANTES DE PLAYA PODR\u00cdAN VENDER EN ZONA CENTRO DE MADERO. - EL INFORMATIVO DE TAMAULIPAS\",\"isPartOf\":{\"@id\":\"https:\\\/\\\/elinformativotam.com\\\/#website\"},\"datePublished\":\"2020-03-18T01:36:41+00:00\",\"description\":\"Cd. Madero, Tamaulipas.- El ayuntamiento de Madero buscar\u00e1\u00a0 brindar apoyo a los vendedores que se ven perjudicados por el cierre de playa Miramar esto\",\"inLanguage\":\"es\",\"potentialAction\":[{\"@type\":\"ReadAction\",\"target\":[\"https:\\\/\\\/elinformativotam.com\\\/index.php\\\/2020\\\/03\\\/17\\\/comerciantes-de-playa-podrian-vender-en-zona-centro-de-madero\\\/\"]}]},{\"@type\":\"WebSite\",\"@id\":\"https:\\\/\\\/elinformativotam.com\\\/#website\",\"url\":\"https:\\\/\\\/elinformativotam.com\\\/\",\"name\":\"EL INFORMATIVO DE TAMAULIPAS\",\"description\":\"Desde la Zona Metropolitana Para Todo M\u00e9xico\",\"publisher\":{\"@id\":\"https:\\\/\\\/elinformativotam.com\\\/#organization\"},\"potentialAction\":[{\"@type\":\"SearchAction\",\"target\":{\"@type\":\"EntryPoint\",\"urlTemplate\":\"https:\\\/\\\/elinformativotam.com\\\/?s={search_term_string}\"},\"query-input\":{\"@type\":\"PropertyValueSpecification\",\"valueRequired\":true,\"valueName\":\"search_term_string\"}}],\"inLanguage\":\"es\"},{\"@type\":\"Organization\",\"@id\":\"https:\\\/\\\/elinformativotam.com\\\/#organization\",\"name\":\"EL INFORMATIVO DE TAMAULIPAS\",\"url\":\"https:\\\/\\\/elinformativotam.com\\\/\",\"logo\":{\"@type\":\"ImageObject\",\"inLanguage\":\"es\",\"@id\":\"https:\\\/\\\/elinformativotam.com\\\/#\\\/schema\\\/logo\\\/image\\\/\",\"url\":\"https:\\\/\\\/elinformativotam.com\\\/wp-content\\\/uploads\\\/2026\\\/02\\\/Cabezal.png\",\"contentUrl\":\"https:\\\/\\\/elinformativotam.com\\\/wp-content\\\/uploads\\\/2026\\\/02\\\/Cabezal.png\",\"width\":960,\"height\":640,\"caption\":\"EL INFORMATIVO DE TAMAULIPAS\"},\"image\":{\"@id\":\"https:\\\/\\\/elinformativotam.com\\\/#\\\/schema\\\/logo\\\/image\\\/\"}},{\"@type\":\"Person\",\"@id\":\"https:\\\/\\\/elinformativotam.com\\\/#\\\/schema\\\/person\\\/78e08040eed0f6110f0c5f83b6153590\",\"name\":\"El Informativo Tam\",\"image\":{\"@type\":\"ImageObject\",\"inLanguage\":\"es\",\"@id\":\"https:\\\/\\\/secure.gravatar.com\\\/avatar\\\/f3b7ad3af540688955925ac610647be00b0cf41feea9c4978b73a707ee86bc53?s=96&d=mm&r=g\",\"url\":\"https:\\\/\\\/secure.gravatar.com\\\/avatar\\\/f3b7ad3af540688955925ac610647be00b0cf41feea9c4978b73a707ee86bc53?s=96&d=mm&r=g\",\"contentUrl\":\"https:\\\/\\\/secure.gravatar.com\\\/avatar\\\/f3b7ad3af540688955925ac610647be00b0cf41feea9c4978b73a707ee86bc53?s=96&d=mm&r=g\",\"caption\":\"El Informativo Tam\"}}]}<\/script>\n<!-- \/ Yoast SEO plugin. -->","yoast_head_json":{"title":"COMERCIANTES DE PLAYA PODR\u00cdAN VENDER EN ZONA CENTRO DE MADERO. - EL INFORMATIVO DE TAMAULIPAS","description":"Cd. Madero, Tamaulipas.- El ayuntamiento de Madero buscar\u00e1\u00a0 brindar apoyo a los vendedores que se ven perjudicados por el cierre de playa Miramar esto","robots":{"index":"index","follow":"follow","max-snippet":"max-snippet:-1","max-image-preview":"max-image-preview:large","max-video-preview":"max-video-preview:-1"},"canonical":"https:\/\/elinformativotam.com\/index.php\/2020\/03\/17\/comerciantes-de-playa-podrian-vender-en-zona-centro-de-madero\/","og_locale":"es_MX","og_type":"article","og_title":"COMERCIANTES DE PLAYA PODR\u00cdAN VENDER EN ZONA CENTRO DE MADERO. - EL INFORMATIVO DE TAMAULIPAS","og_description":"Cd. Madero, Tamaulipas.- El ayuntamiento de Madero buscar\u00e1\u00a0 brindar apoyo a los vendedores que se ven perjudicados por el cierre de playa Miramar esto","og_url":"https:\/\/elinformativotam.com\/index.php\/2020\/03\/17\/comerciantes-de-playa-podrian-vender-en-zona-centro-de-madero\/","og_site_name":"EL INFORMATIVO DE TAMAULIPAS","article_published_time":"2020-03-18T01:36:41+00:00","author":"El Informativo Tam","twitter_card":"summary_large_image","twitter_misc":{"Escrito por":"El Informativo Tam","Tiempo de lectura":"1 minuto"},"schema":{"@context":"https:\/\/schema.org","@graph":[{"@type":"Article","@id":"https:\/\/elinformativotam.com\/index.php\/2020\/03\/17\/comerciantes-de-playa-podrian-vender-en-zona-centro-de-madero\/#article","isPartOf":{"@id":"https:\/\/elinformativotam.com\/index.php\/2020\/03\/17\/comerciantes-de-playa-podrian-vender-en-zona-centro-de-madero\/"},"author":{"name":"El Informativo Tam","@id":"https:\/\/elinformativotam.com\/#\/schema\/person\/78e08040eed0f6110f0c5f83b6153590"},"headline":"COMERCIANTES DE PLAYA PODR\u00cdAN VENDER EN ZONA CENTRO DE MADERO.","datePublished":"2020-03-18T01:36:41+00:00","mainEntityOfPage":{"@id":"https:\/\/elinformativotam.com\/index.php\/2020\/03\/17\/comerciantes-de-playa-podrian-vender-en-zona-centro-de-madero\/"},"wordCount":258,"commentCount":0,"publisher":{"@id":"https:\/\/elinformativotam.com\/#organization"},"articleSection":["Cd Madero"],"inLanguage":"es","potentialAction":[{"@type":"CommentAction","name":"Comment","target":["https:\/\/elinformativotam.com\/index.php\/2020\/03\/17\/comerciantes-de-playa-podrian-vender-en-zona-centro-de-madero\/#respond"]}]},{"@type":"WebPage","@id":"https:\/\/elinformativotam.com\/index.php\/2020\/03\/17\/comerciantes-de-playa-podrian-vender-en-zona-centro-de-madero\/","url":"https:\/\/elinformativotam.com\/index.php\/2020\/03\/17\/comerciantes-de-playa-podrian-vender-en-zona-centro-de-madero\/","name":"COMERCIANTES DE PLAYA PODR\u00cdAN VENDER EN ZONA CENTRO DE MADERO. - EL INFORMATIVO DE TAMAULIPAS","isPartOf":{"@id":"https:\/\/elinformativotam.com\/#website"},"datePublished":"2020-03-18T01:36:41+00:00","description":"Cd. Madero, Tamaulipas.- El ayuntamiento de Madero buscar\u00e1\u00a0 brindar apoyo a los vendedores que se ven perjudicados por el cierre de playa Miramar esto","inLanguage":"es","potentialAction":[{"@type":"ReadAction","target":["https:\/\/elinformativotam.com\/index.php\/2020\/03\/17\/comerciantes-de-playa-podrian-vender-en-zona-centro-de-madero\/"]}]},{"@type":"WebSite","@id":"https:\/\/elinformativotam.com\/#website","url":"https:\/\/elinformativotam.com\/","name":"EL INFORMATIVO DE TAMAULIPAS","description":"Desde la Zona Metropolitana Para Todo M\u00e9xico","publisher":{"@id":"https:\/\/elinformativotam.com\/#organization"},"potentialAction":[{"@type":"SearchAction","target":{"@type":"EntryPoint","urlTemplate":"https:\/\/elinformativotam.com\/?s={search_term_string}"},"query-input":{"@type":"PropertyValueSpecification","valueRequired":true,"valueName":"search_term_string"}}],"inLanguage":"es"},{"@type":"Organization","@id":"https:\/\/elinformativotam.com\/#organization","name":"EL INFORMATIVO DE TAMAULIPAS","url":"https:\/\/elinformativotam.com\/","logo":{"@type":"ImageObject","inLanguage":"es","@id":"https:\/\/elinformativotam.com\/#\/schema\/logo\/image\/","url":"https:\/\/elinformativotam.com\/wp-content\/uploads\/2026\/02\/Cabezal.png","contentUrl":"https:\/\/elinformativotam.com\/wp-content\/uploads\/2026\/02\/Cabezal.png","width":960,"height":640,"caption":"EL INFORMATIVO DE TAMAULIPAS"},"image":{"@id":"https:\/\/elinformativotam.com\/#\/schema\/logo\/image\/"}},{"@type":"Person","@id":"https:\/\/elinformativotam.com\/#\/schema\/person\/78e08040eed0f6110f0c5f83b6153590","name":"El Informativo Tam","image":{"@type":"ImageObject","inLanguage":"es","@id":"https:\/\/secure.gravatar.com\/avatar\/f3b7ad3af540688955925ac610647be00b0cf41feea9c4978b73a707ee86bc53?s=96&d=mm&r=g","url":"https:\/\/secure.gravatar.com\/avatar\/f3b7ad3af540688955925ac610647be00b0cf41feea9c4978b73a707ee86bc53?s=96&d=mm&r=g","contentUrl":"https:\/\/secure.gravatar.com\/avatar\/f3b7ad3af540688955925ac610647be00b0cf41feea9c4978b73a707ee86bc53?s=96&d=mm&r=g","caption":"El Informativo Tam"}}]}},"_links":{"self":[{"href":"https:\/\/elinformativotam.com\/index.php\/wp-json\/wp\/v2\/posts\/3735","targetHints":{"allow":["GET"]}}],"collection":[{"href":"https:\/\/elinformativotam.com\/index.php\/wp-json\/wp\/v2\/posts"}],"about":[{"href":"https:\/\/elinformativotam.com\/index.php\/wp-json\/wp\/v2\/types\/post"}],"author":[{"embeddable":true,"href":"https:\/\/elinformativotam.com\/index.php\/wp-json\/wp\/v2\/users\/1"}],"replies":[{"embeddable":true,"href":"https:\/\/elinformativotam.com\/index.php\/wp-json\/wp\/v2\/comments?post=3735"}],"version-history":[{"count":0,"href":"https:\/\/elinformativotam.com\/index.php\/wp-json\/wp\/v2\/posts\/3735\/revisions"}],"wp:attachment":[{"href":"https:\/\/elinformativotam.com\/index.php\/wp-json\/wp\/v2\/media?parent=3735"}],"wp:term":[{"taxonomy":"category","embeddable":true,"href":"https:\/\/elinformativotam.com\/index.php\/wp-json\/wp\/v2\/categories?post=3735"},{"taxonomy":"post_tag","embeddable":true,"href":"https:\/\/elinformativotam.com\/index.php\/wp-json\/wp\/v2\/tags?post=3735"}],"curies":[{"name":"wp","href":"https:\/\/api.w.org\/{rel}","templated":true}]}}