{"id":3732,"date":"2020-03-17T19:34:50","date_gmt":"2020-03-18T01:34:50","guid":{"rendered":"http:\/\/elinformativotam.com\/?p=3732"},"modified":"2020-03-17T19:34:50","modified_gmt":"2020-03-18T01:34:50","slug":"comerciantes-piden-al-ayuntamiento-de-madero-apoyo-por-cierre-de-playa","status":"publish","type":"post","link":"https:\/\/elinformativotam.com\/index.php\/2020\/03\/17\/comerciantes-piden-al-ayuntamiento-de-madero-apoyo-por-cierre-de-playa\/","title":{"rendered":"COMERCIANTES PIDEN AL  AYUNTAMIENTO DE MADERO APOYO POR CIERRE DE PLAYA."},"content":{"rendered":"<p>Cd. Madero, Tamaulipas.- Comerciantes de playa Miramar acudieron a la presidencia municipal de Madero, para solicitar apoyo a las autoridades, por el cierre del m\u00e1ximo paseo tur\u00edstico.<\/p>\n<p>&nbsp;<\/p>\n<p>Teresa de Jes\u00fas D\u00edaz Hern\u00e1ndez, en representaci\u00f3n de los inconformes, indic\u00f3 que son m\u00e1s de 300 los comerciantes que trabajan durante todo el a\u00f1o en playa, y es semana santa la temporada m\u00e1s alta para ellos,\u00a0 por lo que se preparan y generalmente se endeudan para surtir sus mercanc\u00edas.<\/p>\n<p>&nbsp;<\/p>\n<p>Indic\u00f3 que tan solo ella hizo una inversi\u00f3n de 40 mil pesos, dinero que consigui\u00f3 por medio de un pr\u00e9stamo, el cual no podr\u00e1 pagar debido a que no habr\u00e1 ventas en el m\u00e1ximo paseo por estar cerrado.<\/p>\n<p>&nbsp;<\/p>\n<p>Al respecto, Jos\u00e9 de los Reyes, mencion\u00f3 que ellos est\u00e1n dispuestos a tomar las medidas necesarias para que les permitan seguir trabajando, ya que sus inversiones son de forma diaria,\u00a0 debido a que comercializan alimentos y con el cierre de Miramar se les qued\u00f3 toda la mercanc\u00eda.<\/p>\n<p>&nbsp;<\/p>\n<p>En tanto, Aar\u00f3n Hern\u00e1ndez Ortega, se\u00f1al\u00f3 que pese a su acercamiento, no se lleg\u00f3 a ning\u00fan acuerdo con la autoridad, por lo que piden al alcalde haga conciencia de las familias que viven del comercio en Miramar.<\/p>\n","protected":false},"excerpt":{"rendered":"<p>Cd. Madero, Tamaulipas.- Comerciantes de playa Miramar acudieron a la presidencia municipal de Madero, para solicitar apoyo a las autoridades,&hellip;<\/p>\n","protected":false},"author":1,"featured_media":0,"comment_status":"open","ping_status":"open","sticky":false,"template":"","format":"standard","meta":{"footnotes":""},"categories":[4],"tags":[],"class_list":["post-3732","post","type-post","status-publish","format-standard","hentry","category-madero"],"yoast_head":"<!-- This site is optimized with the Yoast SEO plugin v27.5 - https:\/\/yoast.com\/product\/yoast-seo-wordpress\/ -->\n<title>COMERCIANTES PIDEN AL AYUNTAMIENTO DE MADERO APOYO POR CIERRE DE PLAYA. - EL INFORMATIVO DE TAMAULIPAS<\/title>\n<meta name=\"description\" content=\"Cd. Madero, Tamaulipas.- Comerciantes de playa Miramar acudieron a la presidencia municipal de Madero, para solicitar apoyo a las autoridades, por el\" \/>\n<meta name=\"robots\" content=\"index, follow, max-snippet:-1, max-image-preview:large, max-video-preview:-1\" \/>\n<link rel=\"canonical\" href=\"https:\/\/elinformativotam.com\/index.php\/2020\/03\/17\/comerciantes-piden-al-ayuntamiento-de-madero-apoyo-por-cierre-de-playa\/\" \/>\n<meta property=\"og:locale\" content=\"es_MX\" \/>\n<meta property=\"og:type\" content=\"article\" \/>\n<meta property=\"og:title\" content=\"COMERCIANTES PIDEN AL AYUNTAMIENTO DE MADERO APOYO POR CIERRE DE PLAYA. - EL INFORMATIVO DE TAMAULIPAS\" \/>\n<meta property=\"og:description\" content=\"Cd. Madero, Tamaulipas.- Comerciantes de playa Miramar acudieron a la presidencia municipal de Madero, para solicitar apoyo a las autoridades, por el\" \/>\n<meta property=\"og:url\" content=\"https:\/\/elinformativotam.com\/index.php\/2020\/03\/17\/comerciantes-piden-al-ayuntamiento-de-madero-apoyo-por-cierre-de-playa\/\" \/>\n<meta property=\"og:site_name\" content=\"EL INFORMATIVO DE TAMAULIPAS\" \/>\n<meta property=\"article:published_time\" content=\"2020-03-18T01:34:50+00:00\" \/>\n<meta name=\"author\" content=\"El Informativo Tam\" \/>\n<meta name=\"twitter:card\" content=\"summary_large_image\" \/>\n<meta name=\"twitter:label1\" content=\"Escrito por\" \/>\n\t<meta name=\"twitter:data1\" content=\"El Informativo Tam\" \/>\n\t<meta name=\"twitter:label2\" content=\"Tiempo de lectura\" \/>\n\t<meta name=\"twitter:data2\" content=\"1 minuto\" \/>\n<script type=\"application\/ld+json\" class=\"yoast-schema-graph\">{\"@context\":\"https:\\\/\\\/schema.org\",\"@graph\":[{\"@type\":\"Article\",\"@id\":\"https:\\\/\\\/elinformativotam.com\\\/index.php\\\/2020\\\/03\\\/17\\\/comerciantes-piden-al-ayuntamiento-de-madero-apoyo-por-cierre-de-playa\\\/#article\",\"isPartOf\":{\"@id\":\"https:\\\/\\\/elinformativotam.com\\\/index.php\\\/2020\\\/03\\\/17\\\/comerciantes-piden-al-ayuntamiento-de-madero-apoyo-por-cierre-de-playa\\\/\"},\"author\":{\"name\":\"El Informativo Tam\",\"@id\":\"https:\\\/\\\/elinformativotam.com\\\/#\\\/schema\\\/person\\\/78e08040eed0f6110f0c5f83b6153590\"},\"headline\":\"COMERCIANTES PIDEN AL AYUNTAMIENTO DE MADERO APOYO POR CIERRE DE PLAYA.\",\"datePublished\":\"2020-03-18T01:34:50+00:00\",\"mainEntityOfPage\":{\"@id\":\"https:\\\/\\\/elinformativotam.com\\\/index.php\\\/2020\\\/03\\\/17\\\/comerciantes-piden-al-ayuntamiento-de-madero-apoyo-por-cierre-de-playa\\\/\"},\"wordCount\":231,\"commentCount\":0,\"publisher\":{\"@id\":\"https:\\\/\\\/elinformativotam.com\\\/#organization\"},\"articleSection\":[\"Cd Madero\"],\"inLanguage\":\"es\",\"potentialAction\":[{\"@type\":\"CommentAction\",\"name\":\"Comment\",\"target\":[\"https:\\\/\\\/elinformativotam.com\\\/index.php\\\/2020\\\/03\\\/17\\\/comerciantes-piden-al-ayuntamiento-de-madero-apoyo-por-cierre-de-playa\\\/#respond\"]}]},{\"@type\":\"WebPage\",\"@id\":\"https:\\\/\\\/elinformativotam.com\\\/index.php\\\/2020\\\/03\\\/17\\\/comerciantes-piden-al-ayuntamiento-de-madero-apoyo-por-cierre-de-playa\\\/\",\"url\":\"https:\\\/\\\/elinformativotam.com\\\/index.php\\\/2020\\\/03\\\/17\\\/comerciantes-piden-al-ayuntamiento-de-madero-apoyo-por-cierre-de-playa\\\/\",\"name\":\"COMERCIANTES PIDEN AL AYUNTAMIENTO DE MADERO APOYO POR CIERRE DE PLAYA. - EL INFORMATIVO DE TAMAULIPAS\",\"isPartOf\":{\"@id\":\"https:\\\/\\\/elinformativotam.com\\\/#website\"},\"datePublished\":\"2020-03-18T01:34:50+00:00\",\"description\":\"Cd. Madero, Tamaulipas.- Comerciantes de playa Miramar acudieron a la presidencia municipal de Madero, para solicitar apoyo a las autoridades, por el\",\"inLanguage\":\"es\",\"potentialAction\":[{\"@type\":\"ReadAction\",\"target\":[\"https:\\\/\\\/elinformativotam.com\\\/index.php\\\/2020\\\/03\\\/17\\\/comerciantes-piden-al-ayuntamiento-de-madero-apoyo-por-cierre-de-playa\\\/\"]}]},{\"@type\":\"WebSite\",\"@id\":\"https:\\\/\\\/elinformativotam.com\\\/#website\",\"url\":\"https:\\\/\\\/elinformativotam.com\\\/\",\"name\":\"EL INFORMATIVO DE TAMAULIPAS\",\"description\":\"Desde la Zona Metropolitana Para Todo M\u00e9xico\",\"publisher\":{\"@id\":\"https:\\\/\\\/elinformativotam.com\\\/#organization\"},\"potentialAction\":[{\"@type\":\"SearchAction\",\"target\":{\"@type\":\"EntryPoint\",\"urlTemplate\":\"https:\\\/\\\/elinformativotam.com\\\/?s={search_term_string}\"},\"query-input\":{\"@type\":\"PropertyValueSpecification\",\"valueRequired\":true,\"valueName\":\"search_term_string\"}}],\"inLanguage\":\"es\"},{\"@type\":\"Organization\",\"@id\":\"https:\\\/\\\/elinformativotam.com\\\/#organization\",\"name\":\"EL INFORMATIVO DE TAMAULIPAS\",\"url\":\"https:\\\/\\\/elinformativotam.com\\\/\",\"logo\":{\"@type\":\"ImageObject\",\"inLanguage\":\"es\",\"@id\":\"https:\\\/\\\/elinformativotam.com\\\/#\\\/schema\\\/logo\\\/image\\\/\",\"url\":\"https:\\\/\\\/elinformativotam.com\\\/wp-content\\\/uploads\\\/2026\\\/02\\\/Cabezal.png\",\"contentUrl\":\"https:\\\/\\\/elinformativotam.com\\\/wp-content\\\/uploads\\\/2026\\\/02\\\/Cabezal.png\",\"width\":960,\"height\":640,\"caption\":\"EL INFORMATIVO DE TAMAULIPAS\"},\"image\":{\"@id\":\"https:\\\/\\\/elinformativotam.com\\\/#\\\/schema\\\/logo\\\/image\\\/\"}},{\"@type\":\"Person\",\"@id\":\"https:\\\/\\\/elinformativotam.com\\\/#\\\/schema\\\/person\\\/78e08040eed0f6110f0c5f83b6153590\",\"name\":\"El Informativo Tam\",\"image\":{\"@type\":\"ImageObject\",\"inLanguage\":\"es\",\"@id\":\"https:\\\/\\\/secure.gravatar.com\\\/avatar\\\/f3b7ad3af540688955925ac610647be00b0cf41feea9c4978b73a707ee86bc53?s=96&d=mm&r=g\",\"url\":\"https:\\\/\\\/secure.gravatar.com\\\/avatar\\\/f3b7ad3af540688955925ac610647be00b0cf41feea9c4978b73a707ee86bc53?s=96&d=mm&r=g\",\"contentUrl\":\"https:\\\/\\\/secure.gravatar.com\\\/avatar\\\/f3b7ad3af540688955925ac610647be00b0cf41feea9c4978b73a707ee86bc53?s=96&d=mm&r=g\",\"caption\":\"El Informativo Tam\"}}]}<\/script>\n<!-- \/ Yoast SEO plugin. -->","yoast_head_json":{"title":"COMERCIANTES PIDEN AL AYUNTAMIENTO DE MADERO APOYO POR CIERRE DE PLAYA. - EL INFORMATIVO DE TAMAULIPAS","description":"Cd. Madero, Tamaulipas.- Comerciantes de playa Miramar acudieron a la presidencia municipal de Madero, para solicitar apoyo a las autoridades, por el","robots":{"index":"index","follow":"follow","max-snippet":"max-snippet:-1","max-image-preview":"max-image-preview:large","max-video-preview":"max-video-preview:-1"},"canonical":"https:\/\/elinformativotam.com\/index.php\/2020\/03\/17\/comerciantes-piden-al-ayuntamiento-de-madero-apoyo-por-cierre-de-playa\/","og_locale":"es_MX","og_type":"article","og_title":"COMERCIANTES PIDEN AL AYUNTAMIENTO DE MADERO APOYO POR CIERRE DE PLAYA. - EL INFORMATIVO DE TAMAULIPAS","og_description":"Cd. Madero, Tamaulipas.- Comerciantes de playa Miramar acudieron a la presidencia municipal de Madero, para solicitar apoyo a las autoridades, por el","og_url":"https:\/\/elinformativotam.com\/index.php\/2020\/03\/17\/comerciantes-piden-al-ayuntamiento-de-madero-apoyo-por-cierre-de-playa\/","og_site_name":"EL INFORMATIVO DE TAMAULIPAS","article_published_time":"2020-03-18T01:34:50+00:00","author":"El Informativo Tam","twitter_card":"summary_large_image","twitter_misc":{"Escrito por":"El Informativo Tam","Tiempo de lectura":"1 minuto"},"schema":{"@context":"https:\/\/schema.org","@graph":[{"@type":"Article","@id":"https:\/\/elinformativotam.com\/index.php\/2020\/03\/17\/comerciantes-piden-al-ayuntamiento-de-madero-apoyo-por-cierre-de-playa\/#article","isPartOf":{"@id":"https:\/\/elinformativotam.com\/index.php\/2020\/03\/17\/comerciantes-piden-al-ayuntamiento-de-madero-apoyo-por-cierre-de-playa\/"},"author":{"name":"El Informativo Tam","@id":"https:\/\/elinformativotam.com\/#\/schema\/person\/78e08040eed0f6110f0c5f83b6153590"},"headline":"COMERCIANTES PIDEN AL AYUNTAMIENTO DE MADERO APOYO POR CIERRE DE PLAYA.","datePublished":"2020-03-18T01:34:50+00:00","mainEntityOfPage":{"@id":"https:\/\/elinformativotam.com\/index.php\/2020\/03\/17\/comerciantes-piden-al-ayuntamiento-de-madero-apoyo-por-cierre-de-playa\/"},"wordCount":231,"commentCount":0,"publisher":{"@id":"https:\/\/elinformativotam.com\/#organization"},"articleSection":["Cd Madero"],"inLanguage":"es","potentialAction":[{"@type":"CommentAction","name":"Comment","target":["https:\/\/elinformativotam.com\/index.php\/2020\/03\/17\/comerciantes-piden-al-ayuntamiento-de-madero-apoyo-por-cierre-de-playa\/#respond"]}]},{"@type":"WebPage","@id":"https:\/\/elinformativotam.com\/index.php\/2020\/03\/17\/comerciantes-piden-al-ayuntamiento-de-madero-apoyo-por-cierre-de-playa\/","url":"https:\/\/elinformativotam.com\/index.php\/2020\/03\/17\/comerciantes-piden-al-ayuntamiento-de-madero-apoyo-por-cierre-de-playa\/","name":"COMERCIANTES PIDEN AL AYUNTAMIENTO DE MADERO APOYO POR CIERRE DE PLAYA. - EL INFORMATIVO DE TAMAULIPAS","isPartOf":{"@id":"https:\/\/elinformativotam.com\/#website"},"datePublished":"2020-03-18T01:34:50+00:00","description":"Cd. Madero, Tamaulipas.- Comerciantes de playa Miramar acudieron a la presidencia municipal de Madero, para solicitar apoyo a las autoridades, por el","inLanguage":"es","potentialAction":[{"@type":"ReadAction","target":["https:\/\/elinformativotam.com\/index.php\/2020\/03\/17\/comerciantes-piden-al-ayuntamiento-de-madero-apoyo-por-cierre-de-playa\/"]}]},{"@type":"WebSite","@id":"https:\/\/elinformativotam.com\/#website","url":"https:\/\/elinformativotam.com\/","name":"EL INFORMATIVO DE TAMAULIPAS","description":"Desde la Zona Metropolitana Para Todo M\u00e9xico","publisher":{"@id":"https:\/\/elinformativotam.com\/#organization"},"potentialAction":[{"@type":"SearchAction","target":{"@type":"EntryPoint","urlTemplate":"https:\/\/elinformativotam.com\/?s={search_term_string}"},"query-input":{"@type":"PropertyValueSpecification","valueRequired":true,"valueName":"search_term_string"}}],"inLanguage":"es"},{"@type":"Organization","@id":"https:\/\/elinformativotam.com\/#organization","name":"EL INFORMATIVO DE TAMAULIPAS","url":"https:\/\/elinformativotam.com\/","logo":{"@type":"ImageObject","inLanguage":"es","@id":"https:\/\/elinformativotam.com\/#\/schema\/logo\/image\/","url":"https:\/\/elinformativotam.com\/wp-content\/uploads\/2026\/02\/Cabezal.png","contentUrl":"https:\/\/elinformativotam.com\/wp-content\/uploads\/2026\/02\/Cabezal.png","width":960,"height":640,"caption":"EL INFORMATIVO DE TAMAULIPAS"},"image":{"@id":"https:\/\/elinformativotam.com\/#\/schema\/logo\/image\/"}},{"@type":"Person","@id":"https:\/\/elinformativotam.com\/#\/schema\/person\/78e08040eed0f6110f0c5f83b6153590","name":"El Informativo Tam","image":{"@type":"ImageObject","inLanguage":"es","@id":"https:\/\/secure.gravatar.com\/avatar\/f3b7ad3af540688955925ac610647be00b0cf41feea9c4978b73a707ee86bc53?s=96&d=mm&r=g","url":"https:\/\/secure.gravatar.com\/avatar\/f3b7ad3af540688955925ac610647be00b0cf41feea9c4978b73a707ee86bc53?s=96&d=mm&r=g","contentUrl":"https:\/\/secure.gravatar.com\/avatar\/f3b7ad3af540688955925ac610647be00b0cf41feea9c4978b73a707ee86bc53?s=96&d=mm&r=g","caption":"El Informativo Tam"}}]}},"_links":{"self":[{"href":"https:\/\/elinformativotam.com\/index.php\/wp-json\/wp\/v2\/posts\/3732","targetHints":{"allow":["GET"]}}],"collection":[{"href":"https:\/\/elinformativotam.com\/index.php\/wp-json\/wp\/v2\/posts"}],"about":[{"href":"https:\/\/elinformativotam.com\/index.php\/wp-json\/wp\/v2\/types\/post"}],"author":[{"embeddable":true,"href":"https:\/\/elinformativotam.com\/index.php\/wp-json\/wp\/v2\/users\/1"}],"replies":[{"embeddable":true,"href":"https:\/\/elinformativotam.com\/index.php\/wp-json\/wp\/v2\/comments?post=3732"}],"version-history":[{"count":0,"href":"https:\/\/elinformativotam.com\/index.php\/wp-json\/wp\/v2\/posts\/3732\/revisions"}],"wp:attachment":[{"href":"https:\/\/elinformativotam.com\/index.php\/wp-json\/wp\/v2\/media?parent=3732"}],"wp:term":[{"taxonomy":"category","embeddable":true,"href":"https:\/\/elinformativotam.com\/index.php\/wp-json\/wp\/v2\/categories?post=3732"},{"taxonomy":"post_tag","embeddable":true,"href":"https:\/\/elinformativotam.com\/index.php\/wp-json\/wp\/v2\/tags?post=3732"}],"curies":[{"name":"wp","href":"https:\/\/api.w.org\/{rel}","templated":true}]}}