{"id":3705,"date":"2020-03-17T07:28:01","date_gmt":"2020-03-17T13:28:01","guid":{"rendered":"http:\/\/elinformativotam.com\/?p=3705"},"modified":"2020-03-17T07:28:01","modified_gmt":"2020-03-17T13:28:01","slug":"la-uefa-decide-hoy-que-se-suspende-la-eurocopa","status":"publish","type":"post","link":"https:\/\/elinformativotam.com\/index.php\/2020\/03\/17\/la-uefa-decide-hoy-que-se-suspende-la-eurocopa\/","title":{"rendered":"LA UEFA DECIDE HOY QUE SE SUSPENDE LA EUROCOPA"},"content":{"rendered":"<h2><em><strong>*Ceferin Convoca Por Videochat A Las 55 Federaciones De F\u00fatbol De Toda Europa. Marchetti, Jefe De Competiciones De La UEFA, Propondr\u00e1 Soluciones Y Habr\u00e1 Decisiones Colegiadas.<\/strong><\/em><\/h2>\n<p>&nbsp;<\/p>\n<p>La UEFA ha citado este martes a sus 55 federaciones europeas para reorganizar el f\u00fatbol europeo por la pandemia del coronavirus. Se tomar\u00e1n decisiones de trascendencia. En el c\u00f3nclave, la UEFA tendr\u00e1 que tomar tres resoluciones fundamentales: aplazar la Eurocopa hasta 2021, elegir el formato para concluir las competiciones europeas y unificar criterios para nombrar campeones, ascensos y descensos en todo el continente para garantizar &#8220;justicia y m\u00e9ritos iguales&#8221; en el acceso a la siguiente edici\u00f3n de la Champions y de la Europa League.<\/p>\n<p>&nbsp;<\/p>\n<p>&nbsp;<\/p>\n<p>La organizaci\u00f3n que preside Ceferin ya tiene postura tomada al respecto de los campeones de Liga. Es partidaria de otorgarle el t\u00edtulo al l\u00edder de cada campeonato en el momento en que se tuviera que suspender de forma definitiva, algo que no creen que suceda porque el m\u00e1s que probable aplazamiento de la Eurocopa dejar\u00eda fechas libres para cerrar el calendario, pero siempre dependiendo de que la pandemia se pueda controlar a tiempo. La UEFA cerrar\u00eda las siguientes ediciones de la Champions y de la Europa League teniendo en cuenta la clasificaci\u00f3n en el momento de suspenderse las ligas. No entrar\u00eda en los descensos de categor\u00eda, algo que dejar\u00eda en manos de las federaciones que podr\u00edan elegir el formato para resolverlos. Pero aconsejar\u00eda la misma f\u00f3rmula que para nombrar campe\u00f3n.<\/p>\n<p>&nbsp;<\/p>\n<p>En la organizaci\u00f3n, en lo que se refiere a la UEFA y a Europa, s\u00f3lo hay un precedente. Hay que remontarse a 1999, cuando la UEFA, entonces bajo la presidencia del sueco Lennart Johansson, decidi\u00f3 otorgarle el t\u00edtulo al Partiz\u00e1n de Belgrado, que era el l\u00edder del torneo cuando tuvo que suspenderse a diez jornadas del final por el recrudecimiento de la Guerra de los Balcanes.<\/p>\n<p><img loading=\"lazy\" decoding=\"async\" class=\"wp-image-3702 alignleft\" src=\"https:\/\/elinformativotam.com\/wp-content\/uploads\/2020\/03\/eurro-300x225.jpg\" alt=\"\" width=\"449\" height=\"337\" \/><\/p>\n<p>Aunque la normativa en Espa\u00f1a recoge que &#8220;la clasificaci\u00f3n final de la competici\u00f3n tendr\u00e1 que ser decidida por mutuo acuerdo entre LaLiga y la Federaci\u00f3n&#8221;, en caso de desacuerdo &#8220;ser\u00e1 el presidente de la Federaci\u00f3n, u \u00f3rgano en el que delegue, el que tomar\u00e1 la decisi\u00f3n final&#8221;. El mismo art\u00edculo es id\u00e9ntico en casi todas las federaciones de Europa, y muchas de ellas prefieren que sea la UEFA la que marque la f\u00f3rmula para evitar conflictos con sus propios equipos. Luis Rubiales es un directivo con capacidad de decisi\u00f3n en el asunto, ya que a su condici\u00f3n de presidente de la RFEF une el de vicepresidente de la UEFA.<\/p>\n<p>&nbsp;<\/p>\n<p>El jefe de competiciones de la UEFA, el italiano Giorgio Marchetti, tiene preparadas una serie de propuestas para someterlas a votaci\u00f3n en el c\u00f3nclave de hoy. La Eurocopa pasar\u00eda a disputarse en 2021 con los mismos 20 pa\u00edses que ya han logrado su clasificaci\u00f3n, y a los que se sumar\u00e1n los cuatro que a\u00fan deben disputar los play-off, eliminatorias que deb\u00edan disputarse a final de mes y que tambi\u00e9n se aplazan. El sorteo de los grupos no var\u00eda, de modo que Espa\u00f1a jugar\u00eda frente a Suecia, Polonia y el ganador de la eliminatoria que deben disputar Bosnia, Irlanda, Eslovaquia e Irlanda del Norte. En este escenario, el aplazamiento de la Euro 2020 ser\u00eda definitivo, independientemente del desarrollo que pueda tener el coronavirus en Europa durante los pr\u00f3ximos meses.<\/p>\n<p>&nbsp;<\/p>\n<p>En cuanto a las competiciones europeas, el proyecto pasa por la f\u00f3rmula Final Four siempre que la pandemia no oblige a la suspensi\u00f3n total del la Champions y de la Europa League. La Organizaci\u00f3n Mundial de la Salud (OMS) no puede garantizar a la UEFA una fecha ni tan siquiera aproximada para el control total del virus, y mientras esto no suceda no hay nada garantizado.<\/p>\n","protected":false},"excerpt":{"rendered":"<p>*Ceferin Convoca Por Videochat A Las 55 Federaciones De F\u00fatbol De Toda Europa. Marchetti, Jefe De Competiciones De La UEFA,&hellip;<\/p>\n","protected":false},"author":1,"featured_media":0,"comment_status":"open","ping_status":"open","sticky":false,"template":"","format":"standard","meta":{"footnotes":""},"categories":[9],"tags":[],"class_list":["post-3705","post","type-post","status-publish","format-standard","hentry","category-internacional"],"yoast_head":"<!-- This site is optimized with the Yoast SEO plugin v27.5 - https:\/\/yoast.com\/product\/yoast-seo-wordpress\/ -->\n<title>LA UEFA DECIDE HOY QUE SE SUSPENDE LA EUROCOPA - EL INFORMATIVO DE TAMAULIPAS<\/title>\n<meta name=\"description\" content=\"*Ceferin Convoca Por Videochat A Las 55 Federaciones De F\u00fatbol De Toda Europa. Marchetti, Jefe De Competiciones De La UEFA, Propondr\u00e1 Soluciones Y Habr\u00e1\" \/>\n<meta name=\"robots\" content=\"index, follow, max-snippet:-1, max-image-preview:large, max-video-preview:-1\" \/>\n<link rel=\"canonical\" href=\"https:\/\/elinformativotam.com\/index.php\/2020\/03\/17\/la-uefa-decide-hoy-que-se-suspende-la-eurocopa\/\" \/>\n<meta property=\"og:locale\" content=\"es_MX\" \/>\n<meta property=\"og:type\" content=\"article\" \/>\n<meta property=\"og:title\" content=\"LA UEFA DECIDE HOY QUE SE SUSPENDE LA EUROCOPA - EL INFORMATIVO DE TAMAULIPAS\" \/>\n<meta property=\"og:description\" content=\"*Ceferin Convoca Por Videochat A Las 55 Federaciones De F\u00fatbol De Toda Europa. Marchetti, Jefe De Competiciones De La UEFA, Propondr\u00e1 Soluciones Y Habr\u00e1\" \/>\n<meta property=\"og:url\" content=\"https:\/\/elinformativotam.com\/index.php\/2020\/03\/17\/la-uefa-decide-hoy-que-se-suspende-la-eurocopa\/\" \/>\n<meta property=\"og:site_name\" content=\"EL INFORMATIVO DE TAMAULIPAS\" \/>\n<meta property=\"article:published_time\" content=\"2020-03-17T13:28:01+00:00\" \/>\n<meta property=\"og:image\" content=\"http:\/\/elinformativotam.com\/wp-content\/uploads\/2020\/03\/eurro-300x225.jpg\" \/>\n<meta name=\"author\" content=\"El Informativo Tam\" \/>\n<meta name=\"twitter:card\" content=\"summary_large_image\" \/>\n<meta name=\"twitter:label1\" content=\"Escrito por\" \/>\n\t<meta name=\"twitter:data1\" content=\"El Informativo Tam\" \/>\n\t<meta name=\"twitter:label2\" content=\"Tiempo de lectura\" \/>\n\t<meta name=\"twitter:data2\" content=\"3 minutos\" \/>\n<script type=\"application\/ld+json\" class=\"yoast-schema-graph\">{\"@context\":\"https:\\\/\\\/schema.org\",\"@graph\":[{\"@type\":\"Article\",\"@id\":\"https:\\\/\\\/elinformativotam.com\\\/index.php\\\/2020\\\/03\\\/17\\\/la-uefa-decide-hoy-que-se-suspende-la-eurocopa\\\/#article\",\"isPartOf\":{\"@id\":\"https:\\\/\\\/elinformativotam.com\\\/index.php\\\/2020\\\/03\\\/17\\\/la-uefa-decide-hoy-que-se-suspende-la-eurocopa\\\/\"},\"author\":{\"name\":\"El Informativo Tam\",\"@id\":\"https:\\\/\\\/elinformativotam.com\\\/#\\\/schema\\\/person\\\/78e08040eed0f6110f0c5f83b6153590\"},\"headline\":\"LA UEFA DECIDE HOY QUE SE SUSPENDE LA EUROCOPA\",\"datePublished\":\"2020-03-17T13:28:01+00:00\",\"mainEntityOfPage\":{\"@id\":\"https:\\\/\\\/elinformativotam.com\\\/index.php\\\/2020\\\/03\\\/17\\\/la-uefa-decide-hoy-que-se-suspende-la-eurocopa\\\/\"},\"wordCount\":670,\"commentCount\":0,\"publisher\":{\"@id\":\"https:\\\/\\\/elinformativotam.com\\\/#organization\"},\"image\":{\"@id\":\"https:\\\/\\\/elinformativotam.com\\\/index.php\\\/2020\\\/03\\\/17\\\/la-uefa-decide-hoy-que-se-suspende-la-eurocopa\\\/#primaryimage\"},\"thumbnailUrl\":\"http:\\\/\\\/elinformativotam.com\\\/wp-content\\\/uploads\\\/2020\\\/03\\\/eurro-300x225.jpg\",\"articleSection\":[\"Internacional\"],\"inLanguage\":\"es\",\"potentialAction\":[{\"@type\":\"CommentAction\",\"name\":\"Comment\",\"target\":[\"https:\\\/\\\/elinformativotam.com\\\/index.php\\\/2020\\\/03\\\/17\\\/la-uefa-decide-hoy-que-se-suspende-la-eurocopa\\\/#respond\"]}]},{\"@type\":\"WebPage\",\"@id\":\"https:\\\/\\\/elinformativotam.com\\\/index.php\\\/2020\\\/03\\\/17\\\/la-uefa-decide-hoy-que-se-suspende-la-eurocopa\\\/\",\"url\":\"https:\\\/\\\/elinformativotam.com\\\/index.php\\\/2020\\\/03\\\/17\\\/la-uefa-decide-hoy-que-se-suspende-la-eurocopa\\\/\",\"name\":\"LA UEFA DECIDE HOY QUE SE SUSPENDE LA EUROCOPA - EL INFORMATIVO DE TAMAULIPAS\",\"isPartOf\":{\"@id\":\"https:\\\/\\\/elinformativotam.com\\\/#website\"},\"primaryImageOfPage\":{\"@id\":\"https:\\\/\\\/elinformativotam.com\\\/index.php\\\/2020\\\/03\\\/17\\\/la-uefa-decide-hoy-que-se-suspende-la-eurocopa\\\/#primaryimage\"},\"image\":{\"@id\":\"https:\\\/\\\/elinformativotam.com\\\/index.php\\\/2020\\\/03\\\/17\\\/la-uefa-decide-hoy-que-se-suspende-la-eurocopa\\\/#primaryimage\"},\"thumbnailUrl\":\"http:\\\/\\\/elinformativotam.com\\\/wp-content\\\/uploads\\\/2020\\\/03\\\/eurro-300x225.jpg\",\"datePublished\":\"2020-03-17T13:28:01+00:00\",\"description\":\"*Ceferin Convoca Por Videochat A Las 55 Federaciones De F\u00fatbol De Toda Europa. Marchetti, Jefe De Competiciones De La UEFA, Propondr\u00e1 Soluciones Y Habr\u00e1\",\"inLanguage\":\"es\",\"potentialAction\":[{\"@type\":\"ReadAction\",\"target\":[\"https:\\\/\\\/elinformativotam.com\\\/index.php\\\/2020\\\/03\\\/17\\\/la-uefa-decide-hoy-que-se-suspende-la-eurocopa\\\/\"]}]},{\"@type\":\"ImageObject\",\"inLanguage\":\"es\",\"@id\":\"https:\\\/\\\/elinformativotam.com\\\/index.php\\\/2020\\\/03\\\/17\\\/la-uefa-decide-hoy-que-se-suspende-la-eurocopa\\\/#primaryimage\",\"url\":\"http:\\\/\\\/elinformativotam.com\\\/wp-content\\\/uploads\\\/2020\\\/03\\\/eurro-300x225.jpg\",\"contentUrl\":\"http:\\\/\\\/elinformativotam.com\\\/wp-content\\\/uploads\\\/2020\\\/03\\\/eurro-300x225.jpg\"},{\"@type\":\"WebSite\",\"@id\":\"https:\\\/\\\/elinformativotam.com\\\/#website\",\"url\":\"https:\\\/\\\/elinformativotam.com\\\/\",\"name\":\"EL INFORMATIVO DE TAMAULIPAS\",\"description\":\"Desde la Zona Metropolitana Para Todo M\u00e9xico\",\"publisher\":{\"@id\":\"https:\\\/\\\/elinformativotam.com\\\/#organization\"},\"potentialAction\":[{\"@type\":\"SearchAction\",\"target\":{\"@type\":\"EntryPoint\",\"urlTemplate\":\"https:\\\/\\\/elinformativotam.com\\\/?s={search_term_string}\"},\"query-input\":{\"@type\":\"PropertyValueSpecification\",\"valueRequired\":true,\"valueName\":\"search_term_string\"}}],\"inLanguage\":\"es\"},{\"@type\":\"Organization\",\"@id\":\"https:\\\/\\\/elinformativotam.com\\\/#organization\",\"name\":\"EL INFORMATIVO DE TAMAULIPAS\",\"url\":\"https:\\\/\\\/elinformativotam.com\\\/\",\"logo\":{\"@type\":\"ImageObject\",\"inLanguage\":\"es\",\"@id\":\"https:\\\/\\\/elinformativotam.com\\\/#\\\/schema\\\/logo\\\/image\\\/\",\"url\":\"https:\\\/\\\/elinformativotam.com\\\/wp-content\\\/uploads\\\/2026\\\/02\\\/Cabezal.png\",\"contentUrl\":\"https:\\\/\\\/elinformativotam.com\\\/wp-content\\\/uploads\\\/2026\\\/02\\\/Cabezal.png\",\"width\":960,\"height\":640,\"caption\":\"EL INFORMATIVO DE TAMAULIPAS\"},\"image\":{\"@id\":\"https:\\\/\\\/elinformativotam.com\\\/#\\\/schema\\\/logo\\\/image\\\/\"}},{\"@type\":\"Person\",\"@id\":\"https:\\\/\\\/elinformativotam.com\\\/#\\\/schema\\\/person\\\/78e08040eed0f6110f0c5f83b6153590\",\"name\":\"El Informativo Tam\",\"image\":{\"@type\":\"ImageObject\",\"inLanguage\":\"es\",\"@id\":\"https:\\\/\\\/secure.gravatar.com\\\/avatar\\\/f3b7ad3af540688955925ac610647be00b0cf41feea9c4978b73a707ee86bc53?s=96&d=mm&r=g\",\"url\":\"https:\\\/\\\/secure.gravatar.com\\\/avatar\\\/f3b7ad3af540688955925ac610647be00b0cf41feea9c4978b73a707ee86bc53?s=96&d=mm&r=g\",\"contentUrl\":\"https:\\\/\\\/secure.gravatar.com\\\/avatar\\\/f3b7ad3af540688955925ac610647be00b0cf41feea9c4978b73a707ee86bc53?s=96&d=mm&r=g\",\"caption\":\"El Informativo Tam\"}}]}<\/script>\n<!-- \/ Yoast SEO plugin. -->","yoast_head_json":{"title":"LA UEFA DECIDE HOY QUE SE SUSPENDE LA EUROCOPA - EL INFORMATIVO DE TAMAULIPAS","description":"*Ceferin Convoca Por Videochat A Las 55 Federaciones De F\u00fatbol De Toda Europa. Marchetti, Jefe De Competiciones De La UEFA, Propondr\u00e1 Soluciones Y Habr\u00e1","robots":{"index":"index","follow":"follow","max-snippet":"max-snippet:-1","max-image-preview":"max-image-preview:large","max-video-preview":"max-video-preview:-1"},"canonical":"https:\/\/elinformativotam.com\/index.php\/2020\/03\/17\/la-uefa-decide-hoy-que-se-suspende-la-eurocopa\/","og_locale":"es_MX","og_type":"article","og_title":"LA UEFA DECIDE HOY QUE SE SUSPENDE LA EUROCOPA - EL INFORMATIVO DE TAMAULIPAS","og_description":"*Ceferin Convoca Por Videochat A Las 55 Federaciones De F\u00fatbol De Toda Europa. Marchetti, Jefe De Competiciones De La UEFA, Propondr\u00e1 Soluciones Y Habr\u00e1","og_url":"https:\/\/elinformativotam.com\/index.php\/2020\/03\/17\/la-uefa-decide-hoy-que-se-suspende-la-eurocopa\/","og_site_name":"EL INFORMATIVO DE TAMAULIPAS","article_published_time":"2020-03-17T13:28:01+00:00","og_image":[{"url":"http:\/\/elinformativotam.com\/wp-content\/uploads\/2020\/03\/eurro-300x225.jpg","type":"","width":"","height":""}],"author":"El Informativo Tam","twitter_card":"summary_large_image","twitter_misc":{"Escrito por":"El Informativo Tam","Tiempo de lectura":"3 minutos"},"schema":{"@context":"https:\/\/schema.org","@graph":[{"@type":"Article","@id":"https:\/\/elinformativotam.com\/index.php\/2020\/03\/17\/la-uefa-decide-hoy-que-se-suspende-la-eurocopa\/#article","isPartOf":{"@id":"https:\/\/elinformativotam.com\/index.php\/2020\/03\/17\/la-uefa-decide-hoy-que-se-suspende-la-eurocopa\/"},"author":{"name":"El Informativo Tam","@id":"https:\/\/elinformativotam.com\/#\/schema\/person\/78e08040eed0f6110f0c5f83b6153590"},"headline":"LA UEFA DECIDE HOY QUE SE SUSPENDE LA EUROCOPA","datePublished":"2020-03-17T13:28:01+00:00","mainEntityOfPage":{"@id":"https:\/\/elinformativotam.com\/index.php\/2020\/03\/17\/la-uefa-decide-hoy-que-se-suspende-la-eurocopa\/"},"wordCount":670,"commentCount":0,"publisher":{"@id":"https:\/\/elinformativotam.com\/#organization"},"image":{"@id":"https:\/\/elinformativotam.com\/index.php\/2020\/03\/17\/la-uefa-decide-hoy-que-se-suspende-la-eurocopa\/#primaryimage"},"thumbnailUrl":"http:\/\/elinformativotam.com\/wp-content\/uploads\/2020\/03\/eurro-300x225.jpg","articleSection":["Internacional"],"inLanguage":"es","potentialAction":[{"@type":"CommentAction","name":"Comment","target":["https:\/\/elinformativotam.com\/index.php\/2020\/03\/17\/la-uefa-decide-hoy-que-se-suspende-la-eurocopa\/#respond"]}]},{"@type":"WebPage","@id":"https:\/\/elinformativotam.com\/index.php\/2020\/03\/17\/la-uefa-decide-hoy-que-se-suspende-la-eurocopa\/","url":"https:\/\/elinformativotam.com\/index.php\/2020\/03\/17\/la-uefa-decide-hoy-que-se-suspende-la-eurocopa\/","name":"LA UEFA DECIDE HOY QUE SE SUSPENDE LA EUROCOPA - EL INFORMATIVO DE TAMAULIPAS","isPartOf":{"@id":"https:\/\/elinformativotam.com\/#website"},"primaryImageOfPage":{"@id":"https:\/\/elinformativotam.com\/index.php\/2020\/03\/17\/la-uefa-decide-hoy-que-se-suspende-la-eurocopa\/#primaryimage"},"image":{"@id":"https:\/\/elinformativotam.com\/index.php\/2020\/03\/17\/la-uefa-decide-hoy-que-se-suspende-la-eurocopa\/#primaryimage"},"thumbnailUrl":"http:\/\/elinformativotam.com\/wp-content\/uploads\/2020\/03\/eurro-300x225.jpg","datePublished":"2020-03-17T13:28:01+00:00","description":"*Ceferin Convoca Por Videochat A Las 55 Federaciones De F\u00fatbol De Toda Europa. Marchetti, Jefe De Competiciones De La UEFA, Propondr\u00e1 Soluciones Y Habr\u00e1","inLanguage":"es","potentialAction":[{"@type":"ReadAction","target":["https:\/\/elinformativotam.com\/index.php\/2020\/03\/17\/la-uefa-decide-hoy-que-se-suspende-la-eurocopa\/"]}]},{"@type":"ImageObject","inLanguage":"es","@id":"https:\/\/elinformativotam.com\/index.php\/2020\/03\/17\/la-uefa-decide-hoy-que-se-suspende-la-eurocopa\/#primaryimage","url":"http:\/\/elinformativotam.com\/wp-content\/uploads\/2020\/03\/eurro-300x225.jpg","contentUrl":"http:\/\/elinformativotam.com\/wp-content\/uploads\/2020\/03\/eurro-300x225.jpg"},{"@type":"WebSite","@id":"https:\/\/elinformativotam.com\/#website","url":"https:\/\/elinformativotam.com\/","name":"EL INFORMATIVO DE TAMAULIPAS","description":"Desde la Zona Metropolitana Para Todo M\u00e9xico","publisher":{"@id":"https:\/\/elinformativotam.com\/#organization"},"potentialAction":[{"@type":"SearchAction","target":{"@type":"EntryPoint","urlTemplate":"https:\/\/elinformativotam.com\/?s={search_term_string}"},"query-input":{"@type":"PropertyValueSpecification","valueRequired":true,"valueName":"search_term_string"}}],"inLanguage":"es"},{"@type":"Organization","@id":"https:\/\/elinformativotam.com\/#organization","name":"EL INFORMATIVO DE TAMAULIPAS","url":"https:\/\/elinformativotam.com\/","logo":{"@type":"ImageObject","inLanguage":"es","@id":"https:\/\/elinformativotam.com\/#\/schema\/logo\/image\/","url":"https:\/\/elinformativotam.com\/wp-content\/uploads\/2026\/02\/Cabezal.png","contentUrl":"https:\/\/elinformativotam.com\/wp-content\/uploads\/2026\/02\/Cabezal.png","width":960,"height":640,"caption":"EL INFORMATIVO DE TAMAULIPAS"},"image":{"@id":"https:\/\/elinformativotam.com\/#\/schema\/logo\/image\/"}},{"@type":"Person","@id":"https:\/\/elinformativotam.com\/#\/schema\/person\/78e08040eed0f6110f0c5f83b6153590","name":"El Informativo Tam","image":{"@type":"ImageObject","inLanguage":"es","@id":"https:\/\/secure.gravatar.com\/avatar\/f3b7ad3af540688955925ac610647be00b0cf41feea9c4978b73a707ee86bc53?s=96&d=mm&r=g","url":"https:\/\/secure.gravatar.com\/avatar\/f3b7ad3af540688955925ac610647be00b0cf41feea9c4978b73a707ee86bc53?s=96&d=mm&r=g","contentUrl":"https:\/\/secure.gravatar.com\/avatar\/f3b7ad3af540688955925ac610647be00b0cf41feea9c4978b73a707ee86bc53?s=96&d=mm&r=g","caption":"El Informativo Tam"}}]}},"_links":{"self":[{"href":"https:\/\/elinformativotam.com\/index.php\/wp-json\/wp\/v2\/posts\/3705","targetHints":{"allow":["GET"]}}],"collection":[{"href":"https:\/\/elinformativotam.com\/index.php\/wp-json\/wp\/v2\/posts"}],"about":[{"href":"https:\/\/elinformativotam.com\/index.php\/wp-json\/wp\/v2\/types\/post"}],"author":[{"embeddable":true,"href":"https:\/\/elinformativotam.com\/index.php\/wp-json\/wp\/v2\/users\/1"}],"replies":[{"embeddable":true,"href":"https:\/\/elinformativotam.com\/index.php\/wp-json\/wp\/v2\/comments?post=3705"}],"version-history":[{"count":0,"href":"https:\/\/elinformativotam.com\/index.php\/wp-json\/wp\/v2\/posts\/3705\/revisions"}],"wp:attachment":[{"href":"https:\/\/elinformativotam.com\/index.php\/wp-json\/wp\/v2\/media?parent=3705"}],"wp:term":[{"taxonomy":"category","embeddable":true,"href":"https:\/\/elinformativotam.com\/index.php\/wp-json\/wp\/v2\/categories?post=3705"},{"taxonomy":"post_tag","embeddable":true,"href":"https:\/\/elinformativotam.com\/index.php\/wp-json\/wp\/v2\/tags?post=3705"}],"curies":[{"name":"wp","href":"https:\/\/api.w.org\/{rel}","templated":true}]}}