{"id":3575,"date":"2020-03-12T20:47:05","date_gmt":"2020-03-13T02:47:05","guid":{"rendered":"http:\/\/elinformativotam.com\/?p=3575"},"modified":"2020-03-12T20:47:05","modified_gmt":"2020-03-13T02:47:05","slug":"no-hay-coronavirus-en-tampico-jesus-nader","status":"publish","type":"post","link":"https:\/\/elinformativotam.com\/index.php\/2020\/03\/12\/no-hay-coronavirus-en-tampico-jesus-nader\/","title":{"rendered":"NO HAY CORONAVIRUS EN TAMPICO: JESUS NADER"},"content":{"rendered":"<h2><em><strong>*La Administraci\u00f3n Porte\u00f1a Ya Toma Estrategias\u00a0 Para Prevenir El Padecimiento<\/strong><\/em><\/h2>\n<p>&nbsp;<\/p>\n<p>El Presidente Municipal de Tampico Jes\u00fas Nader Nasrallah, inform\u00f3 que a pesar de que este municipio no tiene el reporte de casos sospechosos de coronavirus, pero del cual reconoci\u00f3 no hay localidad que pueda quedar exento de esta enfermedad, se est\u00e1n tomando las medidas de prevenci\u00f3n por parte de la administraci\u00f3n porte\u00f1a.<\/p>\n<p>&nbsp;<\/p>\n<p>Inform\u00f3 que ya se est\u00e1n tomando algunas estrategias para poder evitar dicho padecimiento, sin embargo es prioridad la cultura de la prevenci\u00f3n entre la ciudadan\u00eda\u00a0 mediante el lavado de manos de manera constante y acudir a la instituci\u00f3n de salud en caso de presentar algunos s\u00edntomas.<\/p>\n<p>&nbsp;<\/p>\n<p>As\u00ed lo inform\u00f3 la autoridad municipal al encabezar la entrega de Luminarias y Arranque de la reparaci\u00f3n de Techumbre en La Borreguera, acciones a fin de mejorar las condiciones de vida de las familias en este sector.<\/p>\n","protected":false},"excerpt":{"rendered":"<p>*La Administraci\u00f3n Porte\u00f1a Ya Toma Estrategias\u00a0 Para Prevenir El Padecimiento &nbsp; El Presidente Municipal de Tampico Jes\u00fas Nader Nasrallah, inform\u00f3&hellip;<\/p>\n","protected":false},"author":1,"featured_media":0,"comment_status":"open","ping_status":"open","sticky":false,"template":"","format":"standard","meta":{"footnotes":""},"categories":[3],"tags":[],"class_list":["post-3575","post","type-post","status-publish","format-standard","hentry","category-tampico"],"yoast_head":"<!-- This site is optimized with the Yoast SEO plugin v27.5 - https:\/\/yoast.com\/product\/yoast-seo-wordpress\/ -->\n<title>NO HAY CORONAVIRUS EN TAMPICO: JESUS NADER - EL INFORMATIVO DE TAMAULIPAS<\/title>\n<meta name=\"description\" content=\"*La Administraci\u00f3n Porte\u00f1a Ya Toma Estrategias\u00a0 Para Prevenir El Padecimiento &nbsp; El Presidente Municipal de Tampico Jes\u00fas Nader Nasrallah, inform\u00f3 que\" \/>\n<meta name=\"robots\" content=\"index, follow, max-snippet:-1, max-image-preview:large, max-video-preview:-1\" \/>\n<link rel=\"canonical\" href=\"https:\/\/elinformativotam.com\/index.php\/2020\/03\/12\/no-hay-coronavirus-en-tampico-jesus-nader\/\" \/>\n<meta property=\"og:locale\" content=\"es_MX\" \/>\n<meta property=\"og:type\" content=\"article\" \/>\n<meta property=\"og:title\" content=\"NO HAY CORONAVIRUS EN TAMPICO: JESUS NADER - EL INFORMATIVO DE TAMAULIPAS\" \/>\n<meta property=\"og:description\" content=\"*La Administraci\u00f3n Porte\u00f1a Ya Toma Estrategias\u00a0 Para Prevenir El Padecimiento &nbsp; El Presidente Municipal de Tampico Jes\u00fas Nader Nasrallah, inform\u00f3 que\" \/>\n<meta property=\"og:url\" content=\"https:\/\/elinformativotam.com\/index.php\/2020\/03\/12\/no-hay-coronavirus-en-tampico-jesus-nader\/\" \/>\n<meta property=\"og:site_name\" content=\"EL INFORMATIVO DE TAMAULIPAS\" \/>\n<meta property=\"article:published_time\" content=\"2020-03-13T02:47:05+00:00\" \/>\n<meta name=\"author\" content=\"El Informativo Tam\" \/>\n<meta name=\"twitter:card\" content=\"summary_large_image\" \/>\n<meta name=\"twitter:label1\" content=\"Escrito por\" \/>\n\t<meta name=\"twitter:data1\" content=\"El Informativo Tam\" \/>\n\t<meta name=\"twitter:label2\" content=\"Tiempo de lectura\" \/>\n\t<meta name=\"twitter:data2\" content=\"1 minuto\" \/>\n<script type=\"application\/ld+json\" class=\"yoast-schema-graph\">{\"@context\":\"https:\\\/\\\/schema.org\",\"@graph\":[{\"@type\":\"Article\",\"@id\":\"https:\\\/\\\/elinformativotam.com\\\/index.php\\\/2020\\\/03\\\/12\\\/no-hay-coronavirus-en-tampico-jesus-nader\\\/#article\",\"isPartOf\":{\"@id\":\"https:\\\/\\\/elinformativotam.com\\\/index.php\\\/2020\\\/03\\\/12\\\/no-hay-coronavirus-en-tampico-jesus-nader\\\/\"},\"author\":{\"name\":\"El Informativo Tam\",\"@id\":\"https:\\\/\\\/elinformativotam.com\\\/#\\\/schema\\\/person\\\/78e08040eed0f6110f0c5f83b6153590\"},\"headline\":\"NO HAY CORONAVIRUS EN TAMPICO: JESUS NADER\",\"datePublished\":\"2020-03-13T02:47:05+00:00\",\"mainEntityOfPage\":{\"@id\":\"https:\\\/\\\/elinformativotam.com\\\/index.php\\\/2020\\\/03\\\/12\\\/no-hay-coronavirus-en-tampico-jesus-nader\\\/\"},\"wordCount\":168,\"commentCount\":0,\"publisher\":{\"@id\":\"https:\\\/\\\/elinformativotam.com\\\/#organization\"},\"articleSection\":[\"Tampico\"],\"inLanguage\":\"es\",\"potentialAction\":[{\"@type\":\"CommentAction\",\"name\":\"Comment\",\"target\":[\"https:\\\/\\\/elinformativotam.com\\\/index.php\\\/2020\\\/03\\\/12\\\/no-hay-coronavirus-en-tampico-jesus-nader\\\/#respond\"]}]},{\"@type\":\"WebPage\",\"@id\":\"https:\\\/\\\/elinformativotam.com\\\/index.php\\\/2020\\\/03\\\/12\\\/no-hay-coronavirus-en-tampico-jesus-nader\\\/\",\"url\":\"https:\\\/\\\/elinformativotam.com\\\/index.php\\\/2020\\\/03\\\/12\\\/no-hay-coronavirus-en-tampico-jesus-nader\\\/\",\"name\":\"NO HAY CORONAVIRUS EN TAMPICO: JESUS NADER - EL INFORMATIVO DE TAMAULIPAS\",\"isPartOf\":{\"@id\":\"https:\\\/\\\/elinformativotam.com\\\/#website\"},\"datePublished\":\"2020-03-13T02:47:05+00:00\",\"description\":\"*La Administraci\u00f3n Porte\u00f1a Ya Toma Estrategias\u00a0 Para Prevenir El Padecimiento &nbsp; El Presidente Municipal de Tampico Jes\u00fas Nader Nasrallah, inform\u00f3 que\",\"inLanguage\":\"es\",\"potentialAction\":[{\"@type\":\"ReadAction\",\"target\":[\"https:\\\/\\\/elinformativotam.com\\\/index.php\\\/2020\\\/03\\\/12\\\/no-hay-coronavirus-en-tampico-jesus-nader\\\/\"]}]},{\"@type\":\"WebSite\",\"@id\":\"https:\\\/\\\/elinformativotam.com\\\/#website\",\"url\":\"https:\\\/\\\/elinformativotam.com\\\/\",\"name\":\"EL INFORMATIVO DE TAMAULIPAS\",\"description\":\"Desde la Zona Metropolitana Para Todo M\u00e9xico\",\"publisher\":{\"@id\":\"https:\\\/\\\/elinformativotam.com\\\/#organization\"},\"potentialAction\":[{\"@type\":\"SearchAction\",\"target\":{\"@type\":\"EntryPoint\",\"urlTemplate\":\"https:\\\/\\\/elinformativotam.com\\\/?s={search_term_string}\"},\"query-input\":{\"@type\":\"PropertyValueSpecification\",\"valueRequired\":true,\"valueName\":\"search_term_string\"}}],\"inLanguage\":\"es\"},{\"@type\":\"Organization\",\"@id\":\"https:\\\/\\\/elinformativotam.com\\\/#organization\",\"name\":\"EL INFORMATIVO DE TAMAULIPAS\",\"url\":\"https:\\\/\\\/elinformativotam.com\\\/\",\"logo\":{\"@type\":\"ImageObject\",\"inLanguage\":\"es\",\"@id\":\"https:\\\/\\\/elinformativotam.com\\\/#\\\/schema\\\/logo\\\/image\\\/\",\"url\":\"https:\\\/\\\/elinformativotam.com\\\/wp-content\\\/uploads\\\/2026\\\/02\\\/Cabezal.png\",\"contentUrl\":\"https:\\\/\\\/elinformativotam.com\\\/wp-content\\\/uploads\\\/2026\\\/02\\\/Cabezal.png\",\"width\":960,\"height\":640,\"caption\":\"EL INFORMATIVO DE TAMAULIPAS\"},\"image\":{\"@id\":\"https:\\\/\\\/elinformativotam.com\\\/#\\\/schema\\\/logo\\\/image\\\/\"}},{\"@type\":\"Person\",\"@id\":\"https:\\\/\\\/elinformativotam.com\\\/#\\\/schema\\\/person\\\/78e08040eed0f6110f0c5f83b6153590\",\"name\":\"El Informativo Tam\",\"image\":{\"@type\":\"ImageObject\",\"inLanguage\":\"es\",\"@id\":\"https:\\\/\\\/secure.gravatar.com\\\/avatar\\\/f3b7ad3af540688955925ac610647be00b0cf41feea9c4978b73a707ee86bc53?s=96&d=mm&r=g\",\"url\":\"https:\\\/\\\/secure.gravatar.com\\\/avatar\\\/f3b7ad3af540688955925ac610647be00b0cf41feea9c4978b73a707ee86bc53?s=96&d=mm&r=g\",\"contentUrl\":\"https:\\\/\\\/secure.gravatar.com\\\/avatar\\\/f3b7ad3af540688955925ac610647be00b0cf41feea9c4978b73a707ee86bc53?s=96&d=mm&r=g\",\"caption\":\"El Informativo Tam\"}}]}<\/script>\n<!-- \/ Yoast SEO plugin. -->","yoast_head_json":{"title":"NO HAY CORONAVIRUS EN TAMPICO: JESUS NADER - EL INFORMATIVO DE TAMAULIPAS","description":"*La Administraci\u00f3n Porte\u00f1a Ya Toma Estrategias\u00a0 Para Prevenir El Padecimiento &nbsp; El Presidente Municipal de Tampico Jes\u00fas Nader Nasrallah, inform\u00f3 que","robots":{"index":"index","follow":"follow","max-snippet":"max-snippet:-1","max-image-preview":"max-image-preview:large","max-video-preview":"max-video-preview:-1"},"canonical":"https:\/\/elinformativotam.com\/index.php\/2020\/03\/12\/no-hay-coronavirus-en-tampico-jesus-nader\/","og_locale":"es_MX","og_type":"article","og_title":"NO HAY CORONAVIRUS EN TAMPICO: JESUS NADER - EL INFORMATIVO DE TAMAULIPAS","og_description":"*La Administraci\u00f3n Porte\u00f1a Ya Toma Estrategias\u00a0 Para Prevenir El Padecimiento &nbsp; El Presidente Municipal de Tampico Jes\u00fas Nader Nasrallah, inform\u00f3 que","og_url":"https:\/\/elinformativotam.com\/index.php\/2020\/03\/12\/no-hay-coronavirus-en-tampico-jesus-nader\/","og_site_name":"EL INFORMATIVO DE TAMAULIPAS","article_published_time":"2020-03-13T02:47:05+00:00","author":"El Informativo Tam","twitter_card":"summary_large_image","twitter_misc":{"Escrito por":"El Informativo Tam","Tiempo de lectura":"1 minuto"},"schema":{"@context":"https:\/\/schema.org","@graph":[{"@type":"Article","@id":"https:\/\/elinformativotam.com\/index.php\/2020\/03\/12\/no-hay-coronavirus-en-tampico-jesus-nader\/#article","isPartOf":{"@id":"https:\/\/elinformativotam.com\/index.php\/2020\/03\/12\/no-hay-coronavirus-en-tampico-jesus-nader\/"},"author":{"name":"El Informativo Tam","@id":"https:\/\/elinformativotam.com\/#\/schema\/person\/78e08040eed0f6110f0c5f83b6153590"},"headline":"NO HAY CORONAVIRUS EN TAMPICO: JESUS NADER","datePublished":"2020-03-13T02:47:05+00:00","mainEntityOfPage":{"@id":"https:\/\/elinformativotam.com\/index.php\/2020\/03\/12\/no-hay-coronavirus-en-tampico-jesus-nader\/"},"wordCount":168,"commentCount":0,"publisher":{"@id":"https:\/\/elinformativotam.com\/#organization"},"articleSection":["Tampico"],"inLanguage":"es","potentialAction":[{"@type":"CommentAction","name":"Comment","target":["https:\/\/elinformativotam.com\/index.php\/2020\/03\/12\/no-hay-coronavirus-en-tampico-jesus-nader\/#respond"]}]},{"@type":"WebPage","@id":"https:\/\/elinformativotam.com\/index.php\/2020\/03\/12\/no-hay-coronavirus-en-tampico-jesus-nader\/","url":"https:\/\/elinformativotam.com\/index.php\/2020\/03\/12\/no-hay-coronavirus-en-tampico-jesus-nader\/","name":"NO HAY CORONAVIRUS EN TAMPICO: JESUS NADER - EL INFORMATIVO DE TAMAULIPAS","isPartOf":{"@id":"https:\/\/elinformativotam.com\/#website"},"datePublished":"2020-03-13T02:47:05+00:00","description":"*La Administraci\u00f3n Porte\u00f1a Ya Toma Estrategias\u00a0 Para Prevenir El Padecimiento &nbsp; El Presidente Municipal de Tampico Jes\u00fas Nader Nasrallah, inform\u00f3 que","inLanguage":"es","potentialAction":[{"@type":"ReadAction","target":["https:\/\/elinformativotam.com\/index.php\/2020\/03\/12\/no-hay-coronavirus-en-tampico-jesus-nader\/"]}]},{"@type":"WebSite","@id":"https:\/\/elinformativotam.com\/#website","url":"https:\/\/elinformativotam.com\/","name":"EL INFORMATIVO DE TAMAULIPAS","description":"Desde la Zona Metropolitana Para Todo M\u00e9xico","publisher":{"@id":"https:\/\/elinformativotam.com\/#organization"},"potentialAction":[{"@type":"SearchAction","target":{"@type":"EntryPoint","urlTemplate":"https:\/\/elinformativotam.com\/?s={search_term_string}"},"query-input":{"@type":"PropertyValueSpecification","valueRequired":true,"valueName":"search_term_string"}}],"inLanguage":"es"},{"@type":"Organization","@id":"https:\/\/elinformativotam.com\/#organization","name":"EL INFORMATIVO DE TAMAULIPAS","url":"https:\/\/elinformativotam.com\/","logo":{"@type":"ImageObject","inLanguage":"es","@id":"https:\/\/elinformativotam.com\/#\/schema\/logo\/image\/","url":"https:\/\/elinformativotam.com\/wp-content\/uploads\/2026\/02\/Cabezal.png","contentUrl":"https:\/\/elinformativotam.com\/wp-content\/uploads\/2026\/02\/Cabezal.png","width":960,"height":640,"caption":"EL INFORMATIVO DE TAMAULIPAS"},"image":{"@id":"https:\/\/elinformativotam.com\/#\/schema\/logo\/image\/"}},{"@type":"Person","@id":"https:\/\/elinformativotam.com\/#\/schema\/person\/78e08040eed0f6110f0c5f83b6153590","name":"El Informativo Tam","image":{"@type":"ImageObject","inLanguage":"es","@id":"https:\/\/secure.gravatar.com\/avatar\/f3b7ad3af540688955925ac610647be00b0cf41feea9c4978b73a707ee86bc53?s=96&d=mm&r=g","url":"https:\/\/secure.gravatar.com\/avatar\/f3b7ad3af540688955925ac610647be00b0cf41feea9c4978b73a707ee86bc53?s=96&d=mm&r=g","contentUrl":"https:\/\/secure.gravatar.com\/avatar\/f3b7ad3af540688955925ac610647be00b0cf41feea9c4978b73a707ee86bc53?s=96&d=mm&r=g","caption":"El Informativo Tam"}}]}},"_links":{"self":[{"href":"https:\/\/elinformativotam.com\/index.php\/wp-json\/wp\/v2\/posts\/3575","targetHints":{"allow":["GET"]}}],"collection":[{"href":"https:\/\/elinformativotam.com\/index.php\/wp-json\/wp\/v2\/posts"}],"about":[{"href":"https:\/\/elinformativotam.com\/index.php\/wp-json\/wp\/v2\/types\/post"}],"author":[{"embeddable":true,"href":"https:\/\/elinformativotam.com\/index.php\/wp-json\/wp\/v2\/users\/1"}],"replies":[{"embeddable":true,"href":"https:\/\/elinformativotam.com\/index.php\/wp-json\/wp\/v2\/comments?post=3575"}],"version-history":[{"count":0,"href":"https:\/\/elinformativotam.com\/index.php\/wp-json\/wp\/v2\/posts\/3575\/revisions"}],"wp:attachment":[{"href":"https:\/\/elinformativotam.com\/index.php\/wp-json\/wp\/v2\/media?parent=3575"}],"wp:term":[{"taxonomy":"category","embeddable":true,"href":"https:\/\/elinformativotam.com\/index.php\/wp-json\/wp\/v2\/categories?post=3575"},{"taxonomy":"post_tag","embeddable":true,"href":"https:\/\/elinformativotam.com\/index.php\/wp-json\/wp\/v2\/tags?post=3575"}],"curies":[{"name":"wp","href":"https:\/\/api.w.org\/{rel}","templated":true}]}}