{"id":353,"date":"2019-10-27T10:31:48","date_gmt":"2019-10-27T16:31:48","guid":{"rendered":"http:\/\/elinformativotam.com\/?p=353"},"modified":"2019-10-27T10:31:48","modified_gmt":"2019-10-27T16:31:48","slug":"150-personas-afectadas-por-una-intoxicacion-alimenticia-en-el-gp-de-mexico-de-formula-1","status":"publish","type":"post","link":"https:\/\/elinformativotam.com\/index.php\/2019\/10\/27\/150-personas-afectadas-por-una-intoxicacion-alimenticia-en-el-gp-de-mexico-de-formula-1\/","title":{"rendered":"150 PERSONAS, AFECTADAS POR UNA INTOXICACI\u00d3N ALIMENTICIA EN EL GP DE M\u00c9XICO DE F\u00d3RMULA 1"},"content":{"rendered":"<p><em><strong>*Miembros de varios equipos, incluidos algunos pilotos, han tenido que recibir tratamiento m\u00e9dico.<\/strong><\/em><\/p>\n<p>&nbsp;<\/p>\n<p>Varios pilotos y miembros del paddock de la F\u00f3rmula 1 est\u00e1n viviendo una pesadilla en el Gran Premio de M\u00e9xico. En concreto, seg\u00fan los servicios m\u00e9dicos, unas 150 personas han tenido que ser atendidas con s\u00edntomas de una intoxicaci\u00f3n alimenticia provocada por un virus estomacal.<\/p>\n<p>&nbsp;<\/p>\n<p>Se han visto afectados mec\u00e1nicos, gente de log\u00edstica y diverso personal tanto de las escuder\u00edas como de la propia organizaci\u00f3n. Incluso dos pilotos, uno de F\u00f3rmula 1 y otra de una de las carreras de soporte, la Porsche Supercup, se han visto afectados.<\/p>\n<p><img loading=\"lazy\" decoding=\"async\" class=\" wp-image-355 aligncenter\" src=\"https:\/\/elinformativotam.com\/wp-content\/uploads\/2019\/10\/f1-300x169.jpeg\" alt=\"\" width=\"927\" height=\"522\" \/><\/p>\n<p>El franc\u00e9s Pierre Gasly, de Toro Rosso, pudo tomar parte con relativa normalidad de la jornada del s\u00e1bado, tanto los libres como la clasificaci\u00f3n, mientras que la colombiana Tatiana Calder\u00f3n no pudo participar en los libres de la carrera de los Porsche del viernes por su estado de salud.<\/p>\n<p>&nbsp;<\/p>\n<p>Los equipos m\u00e1s afectados han sido McLaren, Renault y Toro Rosso, que han tenido varias bajas ya para la sesi\u00f3n de este s\u00e1bado.<\/p>\n","protected":false},"excerpt":{"rendered":"<p>*Miembros de varios equipos, incluidos algunos pilotos, han tenido que recibir tratamiento m\u00e9dico. &nbsp; Varios pilotos y miembros del paddock&hellip;<\/p>\n","protected":false},"author":1,"featured_media":0,"comment_status":"open","ping_status":"open","sticky":false,"template":"","format":"standard","meta":{"footnotes":""},"categories":[7],"tags":[],"class_list":["post-353","post","type-post","status-publish","format-standard","hentry","category-nacional"],"yoast_head":"<!-- This site is optimized with the Yoast SEO plugin v27.5 - https:\/\/yoast.com\/product\/yoast-seo-wordpress\/ -->\n<title>150 PERSONAS, AFECTADAS POR UNA INTOXICACI\u00d3N ALIMENTICIA EN EL GP DE M\u00c9XICO DE F\u00d3RMULA 1 - EL INFORMATIVO DE TAMAULIPAS<\/title>\n<meta name=\"description\" content=\"*Miembros de varios equipos, incluidos algunos pilotos, han tenido que recibir tratamiento m\u00e9dico. &nbsp; Varios pilotos y miembros del paddock de la\" \/>\n<meta name=\"robots\" content=\"index, follow, max-snippet:-1, max-image-preview:large, max-video-preview:-1\" \/>\n<link rel=\"canonical\" href=\"https:\/\/elinformativotam.com\/index.php\/2019\/10\/27\/150-personas-afectadas-por-una-intoxicacion-alimenticia-en-el-gp-de-mexico-de-formula-1\/\" \/>\n<meta property=\"og:locale\" content=\"es_MX\" \/>\n<meta property=\"og:type\" content=\"article\" \/>\n<meta property=\"og:title\" content=\"150 PERSONAS, AFECTADAS POR UNA INTOXICACI\u00d3N ALIMENTICIA EN EL GP DE M\u00c9XICO DE F\u00d3RMULA 1 - EL INFORMATIVO DE TAMAULIPAS\" \/>\n<meta property=\"og:description\" content=\"*Miembros de varios equipos, incluidos algunos pilotos, han tenido que recibir tratamiento m\u00e9dico. &nbsp; Varios pilotos y miembros del paddock de la\" \/>\n<meta property=\"og:url\" content=\"https:\/\/elinformativotam.com\/index.php\/2019\/10\/27\/150-personas-afectadas-por-una-intoxicacion-alimenticia-en-el-gp-de-mexico-de-formula-1\/\" \/>\n<meta property=\"og:site_name\" content=\"EL INFORMATIVO DE TAMAULIPAS\" \/>\n<meta property=\"article:published_time\" content=\"2019-10-27T16:31:48+00:00\" \/>\n<meta property=\"og:image\" content=\"http:\/\/elinformativotam.com\/wp-content\/uploads\/2019\/10\/f1-300x169.jpeg\" \/>\n<meta name=\"author\" content=\"El Informativo Tam\" \/>\n<meta name=\"twitter:card\" content=\"summary_large_image\" \/>\n<meta name=\"twitter:label1\" content=\"Escrito por\" \/>\n\t<meta name=\"twitter:data1\" content=\"El Informativo Tam\" \/>\n\t<meta name=\"twitter:label2\" content=\"Tiempo de lectura\" \/>\n\t<meta name=\"twitter:data2\" content=\"1 minuto\" \/>\n<script type=\"application\/ld+json\" class=\"yoast-schema-graph\">{\"@context\":\"https:\\\/\\\/schema.org\",\"@graph\":[{\"@type\":\"Article\",\"@id\":\"https:\\\/\\\/elinformativotam.com\\\/index.php\\\/2019\\\/10\\\/27\\\/150-personas-afectadas-por-una-intoxicacion-alimenticia-en-el-gp-de-mexico-de-formula-1\\\/#article\",\"isPartOf\":{\"@id\":\"https:\\\/\\\/elinformativotam.com\\\/index.php\\\/2019\\\/10\\\/27\\\/150-personas-afectadas-por-una-intoxicacion-alimenticia-en-el-gp-de-mexico-de-formula-1\\\/\"},\"author\":{\"name\":\"El Informativo Tam\",\"@id\":\"https:\\\/\\\/elinformativotam.com\\\/#\\\/schema\\\/person\\\/78e08040eed0f6110f0c5f83b6153590\"},\"headline\":\"150 PERSONAS, AFECTADAS POR UNA INTOXICACI\u00d3N ALIMENTICIA EN EL GP DE M\u00c9XICO DE F\u00d3RMULA 1\",\"datePublished\":\"2019-10-27T16:31:48+00:00\",\"mainEntityOfPage\":{\"@id\":\"https:\\\/\\\/elinformativotam.com\\\/index.php\\\/2019\\\/10\\\/27\\\/150-personas-afectadas-por-una-intoxicacion-alimenticia-en-el-gp-de-mexico-de-formula-1\\\/\"},\"wordCount\":209,\"commentCount\":0,\"publisher\":{\"@id\":\"https:\\\/\\\/elinformativotam.com\\\/#organization\"},\"image\":{\"@id\":\"https:\\\/\\\/elinformativotam.com\\\/index.php\\\/2019\\\/10\\\/27\\\/150-personas-afectadas-por-una-intoxicacion-alimenticia-en-el-gp-de-mexico-de-formula-1\\\/#primaryimage\"},\"thumbnailUrl\":\"http:\\\/\\\/elinformativotam.com\\\/wp-content\\\/uploads\\\/2019\\\/10\\\/f1-300x169.jpeg\",\"articleSection\":[\"Nacional\"],\"inLanguage\":\"es\",\"potentialAction\":[{\"@type\":\"CommentAction\",\"name\":\"Comment\",\"target\":[\"https:\\\/\\\/elinformativotam.com\\\/index.php\\\/2019\\\/10\\\/27\\\/150-personas-afectadas-por-una-intoxicacion-alimenticia-en-el-gp-de-mexico-de-formula-1\\\/#respond\"]}]},{\"@type\":\"WebPage\",\"@id\":\"https:\\\/\\\/elinformativotam.com\\\/index.php\\\/2019\\\/10\\\/27\\\/150-personas-afectadas-por-una-intoxicacion-alimenticia-en-el-gp-de-mexico-de-formula-1\\\/\",\"url\":\"https:\\\/\\\/elinformativotam.com\\\/index.php\\\/2019\\\/10\\\/27\\\/150-personas-afectadas-por-una-intoxicacion-alimenticia-en-el-gp-de-mexico-de-formula-1\\\/\",\"name\":\"150 PERSONAS, AFECTADAS POR UNA INTOXICACI\u00d3N ALIMENTICIA EN EL GP DE M\u00c9XICO DE F\u00d3RMULA 1 - EL INFORMATIVO DE TAMAULIPAS\",\"isPartOf\":{\"@id\":\"https:\\\/\\\/elinformativotam.com\\\/#website\"},\"primaryImageOfPage\":{\"@id\":\"https:\\\/\\\/elinformativotam.com\\\/index.php\\\/2019\\\/10\\\/27\\\/150-personas-afectadas-por-una-intoxicacion-alimenticia-en-el-gp-de-mexico-de-formula-1\\\/#primaryimage\"},\"image\":{\"@id\":\"https:\\\/\\\/elinformativotam.com\\\/index.php\\\/2019\\\/10\\\/27\\\/150-personas-afectadas-por-una-intoxicacion-alimenticia-en-el-gp-de-mexico-de-formula-1\\\/#primaryimage\"},\"thumbnailUrl\":\"http:\\\/\\\/elinformativotam.com\\\/wp-content\\\/uploads\\\/2019\\\/10\\\/f1-300x169.jpeg\",\"datePublished\":\"2019-10-27T16:31:48+00:00\",\"description\":\"*Miembros de varios equipos, incluidos algunos pilotos, han tenido que recibir tratamiento m\u00e9dico. &nbsp; Varios pilotos y miembros del paddock de la\",\"inLanguage\":\"es\",\"potentialAction\":[{\"@type\":\"ReadAction\",\"target\":[\"https:\\\/\\\/elinformativotam.com\\\/index.php\\\/2019\\\/10\\\/27\\\/150-personas-afectadas-por-una-intoxicacion-alimenticia-en-el-gp-de-mexico-de-formula-1\\\/\"]}]},{\"@type\":\"ImageObject\",\"inLanguage\":\"es\",\"@id\":\"https:\\\/\\\/elinformativotam.com\\\/index.php\\\/2019\\\/10\\\/27\\\/150-personas-afectadas-por-una-intoxicacion-alimenticia-en-el-gp-de-mexico-de-formula-1\\\/#primaryimage\",\"url\":\"http:\\\/\\\/elinformativotam.com\\\/wp-content\\\/uploads\\\/2019\\\/10\\\/f1-300x169.jpeg\",\"contentUrl\":\"http:\\\/\\\/elinformativotam.com\\\/wp-content\\\/uploads\\\/2019\\\/10\\\/f1-300x169.jpeg\"},{\"@type\":\"WebSite\",\"@id\":\"https:\\\/\\\/elinformativotam.com\\\/#website\",\"url\":\"https:\\\/\\\/elinformativotam.com\\\/\",\"name\":\"EL INFORMATIVO DE TAMAULIPAS\",\"description\":\"Desde la Zona Metropolitana Para Todo M\u00e9xico\",\"publisher\":{\"@id\":\"https:\\\/\\\/elinformativotam.com\\\/#organization\"},\"potentialAction\":[{\"@type\":\"SearchAction\",\"target\":{\"@type\":\"EntryPoint\",\"urlTemplate\":\"https:\\\/\\\/elinformativotam.com\\\/?s={search_term_string}\"},\"query-input\":{\"@type\":\"PropertyValueSpecification\",\"valueRequired\":true,\"valueName\":\"search_term_string\"}}],\"inLanguage\":\"es\"},{\"@type\":\"Organization\",\"@id\":\"https:\\\/\\\/elinformativotam.com\\\/#organization\",\"name\":\"EL INFORMATIVO DE TAMAULIPAS\",\"url\":\"https:\\\/\\\/elinformativotam.com\\\/\",\"logo\":{\"@type\":\"ImageObject\",\"inLanguage\":\"es\",\"@id\":\"https:\\\/\\\/elinformativotam.com\\\/#\\\/schema\\\/logo\\\/image\\\/\",\"url\":\"https:\\\/\\\/elinformativotam.com\\\/wp-content\\\/uploads\\\/2026\\\/02\\\/Cabezal.png\",\"contentUrl\":\"https:\\\/\\\/elinformativotam.com\\\/wp-content\\\/uploads\\\/2026\\\/02\\\/Cabezal.png\",\"width\":960,\"height\":640,\"caption\":\"EL INFORMATIVO DE TAMAULIPAS\"},\"image\":{\"@id\":\"https:\\\/\\\/elinformativotam.com\\\/#\\\/schema\\\/logo\\\/image\\\/\"}},{\"@type\":\"Person\",\"@id\":\"https:\\\/\\\/elinformativotam.com\\\/#\\\/schema\\\/person\\\/78e08040eed0f6110f0c5f83b6153590\",\"name\":\"El Informativo Tam\",\"image\":{\"@type\":\"ImageObject\",\"inLanguage\":\"es\",\"@id\":\"https:\\\/\\\/secure.gravatar.com\\\/avatar\\\/f3b7ad3af540688955925ac610647be00b0cf41feea9c4978b73a707ee86bc53?s=96&d=mm&r=g\",\"url\":\"https:\\\/\\\/secure.gravatar.com\\\/avatar\\\/f3b7ad3af540688955925ac610647be00b0cf41feea9c4978b73a707ee86bc53?s=96&d=mm&r=g\",\"contentUrl\":\"https:\\\/\\\/secure.gravatar.com\\\/avatar\\\/f3b7ad3af540688955925ac610647be00b0cf41feea9c4978b73a707ee86bc53?s=96&d=mm&r=g\",\"caption\":\"El Informativo Tam\"}}]}<\/script>\n<!-- \/ Yoast SEO plugin. -->","yoast_head_json":{"title":"150 PERSONAS, AFECTADAS POR UNA INTOXICACI\u00d3N ALIMENTICIA EN EL GP DE M\u00c9XICO DE F\u00d3RMULA 1 - EL INFORMATIVO DE TAMAULIPAS","description":"*Miembros de varios equipos, incluidos algunos pilotos, han tenido que recibir tratamiento m\u00e9dico. &nbsp; Varios pilotos y miembros del paddock de la","robots":{"index":"index","follow":"follow","max-snippet":"max-snippet:-1","max-image-preview":"max-image-preview:large","max-video-preview":"max-video-preview:-1"},"canonical":"https:\/\/elinformativotam.com\/index.php\/2019\/10\/27\/150-personas-afectadas-por-una-intoxicacion-alimenticia-en-el-gp-de-mexico-de-formula-1\/","og_locale":"es_MX","og_type":"article","og_title":"150 PERSONAS, AFECTADAS POR UNA INTOXICACI\u00d3N ALIMENTICIA EN EL GP DE M\u00c9XICO DE F\u00d3RMULA 1 - EL INFORMATIVO DE TAMAULIPAS","og_description":"*Miembros de varios equipos, incluidos algunos pilotos, han tenido que recibir tratamiento m\u00e9dico. &nbsp; Varios pilotos y miembros del paddock de la","og_url":"https:\/\/elinformativotam.com\/index.php\/2019\/10\/27\/150-personas-afectadas-por-una-intoxicacion-alimenticia-en-el-gp-de-mexico-de-formula-1\/","og_site_name":"EL INFORMATIVO DE TAMAULIPAS","article_published_time":"2019-10-27T16:31:48+00:00","og_image":[{"url":"http:\/\/elinformativotam.com\/wp-content\/uploads\/2019\/10\/f1-300x169.jpeg","type":"","width":"","height":""}],"author":"El Informativo Tam","twitter_card":"summary_large_image","twitter_misc":{"Escrito por":"El Informativo Tam","Tiempo de lectura":"1 minuto"},"schema":{"@context":"https:\/\/schema.org","@graph":[{"@type":"Article","@id":"https:\/\/elinformativotam.com\/index.php\/2019\/10\/27\/150-personas-afectadas-por-una-intoxicacion-alimenticia-en-el-gp-de-mexico-de-formula-1\/#article","isPartOf":{"@id":"https:\/\/elinformativotam.com\/index.php\/2019\/10\/27\/150-personas-afectadas-por-una-intoxicacion-alimenticia-en-el-gp-de-mexico-de-formula-1\/"},"author":{"name":"El Informativo Tam","@id":"https:\/\/elinformativotam.com\/#\/schema\/person\/78e08040eed0f6110f0c5f83b6153590"},"headline":"150 PERSONAS, AFECTADAS POR UNA INTOXICACI\u00d3N ALIMENTICIA EN EL GP DE M\u00c9XICO DE F\u00d3RMULA 1","datePublished":"2019-10-27T16:31:48+00:00","mainEntityOfPage":{"@id":"https:\/\/elinformativotam.com\/index.php\/2019\/10\/27\/150-personas-afectadas-por-una-intoxicacion-alimenticia-en-el-gp-de-mexico-de-formula-1\/"},"wordCount":209,"commentCount":0,"publisher":{"@id":"https:\/\/elinformativotam.com\/#organization"},"image":{"@id":"https:\/\/elinformativotam.com\/index.php\/2019\/10\/27\/150-personas-afectadas-por-una-intoxicacion-alimenticia-en-el-gp-de-mexico-de-formula-1\/#primaryimage"},"thumbnailUrl":"http:\/\/elinformativotam.com\/wp-content\/uploads\/2019\/10\/f1-300x169.jpeg","articleSection":["Nacional"],"inLanguage":"es","potentialAction":[{"@type":"CommentAction","name":"Comment","target":["https:\/\/elinformativotam.com\/index.php\/2019\/10\/27\/150-personas-afectadas-por-una-intoxicacion-alimenticia-en-el-gp-de-mexico-de-formula-1\/#respond"]}]},{"@type":"WebPage","@id":"https:\/\/elinformativotam.com\/index.php\/2019\/10\/27\/150-personas-afectadas-por-una-intoxicacion-alimenticia-en-el-gp-de-mexico-de-formula-1\/","url":"https:\/\/elinformativotam.com\/index.php\/2019\/10\/27\/150-personas-afectadas-por-una-intoxicacion-alimenticia-en-el-gp-de-mexico-de-formula-1\/","name":"150 PERSONAS, AFECTADAS POR UNA INTOXICACI\u00d3N ALIMENTICIA EN EL GP DE M\u00c9XICO DE F\u00d3RMULA 1 - EL INFORMATIVO DE TAMAULIPAS","isPartOf":{"@id":"https:\/\/elinformativotam.com\/#website"},"primaryImageOfPage":{"@id":"https:\/\/elinformativotam.com\/index.php\/2019\/10\/27\/150-personas-afectadas-por-una-intoxicacion-alimenticia-en-el-gp-de-mexico-de-formula-1\/#primaryimage"},"image":{"@id":"https:\/\/elinformativotam.com\/index.php\/2019\/10\/27\/150-personas-afectadas-por-una-intoxicacion-alimenticia-en-el-gp-de-mexico-de-formula-1\/#primaryimage"},"thumbnailUrl":"http:\/\/elinformativotam.com\/wp-content\/uploads\/2019\/10\/f1-300x169.jpeg","datePublished":"2019-10-27T16:31:48+00:00","description":"*Miembros de varios equipos, incluidos algunos pilotos, han tenido que recibir tratamiento m\u00e9dico. &nbsp; Varios pilotos y miembros del paddock de la","inLanguage":"es","potentialAction":[{"@type":"ReadAction","target":["https:\/\/elinformativotam.com\/index.php\/2019\/10\/27\/150-personas-afectadas-por-una-intoxicacion-alimenticia-en-el-gp-de-mexico-de-formula-1\/"]}]},{"@type":"ImageObject","inLanguage":"es","@id":"https:\/\/elinformativotam.com\/index.php\/2019\/10\/27\/150-personas-afectadas-por-una-intoxicacion-alimenticia-en-el-gp-de-mexico-de-formula-1\/#primaryimage","url":"http:\/\/elinformativotam.com\/wp-content\/uploads\/2019\/10\/f1-300x169.jpeg","contentUrl":"http:\/\/elinformativotam.com\/wp-content\/uploads\/2019\/10\/f1-300x169.jpeg"},{"@type":"WebSite","@id":"https:\/\/elinformativotam.com\/#website","url":"https:\/\/elinformativotam.com\/","name":"EL INFORMATIVO DE TAMAULIPAS","description":"Desde la Zona Metropolitana Para Todo M\u00e9xico","publisher":{"@id":"https:\/\/elinformativotam.com\/#organization"},"potentialAction":[{"@type":"SearchAction","target":{"@type":"EntryPoint","urlTemplate":"https:\/\/elinformativotam.com\/?s={search_term_string}"},"query-input":{"@type":"PropertyValueSpecification","valueRequired":true,"valueName":"search_term_string"}}],"inLanguage":"es"},{"@type":"Organization","@id":"https:\/\/elinformativotam.com\/#organization","name":"EL INFORMATIVO DE TAMAULIPAS","url":"https:\/\/elinformativotam.com\/","logo":{"@type":"ImageObject","inLanguage":"es","@id":"https:\/\/elinformativotam.com\/#\/schema\/logo\/image\/","url":"https:\/\/elinformativotam.com\/wp-content\/uploads\/2026\/02\/Cabezal.png","contentUrl":"https:\/\/elinformativotam.com\/wp-content\/uploads\/2026\/02\/Cabezal.png","width":960,"height":640,"caption":"EL INFORMATIVO DE TAMAULIPAS"},"image":{"@id":"https:\/\/elinformativotam.com\/#\/schema\/logo\/image\/"}},{"@type":"Person","@id":"https:\/\/elinformativotam.com\/#\/schema\/person\/78e08040eed0f6110f0c5f83b6153590","name":"El Informativo Tam","image":{"@type":"ImageObject","inLanguage":"es","@id":"https:\/\/secure.gravatar.com\/avatar\/f3b7ad3af540688955925ac610647be00b0cf41feea9c4978b73a707ee86bc53?s=96&d=mm&r=g","url":"https:\/\/secure.gravatar.com\/avatar\/f3b7ad3af540688955925ac610647be00b0cf41feea9c4978b73a707ee86bc53?s=96&d=mm&r=g","contentUrl":"https:\/\/secure.gravatar.com\/avatar\/f3b7ad3af540688955925ac610647be00b0cf41feea9c4978b73a707ee86bc53?s=96&d=mm&r=g","caption":"El Informativo Tam"}}]}},"_links":{"self":[{"href":"https:\/\/elinformativotam.com\/index.php\/wp-json\/wp\/v2\/posts\/353","targetHints":{"allow":["GET"]}}],"collection":[{"href":"https:\/\/elinformativotam.com\/index.php\/wp-json\/wp\/v2\/posts"}],"about":[{"href":"https:\/\/elinformativotam.com\/index.php\/wp-json\/wp\/v2\/types\/post"}],"author":[{"embeddable":true,"href":"https:\/\/elinformativotam.com\/index.php\/wp-json\/wp\/v2\/users\/1"}],"replies":[{"embeddable":true,"href":"https:\/\/elinformativotam.com\/index.php\/wp-json\/wp\/v2\/comments?post=353"}],"version-history":[{"count":0,"href":"https:\/\/elinformativotam.com\/index.php\/wp-json\/wp\/v2\/posts\/353\/revisions"}],"wp:attachment":[{"href":"https:\/\/elinformativotam.com\/index.php\/wp-json\/wp\/v2\/media?parent=353"}],"wp:term":[{"taxonomy":"category","embeddable":true,"href":"https:\/\/elinformativotam.com\/index.php\/wp-json\/wp\/v2\/categories?post=353"},{"taxonomy":"post_tag","embeddable":true,"href":"https:\/\/elinformativotam.com\/index.php\/wp-json\/wp\/v2\/tags?post=353"}],"curies":[{"name":"wp","href":"https:\/\/api.w.org\/{rel}","templated":true}]}}