{"id":3383,"date":"2020-03-08T00:03:36","date_gmt":"2020-03-08T06:03:36","guid":{"rendered":"http:\/\/elinformativotam.com\/?p=3383"},"modified":"2020-03-08T00:03:36","modified_gmt":"2020-03-08T06:03:36","slug":"con-el-apoyo-del-gobernador-unidos-seguimos-avanzando-chucho-nader","status":"publish","type":"post","link":"https:\/\/elinformativotam.com\/index.php\/2020\/03\/08\/con-el-apoyo-del-gobernador-unidos-seguimos-avanzando-chucho-nader\/","title":{"rendered":"CON EL APOYO DEL GOBERNADOR, UNIDOS SEGUIMOS AVANZANDO: CHUCHO NADER"},"content":{"rendered":"<p>Luego de asistir a la presentaci\u00f3n del cuarto informe del Gobernador del Estado, Francisco Garc\u00eda Cabeza de Vaca, efectuado en el Polyforum de Ciudad Victoria, el Presidente Municipal Chucho Nader destac\u00f3 los grandes avances registrado en Tamaulipas durante la presente administraci\u00f3n estatal, principalmente en el bienestar social, seguridad ciudadana y desarrollo econ\u00f3mico sostenible.<\/p>\n<p>&nbsp;<\/p>\n<p>&#8220;Tamaulipas ha alcanzado de la mano del Lic. Francisco Garc\u00eda Cabeza de Vaca un progreso y desarrollo que la ubican como estado l\u00edder en materia de inversi\u00f3n, generaci\u00f3n de empleo, bienestar social, desarrollo energ\u00e9tico y sobre todo en la recuperaci\u00f3n de la paz y seguridad para las familias tamaulipecas&#8221;, dijo.<\/p>\n<p>&nbsp;<\/p>\n<p>Chucho Nader expres\u00f3 que en Tampico, el respaldo del ejecutivo estatal ha sido permanente para seguir avanzando en la transformaci\u00f3n de una ciudad que -dijo- hace catorce meses presentaba graves rezagos en materia de desarrollo urbano, servicios p\u00fablicos, limpieza y seguridad.<\/p>\n<p><img loading=\"lazy\" decoding=\"async\" class=\"wp-image-3381 alignleft\" src=\"https:\/\/elinformativotam.com\/wp-content\/uploads\/2020\/03\/tam-300x200.jpg\" alt=\"\" width=\"468\" height=\"312\" \/><\/p>\n<p>&#8220;Gracias al apoyo del Gobernador, hoy Tampico es referente a nivel nacional como una ciudad limpia, ordenada y con un importante desarrollo urbano donde se incluyen las grandes obras de transformaci\u00f3n impulsadas en los \u00faltimos meses como la terminaci\u00f3n del Nuevo Mercado Municipal, el proyecto de desarrollo tur\u00edstico de la laguna del carpintero y la pavimentaci\u00f3n de m\u00e1s vialidades, entre muchas otras&#8221;, detall\u00f3.<\/p>\n<p>&nbsp;<\/p>\n<p>El jefe de la comuna sostuvo que el cuarto informe de gobierno deja constancia de un trabajo incansable del ejecutivo tamaulipeco por generar mejores condiciones para el desarrollo agropecuario; la consolidaci\u00f3n del Estado como principal generador de energ\u00edas renovables; empleo, desarrollo econ\u00f3mico, inversi\u00f3n, turismo y paz social.<\/p>\n<p>&nbsp;<\/p>\n<p>&#8220;Con Francisco Garc\u00eda Cabeza de Vaca, en Tamaulipas seguimos Avanzando, y recuperando lo m\u00e1s importante para cada familia, la confianza, certidumbre y tranquilidad&#8221;, subray\u00f3.<\/p>\n","protected":false},"excerpt":{"rendered":"<p>Luego de asistir a la presentaci\u00f3n del cuarto informe del Gobernador del Estado, Francisco Garc\u00eda Cabeza de Vaca, efectuado en&hellip;<\/p>\n","protected":false},"author":1,"featured_media":0,"comment_status":"open","ping_status":"open","sticky":false,"template":"","format":"standard","meta":{"footnotes":""},"categories":[6],"tags":[],"class_list":["post-3383","post","type-post","status-publish","format-standard","hentry","category-tamaulipas"],"yoast_head":"<!-- This site is optimized with the Yoast SEO plugin v27.5 - https:\/\/yoast.com\/product\/yoast-seo-wordpress\/ -->\n<title>CON EL APOYO DEL GOBERNADOR, UNIDOS SEGUIMOS AVANZANDO: CHUCHO NADER - EL INFORMATIVO DE TAMAULIPAS<\/title>\n<meta name=\"description\" content=\"Luego de asistir a la presentaci\u00f3n del cuarto informe del Gobernador del Estado, Francisco Garc\u00eda Cabeza de Vaca, efectuado en el Polyforum de Ciudad\" \/>\n<meta name=\"robots\" content=\"index, follow, max-snippet:-1, max-image-preview:large, max-video-preview:-1\" \/>\n<link rel=\"canonical\" href=\"https:\/\/elinformativotam.com\/index.php\/2020\/03\/08\/con-el-apoyo-del-gobernador-unidos-seguimos-avanzando-chucho-nader\/\" \/>\n<meta property=\"og:locale\" content=\"es_MX\" \/>\n<meta property=\"og:type\" content=\"article\" \/>\n<meta property=\"og:title\" content=\"CON EL APOYO DEL GOBERNADOR, UNIDOS SEGUIMOS AVANZANDO: CHUCHO NADER - EL INFORMATIVO DE TAMAULIPAS\" \/>\n<meta property=\"og:description\" content=\"Luego de asistir a la presentaci\u00f3n del cuarto informe del Gobernador del Estado, Francisco Garc\u00eda Cabeza de Vaca, efectuado en el Polyforum de Ciudad\" \/>\n<meta property=\"og:url\" content=\"https:\/\/elinformativotam.com\/index.php\/2020\/03\/08\/con-el-apoyo-del-gobernador-unidos-seguimos-avanzando-chucho-nader\/\" \/>\n<meta property=\"og:site_name\" content=\"EL INFORMATIVO DE TAMAULIPAS\" \/>\n<meta property=\"article:published_time\" content=\"2020-03-08T06:03:36+00:00\" \/>\n<meta property=\"og:image\" content=\"http:\/\/elinformativotam.com\/wp-content\/uploads\/2020\/03\/tam-300x200.jpg\" \/>\n<meta name=\"author\" content=\"El Informativo Tam\" \/>\n<meta name=\"twitter:card\" content=\"summary_large_image\" \/>\n<meta name=\"twitter:label1\" content=\"Escrito por\" \/>\n\t<meta name=\"twitter:data1\" content=\"El Informativo Tam\" \/>\n\t<meta name=\"twitter:label2\" content=\"Tiempo de lectura\" \/>\n\t<meta name=\"twitter:data2\" content=\"2 minutos\" \/>\n<script type=\"application\/ld+json\" class=\"yoast-schema-graph\">{\"@context\":\"https:\\\/\\\/schema.org\",\"@graph\":[{\"@type\":\"Article\",\"@id\":\"https:\\\/\\\/elinformativotam.com\\\/index.php\\\/2020\\\/03\\\/08\\\/con-el-apoyo-del-gobernador-unidos-seguimos-avanzando-chucho-nader\\\/#article\",\"isPartOf\":{\"@id\":\"https:\\\/\\\/elinformativotam.com\\\/index.php\\\/2020\\\/03\\\/08\\\/con-el-apoyo-del-gobernador-unidos-seguimos-avanzando-chucho-nader\\\/\"},\"author\":{\"name\":\"El Informativo Tam\",\"@id\":\"https:\\\/\\\/elinformativotam.com\\\/#\\\/schema\\\/person\\\/78e08040eed0f6110f0c5f83b6153590\"},\"headline\":\"CON EL APOYO DEL GOBERNADOR, UNIDOS SEGUIMOS AVANZANDO: CHUCHO NADER\",\"datePublished\":\"2020-03-08T06:03:36+00:00\",\"mainEntityOfPage\":{\"@id\":\"https:\\\/\\\/elinformativotam.com\\\/index.php\\\/2020\\\/03\\\/08\\\/con-el-apoyo-del-gobernador-unidos-seguimos-avanzando-chucho-nader\\\/\"},\"wordCount\":315,\"commentCount\":0,\"publisher\":{\"@id\":\"https:\\\/\\\/elinformativotam.com\\\/#organization\"},\"image\":{\"@id\":\"https:\\\/\\\/elinformativotam.com\\\/index.php\\\/2020\\\/03\\\/08\\\/con-el-apoyo-del-gobernador-unidos-seguimos-avanzando-chucho-nader\\\/#primaryimage\"},\"thumbnailUrl\":\"http:\\\/\\\/elinformativotam.com\\\/wp-content\\\/uploads\\\/2020\\\/03\\\/tam-300x200.jpg\",\"articleSection\":[\"Tamaulipas\"],\"inLanguage\":\"es\",\"potentialAction\":[{\"@type\":\"CommentAction\",\"name\":\"Comment\",\"target\":[\"https:\\\/\\\/elinformativotam.com\\\/index.php\\\/2020\\\/03\\\/08\\\/con-el-apoyo-del-gobernador-unidos-seguimos-avanzando-chucho-nader\\\/#respond\"]}]},{\"@type\":\"WebPage\",\"@id\":\"https:\\\/\\\/elinformativotam.com\\\/index.php\\\/2020\\\/03\\\/08\\\/con-el-apoyo-del-gobernador-unidos-seguimos-avanzando-chucho-nader\\\/\",\"url\":\"https:\\\/\\\/elinformativotam.com\\\/index.php\\\/2020\\\/03\\\/08\\\/con-el-apoyo-del-gobernador-unidos-seguimos-avanzando-chucho-nader\\\/\",\"name\":\"CON EL APOYO DEL GOBERNADOR, UNIDOS SEGUIMOS AVANZANDO: CHUCHO NADER - EL INFORMATIVO DE TAMAULIPAS\",\"isPartOf\":{\"@id\":\"https:\\\/\\\/elinformativotam.com\\\/#website\"},\"primaryImageOfPage\":{\"@id\":\"https:\\\/\\\/elinformativotam.com\\\/index.php\\\/2020\\\/03\\\/08\\\/con-el-apoyo-del-gobernador-unidos-seguimos-avanzando-chucho-nader\\\/#primaryimage\"},\"image\":{\"@id\":\"https:\\\/\\\/elinformativotam.com\\\/index.php\\\/2020\\\/03\\\/08\\\/con-el-apoyo-del-gobernador-unidos-seguimos-avanzando-chucho-nader\\\/#primaryimage\"},\"thumbnailUrl\":\"http:\\\/\\\/elinformativotam.com\\\/wp-content\\\/uploads\\\/2020\\\/03\\\/tam-300x200.jpg\",\"datePublished\":\"2020-03-08T06:03:36+00:00\",\"description\":\"Luego de asistir a la presentaci\u00f3n del cuarto informe del Gobernador del Estado, Francisco Garc\u00eda Cabeza de Vaca, efectuado en el Polyforum de Ciudad\",\"inLanguage\":\"es\",\"potentialAction\":[{\"@type\":\"ReadAction\",\"target\":[\"https:\\\/\\\/elinformativotam.com\\\/index.php\\\/2020\\\/03\\\/08\\\/con-el-apoyo-del-gobernador-unidos-seguimos-avanzando-chucho-nader\\\/\"]}]},{\"@type\":\"ImageObject\",\"inLanguage\":\"es\",\"@id\":\"https:\\\/\\\/elinformativotam.com\\\/index.php\\\/2020\\\/03\\\/08\\\/con-el-apoyo-del-gobernador-unidos-seguimos-avanzando-chucho-nader\\\/#primaryimage\",\"url\":\"http:\\\/\\\/elinformativotam.com\\\/wp-content\\\/uploads\\\/2020\\\/03\\\/tam-300x200.jpg\",\"contentUrl\":\"http:\\\/\\\/elinformativotam.com\\\/wp-content\\\/uploads\\\/2020\\\/03\\\/tam-300x200.jpg\"},{\"@type\":\"WebSite\",\"@id\":\"https:\\\/\\\/elinformativotam.com\\\/#website\",\"url\":\"https:\\\/\\\/elinformativotam.com\\\/\",\"name\":\"EL INFORMATIVO DE TAMAULIPAS\",\"description\":\"Desde la Zona Metropolitana Para Todo M\u00e9xico\",\"publisher\":{\"@id\":\"https:\\\/\\\/elinformativotam.com\\\/#organization\"},\"potentialAction\":[{\"@type\":\"SearchAction\",\"target\":{\"@type\":\"EntryPoint\",\"urlTemplate\":\"https:\\\/\\\/elinformativotam.com\\\/?s={search_term_string}\"},\"query-input\":{\"@type\":\"PropertyValueSpecification\",\"valueRequired\":true,\"valueName\":\"search_term_string\"}}],\"inLanguage\":\"es\"},{\"@type\":\"Organization\",\"@id\":\"https:\\\/\\\/elinformativotam.com\\\/#organization\",\"name\":\"EL INFORMATIVO DE TAMAULIPAS\",\"url\":\"https:\\\/\\\/elinformativotam.com\\\/\",\"logo\":{\"@type\":\"ImageObject\",\"inLanguage\":\"es\",\"@id\":\"https:\\\/\\\/elinformativotam.com\\\/#\\\/schema\\\/logo\\\/image\\\/\",\"url\":\"https:\\\/\\\/elinformativotam.com\\\/wp-content\\\/uploads\\\/2026\\\/02\\\/Cabezal.png\",\"contentUrl\":\"https:\\\/\\\/elinformativotam.com\\\/wp-content\\\/uploads\\\/2026\\\/02\\\/Cabezal.png\",\"width\":960,\"height\":640,\"caption\":\"EL INFORMATIVO DE TAMAULIPAS\"},\"image\":{\"@id\":\"https:\\\/\\\/elinformativotam.com\\\/#\\\/schema\\\/logo\\\/image\\\/\"}},{\"@type\":\"Person\",\"@id\":\"https:\\\/\\\/elinformativotam.com\\\/#\\\/schema\\\/person\\\/78e08040eed0f6110f0c5f83b6153590\",\"name\":\"El Informativo Tam\",\"image\":{\"@type\":\"ImageObject\",\"inLanguage\":\"es\",\"@id\":\"https:\\\/\\\/secure.gravatar.com\\\/avatar\\\/f3b7ad3af540688955925ac610647be00b0cf41feea9c4978b73a707ee86bc53?s=96&d=mm&r=g\",\"url\":\"https:\\\/\\\/secure.gravatar.com\\\/avatar\\\/f3b7ad3af540688955925ac610647be00b0cf41feea9c4978b73a707ee86bc53?s=96&d=mm&r=g\",\"contentUrl\":\"https:\\\/\\\/secure.gravatar.com\\\/avatar\\\/f3b7ad3af540688955925ac610647be00b0cf41feea9c4978b73a707ee86bc53?s=96&d=mm&r=g\",\"caption\":\"El Informativo Tam\"}}]}<\/script>\n<!-- \/ Yoast SEO plugin. -->","yoast_head_json":{"title":"CON EL APOYO DEL GOBERNADOR, UNIDOS SEGUIMOS AVANZANDO: CHUCHO NADER - EL INFORMATIVO DE TAMAULIPAS","description":"Luego de asistir a la presentaci\u00f3n del cuarto informe del Gobernador del Estado, Francisco Garc\u00eda Cabeza de Vaca, efectuado en el Polyforum de Ciudad","robots":{"index":"index","follow":"follow","max-snippet":"max-snippet:-1","max-image-preview":"max-image-preview:large","max-video-preview":"max-video-preview:-1"},"canonical":"https:\/\/elinformativotam.com\/index.php\/2020\/03\/08\/con-el-apoyo-del-gobernador-unidos-seguimos-avanzando-chucho-nader\/","og_locale":"es_MX","og_type":"article","og_title":"CON EL APOYO DEL GOBERNADOR, UNIDOS SEGUIMOS AVANZANDO: CHUCHO NADER - EL INFORMATIVO DE TAMAULIPAS","og_description":"Luego de asistir a la presentaci\u00f3n del cuarto informe del Gobernador del Estado, Francisco Garc\u00eda Cabeza de Vaca, efectuado en el Polyforum de Ciudad","og_url":"https:\/\/elinformativotam.com\/index.php\/2020\/03\/08\/con-el-apoyo-del-gobernador-unidos-seguimos-avanzando-chucho-nader\/","og_site_name":"EL INFORMATIVO DE TAMAULIPAS","article_published_time":"2020-03-08T06:03:36+00:00","og_image":[{"url":"http:\/\/elinformativotam.com\/wp-content\/uploads\/2020\/03\/tam-300x200.jpg","type":"","width":"","height":""}],"author":"El Informativo Tam","twitter_card":"summary_large_image","twitter_misc":{"Escrito por":"El Informativo Tam","Tiempo de lectura":"2 minutos"},"schema":{"@context":"https:\/\/schema.org","@graph":[{"@type":"Article","@id":"https:\/\/elinformativotam.com\/index.php\/2020\/03\/08\/con-el-apoyo-del-gobernador-unidos-seguimos-avanzando-chucho-nader\/#article","isPartOf":{"@id":"https:\/\/elinformativotam.com\/index.php\/2020\/03\/08\/con-el-apoyo-del-gobernador-unidos-seguimos-avanzando-chucho-nader\/"},"author":{"name":"El Informativo Tam","@id":"https:\/\/elinformativotam.com\/#\/schema\/person\/78e08040eed0f6110f0c5f83b6153590"},"headline":"CON EL APOYO DEL GOBERNADOR, UNIDOS SEGUIMOS AVANZANDO: CHUCHO NADER","datePublished":"2020-03-08T06:03:36+00:00","mainEntityOfPage":{"@id":"https:\/\/elinformativotam.com\/index.php\/2020\/03\/08\/con-el-apoyo-del-gobernador-unidos-seguimos-avanzando-chucho-nader\/"},"wordCount":315,"commentCount":0,"publisher":{"@id":"https:\/\/elinformativotam.com\/#organization"},"image":{"@id":"https:\/\/elinformativotam.com\/index.php\/2020\/03\/08\/con-el-apoyo-del-gobernador-unidos-seguimos-avanzando-chucho-nader\/#primaryimage"},"thumbnailUrl":"http:\/\/elinformativotam.com\/wp-content\/uploads\/2020\/03\/tam-300x200.jpg","articleSection":["Tamaulipas"],"inLanguage":"es","potentialAction":[{"@type":"CommentAction","name":"Comment","target":["https:\/\/elinformativotam.com\/index.php\/2020\/03\/08\/con-el-apoyo-del-gobernador-unidos-seguimos-avanzando-chucho-nader\/#respond"]}]},{"@type":"WebPage","@id":"https:\/\/elinformativotam.com\/index.php\/2020\/03\/08\/con-el-apoyo-del-gobernador-unidos-seguimos-avanzando-chucho-nader\/","url":"https:\/\/elinformativotam.com\/index.php\/2020\/03\/08\/con-el-apoyo-del-gobernador-unidos-seguimos-avanzando-chucho-nader\/","name":"CON EL APOYO DEL GOBERNADOR, UNIDOS SEGUIMOS AVANZANDO: CHUCHO NADER - EL INFORMATIVO DE TAMAULIPAS","isPartOf":{"@id":"https:\/\/elinformativotam.com\/#website"},"primaryImageOfPage":{"@id":"https:\/\/elinformativotam.com\/index.php\/2020\/03\/08\/con-el-apoyo-del-gobernador-unidos-seguimos-avanzando-chucho-nader\/#primaryimage"},"image":{"@id":"https:\/\/elinformativotam.com\/index.php\/2020\/03\/08\/con-el-apoyo-del-gobernador-unidos-seguimos-avanzando-chucho-nader\/#primaryimage"},"thumbnailUrl":"http:\/\/elinformativotam.com\/wp-content\/uploads\/2020\/03\/tam-300x200.jpg","datePublished":"2020-03-08T06:03:36+00:00","description":"Luego de asistir a la presentaci\u00f3n del cuarto informe del Gobernador del Estado, Francisco Garc\u00eda Cabeza de Vaca, efectuado en el Polyforum de Ciudad","inLanguage":"es","potentialAction":[{"@type":"ReadAction","target":["https:\/\/elinformativotam.com\/index.php\/2020\/03\/08\/con-el-apoyo-del-gobernador-unidos-seguimos-avanzando-chucho-nader\/"]}]},{"@type":"ImageObject","inLanguage":"es","@id":"https:\/\/elinformativotam.com\/index.php\/2020\/03\/08\/con-el-apoyo-del-gobernador-unidos-seguimos-avanzando-chucho-nader\/#primaryimage","url":"http:\/\/elinformativotam.com\/wp-content\/uploads\/2020\/03\/tam-300x200.jpg","contentUrl":"http:\/\/elinformativotam.com\/wp-content\/uploads\/2020\/03\/tam-300x200.jpg"},{"@type":"WebSite","@id":"https:\/\/elinformativotam.com\/#website","url":"https:\/\/elinformativotam.com\/","name":"EL INFORMATIVO DE TAMAULIPAS","description":"Desde la Zona Metropolitana Para Todo M\u00e9xico","publisher":{"@id":"https:\/\/elinformativotam.com\/#organization"},"potentialAction":[{"@type":"SearchAction","target":{"@type":"EntryPoint","urlTemplate":"https:\/\/elinformativotam.com\/?s={search_term_string}"},"query-input":{"@type":"PropertyValueSpecification","valueRequired":true,"valueName":"search_term_string"}}],"inLanguage":"es"},{"@type":"Organization","@id":"https:\/\/elinformativotam.com\/#organization","name":"EL INFORMATIVO DE TAMAULIPAS","url":"https:\/\/elinformativotam.com\/","logo":{"@type":"ImageObject","inLanguage":"es","@id":"https:\/\/elinformativotam.com\/#\/schema\/logo\/image\/","url":"https:\/\/elinformativotam.com\/wp-content\/uploads\/2026\/02\/Cabezal.png","contentUrl":"https:\/\/elinformativotam.com\/wp-content\/uploads\/2026\/02\/Cabezal.png","width":960,"height":640,"caption":"EL INFORMATIVO DE TAMAULIPAS"},"image":{"@id":"https:\/\/elinformativotam.com\/#\/schema\/logo\/image\/"}},{"@type":"Person","@id":"https:\/\/elinformativotam.com\/#\/schema\/person\/78e08040eed0f6110f0c5f83b6153590","name":"El Informativo Tam","image":{"@type":"ImageObject","inLanguage":"es","@id":"https:\/\/secure.gravatar.com\/avatar\/f3b7ad3af540688955925ac610647be00b0cf41feea9c4978b73a707ee86bc53?s=96&d=mm&r=g","url":"https:\/\/secure.gravatar.com\/avatar\/f3b7ad3af540688955925ac610647be00b0cf41feea9c4978b73a707ee86bc53?s=96&d=mm&r=g","contentUrl":"https:\/\/secure.gravatar.com\/avatar\/f3b7ad3af540688955925ac610647be00b0cf41feea9c4978b73a707ee86bc53?s=96&d=mm&r=g","caption":"El Informativo Tam"}}]}},"_links":{"self":[{"href":"https:\/\/elinformativotam.com\/index.php\/wp-json\/wp\/v2\/posts\/3383","targetHints":{"allow":["GET"]}}],"collection":[{"href":"https:\/\/elinformativotam.com\/index.php\/wp-json\/wp\/v2\/posts"}],"about":[{"href":"https:\/\/elinformativotam.com\/index.php\/wp-json\/wp\/v2\/types\/post"}],"author":[{"embeddable":true,"href":"https:\/\/elinformativotam.com\/index.php\/wp-json\/wp\/v2\/users\/1"}],"replies":[{"embeddable":true,"href":"https:\/\/elinformativotam.com\/index.php\/wp-json\/wp\/v2\/comments?post=3383"}],"version-history":[{"count":0,"href":"https:\/\/elinformativotam.com\/index.php\/wp-json\/wp\/v2\/posts\/3383\/revisions"}],"wp:attachment":[{"href":"https:\/\/elinformativotam.com\/index.php\/wp-json\/wp\/v2\/media?parent=3383"}],"wp:term":[{"taxonomy":"category","embeddable":true,"href":"https:\/\/elinformativotam.com\/index.php\/wp-json\/wp\/v2\/categories?post=3383"},{"taxonomy":"post_tag","embeddable":true,"href":"https:\/\/elinformativotam.com\/index.php\/wp-json\/wp\/v2\/tags?post=3383"}],"curies":[{"name":"wp","href":"https:\/\/api.w.org\/{rel}","templated":true}]}}