{"id":33579,"date":"2022-07-27T13:24:24","date_gmt":"2022-07-27T19:24:24","guid":{"rendered":"https:\/\/elinformativotam.com\/?p=33579"},"modified":"2022-07-27T13:24:24","modified_gmt":"2022-07-27T19:24:24","slug":"expo-regreso-a-clases-altamira-2022-del-15-al-21-de-agosto-en-apoyo-a-la-economia","status":"publish","type":"post","link":"https:\/\/elinformativotam.com\/index.php\/2022\/07\/27\/expo-regreso-a-clases-altamira-2022-del-15-al-21-de-agosto-en-apoyo-a-la-economia\/","title":{"rendered":"EXPO REGRESO A CLASES ALTAMIRA 2022 DEL 15 AL 21 DE AGOSTO, EN APOYO A LA ECONOM\u00cdA."},"content":{"rendered":"<p><em>ALTAMIRA, TAM.- Autoridades municipales en coordinaci\u00f3n con empresarios y emprendedores del sur de Tamaulipas, llevaran a cabo la Expo Regreso a Clases Altamira 2022, la cual tendr\u00e1 lugar del 15 al 21 de agosto del 2022, dio a conocer el regidor Antonio de Anda, el cual a\u00f1adi\u00f3 que se tendr\u00e1n venta de uniformes, \u00fatiles escolares y m\u00e1s, ser\u00e1 en la tres puntos del municipio.<\/em><\/p>\n<p><em>\u00a0<\/em><\/p>\n<p><em>Se\u00f1al\u00f3 que esto dar\u00e1 m\u00e1s movimiento a la compra oportuna de la lista de \u00fatiles escolares para el ciclo 2022-2023 y con ello, mejorar la situaci\u00f3n de las papeler\u00edas que existen en el municipio, pero tambi\u00e9n para los padres de familia que han pasado por momentos cr\u00edticos tras la pandemia.<\/em><\/p>\n<p><em>\u00a0<\/em><\/p>\n<p><em>&#8220;Estamos preparando la expo regreso a clases en apoyo a la ciudadan\u00eda, son tres puntos, del 15 al 17 de agosto\u00a0 estar\u00e1 en la zona centro de Altamira, el 18 en Villa Cuauht\u00e9moc y\u00a0 del 19 al 21 en Miramar, con la crisis se busca que los altamirenses tengan importantes descuentos&#8221;, refiri\u00f3.<\/em><\/p>\n<p><em>\u00a0<\/em><\/p>\n<p><em>A\u00f1adi\u00f3 que van a ser jornadas de 9 de la ma\u00f1ana a 8 de la noche, por lo que\u00a0 se invita a los emprendedores para que hagan Venta de comidas, postres y m\u00e1s art\u00edculos Para que se sumen, se pueden inscribir todos los interesados a trav\u00e9s de Canaco Altamira en calle hidalgo frente a una farmacia puar o en la oficina 8 de la presidencia municipal.<\/em><\/p>\n<p><em>\u00a0<\/em><\/p>\n<p><em>Por \u00faltimo dijo que en el cabildo han llegado oficios de solicitudes para \u00fatiles esc\u00f3reles, se est\u00e1 Colaborando con el ayuntamiento y el dif, adem\u00e1s los regidores tambi\u00e9n pueden sumarse con donaciones de \u00fatiles escolares para poder llevar a los alumnos provenientes de familias de escasos recursos, finalizo\u00a0 Antonio de Anda.<\/em><\/p>\n","protected":false},"excerpt":{"rendered":"<p>ALTAMIRA, TAM.- Autoridades municipales en coordinaci\u00f3n con empresarios y emprendedores del sur de Tamaulipas, llevaran a cabo la Expo Regreso&hellip;<\/p>\n","protected":false},"author":1,"featured_media":33580,"comment_status":"open","ping_status":"open","sticky":false,"template":"","format":"standard","meta":{"footnotes":""},"categories":[5],"tags":[],"class_list":["post-33579","post","type-post","status-publish","format-standard","has-post-thumbnail","hentry","category-altamira"],"yoast_head":"<!-- This site is optimized with the Yoast SEO plugin v27.4 - https:\/\/yoast.com\/product\/yoast-seo-wordpress\/ -->\n<title>EXPO REGRESO A CLASES ALTAMIRA 2022 DEL 15 AL 21 DE AGOSTO, EN APOYO A LA ECONOM\u00cdA. - EL INFORMATIVO DE TAMAULIPAS<\/title>\n<meta name=\"description\" content=\"ALTAMIRA, TAM.- Autoridades municipales en coordinaci\u00f3n con empresarios y emprendedores del sur de Tamaulipas, llevaran a cabo la Expo Regreso a Clases\" \/>\n<meta name=\"robots\" content=\"index, follow, max-snippet:-1, max-image-preview:large, max-video-preview:-1\" \/>\n<link rel=\"canonical\" href=\"https:\/\/elinformativotam.com\/index.php\/2022\/07\/27\/expo-regreso-a-clases-altamira-2022-del-15-al-21-de-agosto-en-apoyo-a-la-economia\/\" \/>\n<meta property=\"og:locale\" content=\"es_MX\" \/>\n<meta property=\"og:type\" content=\"article\" \/>\n<meta property=\"og:title\" content=\"EXPO REGRESO A CLASES ALTAMIRA 2022 DEL 15 AL 21 DE AGOSTO, EN APOYO A LA ECONOM\u00cdA. - EL INFORMATIVO DE TAMAULIPAS\" \/>\n<meta property=\"og:description\" content=\"ALTAMIRA, TAM.- Autoridades municipales en coordinaci\u00f3n con empresarios y emprendedores del sur de Tamaulipas, llevaran a cabo la Expo Regreso a Clases\" \/>\n<meta property=\"og:url\" content=\"https:\/\/elinformativotam.com\/index.php\/2022\/07\/27\/expo-regreso-a-clases-altamira-2022-del-15-al-21-de-agosto-en-apoyo-a-la-economia\/\" \/>\n<meta property=\"og:site_name\" content=\"EL INFORMATIVO DE TAMAULIPAS\" \/>\n<meta property=\"article:published_time\" content=\"2022-07-27T19:24:24+00:00\" \/>\n<meta property=\"og:image\" content=\"https:\/\/elinformativotam.com\/wp-content\/uploads\/2022\/07\/expo.jpg\" \/>\n\t<meta property=\"og:image:width\" content=\"701\" \/>\n\t<meta property=\"og:image:height\" content=\"437\" \/>\n\t<meta property=\"og:image:type\" content=\"image\/jpeg\" \/>\n<meta name=\"author\" content=\"El Informativo Tam\" \/>\n<meta name=\"twitter:card\" content=\"summary_large_image\" \/>\n<meta name=\"twitter:label1\" content=\"Escrito por\" \/>\n\t<meta name=\"twitter:data1\" content=\"El Informativo Tam\" \/>\n\t<meta name=\"twitter:label2\" content=\"Tiempo de lectura\" \/>\n\t<meta name=\"twitter:data2\" content=\"2 minutos\" \/>\n<script type=\"application\/ld+json\" class=\"yoast-schema-graph\">{\"@context\":\"https:\\\/\\\/schema.org\",\"@graph\":[{\"@type\":\"Article\",\"@id\":\"https:\\\/\\\/elinformativotam.com\\\/index.php\\\/2022\\\/07\\\/27\\\/expo-regreso-a-clases-altamira-2022-del-15-al-21-de-agosto-en-apoyo-a-la-economia\\\/#article\",\"isPartOf\":{\"@id\":\"https:\\\/\\\/elinformativotam.com\\\/index.php\\\/2022\\\/07\\\/27\\\/expo-regreso-a-clases-altamira-2022-del-15-al-21-de-agosto-en-apoyo-a-la-economia\\\/\"},\"author\":{\"name\":\"El Informativo Tam\",\"@id\":\"https:\\\/\\\/elinformativotam.com\\\/#\\\/schema\\\/person\\\/78e08040eed0f6110f0c5f83b6153590\"},\"headline\":\"EXPO REGRESO A CLASES ALTAMIRA 2022 DEL 15 AL 21 DE AGOSTO, EN APOYO A LA ECONOM\u00cdA.\",\"datePublished\":\"2022-07-27T19:24:24+00:00\",\"mainEntityOfPage\":{\"@id\":\"https:\\\/\\\/elinformativotam.com\\\/index.php\\\/2022\\\/07\\\/27\\\/expo-regreso-a-clases-altamira-2022-del-15-al-21-de-agosto-en-apoyo-a-la-economia\\\/\"},\"wordCount\":307,\"commentCount\":0,\"publisher\":{\"@id\":\"https:\\\/\\\/elinformativotam.com\\\/#organization\"},\"image\":{\"@id\":\"https:\\\/\\\/elinformativotam.com\\\/index.php\\\/2022\\\/07\\\/27\\\/expo-regreso-a-clases-altamira-2022-del-15-al-21-de-agosto-en-apoyo-a-la-economia\\\/#primaryimage\"},\"thumbnailUrl\":\"https:\\\/\\\/elinformativotam.com\\\/wp-content\\\/uploads\\\/2022\\\/07\\\/expo.jpg\",\"articleSection\":[\"Altamira\"],\"inLanguage\":\"es\",\"potentialAction\":[{\"@type\":\"CommentAction\",\"name\":\"Comment\",\"target\":[\"https:\\\/\\\/elinformativotam.com\\\/index.php\\\/2022\\\/07\\\/27\\\/expo-regreso-a-clases-altamira-2022-del-15-al-21-de-agosto-en-apoyo-a-la-economia\\\/#respond\"]}]},{\"@type\":\"WebPage\",\"@id\":\"https:\\\/\\\/elinformativotam.com\\\/index.php\\\/2022\\\/07\\\/27\\\/expo-regreso-a-clases-altamira-2022-del-15-al-21-de-agosto-en-apoyo-a-la-economia\\\/\",\"url\":\"https:\\\/\\\/elinformativotam.com\\\/index.php\\\/2022\\\/07\\\/27\\\/expo-regreso-a-clases-altamira-2022-del-15-al-21-de-agosto-en-apoyo-a-la-economia\\\/\",\"name\":\"EXPO REGRESO A CLASES ALTAMIRA 2022 DEL 15 AL 21 DE AGOSTO, EN APOYO A LA ECONOM\u00cdA. - EL INFORMATIVO DE TAMAULIPAS\",\"isPartOf\":{\"@id\":\"https:\\\/\\\/elinformativotam.com\\\/#website\"},\"primaryImageOfPage\":{\"@id\":\"https:\\\/\\\/elinformativotam.com\\\/index.php\\\/2022\\\/07\\\/27\\\/expo-regreso-a-clases-altamira-2022-del-15-al-21-de-agosto-en-apoyo-a-la-economia\\\/#primaryimage\"},\"image\":{\"@id\":\"https:\\\/\\\/elinformativotam.com\\\/index.php\\\/2022\\\/07\\\/27\\\/expo-regreso-a-clases-altamira-2022-del-15-al-21-de-agosto-en-apoyo-a-la-economia\\\/#primaryimage\"},\"thumbnailUrl\":\"https:\\\/\\\/elinformativotam.com\\\/wp-content\\\/uploads\\\/2022\\\/07\\\/expo.jpg\",\"datePublished\":\"2022-07-27T19:24:24+00:00\",\"description\":\"ALTAMIRA, TAM.- Autoridades municipales en coordinaci\u00f3n con empresarios y emprendedores del sur de Tamaulipas, llevaran a cabo la Expo Regreso a Clases\",\"inLanguage\":\"es\",\"potentialAction\":[{\"@type\":\"ReadAction\",\"target\":[\"https:\\\/\\\/elinformativotam.com\\\/index.php\\\/2022\\\/07\\\/27\\\/expo-regreso-a-clases-altamira-2022-del-15-al-21-de-agosto-en-apoyo-a-la-economia\\\/\"]}]},{\"@type\":\"ImageObject\",\"inLanguage\":\"es\",\"@id\":\"https:\\\/\\\/elinformativotam.com\\\/index.php\\\/2022\\\/07\\\/27\\\/expo-regreso-a-clases-altamira-2022-del-15-al-21-de-agosto-en-apoyo-a-la-economia\\\/#primaryimage\",\"url\":\"https:\\\/\\\/elinformativotam.com\\\/wp-content\\\/uploads\\\/2022\\\/07\\\/expo.jpg\",\"contentUrl\":\"https:\\\/\\\/elinformativotam.com\\\/wp-content\\\/uploads\\\/2022\\\/07\\\/expo.jpg\",\"width\":701,\"height\":437},{\"@type\":\"WebSite\",\"@id\":\"https:\\\/\\\/elinformativotam.com\\\/#website\",\"url\":\"https:\\\/\\\/elinformativotam.com\\\/\",\"name\":\"EL INFORMATIVO DE TAMAULIPAS\",\"description\":\"Desde la Zona Metropolitana Para Todo M\u00e9xico\",\"publisher\":{\"@id\":\"https:\\\/\\\/elinformativotam.com\\\/#organization\"},\"potentialAction\":[{\"@type\":\"SearchAction\",\"target\":{\"@type\":\"EntryPoint\",\"urlTemplate\":\"https:\\\/\\\/elinformativotam.com\\\/?s={search_term_string}\"},\"query-input\":{\"@type\":\"PropertyValueSpecification\",\"valueRequired\":true,\"valueName\":\"search_term_string\"}}],\"inLanguage\":\"es\"},{\"@type\":\"Organization\",\"@id\":\"https:\\\/\\\/elinformativotam.com\\\/#organization\",\"name\":\"EL INFORMATIVO DE TAMAULIPAS\",\"url\":\"https:\\\/\\\/elinformativotam.com\\\/\",\"logo\":{\"@type\":\"ImageObject\",\"inLanguage\":\"es\",\"@id\":\"https:\\\/\\\/elinformativotam.com\\\/#\\\/schema\\\/logo\\\/image\\\/\",\"url\":\"https:\\\/\\\/elinformativotam.com\\\/wp-content\\\/uploads\\\/2026\\\/02\\\/Cabezal.png\",\"contentUrl\":\"https:\\\/\\\/elinformativotam.com\\\/wp-content\\\/uploads\\\/2026\\\/02\\\/Cabezal.png\",\"width\":960,\"height\":640,\"caption\":\"EL INFORMATIVO DE TAMAULIPAS\"},\"image\":{\"@id\":\"https:\\\/\\\/elinformativotam.com\\\/#\\\/schema\\\/logo\\\/image\\\/\"}},{\"@type\":\"Person\",\"@id\":\"https:\\\/\\\/elinformativotam.com\\\/#\\\/schema\\\/person\\\/78e08040eed0f6110f0c5f83b6153590\",\"name\":\"El Informativo Tam\",\"image\":{\"@type\":\"ImageObject\",\"inLanguage\":\"es\",\"@id\":\"https:\\\/\\\/secure.gravatar.com\\\/avatar\\\/f3b7ad3af540688955925ac610647be00b0cf41feea9c4978b73a707ee86bc53?s=96&d=mm&r=g\",\"url\":\"https:\\\/\\\/secure.gravatar.com\\\/avatar\\\/f3b7ad3af540688955925ac610647be00b0cf41feea9c4978b73a707ee86bc53?s=96&d=mm&r=g\",\"contentUrl\":\"https:\\\/\\\/secure.gravatar.com\\\/avatar\\\/f3b7ad3af540688955925ac610647be00b0cf41feea9c4978b73a707ee86bc53?s=96&d=mm&r=g\",\"caption\":\"El Informativo Tam\"}}]}<\/script>\n<!-- \/ Yoast SEO plugin. -->","yoast_head_json":{"title":"EXPO REGRESO A CLASES ALTAMIRA 2022 DEL 15 AL 21 DE AGOSTO, EN APOYO A LA ECONOM\u00cdA. - EL INFORMATIVO DE TAMAULIPAS","description":"ALTAMIRA, TAM.- Autoridades municipales en coordinaci\u00f3n con empresarios y emprendedores del sur de Tamaulipas, llevaran a cabo la Expo Regreso a Clases","robots":{"index":"index","follow":"follow","max-snippet":"max-snippet:-1","max-image-preview":"max-image-preview:large","max-video-preview":"max-video-preview:-1"},"canonical":"https:\/\/elinformativotam.com\/index.php\/2022\/07\/27\/expo-regreso-a-clases-altamira-2022-del-15-al-21-de-agosto-en-apoyo-a-la-economia\/","og_locale":"es_MX","og_type":"article","og_title":"EXPO REGRESO A CLASES ALTAMIRA 2022 DEL 15 AL 21 DE AGOSTO, EN APOYO A LA ECONOM\u00cdA. - EL INFORMATIVO DE TAMAULIPAS","og_description":"ALTAMIRA, TAM.- Autoridades municipales en coordinaci\u00f3n con empresarios y emprendedores del sur de Tamaulipas, llevaran a cabo la Expo Regreso a Clases","og_url":"https:\/\/elinformativotam.com\/index.php\/2022\/07\/27\/expo-regreso-a-clases-altamira-2022-del-15-al-21-de-agosto-en-apoyo-a-la-economia\/","og_site_name":"EL INFORMATIVO DE TAMAULIPAS","article_published_time":"2022-07-27T19:24:24+00:00","og_image":[{"width":701,"height":437,"url":"https:\/\/elinformativotam.com\/wp-content\/uploads\/2022\/07\/expo.jpg","type":"image\/jpeg"}],"author":"El Informativo Tam","twitter_card":"summary_large_image","twitter_misc":{"Escrito por":"El Informativo Tam","Tiempo de lectura":"2 minutos"},"schema":{"@context":"https:\/\/schema.org","@graph":[{"@type":"Article","@id":"https:\/\/elinformativotam.com\/index.php\/2022\/07\/27\/expo-regreso-a-clases-altamira-2022-del-15-al-21-de-agosto-en-apoyo-a-la-economia\/#article","isPartOf":{"@id":"https:\/\/elinformativotam.com\/index.php\/2022\/07\/27\/expo-regreso-a-clases-altamira-2022-del-15-al-21-de-agosto-en-apoyo-a-la-economia\/"},"author":{"name":"El Informativo Tam","@id":"https:\/\/elinformativotam.com\/#\/schema\/person\/78e08040eed0f6110f0c5f83b6153590"},"headline":"EXPO REGRESO A CLASES ALTAMIRA 2022 DEL 15 AL 21 DE AGOSTO, EN APOYO A LA ECONOM\u00cdA.","datePublished":"2022-07-27T19:24:24+00:00","mainEntityOfPage":{"@id":"https:\/\/elinformativotam.com\/index.php\/2022\/07\/27\/expo-regreso-a-clases-altamira-2022-del-15-al-21-de-agosto-en-apoyo-a-la-economia\/"},"wordCount":307,"commentCount":0,"publisher":{"@id":"https:\/\/elinformativotam.com\/#organization"},"image":{"@id":"https:\/\/elinformativotam.com\/index.php\/2022\/07\/27\/expo-regreso-a-clases-altamira-2022-del-15-al-21-de-agosto-en-apoyo-a-la-economia\/#primaryimage"},"thumbnailUrl":"https:\/\/elinformativotam.com\/wp-content\/uploads\/2022\/07\/expo.jpg","articleSection":["Altamira"],"inLanguage":"es","potentialAction":[{"@type":"CommentAction","name":"Comment","target":["https:\/\/elinformativotam.com\/index.php\/2022\/07\/27\/expo-regreso-a-clases-altamira-2022-del-15-al-21-de-agosto-en-apoyo-a-la-economia\/#respond"]}]},{"@type":"WebPage","@id":"https:\/\/elinformativotam.com\/index.php\/2022\/07\/27\/expo-regreso-a-clases-altamira-2022-del-15-al-21-de-agosto-en-apoyo-a-la-economia\/","url":"https:\/\/elinformativotam.com\/index.php\/2022\/07\/27\/expo-regreso-a-clases-altamira-2022-del-15-al-21-de-agosto-en-apoyo-a-la-economia\/","name":"EXPO REGRESO A CLASES ALTAMIRA 2022 DEL 15 AL 21 DE AGOSTO, EN APOYO A LA ECONOM\u00cdA. - EL INFORMATIVO DE TAMAULIPAS","isPartOf":{"@id":"https:\/\/elinformativotam.com\/#website"},"primaryImageOfPage":{"@id":"https:\/\/elinformativotam.com\/index.php\/2022\/07\/27\/expo-regreso-a-clases-altamira-2022-del-15-al-21-de-agosto-en-apoyo-a-la-economia\/#primaryimage"},"image":{"@id":"https:\/\/elinformativotam.com\/index.php\/2022\/07\/27\/expo-regreso-a-clases-altamira-2022-del-15-al-21-de-agosto-en-apoyo-a-la-economia\/#primaryimage"},"thumbnailUrl":"https:\/\/elinformativotam.com\/wp-content\/uploads\/2022\/07\/expo.jpg","datePublished":"2022-07-27T19:24:24+00:00","description":"ALTAMIRA, TAM.- Autoridades municipales en coordinaci\u00f3n con empresarios y emprendedores del sur de Tamaulipas, llevaran a cabo la Expo Regreso a Clases","inLanguage":"es","potentialAction":[{"@type":"ReadAction","target":["https:\/\/elinformativotam.com\/index.php\/2022\/07\/27\/expo-regreso-a-clases-altamira-2022-del-15-al-21-de-agosto-en-apoyo-a-la-economia\/"]}]},{"@type":"ImageObject","inLanguage":"es","@id":"https:\/\/elinformativotam.com\/index.php\/2022\/07\/27\/expo-regreso-a-clases-altamira-2022-del-15-al-21-de-agosto-en-apoyo-a-la-economia\/#primaryimage","url":"https:\/\/elinformativotam.com\/wp-content\/uploads\/2022\/07\/expo.jpg","contentUrl":"https:\/\/elinformativotam.com\/wp-content\/uploads\/2022\/07\/expo.jpg","width":701,"height":437},{"@type":"WebSite","@id":"https:\/\/elinformativotam.com\/#website","url":"https:\/\/elinformativotam.com\/","name":"EL INFORMATIVO DE TAMAULIPAS","description":"Desde la Zona Metropolitana Para Todo M\u00e9xico","publisher":{"@id":"https:\/\/elinformativotam.com\/#organization"},"potentialAction":[{"@type":"SearchAction","target":{"@type":"EntryPoint","urlTemplate":"https:\/\/elinformativotam.com\/?s={search_term_string}"},"query-input":{"@type":"PropertyValueSpecification","valueRequired":true,"valueName":"search_term_string"}}],"inLanguage":"es"},{"@type":"Organization","@id":"https:\/\/elinformativotam.com\/#organization","name":"EL INFORMATIVO DE TAMAULIPAS","url":"https:\/\/elinformativotam.com\/","logo":{"@type":"ImageObject","inLanguage":"es","@id":"https:\/\/elinformativotam.com\/#\/schema\/logo\/image\/","url":"https:\/\/elinformativotam.com\/wp-content\/uploads\/2026\/02\/Cabezal.png","contentUrl":"https:\/\/elinformativotam.com\/wp-content\/uploads\/2026\/02\/Cabezal.png","width":960,"height":640,"caption":"EL INFORMATIVO DE TAMAULIPAS"},"image":{"@id":"https:\/\/elinformativotam.com\/#\/schema\/logo\/image\/"}},{"@type":"Person","@id":"https:\/\/elinformativotam.com\/#\/schema\/person\/78e08040eed0f6110f0c5f83b6153590","name":"El Informativo Tam","image":{"@type":"ImageObject","inLanguage":"es","@id":"https:\/\/secure.gravatar.com\/avatar\/f3b7ad3af540688955925ac610647be00b0cf41feea9c4978b73a707ee86bc53?s=96&d=mm&r=g","url":"https:\/\/secure.gravatar.com\/avatar\/f3b7ad3af540688955925ac610647be00b0cf41feea9c4978b73a707ee86bc53?s=96&d=mm&r=g","contentUrl":"https:\/\/secure.gravatar.com\/avatar\/f3b7ad3af540688955925ac610647be00b0cf41feea9c4978b73a707ee86bc53?s=96&d=mm&r=g","caption":"El Informativo Tam"}}]}},"_links":{"self":[{"href":"https:\/\/elinformativotam.com\/index.php\/wp-json\/wp\/v2\/posts\/33579","targetHints":{"allow":["GET"]}}],"collection":[{"href":"https:\/\/elinformativotam.com\/index.php\/wp-json\/wp\/v2\/posts"}],"about":[{"href":"https:\/\/elinformativotam.com\/index.php\/wp-json\/wp\/v2\/types\/post"}],"author":[{"embeddable":true,"href":"https:\/\/elinformativotam.com\/index.php\/wp-json\/wp\/v2\/users\/1"}],"replies":[{"embeddable":true,"href":"https:\/\/elinformativotam.com\/index.php\/wp-json\/wp\/v2\/comments?post=33579"}],"version-history":[{"count":1,"href":"https:\/\/elinformativotam.com\/index.php\/wp-json\/wp\/v2\/posts\/33579\/revisions"}],"predecessor-version":[{"id":33581,"href":"https:\/\/elinformativotam.com\/index.php\/wp-json\/wp\/v2\/posts\/33579\/revisions\/33581"}],"wp:featuredmedia":[{"embeddable":true,"href":"https:\/\/elinformativotam.com\/index.php\/wp-json\/wp\/v2\/media\/33580"}],"wp:attachment":[{"href":"https:\/\/elinformativotam.com\/index.php\/wp-json\/wp\/v2\/media?parent=33579"}],"wp:term":[{"taxonomy":"category","embeddable":true,"href":"https:\/\/elinformativotam.com\/index.php\/wp-json\/wp\/v2\/categories?post=33579"},{"taxonomy":"post_tag","embeddable":true,"href":"https:\/\/elinformativotam.com\/index.php\/wp-json\/wp\/v2\/tags?post=33579"}],"curies":[{"name":"wp","href":"https:\/\/api.w.org\/{rel}","templated":true}]}}