{"id":32751,"date":"2022-07-01T16:02:28","date_gmt":"2022-07-01T22:02:28","guid":{"rendered":"https:\/\/elinformativotam.com\/?p=32751"},"modified":"2022-07-01T16:02:28","modified_gmt":"2022-07-01T22:02:28","slug":"recoleccion-especial-busca-evitar-se-arrojen-colchones-y-muebles-a-canales","status":"publish","type":"post","link":"https:\/\/elinformativotam.com\/index.php\/2022\/07\/01\/recoleccion-especial-busca-evitar-se-arrojen-colchones-y-muebles-a-canales\/","title":{"rendered":"RECOLECCI\u00d3N ESPECIAL BUSCA EVITAR SE ARROJEN COLCHONES Y MUEBLES A CANALES."},"content":{"rendered":"<p><em>Cd. Madero, Tamaulipas.- Se tiene en Madero una unidad especial para recolectar muebles y colchones, para evitar que estos vayan a dar a los canales a cielo abierto.<\/em><\/p>\n<p><em>\u00a0<\/em><\/p>\n<p><em>Zamir Shahin Zamudio, director de Servicios P\u00fablicos, dijo que para solicitar el servicio, las personas pueden hablar al \u00e1rea de atenci\u00f3n ciudadana, a fin de que se canalice el llamado al \u00e1rea correspondiente.<\/em><\/p>\n<p><em>\u00a0<\/em><\/p>\n<p><em>&#8220;Tenemos una unidad especial que recoge este tipo de basura especial ya sea en canales camellones o alguna esquina, si nos damos a la tarea para ir y tenemos coordinaci\u00f3n con el director de canales&#8221;.<\/em><\/p>\n<p><em>\u00a0<\/em><\/p>\n<p><em>Indic\u00f3 que con estas acciones se evita que estos desechos vayan a dar a la laguna y puedan afectar durante las lluvias.<\/em><\/p>\n<p><em>\u00a0<\/em><\/p>\n<p><em>Zamir Shahin, pidi\u00f3 a la ciudadan\u00eda denunciar a cualquier particular que intente hacer este tipo de actividad en alguna laguna o canal.<\/em><\/p>\n<p><em>\u00a0<\/em><\/p>\n<p><em>A\u00f1adi\u00f3 que es necesario que la poblaci\u00f3n evite caer en esta situaci\u00f3n, pues gracias al trabajo que se hace, se ha logrado que el agua baje muy r\u00e1pido, pues los canales fluyen correctamente.<\/em><\/p>\n","protected":false},"excerpt":{"rendered":"<p>Cd. Madero, Tamaulipas.- Se tiene en Madero una unidad especial para recolectar muebles y colchones, para evitar que estos vayan&hellip;<\/p>\n","protected":false},"author":1,"featured_media":32752,"comment_status":"open","ping_status":"open","sticky":false,"template":"","format":"standard","meta":{"footnotes":""},"categories":[4],"tags":[],"class_list":["post-32751","post","type-post","status-publish","format-standard","has-post-thumbnail","hentry","category-madero"],"yoast_head":"<!-- This site is optimized with the Yoast SEO plugin v27.4 - https:\/\/yoast.com\/product\/yoast-seo-wordpress\/ -->\n<title>RECOLECCI\u00d3N ESPECIAL BUSCA EVITAR SE ARROJEN COLCHONES Y MUEBLES A CANALES. - EL INFORMATIVO DE TAMAULIPAS<\/title>\n<meta name=\"description\" content=\"Cd. Madero, Tamaulipas.- Se tiene en Madero una unidad especial para recolectar muebles y colchones, para evitar que estos vayan a dar a los canales a\" \/>\n<meta name=\"robots\" content=\"index, follow, max-snippet:-1, max-image-preview:large, max-video-preview:-1\" \/>\n<link rel=\"canonical\" href=\"https:\/\/elinformativotam.com\/index.php\/2022\/07\/01\/recoleccion-especial-busca-evitar-se-arrojen-colchones-y-muebles-a-canales\/\" \/>\n<meta property=\"og:locale\" content=\"es_MX\" \/>\n<meta property=\"og:type\" content=\"article\" \/>\n<meta property=\"og:title\" content=\"RECOLECCI\u00d3N ESPECIAL BUSCA EVITAR SE ARROJEN COLCHONES Y MUEBLES A CANALES. - EL INFORMATIVO DE TAMAULIPAS\" \/>\n<meta property=\"og:description\" content=\"Cd. Madero, Tamaulipas.- Se tiene en Madero una unidad especial para recolectar muebles y colchones, para evitar que estos vayan a dar a los canales a\" \/>\n<meta property=\"og:url\" content=\"https:\/\/elinformativotam.com\/index.php\/2022\/07\/01\/recoleccion-especial-busca-evitar-se-arrojen-colchones-y-muebles-a-canales\/\" \/>\n<meta property=\"og:site_name\" content=\"EL INFORMATIVO DE TAMAULIPAS\" \/>\n<meta property=\"article:published_time\" content=\"2022-07-01T22:02:28+00:00\" \/>\n<meta property=\"og:image\" content=\"https:\/\/elinformativotam.com\/wp-content\/uploads\/2022\/07\/Samir.jpg\" \/>\n\t<meta property=\"og:image:width\" content=\"1040\" \/>\n\t<meta property=\"og:image:height\" content=\"500\" \/>\n\t<meta property=\"og:image:type\" content=\"image\/jpeg\" \/>\n<meta name=\"author\" content=\"El Informativo Tam\" \/>\n<meta name=\"twitter:card\" content=\"summary_large_image\" \/>\n<meta name=\"twitter:label1\" content=\"Escrito por\" \/>\n\t<meta name=\"twitter:data1\" content=\"El Informativo Tam\" \/>\n\t<meta name=\"twitter:label2\" content=\"Tiempo de lectura\" \/>\n\t<meta name=\"twitter:data2\" content=\"1 minuto\" \/>\n<script type=\"application\/ld+json\" class=\"yoast-schema-graph\">{\"@context\":\"https:\\\/\\\/schema.org\",\"@graph\":[{\"@type\":\"Article\",\"@id\":\"https:\\\/\\\/elinformativotam.com\\\/index.php\\\/2022\\\/07\\\/01\\\/recoleccion-especial-busca-evitar-se-arrojen-colchones-y-muebles-a-canales\\\/#article\",\"isPartOf\":{\"@id\":\"https:\\\/\\\/elinformativotam.com\\\/index.php\\\/2022\\\/07\\\/01\\\/recoleccion-especial-busca-evitar-se-arrojen-colchones-y-muebles-a-canales\\\/\"},\"author\":{\"name\":\"El Informativo Tam\",\"@id\":\"https:\\\/\\\/elinformativotam.com\\\/#\\\/schema\\\/person\\\/78e08040eed0f6110f0c5f83b6153590\"},\"headline\":\"RECOLECCI\u00d3N ESPECIAL BUSCA EVITAR SE ARROJEN COLCHONES Y MUEBLES A CANALES.\",\"datePublished\":\"2022-07-01T22:02:28+00:00\",\"mainEntityOfPage\":{\"@id\":\"https:\\\/\\\/elinformativotam.com\\\/index.php\\\/2022\\\/07\\\/01\\\/recoleccion-especial-busca-evitar-se-arrojen-colchones-y-muebles-a-canales\\\/\"},\"wordCount\":194,\"commentCount\":0,\"publisher\":{\"@id\":\"https:\\\/\\\/elinformativotam.com\\\/#organization\"},\"image\":{\"@id\":\"https:\\\/\\\/elinformativotam.com\\\/index.php\\\/2022\\\/07\\\/01\\\/recoleccion-especial-busca-evitar-se-arrojen-colchones-y-muebles-a-canales\\\/#primaryimage\"},\"thumbnailUrl\":\"https:\\\/\\\/elinformativotam.com\\\/wp-content\\\/uploads\\\/2022\\\/07\\\/Samir.jpg\",\"articleSection\":[\"Cd Madero\"],\"inLanguage\":\"es\",\"potentialAction\":[{\"@type\":\"CommentAction\",\"name\":\"Comment\",\"target\":[\"https:\\\/\\\/elinformativotam.com\\\/index.php\\\/2022\\\/07\\\/01\\\/recoleccion-especial-busca-evitar-se-arrojen-colchones-y-muebles-a-canales\\\/#respond\"]}]},{\"@type\":\"WebPage\",\"@id\":\"https:\\\/\\\/elinformativotam.com\\\/index.php\\\/2022\\\/07\\\/01\\\/recoleccion-especial-busca-evitar-se-arrojen-colchones-y-muebles-a-canales\\\/\",\"url\":\"https:\\\/\\\/elinformativotam.com\\\/index.php\\\/2022\\\/07\\\/01\\\/recoleccion-especial-busca-evitar-se-arrojen-colchones-y-muebles-a-canales\\\/\",\"name\":\"RECOLECCI\u00d3N ESPECIAL BUSCA EVITAR SE ARROJEN COLCHONES Y MUEBLES A CANALES. - EL INFORMATIVO DE TAMAULIPAS\",\"isPartOf\":{\"@id\":\"https:\\\/\\\/elinformativotam.com\\\/#website\"},\"primaryImageOfPage\":{\"@id\":\"https:\\\/\\\/elinformativotam.com\\\/index.php\\\/2022\\\/07\\\/01\\\/recoleccion-especial-busca-evitar-se-arrojen-colchones-y-muebles-a-canales\\\/#primaryimage\"},\"image\":{\"@id\":\"https:\\\/\\\/elinformativotam.com\\\/index.php\\\/2022\\\/07\\\/01\\\/recoleccion-especial-busca-evitar-se-arrojen-colchones-y-muebles-a-canales\\\/#primaryimage\"},\"thumbnailUrl\":\"https:\\\/\\\/elinformativotam.com\\\/wp-content\\\/uploads\\\/2022\\\/07\\\/Samir.jpg\",\"datePublished\":\"2022-07-01T22:02:28+00:00\",\"description\":\"Cd. Madero, Tamaulipas.- Se tiene en Madero una unidad especial para recolectar muebles y colchones, para evitar que estos vayan a dar a los canales a\",\"inLanguage\":\"es\",\"potentialAction\":[{\"@type\":\"ReadAction\",\"target\":[\"https:\\\/\\\/elinformativotam.com\\\/index.php\\\/2022\\\/07\\\/01\\\/recoleccion-especial-busca-evitar-se-arrojen-colchones-y-muebles-a-canales\\\/\"]}]},{\"@type\":\"ImageObject\",\"inLanguage\":\"es\",\"@id\":\"https:\\\/\\\/elinformativotam.com\\\/index.php\\\/2022\\\/07\\\/01\\\/recoleccion-especial-busca-evitar-se-arrojen-colchones-y-muebles-a-canales\\\/#primaryimage\",\"url\":\"https:\\\/\\\/elinformativotam.com\\\/wp-content\\\/uploads\\\/2022\\\/07\\\/Samir.jpg\",\"contentUrl\":\"https:\\\/\\\/elinformativotam.com\\\/wp-content\\\/uploads\\\/2022\\\/07\\\/Samir.jpg\",\"width\":1040,\"height\":500},{\"@type\":\"WebSite\",\"@id\":\"https:\\\/\\\/elinformativotam.com\\\/#website\",\"url\":\"https:\\\/\\\/elinformativotam.com\\\/\",\"name\":\"EL INFORMATIVO DE TAMAULIPAS\",\"description\":\"Desde la Zona Metropolitana Para Todo M\u00e9xico\",\"publisher\":{\"@id\":\"https:\\\/\\\/elinformativotam.com\\\/#organization\"},\"potentialAction\":[{\"@type\":\"SearchAction\",\"target\":{\"@type\":\"EntryPoint\",\"urlTemplate\":\"https:\\\/\\\/elinformativotam.com\\\/?s={search_term_string}\"},\"query-input\":{\"@type\":\"PropertyValueSpecification\",\"valueRequired\":true,\"valueName\":\"search_term_string\"}}],\"inLanguage\":\"es\"},{\"@type\":\"Organization\",\"@id\":\"https:\\\/\\\/elinformativotam.com\\\/#organization\",\"name\":\"EL INFORMATIVO DE TAMAULIPAS\",\"url\":\"https:\\\/\\\/elinformativotam.com\\\/\",\"logo\":{\"@type\":\"ImageObject\",\"inLanguage\":\"es\",\"@id\":\"https:\\\/\\\/elinformativotam.com\\\/#\\\/schema\\\/logo\\\/image\\\/\",\"url\":\"https:\\\/\\\/elinformativotam.com\\\/wp-content\\\/uploads\\\/2026\\\/02\\\/Cabezal.png\",\"contentUrl\":\"https:\\\/\\\/elinformativotam.com\\\/wp-content\\\/uploads\\\/2026\\\/02\\\/Cabezal.png\",\"width\":960,\"height\":640,\"caption\":\"EL INFORMATIVO DE TAMAULIPAS\"},\"image\":{\"@id\":\"https:\\\/\\\/elinformativotam.com\\\/#\\\/schema\\\/logo\\\/image\\\/\"}},{\"@type\":\"Person\",\"@id\":\"https:\\\/\\\/elinformativotam.com\\\/#\\\/schema\\\/person\\\/78e08040eed0f6110f0c5f83b6153590\",\"name\":\"El Informativo Tam\",\"image\":{\"@type\":\"ImageObject\",\"inLanguage\":\"es\",\"@id\":\"https:\\\/\\\/secure.gravatar.com\\\/avatar\\\/f3b7ad3af540688955925ac610647be00b0cf41feea9c4978b73a707ee86bc53?s=96&d=mm&r=g\",\"url\":\"https:\\\/\\\/secure.gravatar.com\\\/avatar\\\/f3b7ad3af540688955925ac610647be00b0cf41feea9c4978b73a707ee86bc53?s=96&d=mm&r=g\",\"contentUrl\":\"https:\\\/\\\/secure.gravatar.com\\\/avatar\\\/f3b7ad3af540688955925ac610647be00b0cf41feea9c4978b73a707ee86bc53?s=96&d=mm&r=g\",\"caption\":\"El Informativo Tam\"}}]}<\/script>\n<!-- \/ Yoast SEO plugin. -->","yoast_head_json":{"title":"RECOLECCI\u00d3N ESPECIAL BUSCA EVITAR SE ARROJEN COLCHONES Y MUEBLES A CANALES. - EL INFORMATIVO DE TAMAULIPAS","description":"Cd. Madero, Tamaulipas.- Se tiene en Madero una unidad especial para recolectar muebles y colchones, para evitar que estos vayan a dar a los canales a","robots":{"index":"index","follow":"follow","max-snippet":"max-snippet:-1","max-image-preview":"max-image-preview:large","max-video-preview":"max-video-preview:-1"},"canonical":"https:\/\/elinformativotam.com\/index.php\/2022\/07\/01\/recoleccion-especial-busca-evitar-se-arrojen-colchones-y-muebles-a-canales\/","og_locale":"es_MX","og_type":"article","og_title":"RECOLECCI\u00d3N ESPECIAL BUSCA EVITAR SE ARROJEN COLCHONES Y MUEBLES A CANALES. - EL INFORMATIVO DE TAMAULIPAS","og_description":"Cd. Madero, Tamaulipas.- Se tiene en Madero una unidad especial para recolectar muebles y colchones, para evitar que estos vayan a dar a los canales a","og_url":"https:\/\/elinformativotam.com\/index.php\/2022\/07\/01\/recoleccion-especial-busca-evitar-se-arrojen-colchones-y-muebles-a-canales\/","og_site_name":"EL INFORMATIVO DE TAMAULIPAS","article_published_time":"2022-07-01T22:02:28+00:00","og_image":[{"width":1040,"height":500,"url":"https:\/\/elinformativotam.com\/wp-content\/uploads\/2022\/07\/Samir.jpg","type":"image\/jpeg"}],"author":"El Informativo Tam","twitter_card":"summary_large_image","twitter_misc":{"Escrito por":"El Informativo Tam","Tiempo de lectura":"1 minuto"},"schema":{"@context":"https:\/\/schema.org","@graph":[{"@type":"Article","@id":"https:\/\/elinformativotam.com\/index.php\/2022\/07\/01\/recoleccion-especial-busca-evitar-se-arrojen-colchones-y-muebles-a-canales\/#article","isPartOf":{"@id":"https:\/\/elinformativotam.com\/index.php\/2022\/07\/01\/recoleccion-especial-busca-evitar-se-arrojen-colchones-y-muebles-a-canales\/"},"author":{"name":"El Informativo Tam","@id":"https:\/\/elinformativotam.com\/#\/schema\/person\/78e08040eed0f6110f0c5f83b6153590"},"headline":"RECOLECCI\u00d3N ESPECIAL BUSCA EVITAR SE ARROJEN COLCHONES Y MUEBLES A CANALES.","datePublished":"2022-07-01T22:02:28+00:00","mainEntityOfPage":{"@id":"https:\/\/elinformativotam.com\/index.php\/2022\/07\/01\/recoleccion-especial-busca-evitar-se-arrojen-colchones-y-muebles-a-canales\/"},"wordCount":194,"commentCount":0,"publisher":{"@id":"https:\/\/elinformativotam.com\/#organization"},"image":{"@id":"https:\/\/elinformativotam.com\/index.php\/2022\/07\/01\/recoleccion-especial-busca-evitar-se-arrojen-colchones-y-muebles-a-canales\/#primaryimage"},"thumbnailUrl":"https:\/\/elinformativotam.com\/wp-content\/uploads\/2022\/07\/Samir.jpg","articleSection":["Cd Madero"],"inLanguage":"es","potentialAction":[{"@type":"CommentAction","name":"Comment","target":["https:\/\/elinformativotam.com\/index.php\/2022\/07\/01\/recoleccion-especial-busca-evitar-se-arrojen-colchones-y-muebles-a-canales\/#respond"]}]},{"@type":"WebPage","@id":"https:\/\/elinformativotam.com\/index.php\/2022\/07\/01\/recoleccion-especial-busca-evitar-se-arrojen-colchones-y-muebles-a-canales\/","url":"https:\/\/elinformativotam.com\/index.php\/2022\/07\/01\/recoleccion-especial-busca-evitar-se-arrojen-colchones-y-muebles-a-canales\/","name":"RECOLECCI\u00d3N ESPECIAL BUSCA EVITAR SE ARROJEN COLCHONES Y MUEBLES A CANALES. - EL INFORMATIVO DE TAMAULIPAS","isPartOf":{"@id":"https:\/\/elinformativotam.com\/#website"},"primaryImageOfPage":{"@id":"https:\/\/elinformativotam.com\/index.php\/2022\/07\/01\/recoleccion-especial-busca-evitar-se-arrojen-colchones-y-muebles-a-canales\/#primaryimage"},"image":{"@id":"https:\/\/elinformativotam.com\/index.php\/2022\/07\/01\/recoleccion-especial-busca-evitar-se-arrojen-colchones-y-muebles-a-canales\/#primaryimage"},"thumbnailUrl":"https:\/\/elinformativotam.com\/wp-content\/uploads\/2022\/07\/Samir.jpg","datePublished":"2022-07-01T22:02:28+00:00","description":"Cd. Madero, Tamaulipas.- Se tiene en Madero una unidad especial para recolectar muebles y colchones, para evitar que estos vayan a dar a los canales a","inLanguage":"es","potentialAction":[{"@type":"ReadAction","target":["https:\/\/elinformativotam.com\/index.php\/2022\/07\/01\/recoleccion-especial-busca-evitar-se-arrojen-colchones-y-muebles-a-canales\/"]}]},{"@type":"ImageObject","inLanguage":"es","@id":"https:\/\/elinformativotam.com\/index.php\/2022\/07\/01\/recoleccion-especial-busca-evitar-se-arrojen-colchones-y-muebles-a-canales\/#primaryimage","url":"https:\/\/elinformativotam.com\/wp-content\/uploads\/2022\/07\/Samir.jpg","contentUrl":"https:\/\/elinformativotam.com\/wp-content\/uploads\/2022\/07\/Samir.jpg","width":1040,"height":500},{"@type":"WebSite","@id":"https:\/\/elinformativotam.com\/#website","url":"https:\/\/elinformativotam.com\/","name":"EL INFORMATIVO DE TAMAULIPAS","description":"Desde la Zona Metropolitana Para Todo M\u00e9xico","publisher":{"@id":"https:\/\/elinformativotam.com\/#organization"},"potentialAction":[{"@type":"SearchAction","target":{"@type":"EntryPoint","urlTemplate":"https:\/\/elinformativotam.com\/?s={search_term_string}"},"query-input":{"@type":"PropertyValueSpecification","valueRequired":true,"valueName":"search_term_string"}}],"inLanguage":"es"},{"@type":"Organization","@id":"https:\/\/elinformativotam.com\/#organization","name":"EL INFORMATIVO DE TAMAULIPAS","url":"https:\/\/elinformativotam.com\/","logo":{"@type":"ImageObject","inLanguage":"es","@id":"https:\/\/elinformativotam.com\/#\/schema\/logo\/image\/","url":"https:\/\/elinformativotam.com\/wp-content\/uploads\/2026\/02\/Cabezal.png","contentUrl":"https:\/\/elinformativotam.com\/wp-content\/uploads\/2026\/02\/Cabezal.png","width":960,"height":640,"caption":"EL INFORMATIVO DE TAMAULIPAS"},"image":{"@id":"https:\/\/elinformativotam.com\/#\/schema\/logo\/image\/"}},{"@type":"Person","@id":"https:\/\/elinformativotam.com\/#\/schema\/person\/78e08040eed0f6110f0c5f83b6153590","name":"El Informativo Tam","image":{"@type":"ImageObject","inLanguage":"es","@id":"https:\/\/secure.gravatar.com\/avatar\/f3b7ad3af540688955925ac610647be00b0cf41feea9c4978b73a707ee86bc53?s=96&d=mm&r=g","url":"https:\/\/secure.gravatar.com\/avatar\/f3b7ad3af540688955925ac610647be00b0cf41feea9c4978b73a707ee86bc53?s=96&d=mm&r=g","contentUrl":"https:\/\/secure.gravatar.com\/avatar\/f3b7ad3af540688955925ac610647be00b0cf41feea9c4978b73a707ee86bc53?s=96&d=mm&r=g","caption":"El Informativo Tam"}}]}},"_links":{"self":[{"href":"https:\/\/elinformativotam.com\/index.php\/wp-json\/wp\/v2\/posts\/32751","targetHints":{"allow":["GET"]}}],"collection":[{"href":"https:\/\/elinformativotam.com\/index.php\/wp-json\/wp\/v2\/posts"}],"about":[{"href":"https:\/\/elinformativotam.com\/index.php\/wp-json\/wp\/v2\/types\/post"}],"author":[{"embeddable":true,"href":"https:\/\/elinformativotam.com\/index.php\/wp-json\/wp\/v2\/users\/1"}],"replies":[{"embeddable":true,"href":"https:\/\/elinformativotam.com\/index.php\/wp-json\/wp\/v2\/comments?post=32751"}],"version-history":[{"count":1,"href":"https:\/\/elinformativotam.com\/index.php\/wp-json\/wp\/v2\/posts\/32751\/revisions"}],"predecessor-version":[{"id":32753,"href":"https:\/\/elinformativotam.com\/index.php\/wp-json\/wp\/v2\/posts\/32751\/revisions\/32753"}],"wp:featuredmedia":[{"embeddable":true,"href":"https:\/\/elinformativotam.com\/index.php\/wp-json\/wp\/v2\/media\/32752"}],"wp:attachment":[{"href":"https:\/\/elinformativotam.com\/index.php\/wp-json\/wp\/v2\/media?parent=32751"}],"wp:term":[{"taxonomy":"category","embeddable":true,"href":"https:\/\/elinformativotam.com\/index.php\/wp-json\/wp\/v2\/categories?post=32751"},{"taxonomy":"post_tag","embeddable":true,"href":"https:\/\/elinformativotam.com\/index.php\/wp-json\/wp\/v2\/tags?post=32751"}],"curies":[{"name":"wp","href":"https:\/\/api.w.org\/{rel}","templated":true}]}}