{"id":32744,"date":"2022-07-01T13:48:29","date_gmt":"2022-07-01T19:48:29","guid":{"rendered":"https:\/\/elinformativotam.com\/?p=32744"},"modified":"2022-07-01T13:48:29","modified_gmt":"2022-07-01T19:48:29","slug":"fallece-hija-de-reportero-baleado-en-cd-victoria","status":"publish","type":"post","link":"https:\/\/elinformativotam.com\/index.php\/2022\/07\/01\/fallece-hija-de-reportero-baleado-en-cd-victoria\/","title":{"rendered":"FALLECE HIJA DE REPORTERO BALEADO EN CD. VICTORIA"},"content":{"rendered":"<p><em>La hija de Antonio de la Cruz, periodista asesinado el pasado mi\u00e9rcoles afuera de su casa en Ciudad Victoria, falleci\u00f3 en el hospital la tarde de este viernes, confirmaron fuentes familiares.<\/em><\/p>\n<p><em>\u00a0<\/em><\/p>\n<p><em>Cynthia, de 23 a\u00f1os de edad, se convierte en la segunda v\u00edctima mortal del atentado registrado la ma\u00f1ana del mi\u00e9rcoles afuera de la casa de los occisos en el fraccionamiento Puertas de Tamat\u00e1n de la capital Tamaulipeca.<\/em><\/p>\n<p><em>\u00a0<\/em><\/p>\n<p><em>La joven recibi\u00f3 uno de los impacto de bala calibre 40 mil\u00edmetros que a la\u00a0 postre acabaron con su existencia y la de su padre.<\/em><\/p>\n<p><em>\u00a0<\/em><\/p>\n<p><em>Las autoridades de la Secretar\u00eda de Salud hab\u00edan comentado que se luchaba en salvarle la vida a la joven, sin embargo, su estado siempre fue reportado como grave.<\/em><\/p>\n","protected":false},"excerpt":{"rendered":"<p>La hija de Antonio de la Cruz, periodista asesinado el pasado mi\u00e9rcoles afuera de su casa en Ciudad Victoria, falleci\u00f3&hellip;<\/p>\n","protected":false},"author":1,"featured_media":32745,"comment_status":"open","ping_status":"open","sticky":false,"template":"","format":"standard","meta":{"footnotes":""},"categories":[6],"tags":[],"class_list":["post-32744","post","type-post","status-publish","format-standard","has-post-thumbnail","hentry","category-tamaulipas"],"yoast_head":"<!-- This site is optimized with the Yoast SEO plugin v27.4 - https:\/\/yoast.com\/product\/yoast-seo-wordpress\/ -->\n<title>FALLECE HIJA DE REPORTERO BALEADO EN CD. VICTORIA - EL INFORMATIVO DE TAMAULIPAS<\/title>\n<meta name=\"description\" content=\"La hija de Antonio de la Cruz, periodista asesinado el pasado mi\u00e9rcoles afuera de su casa en Ciudad Victoria, falleci\u00f3 en el hospital la tarde de este\" \/>\n<meta name=\"robots\" content=\"index, follow, max-snippet:-1, max-image-preview:large, max-video-preview:-1\" \/>\n<link rel=\"canonical\" href=\"https:\/\/elinformativotam.com\/index.php\/2022\/07\/01\/fallece-hija-de-reportero-baleado-en-cd-victoria\/\" \/>\n<meta property=\"og:locale\" content=\"es_MX\" \/>\n<meta property=\"og:type\" content=\"article\" \/>\n<meta property=\"og:title\" content=\"FALLECE HIJA DE REPORTERO BALEADO EN CD. VICTORIA - EL INFORMATIVO DE TAMAULIPAS\" \/>\n<meta property=\"og:description\" content=\"La hija de Antonio de la Cruz, periodista asesinado el pasado mi\u00e9rcoles afuera de su casa en Ciudad Victoria, falleci\u00f3 en el hospital la tarde de este\" \/>\n<meta property=\"og:url\" content=\"https:\/\/elinformativotam.com\/index.php\/2022\/07\/01\/fallece-hija-de-reportero-baleado-en-cd-victoria\/\" \/>\n<meta property=\"og:site_name\" content=\"EL INFORMATIVO DE TAMAULIPAS\" \/>\n<meta property=\"article:published_time\" content=\"2022-07-01T19:48:29+00:00\" \/>\n<meta property=\"og:image\" content=\"https:\/\/elinformativotam.com\/wp-content\/uploads\/2022\/07\/Priodista.jpg\" \/>\n\t<meta property=\"og:image:width\" content=\"1080\" \/>\n\t<meta property=\"og:image:height\" content=\"607\" \/>\n\t<meta property=\"og:image:type\" content=\"image\/jpeg\" \/>\n<meta name=\"author\" content=\"El Informativo Tam\" \/>\n<meta name=\"twitter:card\" content=\"summary_large_image\" \/>\n<meta name=\"twitter:label1\" content=\"Escrito por\" \/>\n\t<meta name=\"twitter:data1\" content=\"El Informativo Tam\" \/>\n\t<meta name=\"twitter:label2\" content=\"Tiempo de lectura\" \/>\n\t<meta name=\"twitter:data2\" content=\"1 minuto\" \/>\n<script type=\"application\/ld+json\" class=\"yoast-schema-graph\">{\"@context\":\"https:\\\/\\\/schema.org\",\"@graph\":[{\"@type\":\"Article\",\"@id\":\"https:\\\/\\\/elinformativotam.com\\\/index.php\\\/2022\\\/07\\\/01\\\/fallece-hija-de-reportero-baleado-en-cd-victoria\\\/#article\",\"isPartOf\":{\"@id\":\"https:\\\/\\\/elinformativotam.com\\\/index.php\\\/2022\\\/07\\\/01\\\/fallece-hija-de-reportero-baleado-en-cd-victoria\\\/\"},\"author\":{\"name\":\"El Informativo Tam\",\"@id\":\"https:\\\/\\\/elinformativotam.com\\\/#\\\/schema\\\/person\\\/78e08040eed0f6110f0c5f83b6153590\"},\"headline\":\"FALLECE HIJA DE REPORTERO BALEADO EN CD. VICTORIA\",\"datePublished\":\"2022-07-01T19:48:29+00:00\",\"mainEntityOfPage\":{\"@id\":\"https:\\\/\\\/elinformativotam.com\\\/index.php\\\/2022\\\/07\\\/01\\\/fallece-hija-de-reportero-baleado-en-cd-victoria\\\/\"},\"wordCount\":136,\"commentCount\":0,\"publisher\":{\"@id\":\"https:\\\/\\\/elinformativotam.com\\\/#organization\"},\"image\":{\"@id\":\"https:\\\/\\\/elinformativotam.com\\\/index.php\\\/2022\\\/07\\\/01\\\/fallece-hija-de-reportero-baleado-en-cd-victoria\\\/#primaryimage\"},\"thumbnailUrl\":\"https:\\\/\\\/elinformativotam.com\\\/wp-content\\\/uploads\\\/2022\\\/07\\\/Priodista.jpg\",\"articleSection\":[\"Tamaulipas\"],\"inLanguage\":\"es\",\"potentialAction\":[{\"@type\":\"CommentAction\",\"name\":\"Comment\",\"target\":[\"https:\\\/\\\/elinformativotam.com\\\/index.php\\\/2022\\\/07\\\/01\\\/fallece-hija-de-reportero-baleado-en-cd-victoria\\\/#respond\"]}]},{\"@type\":\"WebPage\",\"@id\":\"https:\\\/\\\/elinformativotam.com\\\/index.php\\\/2022\\\/07\\\/01\\\/fallece-hija-de-reportero-baleado-en-cd-victoria\\\/\",\"url\":\"https:\\\/\\\/elinformativotam.com\\\/index.php\\\/2022\\\/07\\\/01\\\/fallece-hija-de-reportero-baleado-en-cd-victoria\\\/\",\"name\":\"FALLECE HIJA DE REPORTERO BALEADO EN CD. VICTORIA - EL INFORMATIVO DE TAMAULIPAS\",\"isPartOf\":{\"@id\":\"https:\\\/\\\/elinformativotam.com\\\/#website\"},\"primaryImageOfPage\":{\"@id\":\"https:\\\/\\\/elinformativotam.com\\\/index.php\\\/2022\\\/07\\\/01\\\/fallece-hija-de-reportero-baleado-en-cd-victoria\\\/#primaryimage\"},\"image\":{\"@id\":\"https:\\\/\\\/elinformativotam.com\\\/index.php\\\/2022\\\/07\\\/01\\\/fallece-hija-de-reportero-baleado-en-cd-victoria\\\/#primaryimage\"},\"thumbnailUrl\":\"https:\\\/\\\/elinformativotam.com\\\/wp-content\\\/uploads\\\/2022\\\/07\\\/Priodista.jpg\",\"datePublished\":\"2022-07-01T19:48:29+00:00\",\"description\":\"La hija de Antonio de la Cruz, periodista asesinado el pasado mi\u00e9rcoles afuera de su casa en Ciudad Victoria, falleci\u00f3 en el hospital la tarde de este\",\"inLanguage\":\"es\",\"potentialAction\":[{\"@type\":\"ReadAction\",\"target\":[\"https:\\\/\\\/elinformativotam.com\\\/index.php\\\/2022\\\/07\\\/01\\\/fallece-hija-de-reportero-baleado-en-cd-victoria\\\/\"]}]},{\"@type\":\"ImageObject\",\"inLanguage\":\"es\",\"@id\":\"https:\\\/\\\/elinformativotam.com\\\/index.php\\\/2022\\\/07\\\/01\\\/fallece-hija-de-reportero-baleado-en-cd-victoria\\\/#primaryimage\",\"url\":\"https:\\\/\\\/elinformativotam.com\\\/wp-content\\\/uploads\\\/2022\\\/07\\\/Priodista.jpg\",\"contentUrl\":\"https:\\\/\\\/elinformativotam.com\\\/wp-content\\\/uploads\\\/2022\\\/07\\\/Priodista.jpg\",\"width\":1080,\"height\":607},{\"@type\":\"WebSite\",\"@id\":\"https:\\\/\\\/elinformativotam.com\\\/#website\",\"url\":\"https:\\\/\\\/elinformativotam.com\\\/\",\"name\":\"EL INFORMATIVO DE TAMAULIPAS\",\"description\":\"Desde la Zona Metropolitana Para Todo M\u00e9xico\",\"publisher\":{\"@id\":\"https:\\\/\\\/elinformativotam.com\\\/#organization\"},\"potentialAction\":[{\"@type\":\"SearchAction\",\"target\":{\"@type\":\"EntryPoint\",\"urlTemplate\":\"https:\\\/\\\/elinformativotam.com\\\/?s={search_term_string}\"},\"query-input\":{\"@type\":\"PropertyValueSpecification\",\"valueRequired\":true,\"valueName\":\"search_term_string\"}}],\"inLanguage\":\"es\"},{\"@type\":\"Organization\",\"@id\":\"https:\\\/\\\/elinformativotam.com\\\/#organization\",\"name\":\"EL INFORMATIVO DE TAMAULIPAS\",\"url\":\"https:\\\/\\\/elinformativotam.com\\\/\",\"logo\":{\"@type\":\"ImageObject\",\"inLanguage\":\"es\",\"@id\":\"https:\\\/\\\/elinformativotam.com\\\/#\\\/schema\\\/logo\\\/image\\\/\",\"url\":\"https:\\\/\\\/elinformativotam.com\\\/wp-content\\\/uploads\\\/2026\\\/02\\\/Cabezal.png\",\"contentUrl\":\"https:\\\/\\\/elinformativotam.com\\\/wp-content\\\/uploads\\\/2026\\\/02\\\/Cabezal.png\",\"width\":960,\"height\":640,\"caption\":\"EL INFORMATIVO DE TAMAULIPAS\"},\"image\":{\"@id\":\"https:\\\/\\\/elinformativotam.com\\\/#\\\/schema\\\/logo\\\/image\\\/\"}},{\"@type\":\"Person\",\"@id\":\"https:\\\/\\\/elinformativotam.com\\\/#\\\/schema\\\/person\\\/78e08040eed0f6110f0c5f83b6153590\",\"name\":\"El Informativo Tam\",\"image\":{\"@type\":\"ImageObject\",\"inLanguage\":\"es\",\"@id\":\"https:\\\/\\\/secure.gravatar.com\\\/avatar\\\/f3b7ad3af540688955925ac610647be00b0cf41feea9c4978b73a707ee86bc53?s=96&d=mm&r=g\",\"url\":\"https:\\\/\\\/secure.gravatar.com\\\/avatar\\\/f3b7ad3af540688955925ac610647be00b0cf41feea9c4978b73a707ee86bc53?s=96&d=mm&r=g\",\"contentUrl\":\"https:\\\/\\\/secure.gravatar.com\\\/avatar\\\/f3b7ad3af540688955925ac610647be00b0cf41feea9c4978b73a707ee86bc53?s=96&d=mm&r=g\",\"caption\":\"El Informativo Tam\"}}]}<\/script>\n<!-- \/ Yoast SEO plugin. -->","yoast_head_json":{"title":"FALLECE HIJA DE REPORTERO BALEADO EN CD. VICTORIA - EL INFORMATIVO DE TAMAULIPAS","description":"La hija de Antonio de la Cruz, periodista asesinado el pasado mi\u00e9rcoles afuera de su casa en Ciudad Victoria, falleci\u00f3 en el hospital la tarde de este","robots":{"index":"index","follow":"follow","max-snippet":"max-snippet:-1","max-image-preview":"max-image-preview:large","max-video-preview":"max-video-preview:-1"},"canonical":"https:\/\/elinformativotam.com\/index.php\/2022\/07\/01\/fallece-hija-de-reportero-baleado-en-cd-victoria\/","og_locale":"es_MX","og_type":"article","og_title":"FALLECE HIJA DE REPORTERO BALEADO EN CD. VICTORIA - EL INFORMATIVO DE TAMAULIPAS","og_description":"La hija de Antonio de la Cruz, periodista asesinado el pasado mi\u00e9rcoles afuera de su casa en Ciudad Victoria, falleci\u00f3 en el hospital la tarde de este","og_url":"https:\/\/elinformativotam.com\/index.php\/2022\/07\/01\/fallece-hija-de-reportero-baleado-en-cd-victoria\/","og_site_name":"EL INFORMATIVO DE TAMAULIPAS","article_published_time":"2022-07-01T19:48:29+00:00","og_image":[{"width":1080,"height":607,"url":"https:\/\/elinformativotam.com\/wp-content\/uploads\/2022\/07\/Priodista.jpg","type":"image\/jpeg"}],"author":"El Informativo Tam","twitter_card":"summary_large_image","twitter_misc":{"Escrito por":"El Informativo Tam","Tiempo de lectura":"1 minuto"},"schema":{"@context":"https:\/\/schema.org","@graph":[{"@type":"Article","@id":"https:\/\/elinformativotam.com\/index.php\/2022\/07\/01\/fallece-hija-de-reportero-baleado-en-cd-victoria\/#article","isPartOf":{"@id":"https:\/\/elinformativotam.com\/index.php\/2022\/07\/01\/fallece-hija-de-reportero-baleado-en-cd-victoria\/"},"author":{"name":"El Informativo Tam","@id":"https:\/\/elinformativotam.com\/#\/schema\/person\/78e08040eed0f6110f0c5f83b6153590"},"headline":"FALLECE HIJA DE REPORTERO BALEADO EN CD. VICTORIA","datePublished":"2022-07-01T19:48:29+00:00","mainEntityOfPage":{"@id":"https:\/\/elinformativotam.com\/index.php\/2022\/07\/01\/fallece-hija-de-reportero-baleado-en-cd-victoria\/"},"wordCount":136,"commentCount":0,"publisher":{"@id":"https:\/\/elinformativotam.com\/#organization"},"image":{"@id":"https:\/\/elinformativotam.com\/index.php\/2022\/07\/01\/fallece-hija-de-reportero-baleado-en-cd-victoria\/#primaryimage"},"thumbnailUrl":"https:\/\/elinformativotam.com\/wp-content\/uploads\/2022\/07\/Priodista.jpg","articleSection":["Tamaulipas"],"inLanguage":"es","potentialAction":[{"@type":"CommentAction","name":"Comment","target":["https:\/\/elinformativotam.com\/index.php\/2022\/07\/01\/fallece-hija-de-reportero-baleado-en-cd-victoria\/#respond"]}]},{"@type":"WebPage","@id":"https:\/\/elinformativotam.com\/index.php\/2022\/07\/01\/fallece-hija-de-reportero-baleado-en-cd-victoria\/","url":"https:\/\/elinformativotam.com\/index.php\/2022\/07\/01\/fallece-hija-de-reportero-baleado-en-cd-victoria\/","name":"FALLECE HIJA DE REPORTERO BALEADO EN CD. VICTORIA - EL INFORMATIVO DE TAMAULIPAS","isPartOf":{"@id":"https:\/\/elinformativotam.com\/#website"},"primaryImageOfPage":{"@id":"https:\/\/elinformativotam.com\/index.php\/2022\/07\/01\/fallece-hija-de-reportero-baleado-en-cd-victoria\/#primaryimage"},"image":{"@id":"https:\/\/elinformativotam.com\/index.php\/2022\/07\/01\/fallece-hija-de-reportero-baleado-en-cd-victoria\/#primaryimage"},"thumbnailUrl":"https:\/\/elinformativotam.com\/wp-content\/uploads\/2022\/07\/Priodista.jpg","datePublished":"2022-07-01T19:48:29+00:00","description":"La hija de Antonio de la Cruz, periodista asesinado el pasado mi\u00e9rcoles afuera de su casa en Ciudad Victoria, falleci\u00f3 en el hospital la tarde de este","inLanguage":"es","potentialAction":[{"@type":"ReadAction","target":["https:\/\/elinformativotam.com\/index.php\/2022\/07\/01\/fallece-hija-de-reportero-baleado-en-cd-victoria\/"]}]},{"@type":"ImageObject","inLanguage":"es","@id":"https:\/\/elinformativotam.com\/index.php\/2022\/07\/01\/fallece-hija-de-reportero-baleado-en-cd-victoria\/#primaryimage","url":"https:\/\/elinformativotam.com\/wp-content\/uploads\/2022\/07\/Priodista.jpg","contentUrl":"https:\/\/elinformativotam.com\/wp-content\/uploads\/2022\/07\/Priodista.jpg","width":1080,"height":607},{"@type":"WebSite","@id":"https:\/\/elinformativotam.com\/#website","url":"https:\/\/elinformativotam.com\/","name":"EL INFORMATIVO DE TAMAULIPAS","description":"Desde la Zona Metropolitana Para Todo M\u00e9xico","publisher":{"@id":"https:\/\/elinformativotam.com\/#organization"},"potentialAction":[{"@type":"SearchAction","target":{"@type":"EntryPoint","urlTemplate":"https:\/\/elinformativotam.com\/?s={search_term_string}"},"query-input":{"@type":"PropertyValueSpecification","valueRequired":true,"valueName":"search_term_string"}}],"inLanguage":"es"},{"@type":"Organization","@id":"https:\/\/elinformativotam.com\/#organization","name":"EL INFORMATIVO DE TAMAULIPAS","url":"https:\/\/elinformativotam.com\/","logo":{"@type":"ImageObject","inLanguage":"es","@id":"https:\/\/elinformativotam.com\/#\/schema\/logo\/image\/","url":"https:\/\/elinformativotam.com\/wp-content\/uploads\/2026\/02\/Cabezal.png","contentUrl":"https:\/\/elinformativotam.com\/wp-content\/uploads\/2026\/02\/Cabezal.png","width":960,"height":640,"caption":"EL INFORMATIVO DE TAMAULIPAS"},"image":{"@id":"https:\/\/elinformativotam.com\/#\/schema\/logo\/image\/"}},{"@type":"Person","@id":"https:\/\/elinformativotam.com\/#\/schema\/person\/78e08040eed0f6110f0c5f83b6153590","name":"El Informativo Tam","image":{"@type":"ImageObject","inLanguage":"es","@id":"https:\/\/secure.gravatar.com\/avatar\/f3b7ad3af540688955925ac610647be00b0cf41feea9c4978b73a707ee86bc53?s=96&d=mm&r=g","url":"https:\/\/secure.gravatar.com\/avatar\/f3b7ad3af540688955925ac610647be00b0cf41feea9c4978b73a707ee86bc53?s=96&d=mm&r=g","contentUrl":"https:\/\/secure.gravatar.com\/avatar\/f3b7ad3af540688955925ac610647be00b0cf41feea9c4978b73a707ee86bc53?s=96&d=mm&r=g","caption":"El Informativo Tam"}}]}},"_links":{"self":[{"href":"https:\/\/elinformativotam.com\/index.php\/wp-json\/wp\/v2\/posts\/32744","targetHints":{"allow":["GET"]}}],"collection":[{"href":"https:\/\/elinformativotam.com\/index.php\/wp-json\/wp\/v2\/posts"}],"about":[{"href":"https:\/\/elinformativotam.com\/index.php\/wp-json\/wp\/v2\/types\/post"}],"author":[{"embeddable":true,"href":"https:\/\/elinformativotam.com\/index.php\/wp-json\/wp\/v2\/users\/1"}],"replies":[{"embeddable":true,"href":"https:\/\/elinformativotam.com\/index.php\/wp-json\/wp\/v2\/comments?post=32744"}],"version-history":[{"count":2,"href":"https:\/\/elinformativotam.com\/index.php\/wp-json\/wp\/v2\/posts\/32744\/revisions"}],"predecessor-version":[{"id":32747,"href":"https:\/\/elinformativotam.com\/index.php\/wp-json\/wp\/v2\/posts\/32744\/revisions\/32747"}],"wp:featuredmedia":[{"embeddable":true,"href":"https:\/\/elinformativotam.com\/index.php\/wp-json\/wp\/v2\/media\/32745"}],"wp:attachment":[{"href":"https:\/\/elinformativotam.com\/index.php\/wp-json\/wp\/v2\/media?parent=32744"}],"wp:term":[{"taxonomy":"category","embeddable":true,"href":"https:\/\/elinformativotam.com\/index.php\/wp-json\/wp\/v2\/categories?post=32744"},{"taxonomy":"post_tag","embeddable":true,"href":"https:\/\/elinformativotam.com\/index.php\/wp-json\/wp\/v2\/tags?post=32744"}],"curies":[{"name":"wp","href":"https:\/\/api.w.org\/{rel}","templated":true}]}}