{"id":32738,"date":"2022-07-01T08:29:49","date_gmt":"2022-07-01T14:29:49","guid":{"rendered":"https:\/\/elinformativotam.com\/?p=32738"},"modified":"2022-07-01T08:29:49","modified_gmt":"2022-07-01T14:29:49","slug":"brindara-gobierno-de-altamira-100-de-descuento-en-recargos-del-impuesto-predial","status":"publish","type":"post","link":"https:\/\/elinformativotam.com\/index.php\/2022\/07\/01\/brindara-gobierno-de-altamira-100-de-descuento-en-recargos-del-impuesto-predial\/","title":{"rendered":"BRINDAR\u00c1 GOBIERNO DE ALTAMIRA 100% DE DESCUENTO EN RECARGOS DEL IMPUESTO PREDIAL"},"content":{"rendered":"<h2 style=\"text-align: center;\"><em>*Aplica Para El A\u00f1o En Curso Y Anteriores<\/em><\/h2>\n<p><em>\u00a0<\/em><\/p>\n<p><em>Altamira, Tamaulipas.- Con fundamento en lo establecido en los art\u00edculos 42, 44, 46, 55 fracci\u00f3n III, 59 fracci\u00f3n I y 60,fracci\u00f3n X del C\u00f3digo Municipal para el Estado de Tamaulipas, fue llevada a cabo la octava sesi\u00f3n extraordinaria de Cabildo en el municipio de Altamira, reuni\u00f3n en la que fue presentada en el orden del d\u00eda la propuesta del 100% de descuento en recargos, gastos de ejecuci\u00f3n y cobranza a los contribuyentes que cuenten con adeudos del impuesto predial del actual ejercicio 2022 y anteriores. <\/em><\/p>\n<p><em>\u00a0<\/em><\/p>\n<p><em>As\u00ed lo dio a conocer el secretario del ayuntamiento, Lic. Jos\u00e9 Francisco P\u00e9rez Ram\u00edrez, quien por instrucciones del presidente municipal, Mtro. Armando Mart\u00ednez Manr\u00edquez refiri\u00f3 que esta propuesta tendr\u00e1 vigencia del 01 de julio al 30 de septiembre del presente a\u00f1o. <\/em><\/p>\n<p><em>\u00a0<\/em><\/p>\n<p><em>Para ello, fue llamado a exponer ante este cuerpo colegiado el tesorero municipal, C.P. Regino V\u00e1zquez Vega, quien en conjunto con el Arq. Sebasti\u00e1n Montelongo Cabrera, coordinador de ingresos del ayuntamiento expusieron que siguiendo la indicaci\u00f3n del jefe de la comuna de apoyar la econom\u00eda de las familias altamirenses, estar\u00e1n disponibles 4 cajas receptoras en el Complejo Administrativo \u201cLa Retama\u201d; 2 en las instalaciones de la presidencia municipal, una m\u00e1s en la Delegaci\u00f3n Zona Norte y otra en la Delegaci\u00f3n Zona Sur, y de esta manera la ciudadan\u00eda no tenga inconvenientes en recorrer largas distancias para cumplir con esta obligaci\u00f3n tributaria. <\/em><\/p>\n<p><em>\u00a0<\/em><\/p>\n<p><em>Luego de mencionada comparecencia, el cuerpo edilicio aprob\u00f3 por unanimidad dicha propuesta, quedando vigente en los t\u00e9rminos planteados en el desarrollo de la sesi\u00f3n.<\/em><\/p>\n","protected":false},"excerpt":{"rendered":"<p>*Aplica Para El A\u00f1o En Curso Y Anteriores \u00a0 Altamira, Tamaulipas.- Con fundamento en lo establecido en los art\u00edculos 42,&hellip;<\/p>\n","protected":false},"author":1,"featured_media":32739,"comment_status":"open","ping_status":"open","sticky":false,"template":"","format":"standard","meta":{"footnotes":""},"categories":[5],"tags":[],"class_list":["post-32738","post","type-post","status-publish","format-standard","has-post-thumbnail","hentry","category-altamira"],"yoast_head":"<!-- This site is optimized with the Yoast SEO plugin v27.4 - https:\/\/yoast.com\/product\/yoast-seo-wordpress\/ -->\n<title>BRINDAR\u00c1 GOBIERNO DE ALTAMIRA 100% DE DESCUENTO EN RECARGOS DEL IMPUESTO PREDIAL - EL INFORMATIVO DE TAMAULIPAS<\/title>\n<meta name=\"description\" content=\"*Aplica Para El A\u00f1o En Curso Y Anteriores \u00a0 Altamira, Tamaulipas.- Con fundamento en lo establecido en los art\u00edculos 42, 44, 46, 55 fracci\u00f3n III, 59\" \/>\n<meta name=\"robots\" content=\"index, follow, max-snippet:-1, max-image-preview:large, max-video-preview:-1\" \/>\n<link rel=\"canonical\" href=\"https:\/\/elinformativotam.com\/index.php\/2022\/07\/01\/brindara-gobierno-de-altamira-100-de-descuento-en-recargos-del-impuesto-predial\/\" \/>\n<meta property=\"og:locale\" content=\"es_MX\" \/>\n<meta property=\"og:type\" content=\"article\" \/>\n<meta property=\"og:title\" content=\"BRINDAR\u00c1 GOBIERNO DE ALTAMIRA 100% DE DESCUENTO EN RECARGOS DEL IMPUESTO PREDIAL - EL INFORMATIVO DE TAMAULIPAS\" \/>\n<meta property=\"og:description\" content=\"*Aplica Para El A\u00f1o En Curso Y Anteriores \u00a0 Altamira, Tamaulipas.- Con fundamento en lo establecido en los art\u00edculos 42, 44, 46, 55 fracci\u00f3n III, 59\" \/>\n<meta property=\"og:url\" content=\"https:\/\/elinformativotam.com\/index.php\/2022\/07\/01\/brindara-gobierno-de-altamira-100-de-descuento-en-recargos-del-impuesto-predial\/\" \/>\n<meta property=\"og:site_name\" content=\"EL INFORMATIVO DE TAMAULIPAS\" \/>\n<meta property=\"article:published_time\" content=\"2022-07-01T14:29:49+00:00\" \/>\n<meta property=\"og:image\" content=\"https:\/\/elinformativotam.com\/wp-content\/uploads\/2022\/07\/Altamira.jpg\" \/>\n\t<meta property=\"og:image:width\" content=\"1280\" \/>\n\t<meta property=\"og:image:height\" content=\"853\" \/>\n\t<meta property=\"og:image:type\" content=\"image\/jpeg\" \/>\n<meta name=\"author\" content=\"El Informativo Tam\" \/>\n<meta name=\"twitter:card\" content=\"summary_large_image\" \/>\n<meta name=\"twitter:label1\" content=\"Escrito por\" \/>\n\t<meta name=\"twitter:data1\" content=\"El Informativo Tam\" \/>\n\t<meta name=\"twitter:label2\" content=\"Tiempo de lectura\" \/>\n\t<meta name=\"twitter:data2\" content=\"2 minutos\" \/>\n<script type=\"application\/ld+json\" class=\"yoast-schema-graph\">{\"@context\":\"https:\\\/\\\/schema.org\",\"@graph\":[{\"@type\":\"Article\",\"@id\":\"https:\\\/\\\/elinformativotam.com\\\/index.php\\\/2022\\\/07\\\/01\\\/brindara-gobierno-de-altamira-100-de-descuento-en-recargos-del-impuesto-predial\\\/#article\",\"isPartOf\":{\"@id\":\"https:\\\/\\\/elinformativotam.com\\\/index.php\\\/2022\\\/07\\\/01\\\/brindara-gobierno-de-altamira-100-de-descuento-en-recargos-del-impuesto-predial\\\/\"},\"author\":{\"name\":\"El Informativo Tam\",\"@id\":\"https:\\\/\\\/elinformativotam.com\\\/#\\\/schema\\\/person\\\/78e08040eed0f6110f0c5f83b6153590\"},\"headline\":\"BRINDAR\u00c1 GOBIERNO DE ALTAMIRA 100% DE DESCUENTO EN RECARGOS DEL IMPUESTO PREDIAL\",\"datePublished\":\"2022-07-01T14:29:49+00:00\",\"mainEntityOfPage\":{\"@id\":\"https:\\\/\\\/elinformativotam.com\\\/index.php\\\/2022\\\/07\\\/01\\\/brindara-gobierno-de-altamira-100-de-descuento-en-recargos-del-impuesto-predial\\\/\"},\"wordCount\":288,\"commentCount\":0,\"publisher\":{\"@id\":\"https:\\\/\\\/elinformativotam.com\\\/#organization\"},\"image\":{\"@id\":\"https:\\\/\\\/elinformativotam.com\\\/index.php\\\/2022\\\/07\\\/01\\\/brindara-gobierno-de-altamira-100-de-descuento-en-recargos-del-impuesto-predial\\\/#primaryimage\"},\"thumbnailUrl\":\"https:\\\/\\\/elinformativotam.com\\\/wp-content\\\/uploads\\\/2022\\\/07\\\/Altamira.jpg\",\"articleSection\":[\"Altamira\"],\"inLanguage\":\"es\",\"potentialAction\":[{\"@type\":\"CommentAction\",\"name\":\"Comment\",\"target\":[\"https:\\\/\\\/elinformativotam.com\\\/index.php\\\/2022\\\/07\\\/01\\\/brindara-gobierno-de-altamira-100-de-descuento-en-recargos-del-impuesto-predial\\\/#respond\"]}]},{\"@type\":\"WebPage\",\"@id\":\"https:\\\/\\\/elinformativotam.com\\\/index.php\\\/2022\\\/07\\\/01\\\/brindara-gobierno-de-altamira-100-de-descuento-en-recargos-del-impuesto-predial\\\/\",\"url\":\"https:\\\/\\\/elinformativotam.com\\\/index.php\\\/2022\\\/07\\\/01\\\/brindara-gobierno-de-altamira-100-de-descuento-en-recargos-del-impuesto-predial\\\/\",\"name\":\"BRINDAR\u00c1 GOBIERNO DE ALTAMIRA 100% DE DESCUENTO EN RECARGOS DEL IMPUESTO PREDIAL - EL INFORMATIVO DE TAMAULIPAS\",\"isPartOf\":{\"@id\":\"https:\\\/\\\/elinformativotam.com\\\/#website\"},\"primaryImageOfPage\":{\"@id\":\"https:\\\/\\\/elinformativotam.com\\\/index.php\\\/2022\\\/07\\\/01\\\/brindara-gobierno-de-altamira-100-de-descuento-en-recargos-del-impuesto-predial\\\/#primaryimage\"},\"image\":{\"@id\":\"https:\\\/\\\/elinformativotam.com\\\/index.php\\\/2022\\\/07\\\/01\\\/brindara-gobierno-de-altamira-100-de-descuento-en-recargos-del-impuesto-predial\\\/#primaryimage\"},\"thumbnailUrl\":\"https:\\\/\\\/elinformativotam.com\\\/wp-content\\\/uploads\\\/2022\\\/07\\\/Altamira.jpg\",\"datePublished\":\"2022-07-01T14:29:49+00:00\",\"description\":\"*Aplica Para El A\u00f1o En Curso Y Anteriores \u00a0 Altamira, Tamaulipas.- Con fundamento en lo establecido en los art\u00edculos 42, 44, 46, 55 fracci\u00f3n III, 59\",\"inLanguage\":\"es\",\"potentialAction\":[{\"@type\":\"ReadAction\",\"target\":[\"https:\\\/\\\/elinformativotam.com\\\/index.php\\\/2022\\\/07\\\/01\\\/brindara-gobierno-de-altamira-100-de-descuento-en-recargos-del-impuesto-predial\\\/\"]}]},{\"@type\":\"ImageObject\",\"inLanguage\":\"es\",\"@id\":\"https:\\\/\\\/elinformativotam.com\\\/index.php\\\/2022\\\/07\\\/01\\\/brindara-gobierno-de-altamira-100-de-descuento-en-recargos-del-impuesto-predial\\\/#primaryimage\",\"url\":\"https:\\\/\\\/elinformativotam.com\\\/wp-content\\\/uploads\\\/2022\\\/07\\\/Altamira.jpg\",\"contentUrl\":\"https:\\\/\\\/elinformativotam.com\\\/wp-content\\\/uploads\\\/2022\\\/07\\\/Altamira.jpg\",\"width\":1280,\"height\":853},{\"@type\":\"WebSite\",\"@id\":\"https:\\\/\\\/elinformativotam.com\\\/#website\",\"url\":\"https:\\\/\\\/elinformativotam.com\\\/\",\"name\":\"EL INFORMATIVO DE TAMAULIPAS\",\"description\":\"Desde la Zona Metropolitana Para Todo M\u00e9xico\",\"publisher\":{\"@id\":\"https:\\\/\\\/elinformativotam.com\\\/#organization\"},\"potentialAction\":[{\"@type\":\"SearchAction\",\"target\":{\"@type\":\"EntryPoint\",\"urlTemplate\":\"https:\\\/\\\/elinformativotam.com\\\/?s={search_term_string}\"},\"query-input\":{\"@type\":\"PropertyValueSpecification\",\"valueRequired\":true,\"valueName\":\"search_term_string\"}}],\"inLanguage\":\"es\"},{\"@type\":\"Organization\",\"@id\":\"https:\\\/\\\/elinformativotam.com\\\/#organization\",\"name\":\"EL INFORMATIVO DE TAMAULIPAS\",\"url\":\"https:\\\/\\\/elinformativotam.com\\\/\",\"logo\":{\"@type\":\"ImageObject\",\"inLanguage\":\"es\",\"@id\":\"https:\\\/\\\/elinformativotam.com\\\/#\\\/schema\\\/logo\\\/image\\\/\",\"url\":\"https:\\\/\\\/elinformativotam.com\\\/wp-content\\\/uploads\\\/2026\\\/02\\\/Cabezal.png\",\"contentUrl\":\"https:\\\/\\\/elinformativotam.com\\\/wp-content\\\/uploads\\\/2026\\\/02\\\/Cabezal.png\",\"width\":960,\"height\":640,\"caption\":\"EL INFORMATIVO DE TAMAULIPAS\"},\"image\":{\"@id\":\"https:\\\/\\\/elinformativotam.com\\\/#\\\/schema\\\/logo\\\/image\\\/\"}},{\"@type\":\"Person\",\"@id\":\"https:\\\/\\\/elinformativotam.com\\\/#\\\/schema\\\/person\\\/78e08040eed0f6110f0c5f83b6153590\",\"name\":\"El Informativo Tam\",\"image\":{\"@type\":\"ImageObject\",\"inLanguage\":\"es\",\"@id\":\"https:\\\/\\\/secure.gravatar.com\\\/avatar\\\/f3b7ad3af540688955925ac610647be00b0cf41feea9c4978b73a707ee86bc53?s=96&d=mm&r=g\",\"url\":\"https:\\\/\\\/secure.gravatar.com\\\/avatar\\\/f3b7ad3af540688955925ac610647be00b0cf41feea9c4978b73a707ee86bc53?s=96&d=mm&r=g\",\"contentUrl\":\"https:\\\/\\\/secure.gravatar.com\\\/avatar\\\/f3b7ad3af540688955925ac610647be00b0cf41feea9c4978b73a707ee86bc53?s=96&d=mm&r=g\",\"caption\":\"El Informativo Tam\"}}]}<\/script>\n<!-- \/ Yoast SEO plugin. -->","yoast_head_json":{"title":"BRINDAR\u00c1 GOBIERNO DE ALTAMIRA 100% DE DESCUENTO EN RECARGOS DEL IMPUESTO PREDIAL - EL INFORMATIVO DE TAMAULIPAS","description":"*Aplica Para El A\u00f1o En Curso Y Anteriores \u00a0 Altamira, Tamaulipas.- Con fundamento en lo establecido en los art\u00edculos 42, 44, 46, 55 fracci\u00f3n III, 59","robots":{"index":"index","follow":"follow","max-snippet":"max-snippet:-1","max-image-preview":"max-image-preview:large","max-video-preview":"max-video-preview:-1"},"canonical":"https:\/\/elinformativotam.com\/index.php\/2022\/07\/01\/brindara-gobierno-de-altamira-100-de-descuento-en-recargos-del-impuesto-predial\/","og_locale":"es_MX","og_type":"article","og_title":"BRINDAR\u00c1 GOBIERNO DE ALTAMIRA 100% DE DESCUENTO EN RECARGOS DEL IMPUESTO PREDIAL - EL INFORMATIVO DE TAMAULIPAS","og_description":"*Aplica Para El A\u00f1o En Curso Y Anteriores \u00a0 Altamira, Tamaulipas.- Con fundamento en lo establecido en los art\u00edculos 42, 44, 46, 55 fracci\u00f3n III, 59","og_url":"https:\/\/elinformativotam.com\/index.php\/2022\/07\/01\/brindara-gobierno-de-altamira-100-de-descuento-en-recargos-del-impuesto-predial\/","og_site_name":"EL INFORMATIVO DE TAMAULIPAS","article_published_time":"2022-07-01T14:29:49+00:00","og_image":[{"width":1280,"height":853,"url":"https:\/\/elinformativotam.com\/wp-content\/uploads\/2022\/07\/Altamira.jpg","type":"image\/jpeg"}],"author":"El Informativo Tam","twitter_card":"summary_large_image","twitter_misc":{"Escrito por":"El Informativo Tam","Tiempo de lectura":"2 minutos"},"schema":{"@context":"https:\/\/schema.org","@graph":[{"@type":"Article","@id":"https:\/\/elinformativotam.com\/index.php\/2022\/07\/01\/brindara-gobierno-de-altamira-100-de-descuento-en-recargos-del-impuesto-predial\/#article","isPartOf":{"@id":"https:\/\/elinformativotam.com\/index.php\/2022\/07\/01\/brindara-gobierno-de-altamira-100-de-descuento-en-recargos-del-impuesto-predial\/"},"author":{"name":"El Informativo Tam","@id":"https:\/\/elinformativotam.com\/#\/schema\/person\/78e08040eed0f6110f0c5f83b6153590"},"headline":"BRINDAR\u00c1 GOBIERNO DE ALTAMIRA 100% DE DESCUENTO EN RECARGOS DEL IMPUESTO PREDIAL","datePublished":"2022-07-01T14:29:49+00:00","mainEntityOfPage":{"@id":"https:\/\/elinformativotam.com\/index.php\/2022\/07\/01\/brindara-gobierno-de-altamira-100-de-descuento-en-recargos-del-impuesto-predial\/"},"wordCount":288,"commentCount":0,"publisher":{"@id":"https:\/\/elinformativotam.com\/#organization"},"image":{"@id":"https:\/\/elinformativotam.com\/index.php\/2022\/07\/01\/brindara-gobierno-de-altamira-100-de-descuento-en-recargos-del-impuesto-predial\/#primaryimage"},"thumbnailUrl":"https:\/\/elinformativotam.com\/wp-content\/uploads\/2022\/07\/Altamira.jpg","articleSection":["Altamira"],"inLanguage":"es","potentialAction":[{"@type":"CommentAction","name":"Comment","target":["https:\/\/elinformativotam.com\/index.php\/2022\/07\/01\/brindara-gobierno-de-altamira-100-de-descuento-en-recargos-del-impuesto-predial\/#respond"]}]},{"@type":"WebPage","@id":"https:\/\/elinformativotam.com\/index.php\/2022\/07\/01\/brindara-gobierno-de-altamira-100-de-descuento-en-recargos-del-impuesto-predial\/","url":"https:\/\/elinformativotam.com\/index.php\/2022\/07\/01\/brindara-gobierno-de-altamira-100-de-descuento-en-recargos-del-impuesto-predial\/","name":"BRINDAR\u00c1 GOBIERNO DE ALTAMIRA 100% DE DESCUENTO EN RECARGOS DEL IMPUESTO PREDIAL - EL INFORMATIVO DE TAMAULIPAS","isPartOf":{"@id":"https:\/\/elinformativotam.com\/#website"},"primaryImageOfPage":{"@id":"https:\/\/elinformativotam.com\/index.php\/2022\/07\/01\/brindara-gobierno-de-altamira-100-de-descuento-en-recargos-del-impuesto-predial\/#primaryimage"},"image":{"@id":"https:\/\/elinformativotam.com\/index.php\/2022\/07\/01\/brindara-gobierno-de-altamira-100-de-descuento-en-recargos-del-impuesto-predial\/#primaryimage"},"thumbnailUrl":"https:\/\/elinformativotam.com\/wp-content\/uploads\/2022\/07\/Altamira.jpg","datePublished":"2022-07-01T14:29:49+00:00","description":"*Aplica Para El A\u00f1o En Curso Y Anteriores \u00a0 Altamira, Tamaulipas.- Con fundamento en lo establecido en los art\u00edculos 42, 44, 46, 55 fracci\u00f3n III, 59","inLanguage":"es","potentialAction":[{"@type":"ReadAction","target":["https:\/\/elinformativotam.com\/index.php\/2022\/07\/01\/brindara-gobierno-de-altamira-100-de-descuento-en-recargos-del-impuesto-predial\/"]}]},{"@type":"ImageObject","inLanguage":"es","@id":"https:\/\/elinformativotam.com\/index.php\/2022\/07\/01\/brindara-gobierno-de-altamira-100-de-descuento-en-recargos-del-impuesto-predial\/#primaryimage","url":"https:\/\/elinformativotam.com\/wp-content\/uploads\/2022\/07\/Altamira.jpg","contentUrl":"https:\/\/elinformativotam.com\/wp-content\/uploads\/2022\/07\/Altamira.jpg","width":1280,"height":853},{"@type":"WebSite","@id":"https:\/\/elinformativotam.com\/#website","url":"https:\/\/elinformativotam.com\/","name":"EL INFORMATIVO DE TAMAULIPAS","description":"Desde la Zona Metropolitana Para Todo M\u00e9xico","publisher":{"@id":"https:\/\/elinformativotam.com\/#organization"},"potentialAction":[{"@type":"SearchAction","target":{"@type":"EntryPoint","urlTemplate":"https:\/\/elinformativotam.com\/?s={search_term_string}"},"query-input":{"@type":"PropertyValueSpecification","valueRequired":true,"valueName":"search_term_string"}}],"inLanguage":"es"},{"@type":"Organization","@id":"https:\/\/elinformativotam.com\/#organization","name":"EL INFORMATIVO DE TAMAULIPAS","url":"https:\/\/elinformativotam.com\/","logo":{"@type":"ImageObject","inLanguage":"es","@id":"https:\/\/elinformativotam.com\/#\/schema\/logo\/image\/","url":"https:\/\/elinformativotam.com\/wp-content\/uploads\/2026\/02\/Cabezal.png","contentUrl":"https:\/\/elinformativotam.com\/wp-content\/uploads\/2026\/02\/Cabezal.png","width":960,"height":640,"caption":"EL INFORMATIVO DE TAMAULIPAS"},"image":{"@id":"https:\/\/elinformativotam.com\/#\/schema\/logo\/image\/"}},{"@type":"Person","@id":"https:\/\/elinformativotam.com\/#\/schema\/person\/78e08040eed0f6110f0c5f83b6153590","name":"El Informativo Tam","image":{"@type":"ImageObject","inLanguage":"es","@id":"https:\/\/secure.gravatar.com\/avatar\/f3b7ad3af540688955925ac610647be00b0cf41feea9c4978b73a707ee86bc53?s=96&d=mm&r=g","url":"https:\/\/secure.gravatar.com\/avatar\/f3b7ad3af540688955925ac610647be00b0cf41feea9c4978b73a707ee86bc53?s=96&d=mm&r=g","contentUrl":"https:\/\/secure.gravatar.com\/avatar\/f3b7ad3af540688955925ac610647be00b0cf41feea9c4978b73a707ee86bc53?s=96&d=mm&r=g","caption":"El Informativo Tam"}}]}},"_links":{"self":[{"href":"https:\/\/elinformativotam.com\/index.php\/wp-json\/wp\/v2\/posts\/32738","targetHints":{"allow":["GET"]}}],"collection":[{"href":"https:\/\/elinformativotam.com\/index.php\/wp-json\/wp\/v2\/posts"}],"about":[{"href":"https:\/\/elinformativotam.com\/index.php\/wp-json\/wp\/v2\/types\/post"}],"author":[{"embeddable":true,"href":"https:\/\/elinformativotam.com\/index.php\/wp-json\/wp\/v2\/users\/1"}],"replies":[{"embeddable":true,"href":"https:\/\/elinformativotam.com\/index.php\/wp-json\/wp\/v2\/comments?post=32738"}],"version-history":[{"count":1,"href":"https:\/\/elinformativotam.com\/index.php\/wp-json\/wp\/v2\/posts\/32738\/revisions"}],"predecessor-version":[{"id":32740,"href":"https:\/\/elinformativotam.com\/index.php\/wp-json\/wp\/v2\/posts\/32738\/revisions\/32740"}],"wp:featuredmedia":[{"embeddable":true,"href":"https:\/\/elinformativotam.com\/index.php\/wp-json\/wp\/v2\/media\/32739"}],"wp:attachment":[{"href":"https:\/\/elinformativotam.com\/index.php\/wp-json\/wp\/v2\/media?parent=32738"}],"wp:term":[{"taxonomy":"category","embeddable":true,"href":"https:\/\/elinformativotam.com\/index.php\/wp-json\/wp\/v2\/categories?post=32738"},{"taxonomy":"post_tag","embeddable":true,"href":"https:\/\/elinformativotam.com\/index.php\/wp-json\/wp\/v2\/tags?post=32738"}],"curies":[{"name":"wp","href":"https:\/\/api.w.org\/{rel}","templated":true}]}}