{"id":32734,"date":"2022-06-30T19:50:48","date_gmt":"2022-07-01T01:50:48","guid":{"rendered":"https:\/\/elinformativotam.com\/?p=32734"},"modified":"2022-06-30T19:50:48","modified_gmt":"2022-07-01T01:50:48","slug":"anuncian-jornada-de-vacunacion-en-ciudad-madero-para-ninos-de-5-a-11-anos-de-edad","status":"publish","type":"post","link":"https:\/\/elinformativotam.com\/index.php\/2022\/06\/30\/anuncian-jornada-de-vacunacion-en-ciudad-madero-para-ninos-de-5-a-11-anos-de-edad\/","title":{"rendered":"ANUNCIAN JORNADA DE VACUNACI\u00d3N EN CIUDAD MADERO PARA NI\u00d1OS DE 5 A 11 A\u00d1OS DE EDAD"},"content":{"rendered":"<p><em>A partir del martes 5 al viernes 8 de julio se aplicar\u00e1 la primera dosis de la vacuna anticovid para ni\u00f1os de 5 a 11 a\u00f1os de edad en la urbe petrolera, quienes recibir\u00e1n el biol\u00f3gico de la farmac\u00e9utica Pfizer.<\/em><\/p>\n<p><em>\u00a0<\/em><\/p>\n<p><em>Lo anterior lo inform\u00f3 Juan Antonio Ortega Ju\u00e1rez, secretario del Ayuntamiento de Ciudad Madero, al se\u00f1alar que la instrucci\u00f3n del alcalde Adri\u00e1n Oseguera Kernion, es brindar todas las facilidades como se ha venido haciendo para que la ciudadan\u00eda, en este caso los ni\u00f1os, sean inoculados.<\/em><\/p>\n<p><em>\u00a0<\/em><\/p>\n<p><em>Asimismo, se\u00f1al\u00f3 que este proceso de vacunaci\u00f3n se realiza en coordinaci\u00f3n con el Gobierno Federal a trav\u00e9s de la Direcci\u00f3n de Bienestar Social, y que por ello fueron habilitados como m\u00f3dulos de vacunaci\u00f3n la Unidad Deportiva y el Tecnol\u00f3gico de Ciudad Madero, mismos que estar\u00e1n funcionado en un horario de 8 de la ma\u00f1ana a 6 de la tarde.<\/em><\/p>\n<p><em>\u00a0<\/em><\/p>\n<p><em>\u201cLa vacuna es importante y es necesario que los padres de familia lleven a sus hijos ya que el n\u00famero de contagios ha ido aumentando, es necesario seguir cuid\u00e1ndonos y respetar las indicaciones de la Secretar\u00eda de Salud\u201d, expres\u00f3.<\/em><\/p>\n<p><em>\u00a0<\/em><\/p>\n<p><em>Cabe se\u00f1alar que, la atenci\u00f3n se realizar\u00e1 de acuerdo al orden alfab\u00e9tico iniciando el primer d\u00eda con las primeras siete letras del abecedario, siendo indispensable que los menores adem\u00e1s de ir acompa\u00f1ados de su mam\u00e1 o pap\u00e1, acudan bien alimentados e hidratados para evitar alg\u00fan incidente.<\/em><\/p>\n<p><em>\u00a0<\/em><\/p>\n<p><em>Los requisitos que deber\u00e1n presentar son: expediente de vacunaci\u00f3n, copia del Curp, comprobante de domicilio, carta de consentimiento, credencial del padre o madre o tutor de qui\u00e9n firme la carta.<\/em><\/p>\n<p><em>\u00a0<\/em><\/p>\n<p><em>Por \u00faltimo, Ortega Ju\u00e1rez pidi\u00f3 a la poblaci\u00f3n no hacer filas anticipadas para evitar exponer a los menores a las altas temperaturas, manifestando que se cuenta con personal necesario para brindar la atenci\u00f3n.<\/em><\/p>\n","protected":false},"excerpt":{"rendered":"<p>A partir del martes 5 al viernes 8 de julio se aplicar\u00e1 la primera dosis de la vacuna anticovid para&hellip;<\/p>\n","protected":false},"author":1,"featured_media":32735,"comment_status":"open","ping_status":"open","sticky":false,"template":"","format":"standard","meta":{"footnotes":""},"categories":[4],"tags":[],"class_list":["post-32734","post","type-post","status-publish","format-standard","has-post-thumbnail","hentry","category-madero"],"yoast_head":"<!-- This site is optimized with the Yoast SEO plugin v27.4 - https:\/\/yoast.com\/product\/yoast-seo-wordpress\/ -->\n<title>ANUNCIAN JORNADA DE VACUNACI\u00d3N EN CIUDAD MADERO PARA NI\u00d1OS DE 5 A 11 A\u00d1OS DE EDAD - EL INFORMATIVO DE TAMAULIPAS<\/title>\n<meta name=\"description\" content=\"A partir del martes 5 al viernes 8 de julio se aplicar\u00e1 la primera dosis de la vacuna anticovid para ni\u00f1os de 5 a 11 a\u00f1os de edad en la urbe petrolera,\" \/>\n<meta name=\"robots\" content=\"index, follow, max-snippet:-1, max-image-preview:large, max-video-preview:-1\" \/>\n<link rel=\"canonical\" href=\"https:\/\/elinformativotam.com\/index.php\/2022\/06\/30\/anuncian-jornada-de-vacunacion-en-ciudad-madero-para-ninos-de-5-a-11-anos-de-edad\/\" \/>\n<meta property=\"og:locale\" content=\"es_MX\" \/>\n<meta property=\"og:type\" content=\"article\" \/>\n<meta property=\"og:title\" content=\"ANUNCIAN JORNADA DE VACUNACI\u00d3N EN CIUDAD MADERO PARA NI\u00d1OS DE 5 A 11 A\u00d1OS DE EDAD - EL INFORMATIVO DE TAMAULIPAS\" \/>\n<meta property=\"og:description\" content=\"A partir del martes 5 al viernes 8 de julio se aplicar\u00e1 la primera dosis de la vacuna anticovid para ni\u00f1os de 5 a 11 a\u00f1os de edad en la urbe petrolera,\" \/>\n<meta property=\"og:url\" content=\"https:\/\/elinformativotam.com\/index.php\/2022\/06\/30\/anuncian-jornada-de-vacunacion-en-ciudad-madero-para-ninos-de-5-a-11-anos-de-edad\/\" \/>\n<meta property=\"og:site_name\" content=\"EL INFORMATIVO DE TAMAULIPAS\" \/>\n<meta property=\"article:published_time\" content=\"2022-07-01T01:50:48+00:00\" \/>\n<meta property=\"og:image\" content=\"https:\/\/elinformativotam.com\/wp-content\/uploads\/2022\/06\/Secretario-Ortega.jpg\" \/>\n\t<meta property=\"og:image:width\" content=\"1280\" \/>\n\t<meta property=\"og:image:height\" content=\"853\" \/>\n\t<meta property=\"og:image:type\" content=\"image\/jpeg\" \/>\n<meta name=\"author\" content=\"El Informativo Tam\" \/>\n<meta name=\"twitter:card\" content=\"summary_large_image\" \/>\n<meta name=\"twitter:label1\" content=\"Escrito por\" \/>\n\t<meta name=\"twitter:data1\" content=\"El Informativo Tam\" \/>\n\t<meta name=\"twitter:label2\" content=\"Tiempo de lectura\" \/>\n\t<meta name=\"twitter:data2\" content=\"2 minutos\" \/>\n<script type=\"application\/ld+json\" class=\"yoast-schema-graph\">{\"@context\":\"https:\\\/\\\/schema.org\",\"@graph\":[{\"@type\":\"Article\",\"@id\":\"https:\\\/\\\/elinformativotam.com\\\/index.php\\\/2022\\\/06\\\/30\\\/anuncian-jornada-de-vacunacion-en-ciudad-madero-para-ninos-de-5-a-11-anos-de-edad\\\/#article\",\"isPartOf\":{\"@id\":\"https:\\\/\\\/elinformativotam.com\\\/index.php\\\/2022\\\/06\\\/30\\\/anuncian-jornada-de-vacunacion-en-ciudad-madero-para-ninos-de-5-a-11-anos-de-edad\\\/\"},\"author\":{\"name\":\"El Informativo Tam\",\"@id\":\"https:\\\/\\\/elinformativotam.com\\\/#\\\/schema\\\/person\\\/78e08040eed0f6110f0c5f83b6153590\"},\"headline\":\"ANUNCIAN JORNADA DE VACUNACI\u00d3N EN CIUDAD MADERO PARA NI\u00d1OS DE 5 A 11 A\u00d1OS DE EDAD\",\"datePublished\":\"2022-07-01T01:50:48+00:00\",\"mainEntityOfPage\":{\"@id\":\"https:\\\/\\\/elinformativotam.com\\\/index.php\\\/2022\\\/06\\\/30\\\/anuncian-jornada-de-vacunacion-en-ciudad-madero-para-ninos-de-5-a-11-anos-de-edad\\\/\"},\"wordCount\":340,\"commentCount\":0,\"publisher\":{\"@id\":\"https:\\\/\\\/elinformativotam.com\\\/#organization\"},\"image\":{\"@id\":\"https:\\\/\\\/elinformativotam.com\\\/index.php\\\/2022\\\/06\\\/30\\\/anuncian-jornada-de-vacunacion-en-ciudad-madero-para-ninos-de-5-a-11-anos-de-edad\\\/#primaryimage\"},\"thumbnailUrl\":\"https:\\\/\\\/elinformativotam.com\\\/wp-content\\\/uploads\\\/2022\\\/06\\\/Secretario-Ortega.jpg\",\"articleSection\":[\"Cd Madero\"],\"inLanguage\":\"es\",\"potentialAction\":[{\"@type\":\"CommentAction\",\"name\":\"Comment\",\"target\":[\"https:\\\/\\\/elinformativotam.com\\\/index.php\\\/2022\\\/06\\\/30\\\/anuncian-jornada-de-vacunacion-en-ciudad-madero-para-ninos-de-5-a-11-anos-de-edad\\\/#respond\"]}]},{\"@type\":\"WebPage\",\"@id\":\"https:\\\/\\\/elinformativotam.com\\\/index.php\\\/2022\\\/06\\\/30\\\/anuncian-jornada-de-vacunacion-en-ciudad-madero-para-ninos-de-5-a-11-anos-de-edad\\\/\",\"url\":\"https:\\\/\\\/elinformativotam.com\\\/index.php\\\/2022\\\/06\\\/30\\\/anuncian-jornada-de-vacunacion-en-ciudad-madero-para-ninos-de-5-a-11-anos-de-edad\\\/\",\"name\":\"ANUNCIAN JORNADA DE VACUNACI\u00d3N EN CIUDAD MADERO PARA NI\u00d1OS DE 5 A 11 A\u00d1OS DE EDAD - EL INFORMATIVO DE TAMAULIPAS\",\"isPartOf\":{\"@id\":\"https:\\\/\\\/elinformativotam.com\\\/#website\"},\"primaryImageOfPage\":{\"@id\":\"https:\\\/\\\/elinformativotam.com\\\/index.php\\\/2022\\\/06\\\/30\\\/anuncian-jornada-de-vacunacion-en-ciudad-madero-para-ninos-de-5-a-11-anos-de-edad\\\/#primaryimage\"},\"image\":{\"@id\":\"https:\\\/\\\/elinformativotam.com\\\/index.php\\\/2022\\\/06\\\/30\\\/anuncian-jornada-de-vacunacion-en-ciudad-madero-para-ninos-de-5-a-11-anos-de-edad\\\/#primaryimage\"},\"thumbnailUrl\":\"https:\\\/\\\/elinformativotam.com\\\/wp-content\\\/uploads\\\/2022\\\/06\\\/Secretario-Ortega.jpg\",\"datePublished\":\"2022-07-01T01:50:48+00:00\",\"description\":\"A partir del martes 5 al viernes 8 de julio se aplicar\u00e1 la primera dosis de la vacuna anticovid para ni\u00f1os de 5 a 11 a\u00f1os de edad en la urbe petrolera,\",\"inLanguage\":\"es\",\"potentialAction\":[{\"@type\":\"ReadAction\",\"target\":[\"https:\\\/\\\/elinformativotam.com\\\/index.php\\\/2022\\\/06\\\/30\\\/anuncian-jornada-de-vacunacion-en-ciudad-madero-para-ninos-de-5-a-11-anos-de-edad\\\/\"]}]},{\"@type\":\"ImageObject\",\"inLanguage\":\"es\",\"@id\":\"https:\\\/\\\/elinformativotam.com\\\/index.php\\\/2022\\\/06\\\/30\\\/anuncian-jornada-de-vacunacion-en-ciudad-madero-para-ninos-de-5-a-11-anos-de-edad\\\/#primaryimage\",\"url\":\"https:\\\/\\\/elinformativotam.com\\\/wp-content\\\/uploads\\\/2022\\\/06\\\/Secretario-Ortega.jpg\",\"contentUrl\":\"https:\\\/\\\/elinformativotam.com\\\/wp-content\\\/uploads\\\/2022\\\/06\\\/Secretario-Ortega.jpg\",\"width\":1280,\"height\":853},{\"@type\":\"WebSite\",\"@id\":\"https:\\\/\\\/elinformativotam.com\\\/#website\",\"url\":\"https:\\\/\\\/elinformativotam.com\\\/\",\"name\":\"EL INFORMATIVO DE TAMAULIPAS\",\"description\":\"Desde la Zona Metropolitana Para Todo M\u00e9xico\",\"publisher\":{\"@id\":\"https:\\\/\\\/elinformativotam.com\\\/#organization\"},\"potentialAction\":[{\"@type\":\"SearchAction\",\"target\":{\"@type\":\"EntryPoint\",\"urlTemplate\":\"https:\\\/\\\/elinformativotam.com\\\/?s={search_term_string}\"},\"query-input\":{\"@type\":\"PropertyValueSpecification\",\"valueRequired\":true,\"valueName\":\"search_term_string\"}}],\"inLanguage\":\"es\"},{\"@type\":\"Organization\",\"@id\":\"https:\\\/\\\/elinformativotam.com\\\/#organization\",\"name\":\"EL INFORMATIVO DE TAMAULIPAS\",\"url\":\"https:\\\/\\\/elinformativotam.com\\\/\",\"logo\":{\"@type\":\"ImageObject\",\"inLanguage\":\"es\",\"@id\":\"https:\\\/\\\/elinformativotam.com\\\/#\\\/schema\\\/logo\\\/image\\\/\",\"url\":\"https:\\\/\\\/elinformativotam.com\\\/wp-content\\\/uploads\\\/2026\\\/02\\\/Cabezal.png\",\"contentUrl\":\"https:\\\/\\\/elinformativotam.com\\\/wp-content\\\/uploads\\\/2026\\\/02\\\/Cabezal.png\",\"width\":960,\"height\":640,\"caption\":\"EL INFORMATIVO DE TAMAULIPAS\"},\"image\":{\"@id\":\"https:\\\/\\\/elinformativotam.com\\\/#\\\/schema\\\/logo\\\/image\\\/\"}},{\"@type\":\"Person\",\"@id\":\"https:\\\/\\\/elinformativotam.com\\\/#\\\/schema\\\/person\\\/78e08040eed0f6110f0c5f83b6153590\",\"name\":\"El Informativo Tam\",\"image\":{\"@type\":\"ImageObject\",\"inLanguage\":\"es\",\"@id\":\"https:\\\/\\\/secure.gravatar.com\\\/avatar\\\/f3b7ad3af540688955925ac610647be00b0cf41feea9c4978b73a707ee86bc53?s=96&d=mm&r=g\",\"url\":\"https:\\\/\\\/secure.gravatar.com\\\/avatar\\\/f3b7ad3af540688955925ac610647be00b0cf41feea9c4978b73a707ee86bc53?s=96&d=mm&r=g\",\"contentUrl\":\"https:\\\/\\\/secure.gravatar.com\\\/avatar\\\/f3b7ad3af540688955925ac610647be00b0cf41feea9c4978b73a707ee86bc53?s=96&d=mm&r=g\",\"caption\":\"El Informativo Tam\"}}]}<\/script>\n<!-- \/ Yoast SEO plugin. -->","yoast_head_json":{"title":"ANUNCIAN JORNADA DE VACUNACI\u00d3N EN CIUDAD MADERO PARA NI\u00d1OS DE 5 A 11 A\u00d1OS DE EDAD - EL INFORMATIVO DE TAMAULIPAS","description":"A partir del martes 5 al viernes 8 de julio se aplicar\u00e1 la primera dosis de la vacuna anticovid para ni\u00f1os de 5 a 11 a\u00f1os de edad en la urbe petrolera,","robots":{"index":"index","follow":"follow","max-snippet":"max-snippet:-1","max-image-preview":"max-image-preview:large","max-video-preview":"max-video-preview:-1"},"canonical":"https:\/\/elinformativotam.com\/index.php\/2022\/06\/30\/anuncian-jornada-de-vacunacion-en-ciudad-madero-para-ninos-de-5-a-11-anos-de-edad\/","og_locale":"es_MX","og_type":"article","og_title":"ANUNCIAN JORNADA DE VACUNACI\u00d3N EN CIUDAD MADERO PARA NI\u00d1OS DE 5 A 11 A\u00d1OS DE EDAD - EL INFORMATIVO DE TAMAULIPAS","og_description":"A partir del martes 5 al viernes 8 de julio se aplicar\u00e1 la primera dosis de la vacuna anticovid para ni\u00f1os de 5 a 11 a\u00f1os de edad en la urbe petrolera,","og_url":"https:\/\/elinformativotam.com\/index.php\/2022\/06\/30\/anuncian-jornada-de-vacunacion-en-ciudad-madero-para-ninos-de-5-a-11-anos-de-edad\/","og_site_name":"EL INFORMATIVO DE TAMAULIPAS","article_published_time":"2022-07-01T01:50:48+00:00","og_image":[{"width":1280,"height":853,"url":"https:\/\/elinformativotam.com\/wp-content\/uploads\/2022\/06\/Secretario-Ortega.jpg","type":"image\/jpeg"}],"author":"El Informativo Tam","twitter_card":"summary_large_image","twitter_misc":{"Escrito por":"El Informativo Tam","Tiempo de lectura":"2 minutos"},"schema":{"@context":"https:\/\/schema.org","@graph":[{"@type":"Article","@id":"https:\/\/elinformativotam.com\/index.php\/2022\/06\/30\/anuncian-jornada-de-vacunacion-en-ciudad-madero-para-ninos-de-5-a-11-anos-de-edad\/#article","isPartOf":{"@id":"https:\/\/elinformativotam.com\/index.php\/2022\/06\/30\/anuncian-jornada-de-vacunacion-en-ciudad-madero-para-ninos-de-5-a-11-anos-de-edad\/"},"author":{"name":"El Informativo Tam","@id":"https:\/\/elinformativotam.com\/#\/schema\/person\/78e08040eed0f6110f0c5f83b6153590"},"headline":"ANUNCIAN JORNADA DE VACUNACI\u00d3N EN CIUDAD MADERO PARA NI\u00d1OS DE 5 A 11 A\u00d1OS DE EDAD","datePublished":"2022-07-01T01:50:48+00:00","mainEntityOfPage":{"@id":"https:\/\/elinformativotam.com\/index.php\/2022\/06\/30\/anuncian-jornada-de-vacunacion-en-ciudad-madero-para-ninos-de-5-a-11-anos-de-edad\/"},"wordCount":340,"commentCount":0,"publisher":{"@id":"https:\/\/elinformativotam.com\/#organization"},"image":{"@id":"https:\/\/elinformativotam.com\/index.php\/2022\/06\/30\/anuncian-jornada-de-vacunacion-en-ciudad-madero-para-ninos-de-5-a-11-anos-de-edad\/#primaryimage"},"thumbnailUrl":"https:\/\/elinformativotam.com\/wp-content\/uploads\/2022\/06\/Secretario-Ortega.jpg","articleSection":["Cd Madero"],"inLanguage":"es","potentialAction":[{"@type":"CommentAction","name":"Comment","target":["https:\/\/elinformativotam.com\/index.php\/2022\/06\/30\/anuncian-jornada-de-vacunacion-en-ciudad-madero-para-ninos-de-5-a-11-anos-de-edad\/#respond"]}]},{"@type":"WebPage","@id":"https:\/\/elinformativotam.com\/index.php\/2022\/06\/30\/anuncian-jornada-de-vacunacion-en-ciudad-madero-para-ninos-de-5-a-11-anos-de-edad\/","url":"https:\/\/elinformativotam.com\/index.php\/2022\/06\/30\/anuncian-jornada-de-vacunacion-en-ciudad-madero-para-ninos-de-5-a-11-anos-de-edad\/","name":"ANUNCIAN JORNADA DE VACUNACI\u00d3N EN CIUDAD MADERO PARA NI\u00d1OS DE 5 A 11 A\u00d1OS DE EDAD - EL INFORMATIVO DE TAMAULIPAS","isPartOf":{"@id":"https:\/\/elinformativotam.com\/#website"},"primaryImageOfPage":{"@id":"https:\/\/elinformativotam.com\/index.php\/2022\/06\/30\/anuncian-jornada-de-vacunacion-en-ciudad-madero-para-ninos-de-5-a-11-anos-de-edad\/#primaryimage"},"image":{"@id":"https:\/\/elinformativotam.com\/index.php\/2022\/06\/30\/anuncian-jornada-de-vacunacion-en-ciudad-madero-para-ninos-de-5-a-11-anos-de-edad\/#primaryimage"},"thumbnailUrl":"https:\/\/elinformativotam.com\/wp-content\/uploads\/2022\/06\/Secretario-Ortega.jpg","datePublished":"2022-07-01T01:50:48+00:00","description":"A partir del martes 5 al viernes 8 de julio se aplicar\u00e1 la primera dosis de la vacuna anticovid para ni\u00f1os de 5 a 11 a\u00f1os de edad en la urbe petrolera,","inLanguage":"es","potentialAction":[{"@type":"ReadAction","target":["https:\/\/elinformativotam.com\/index.php\/2022\/06\/30\/anuncian-jornada-de-vacunacion-en-ciudad-madero-para-ninos-de-5-a-11-anos-de-edad\/"]}]},{"@type":"ImageObject","inLanguage":"es","@id":"https:\/\/elinformativotam.com\/index.php\/2022\/06\/30\/anuncian-jornada-de-vacunacion-en-ciudad-madero-para-ninos-de-5-a-11-anos-de-edad\/#primaryimage","url":"https:\/\/elinformativotam.com\/wp-content\/uploads\/2022\/06\/Secretario-Ortega.jpg","contentUrl":"https:\/\/elinformativotam.com\/wp-content\/uploads\/2022\/06\/Secretario-Ortega.jpg","width":1280,"height":853},{"@type":"WebSite","@id":"https:\/\/elinformativotam.com\/#website","url":"https:\/\/elinformativotam.com\/","name":"EL INFORMATIVO DE TAMAULIPAS","description":"Desde la Zona Metropolitana Para Todo M\u00e9xico","publisher":{"@id":"https:\/\/elinformativotam.com\/#organization"},"potentialAction":[{"@type":"SearchAction","target":{"@type":"EntryPoint","urlTemplate":"https:\/\/elinformativotam.com\/?s={search_term_string}"},"query-input":{"@type":"PropertyValueSpecification","valueRequired":true,"valueName":"search_term_string"}}],"inLanguage":"es"},{"@type":"Organization","@id":"https:\/\/elinformativotam.com\/#organization","name":"EL INFORMATIVO DE TAMAULIPAS","url":"https:\/\/elinformativotam.com\/","logo":{"@type":"ImageObject","inLanguage":"es","@id":"https:\/\/elinformativotam.com\/#\/schema\/logo\/image\/","url":"https:\/\/elinformativotam.com\/wp-content\/uploads\/2026\/02\/Cabezal.png","contentUrl":"https:\/\/elinformativotam.com\/wp-content\/uploads\/2026\/02\/Cabezal.png","width":960,"height":640,"caption":"EL INFORMATIVO DE TAMAULIPAS"},"image":{"@id":"https:\/\/elinformativotam.com\/#\/schema\/logo\/image\/"}},{"@type":"Person","@id":"https:\/\/elinformativotam.com\/#\/schema\/person\/78e08040eed0f6110f0c5f83b6153590","name":"El Informativo Tam","image":{"@type":"ImageObject","inLanguage":"es","@id":"https:\/\/secure.gravatar.com\/avatar\/f3b7ad3af540688955925ac610647be00b0cf41feea9c4978b73a707ee86bc53?s=96&d=mm&r=g","url":"https:\/\/secure.gravatar.com\/avatar\/f3b7ad3af540688955925ac610647be00b0cf41feea9c4978b73a707ee86bc53?s=96&d=mm&r=g","contentUrl":"https:\/\/secure.gravatar.com\/avatar\/f3b7ad3af540688955925ac610647be00b0cf41feea9c4978b73a707ee86bc53?s=96&d=mm&r=g","caption":"El Informativo Tam"}}]}},"_links":{"self":[{"href":"https:\/\/elinformativotam.com\/index.php\/wp-json\/wp\/v2\/posts\/32734","targetHints":{"allow":["GET"]}}],"collection":[{"href":"https:\/\/elinformativotam.com\/index.php\/wp-json\/wp\/v2\/posts"}],"about":[{"href":"https:\/\/elinformativotam.com\/index.php\/wp-json\/wp\/v2\/types\/post"}],"author":[{"embeddable":true,"href":"https:\/\/elinformativotam.com\/index.php\/wp-json\/wp\/v2\/users\/1"}],"replies":[{"embeddable":true,"href":"https:\/\/elinformativotam.com\/index.php\/wp-json\/wp\/v2\/comments?post=32734"}],"version-history":[{"count":1,"href":"https:\/\/elinformativotam.com\/index.php\/wp-json\/wp\/v2\/posts\/32734\/revisions"}],"predecessor-version":[{"id":32736,"href":"https:\/\/elinformativotam.com\/index.php\/wp-json\/wp\/v2\/posts\/32734\/revisions\/32736"}],"wp:featuredmedia":[{"embeddable":true,"href":"https:\/\/elinformativotam.com\/index.php\/wp-json\/wp\/v2\/media\/32735"}],"wp:attachment":[{"href":"https:\/\/elinformativotam.com\/index.php\/wp-json\/wp\/v2\/media?parent=32734"}],"wp:term":[{"taxonomy":"category","embeddable":true,"href":"https:\/\/elinformativotam.com\/index.php\/wp-json\/wp\/v2\/categories?post=32734"},{"taxonomy":"post_tag","embeddable":true,"href":"https:\/\/elinformativotam.com\/index.php\/wp-json\/wp\/v2\/tags?post=32734"}],"curies":[{"name":"wp","href":"https:\/\/api.w.org\/{rel}","templated":true}]}}