{"id":32731,"date":"2022-06-30T19:47:31","date_gmt":"2022-07-01T01:47:31","guid":{"rendered":"https:\/\/elinformativotam.com\/?p=32731"},"modified":"2022-06-30T19:47:31","modified_gmt":"2022-07-01T01:47:31","slug":"aprueban-mas-descuentos-en-impuestos-municipales-en-ciudad-madero","status":"publish","type":"post","link":"https:\/\/elinformativotam.com\/index.php\/2022\/06\/30\/aprueban-mas-descuentos-en-impuestos-municipales-en-ciudad-madero\/","title":{"rendered":"APRUEBAN M\u00c1S DESCUENTOS EN IMPUESTOS MUNICIPALES EN CIUDAD MADERO"},"content":{"rendered":"<p><em>Comprometido con la econom\u00eda de las familias maderenses, el Gobierno del alcalde Adri\u00e1n Oseguera Kernion, aprob\u00f3 este jueves mediante Sesi\u00f3n Ordinaria de Cabildo, una serie de descuentos en impuestos municipales, como parte de la iniciativa que fomenta la cultura del contribuyente en la urbe petrolera.<\/em><\/p>\n<p><em>\u00a0<\/em><\/p>\n<p><em>En este sentido, s\u00edndicos y regidores encabezados por el Presidente Municipal, dieron el s\u00ed a otorgar un 50% de descuento en el pago de Derechos de Asignaci\u00f3n de Numero Oficial para los predios de Ciudad Madero, durante los meses de julio y agosto del a\u00f1o 2022.<\/em><\/p>\n<p><em>\u00a0<\/em><\/p>\n<p><em>As\u00ed tambi\u00e9n, se aprob\u00f3 un 100% de descuento en recargos, honorarios y gastos de ejecuci\u00f3n en el pago del Impuesto Predial durante los meses de julio y agosto del a\u00f1o en curso, a todos aquellos que no est\u00e9n al corriente en el pago de sus contribuciones.<\/em><\/p>\n<p><em>\u00a0<\/em><\/p>\n<p><em>Mismo descuento ser\u00e1 aplicado para el pago de derechos del Mercado Municipal \u201c18 de Marzo\u201d, durante los meses ya mencionados y se beneficiar\u00e1 a la econom\u00eda maderense con el 100% de descuento en recargos, honorarios y gastos de ejecuci\u00f3n en el pago de derechos de Anuncios Publicitarios durante los meses de julio y agosto del mismo a\u00f1o.<\/em><\/p>\n<p><em>\u00a0<\/em><\/p>\n<p><em>Todo lo anterior, mencion\u00f3 anteriormente Oseguera Kernion, forma parte de las estrategias implementadas por la administraci\u00f3n maderense para consolidar de una forma austera y transparente, m\u00e1s obra p\u00fablica en la ciudad, mediante la contribuci\u00f3n de una sociedad fuerte, responsable y de sana econom\u00eda<\/em><\/p>\n","protected":false},"excerpt":{"rendered":"<p>Comprometido con la econom\u00eda de las familias maderenses, el Gobierno del alcalde Adri\u00e1n Oseguera Kernion, aprob\u00f3 este jueves mediante Sesi\u00f3n&hellip;<\/p>\n","protected":false},"author":1,"featured_media":32732,"comment_status":"open","ping_status":"open","sticky":false,"template":"","format":"standard","meta":{"footnotes":""},"categories":[4],"tags":[],"class_list":["post-32731","post","type-post","status-publish","format-standard","has-post-thumbnail","hentry","category-madero"],"yoast_head":"<!-- This site is optimized with the Yoast SEO plugin v27.4 - https:\/\/yoast.com\/product\/yoast-seo-wordpress\/ -->\n<title>APRUEBAN M\u00c1S DESCUENTOS EN IMPUESTOS MUNICIPALES EN CIUDAD MADERO - EL INFORMATIVO DE TAMAULIPAS<\/title>\n<meta name=\"description\" content=\"Comprometido con la econom\u00eda de las familias maderenses, el Gobierno del alcalde Adri\u00e1n Oseguera Kernion, aprob\u00f3 este jueves mediante Sesi\u00f3n Ordinaria de\" \/>\n<meta name=\"robots\" content=\"index, follow, max-snippet:-1, max-image-preview:large, max-video-preview:-1\" \/>\n<link rel=\"canonical\" href=\"https:\/\/elinformativotam.com\/index.php\/2022\/06\/30\/aprueban-mas-descuentos-en-impuestos-municipales-en-ciudad-madero\/\" \/>\n<meta property=\"og:locale\" content=\"es_MX\" \/>\n<meta property=\"og:type\" content=\"article\" \/>\n<meta property=\"og:title\" content=\"APRUEBAN M\u00c1S DESCUENTOS EN IMPUESTOS MUNICIPALES EN CIUDAD MADERO - EL INFORMATIVO DE TAMAULIPAS\" \/>\n<meta property=\"og:description\" content=\"Comprometido con la econom\u00eda de las familias maderenses, el Gobierno del alcalde Adri\u00e1n Oseguera Kernion, aprob\u00f3 este jueves mediante Sesi\u00f3n Ordinaria de\" \/>\n<meta property=\"og:url\" content=\"https:\/\/elinformativotam.com\/index.php\/2022\/06\/30\/aprueban-mas-descuentos-en-impuestos-municipales-en-ciudad-madero\/\" \/>\n<meta property=\"og:site_name\" content=\"EL INFORMATIVO DE TAMAULIPAS\" \/>\n<meta property=\"article:published_time\" content=\"2022-07-01T01:47:31+00:00\" \/>\n<meta property=\"og:image\" content=\"https:\/\/elinformativotam.com\/wp-content\/uploads\/2022\/06\/Aprueban.jpg\" \/>\n\t<meta property=\"og:image:width\" content=\"1280\" \/>\n\t<meta property=\"og:image:height\" content=\"757\" \/>\n\t<meta property=\"og:image:type\" content=\"image\/jpeg\" \/>\n<meta name=\"author\" content=\"El Informativo Tam\" \/>\n<meta name=\"twitter:card\" content=\"summary_large_image\" \/>\n<meta name=\"twitter:label1\" content=\"Escrito por\" \/>\n\t<meta name=\"twitter:data1\" content=\"El Informativo Tam\" \/>\n\t<meta name=\"twitter:label2\" content=\"Tiempo de lectura\" \/>\n\t<meta name=\"twitter:data2\" content=\"2 minutos\" \/>\n<script type=\"application\/ld+json\" class=\"yoast-schema-graph\">{\"@context\":\"https:\\\/\\\/schema.org\",\"@graph\":[{\"@type\":\"Article\",\"@id\":\"https:\\\/\\\/elinformativotam.com\\\/index.php\\\/2022\\\/06\\\/30\\\/aprueban-mas-descuentos-en-impuestos-municipales-en-ciudad-madero\\\/#article\",\"isPartOf\":{\"@id\":\"https:\\\/\\\/elinformativotam.com\\\/index.php\\\/2022\\\/06\\\/30\\\/aprueban-mas-descuentos-en-impuestos-municipales-en-ciudad-madero\\\/\"},\"author\":{\"name\":\"El Informativo Tam\",\"@id\":\"https:\\\/\\\/elinformativotam.com\\\/#\\\/schema\\\/person\\\/78e08040eed0f6110f0c5f83b6153590\"},\"headline\":\"APRUEBAN M\u00c1S DESCUENTOS EN IMPUESTOS MUNICIPALES EN CIUDAD MADERO\",\"datePublished\":\"2022-07-01T01:47:31+00:00\",\"mainEntityOfPage\":{\"@id\":\"https:\\\/\\\/elinformativotam.com\\\/index.php\\\/2022\\\/06\\\/30\\\/aprueban-mas-descuentos-en-impuestos-municipales-en-ciudad-madero\\\/\"},\"wordCount\":260,\"commentCount\":0,\"publisher\":{\"@id\":\"https:\\\/\\\/elinformativotam.com\\\/#organization\"},\"image\":{\"@id\":\"https:\\\/\\\/elinformativotam.com\\\/index.php\\\/2022\\\/06\\\/30\\\/aprueban-mas-descuentos-en-impuestos-municipales-en-ciudad-madero\\\/#primaryimage\"},\"thumbnailUrl\":\"https:\\\/\\\/elinformativotam.com\\\/wp-content\\\/uploads\\\/2022\\\/06\\\/Aprueban.jpg\",\"articleSection\":[\"Cd Madero\"],\"inLanguage\":\"es\",\"potentialAction\":[{\"@type\":\"CommentAction\",\"name\":\"Comment\",\"target\":[\"https:\\\/\\\/elinformativotam.com\\\/index.php\\\/2022\\\/06\\\/30\\\/aprueban-mas-descuentos-en-impuestos-municipales-en-ciudad-madero\\\/#respond\"]}]},{\"@type\":\"WebPage\",\"@id\":\"https:\\\/\\\/elinformativotam.com\\\/index.php\\\/2022\\\/06\\\/30\\\/aprueban-mas-descuentos-en-impuestos-municipales-en-ciudad-madero\\\/\",\"url\":\"https:\\\/\\\/elinformativotam.com\\\/index.php\\\/2022\\\/06\\\/30\\\/aprueban-mas-descuentos-en-impuestos-municipales-en-ciudad-madero\\\/\",\"name\":\"APRUEBAN M\u00c1S DESCUENTOS EN IMPUESTOS MUNICIPALES EN CIUDAD MADERO - EL INFORMATIVO DE TAMAULIPAS\",\"isPartOf\":{\"@id\":\"https:\\\/\\\/elinformativotam.com\\\/#website\"},\"primaryImageOfPage\":{\"@id\":\"https:\\\/\\\/elinformativotam.com\\\/index.php\\\/2022\\\/06\\\/30\\\/aprueban-mas-descuentos-en-impuestos-municipales-en-ciudad-madero\\\/#primaryimage\"},\"image\":{\"@id\":\"https:\\\/\\\/elinformativotam.com\\\/index.php\\\/2022\\\/06\\\/30\\\/aprueban-mas-descuentos-en-impuestos-municipales-en-ciudad-madero\\\/#primaryimage\"},\"thumbnailUrl\":\"https:\\\/\\\/elinformativotam.com\\\/wp-content\\\/uploads\\\/2022\\\/06\\\/Aprueban.jpg\",\"datePublished\":\"2022-07-01T01:47:31+00:00\",\"description\":\"Comprometido con la econom\u00eda de las familias maderenses, el Gobierno del alcalde Adri\u00e1n Oseguera Kernion, aprob\u00f3 este jueves mediante Sesi\u00f3n Ordinaria de\",\"inLanguage\":\"es\",\"potentialAction\":[{\"@type\":\"ReadAction\",\"target\":[\"https:\\\/\\\/elinformativotam.com\\\/index.php\\\/2022\\\/06\\\/30\\\/aprueban-mas-descuentos-en-impuestos-municipales-en-ciudad-madero\\\/\"]}]},{\"@type\":\"ImageObject\",\"inLanguage\":\"es\",\"@id\":\"https:\\\/\\\/elinformativotam.com\\\/index.php\\\/2022\\\/06\\\/30\\\/aprueban-mas-descuentos-en-impuestos-municipales-en-ciudad-madero\\\/#primaryimage\",\"url\":\"https:\\\/\\\/elinformativotam.com\\\/wp-content\\\/uploads\\\/2022\\\/06\\\/Aprueban.jpg\",\"contentUrl\":\"https:\\\/\\\/elinformativotam.com\\\/wp-content\\\/uploads\\\/2022\\\/06\\\/Aprueban.jpg\",\"width\":1280,\"height\":757},{\"@type\":\"WebSite\",\"@id\":\"https:\\\/\\\/elinformativotam.com\\\/#website\",\"url\":\"https:\\\/\\\/elinformativotam.com\\\/\",\"name\":\"EL INFORMATIVO DE TAMAULIPAS\",\"description\":\"Desde la Zona Metropolitana Para Todo M\u00e9xico\",\"publisher\":{\"@id\":\"https:\\\/\\\/elinformativotam.com\\\/#organization\"},\"potentialAction\":[{\"@type\":\"SearchAction\",\"target\":{\"@type\":\"EntryPoint\",\"urlTemplate\":\"https:\\\/\\\/elinformativotam.com\\\/?s={search_term_string}\"},\"query-input\":{\"@type\":\"PropertyValueSpecification\",\"valueRequired\":true,\"valueName\":\"search_term_string\"}}],\"inLanguage\":\"es\"},{\"@type\":\"Organization\",\"@id\":\"https:\\\/\\\/elinformativotam.com\\\/#organization\",\"name\":\"EL INFORMATIVO DE TAMAULIPAS\",\"url\":\"https:\\\/\\\/elinformativotam.com\\\/\",\"logo\":{\"@type\":\"ImageObject\",\"inLanguage\":\"es\",\"@id\":\"https:\\\/\\\/elinformativotam.com\\\/#\\\/schema\\\/logo\\\/image\\\/\",\"url\":\"https:\\\/\\\/elinformativotam.com\\\/wp-content\\\/uploads\\\/2026\\\/02\\\/Cabezal.png\",\"contentUrl\":\"https:\\\/\\\/elinformativotam.com\\\/wp-content\\\/uploads\\\/2026\\\/02\\\/Cabezal.png\",\"width\":960,\"height\":640,\"caption\":\"EL INFORMATIVO DE TAMAULIPAS\"},\"image\":{\"@id\":\"https:\\\/\\\/elinformativotam.com\\\/#\\\/schema\\\/logo\\\/image\\\/\"}},{\"@type\":\"Person\",\"@id\":\"https:\\\/\\\/elinformativotam.com\\\/#\\\/schema\\\/person\\\/78e08040eed0f6110f0c5f83b6153590\",\"name\":\"El Informativo Tam\",\"image\":{\"@type\":\"ImageObject\",\"inLanguage\":\"es\",\"@id\":\"https:\\\/\\\/secure.gravatar.com\\\/avatar\\\/f3b7ad3af540688955925ac610647be00b0cf41feea9c4978b73a707ee86bc53?s=96&d=mm&r=g\",\"url\":\"https:\\\/\\\/secure.gravatar.com\\\/avatar\\\/f3b7ad3af540688955925ac610647be00b0cf41feea9c4978b73a707ee86bc53?s=96&d=mm&r=g\",\"contentUrl\":\"https:\\\/\\\/secure.gravatar.com\\\/avatar\\\/f3b7ad3af540688955925ac610647be00b0cf41feea9c4978b73a707ee86bc53?s=96&d=mm&r=g\",\"caption\":\"El Informativo Tam\"}}]}<\/script>\n<!-- \/ Yoast SEO plugin. -->","yoast_head_json":{"title":"APRUEBAN M\u00c1S DESCUENTOS EN IMPUESTOS MUNICIPALES EN CIUDAD MADERO - EL INFORMATIVO DE TAMAULIPAS","description":"Comprometido con la econom\u00eda de las familias maderenses, el Gobierno del alcalde Adri\u00e1n Oseguera Kernion, aprob\u00f3 este jueves mediante Sesi\u00f3n Ordinaria de","robots":{"index":"index","follow":"follow","max-snippet":"max-snippet:-1","max-image-preview":"max-image-preview:large","max-video-preview":"max-video-preview:-1"},"canonical":"https:\/\/elinformativotam.com\/index.php\/2022\/06\/30\/aprueban-mas-descuentos-en-impuestos-municipales-en-ciudad-madero\/","og_locale":"es_MX","og_type":"article","og_title":"APRUEBAN M\u00c1S DESCUENTOS EN IMPUESTOS MUNICIPALES EN CIUDAD MADERO - EL INFORMATIVO DE TAMAULIPAS","og_description":"Comprometido con la econom\u00eda de las familias maderenses, el Gobierno del alcalde Adri\u00e1n Oseguera Kernion, aprob\u00f3 este jueves mediante Sesi\u00f3n Ordinaria de","og_url":"https:\/\/elinformativotam.com\/index.php\/2022\/06\/30\/aprueban-mas-descuentos-en-impuestos-municipales-en-ciudad-madero\/","og_site_name":"EL INFORMATIVO DE TAMAULIPAS","article_published_time":"2022-07-01T01:47:31+00:00","og_image":[{"width":1280,"height":757,"url":"https:\/\/elinformativotam.com\/wp-content\/uploads\/2022\/06\/Aprueban.jpg","type":"image\/jpeg"}],"author":"El Informativo Tam","twitter_card":"summary_large_image","twitter_misc":{"Escrito por":"El Informativo Tam","Tiempo de lectura":"2 minutos"},"schema":{"@context":"https:\/\/schema.org","@graph":[{"@type":"Article","@id":"https:\/\/elinformativotam.com\/index.php\/2022\/06\/30\/aprueban-mas-descuentos-en-impuestos-municipales-en-ciudad-madero\/#article","isPartOf":{"@id":"https:\/\/elinformativotam.com\/index.php\/2022\/06\/30\/aprueban-mas-descuentos-en-impuestos-municipales-en-ciudad-madero\/"},"author":{"name":"El Informativo Tam","@id":"https:\/\/elinformativotam.com\/#\/schema\/person\/78e08040eed0f6110f0c5f83b6153590"},"headline":"APRUEBAN M\u00c1S DESCUENTOS EN IMPUESTOS MUNICIPALES EN CIUDAD MADERO","datePublished":"2022-07-01T01:47:31+00:00","mainEntityOfPage":{"@id":"https:\/\/elinformativotam.com\/index.php\/2022\/06\/30\/aprueban-mas-descuentos-en-impuestos-municipales-en-ciudad-madero\/"},"wordCount":260,"commentCount":0,"publisher":{"@id":"https:\/\/elinformativotam.com\/#organization"},"image":{"@id":"https:\/\/elinformativotam.com\/index.php\/2022\/06\/30\/aprueban-mas-descuentos-en-impuestos-municipales-en-ciudad-madero\/#primaryimage"},"thumbnailUrl":"https:\/\/elinformativotam.com\/wp-content\/uploads\/2022\/06\/Aprueban.jpg","articleSection":["Cd Madero"],"inLanguage":"es","potentialAction":[{"@type":"CommentAction","name":"Comment","target":["https:\/\/elinformativotam.com\/index.php\/2022\/06\/30\/aprueban-mas-descuentos-en-impuestos-municipales-en-ciudad-madero\/#respond"]}]},{"@type":"WebPage","@id":"https:\/\/elinformativotam.com\/index.php\/2022\/06\/30\/aprueban-mas-descuentos-en-impuestos-municipales-en-ciudad-madero\/","url":"https:\/\/elinformativotam.com\/index.php\/2022\/06\/30\/aprueban-mas-descuentos-en-impuestos-municipales-en-ciudad-madero\/","name":"APRUEBAN M\u00c1S DESCUENTOS EN IMPUESTOS MUNICIPALES EN CIUDAD MADERO - EL INFORMATIVO DE TAMAULIPAS","isPartOf":{"@id":"https:\/\/elinformativotam.com\/#website"},"primaryImageOfPage":{"@id":"https:\/\/elinformativotam.com\/index.php\/2022\/06\/30\/aprueban-mas-descuentos-en-impuestos-municipales-en-ciudad-madero\/#primaryimage"},"image":{"@id":"https:\/\/elinformativotam.com\/index.php\/2022\/06\/30\/aprueban-mas-descuentos-en-impuestos-municipales-en-ciudad-madero\/#primaryimage"},"thumbnailUrl":"https:\/\/elinformativotam.com\/wp-content\/uploads\/2022\/06\/Aprueban.jpg","datePublished":"2022-07-01T01:47:31+00:00","description":"Comprometido con la econom\u00eda de las familias maderenses, el Gobierno del alcalde Adri\u00e1n Oseguera Kernion, aprob\u00f3 este jueves mediante Sesi\u00f3n Ordinaria de","inLanguage":"es","potentialAction":[{"@type":"ReadAction","target":["https:\/\/elinformativotam.com\/index.php\/2022\/06\/30\/aprueban-mas-descuentos-en-impuestos-municipales-en-ciudad-madero\/"]}]},{"@type":"ImageObject","inLanguage":"es","@id":"https:\/\/elinformativotam.com\/index.php\/2022\/06\/30\/aprueban-mas-descuentos-en-impuestos-municipales-en-ciudad-madero\/#primaryimage","url":"https:\/\/elinformativotam.com\/wp-content\/uploads\/2022\/06\/Aprueban.jpg","contentUrl":"https:\/\/elinformativotam.com\/wp-content\/uploads\/2022\/06\/Aprueban.jpg","width":1280,"height":757},{"@type":"WebSite","@id":"https:\/\/elinformativotam.com\/#website","url":"https:\/\/elinformativotam.com\/","name":"EL INFORMATIVO DE TAMAULIPAS","description":"Desde la Zona Metropolitana Para Todo M\u00e9xico","publisher":{"@id":"https:\/\/elinformativotam.com\/#organization"},"potentialAction":[{"@type":"SearchAction","target":{"@type":"EntryPoint","urlTemplate":"https:\/\/elinformativotam.com\/?s={search_term_string}"},"query-input":{"@type":"PropertyValueSpecification","valueRequired":true,"valueName":"search_term_string"}}],"inLanguage":"es"},{"@type":"Organization","@id":"https:\/\/elinformativotam.com\/#organization","name":"EL INFORMATIVO DE TAMAULIPAS","url":"https:\/\/elinformativotam.com\/","logo":{"@type":"ImageObject","inLanguage":"es","@id":"https:\/\/elinformativotam.com\/#\/schema\/logo\/image\/","url":"https:\/\/elinformativotam.com\/wp-content\/uploads\/2026\/02\/Cabezal.png","contentUrl":"https:\/\/elinformativotam.com\/wp-content\/uploads\/2026\/02\/Cabezal.png","width":960,"height":640,"caption":"EL INFORMATIVO DE TAMAULIPAS"},"image":{"@id":"https:\/\/elinformativotam.com\/#\/schema\/logo\/image\/"}},{"@type":"Person","@id":"https:\/\/elinformativotam.com\/#\/schema\/person\/78e08040eed0f6110f0c5f83b6153590","name":"El Informativo Tam","image":{"@type":"ImageObject","inLanguage":"es","@id":"https:\/\/secure.gravatar.com\/avatar\/f3b7ad3af540688955925ac610647be00b0cf41feea9c4978b73a707ee86bc53?s=96&d=mm&r=g","url":"https:\/\/secure.gravatar.com\/avatar\/f3b7ad3af540688955925ac610647be00b0cf41feea9c4978b73a707ee86bc53?s=96&d=mm&r=g","contentUrl":"https:\/\/secure.gravatar.com\/avatar\/f3b7ad3af540688955925ac610647be00b0cf41feea9c4978b73a707ee86bc53?s=96&d=mm&r=g","caption":"El Informativo Tam"}}]}},"_links":{"self":[{"href":"https:\/\/elinformativotam.com\/index.php\/wp-json\/wp\/v2\/posts\/32731","targetHints":{"allow":["GET"]}}],"collection":[{"href":"https:\/\/elinformativotam.com\/index.php\/wp-json\/wp\/v2\/posts"}],"about":[{"href":"https:\/\/elinformativotam.com\/index.php\/wp-json\/wp\/v2\/types\/post"}],"author":[{"embeddable":true,"href":"https:\/\/elinformativotam.com\/index.php\/wp-json\/wp\/v2\/users\/1"}],"replies":[{"embeddable":true,"href":"https:\/\/elinformativotam.com\/index.php\/wp-json\/wp\/v2\/comments?post=32731"}],"version-history":[{"count":1,"href":"https:\/\/elinformativotam.com\/index.php\/wp-json\/wp\/v2\/posts\/32731\/revisions"}],"predecessor-version":[{"id":32733,"href":"https:\/\/elinformativotam.com\/index.php\/wp-json\/wp\/v2\/posts\/32731\/revisions\/32733"}],"wp:featuredmedia":[{"embeddable":true,"href":"https:\/\/elinformativotam.com\/index.php\/wp-json\/wp\/v2\/media\/32732"}],"wp:attachment":[{"href":"https:\/\/elinformativotam.com\/index.php\/wp-json\/wp\/v2\/media?parent=32731"}],"wp:term":[{"taxonomy":"category","embeddable":true,"href":"https:\/\/elinformativotam.com\/index.php\/wp-json\/wp\/v2\/categories?post=32731"},{"taxonomy":"post_tag","embeddable":true,"href":"https:\/\/elinformativotam.com\/index.php\/wp-json\/wp\/v2\/tags?post=32731"}],"curies":[{"name":"wp","href":"https:\/\/api.w.org\/{rel}","templated":true}]}}