{"id":32687,"date":"2022-06-30T07:43:27","date_gmt":"2022-06-30T13:43:27","guid":{"rendered":"https:\/\/elinformativotam.com\/?p=32687"},"modified":"2022-06-30T07:43:27","modified_gmt":"2022-06-30T13:43:27","slug":"vamos-juntos-a-construir-la-nueva-historia-de-altamira-armando-martinez-manriquez","status":"publish","type":"post","link":"https:\/\/elinformativotam.com\/index.php\/2022\/06\/30\/vamos-juntos-a-construir-la-nueva-historia-de-altamira-armando-martinez-manriquez\/","title":{"rendered":"VAMOS JUNTOS A CONSTRUIR LA NUEVA HISTORIA DE ALTAMIRA: ARMANDO MARTINEZ MANR\u00cdQUEZ"},"content":{"rendered":"<h2 style=\"text-align: center;\"><em>* Brinda Alcalde Armando Mart\u00ednez Segundo Y Tercer Informe Trimestral <\/em><\/h2>\n<p><em>\u00a0<\/em><\/p>\n<p><em>Trabajando sin descanso bajo un objetivo muy claro: la transformaci\u00f3n y el cambio verdadero en Altamira; el presidente municipal Armando Mart\u00ednez Manr\u00edquez, brind\u00f3 el segundo y tercer informe trimestral de la actual administraci\u00f3n municipal.<\/em><\/p>\n<p><em>\u00a0<\/em><\/p>\n<p><em>Se\u00f1al\u00f3 que se ha desarrollado un arduo trabajo en tres ejes fundamentales: gobierno con justicia social, bienestar para todos, y econom\u00eda para la prosperidad.<\/em><\/p>\n<p><em>\u00a0<\/em><\/p>\n<p><em>Eje: gobierno con justicia social<\/em><\/p>\n<p><em>\u00a0<\/em><\/p>\n<p><em>Destac\u00f3 que hoy el municipio mantiene finanzas sanas; sin deudas, con un manejo m\u00e1s eficiente de los recursos humanos y financieros.<\/em><\/p>\n<p><em>\u00a0<\/em><\/p>\n<p><em>\u201cUn gobierno con finanzas sanas se traduce en m\u00e1s programas y acciones a favor de las y los altamirenses\u201d, se\u00f1al\u00f3. <\/em><\/p>\n<p><em>\u00a0<\/em><\/p>\n<p><em>Indic\u00f3 que se ha fortalecido la seguridad ciudadana mediante acciones de equipamiento y capacitaci\u00f3n al personal de tr\u00e1nsito, protecci\u00f3n civil y bomberos.<\/em><\/p>\n<p><em>\u00a0<\/em><\/p>\n<p><em>\u201cMi compromiso fue moralizar a tr\u00e1nsito local y dignificar su servicio y lo hemos cumplido\u201d.<\/em><\/p>\n<p><em>\u00a0<\/em><\/p>\n<p><em>Para prevenir accidentes, de enero a la fecha se han instalado 88 reductores de velocidad en vialidades cercanas a centros escolares y avenidas que registran alto volumen de tr\u00e1fico vehicular, y en el mes de febrero se instalaron tres sem\u00e1foros, uno en la esquina de las calles Venustiano Carranza y Fundo Legal y dos en el cruce de la carretera Tampico-Mante con las calles Guadalajara y con la calle M\u00e9xico, que se constituyen como un sistema de semaforizaci\u00f3n. \u00a0<\/em><\/p>\n<p><em>\u00a0<\/em><\/p>\n<p><em>Tambi\u00e9n se instalaron en diciembre de 2021 dos sem\u00e1foros, uno en la esquina de bulevar Allende e Hip\u00f3lito Cepeda en la colonia Francisco Villa, y otro en el cruce de la calle Vialidad PD y Calle C2 en el fraccionamiento Arboledas.<\/em><\/p>\n<p><em>\u00a0<\/em><\/p>\n<p><em>\u201cHoy por hoy, contamos con cuerpos de seguridad listos para responder a las exigencias que demande cualquier tipo de emergencia o atenci\u00f3n preventiva\u201d.<\/em><\/p>\n<p><em>\u00a0<\/em><\/p>\n<p><em>En materia de transparencia resalt\u00f3 que el municipio cumple con las obligaciones estipuladas por la ley, dando respuesta al 100% a las solicitudes de informaci\u00f3n recibidas en la plataforma del Sistema Nacional de Transparencia. <\/em><\/p>\n<p><em>\u00a0<\/em><\/p>\n<p><em>Asimismo, detall\u00f3 que se han licitado recursos por un monto de 128 millones 458 mil 093 pesos con 11 centavos, mismos que el municipio ha pagado de contado y sin endeudamiento. <\/em><\/p>\n<p><em>\u00a0<\/em><\/p>\n<p><em>Al reconocer la labor del cuerpo edilicio, el alcalde destac\u00f3 el acuerdo mediante sesi\u00f3n para duplicar el presupuesto de obra p\u00fablica de 153 millones de pesos en 2021 a 307 millones de pesos en 2022, as\u00ed como el programa \u201cTransformando Altamira con Becas\u201d, con un monto de 3 millones 783 mil 100 pesos, entre otros importantes acuerdos para el desarrollo de la ciudad. <\/em><\/p>\n<p><em>\u00a0<\/em><\/p>\n<p><em>\u00a0<\/em><\/p>\n<p><em>Eje: bienestar para todos<\/em><\/p>\n<p><em>\u00a0<\/em><\/p>\n<p><em>Representando la salud p\u00fablica una prioridad, en el mes de enero se inici\u00f3 la campa\u00f1a de descacharrizaci\u00f3n, abate y fumigaci\u00f3n; abarcando hasta el momento 207 colonias, fraccionamientos y ejidos, que representan aproximadamente casi 68 mil viviendas y poco m\u00e1s de 170 mil habitantes.<\/em><\/p>\n<p><em>\u00a0<\/em><\/p>\n<p><em>A partir del regreso a clases y hasta la fecha, se sanitizaron el Centro de Rehabilitaci\u00f3n Integral y 215 escuelas con la finalidad de combatir la pandemia del COVID-19.<\/em><\/p>\n<p><em>\u00a0<\/em><\/p>\n<p><em>En coordinaci\u00f3n con autoridades de los gobiernos federal y estatal, se ha proporcionado apoyo log\u00edstico, transporte, insumos y personal para lograr que se lleve a cabo la entrega de recursos de los programas: Tarjeta del Instituto Nacional de las Personas Adultos Mayores (INAPAM); leche LICONSA, beca \u201cBenito Ju\u00e1rez\u201d, \u201cPensi\u00f3n para adultos mayores\u201d, y \u201cComedores comunitarios\u201d entre otros, por medio de los cuales, 7,063 altamirenses fueron apoyados.<\/em><\/p>\n<p><em>\u00a0<\/em><\/p>\n<p><em>Con el firme prop\u00f3sito de transformar Altamira se ha destinado en los primeros meses de la actual administraci\u00f3n una inversi\u00f3n sin precedente en el rubro de obra p\u00fablica, beneficiando a d\u2026<\/em><\/p>\n","protected":false},"excerpt":{"rendered":"<p>* Brinda Alcalde Armando Mart\u00ednez Segundo Y Tercer Informe Trimestral \u00a0 Trabajando sin descanso bajo un objetivo muy claro: la&hellip;<\/p>\n","protected":false},"author":1,"featured_media":32688,"comment_status":"open","ping_status":"open","sticky":false,"template":"","format":"standard","meta":{"footnotes":""},"categories":[5],"tags":[],"class_list":["post-32687","post","type-post","status-publish","format-standard","has-post-thumbnail","hentry","category-altamira"],"yoast_head":"<!-- This site is optimized with the Yoast SEO plugin v27.4 - https:\/\/yoast.com\/product\/yoast-seo-wordpress\/ -->\n<title>VAMOS JUNTOS A CONSTRUIR LA NUEVA HISTORIA DE ALTAMIRA: ARMANDO MARTINEZ MANR\u00cdQUEZ - EL INFORMATIVO DE TAMAULIPAS<\/title>\n<meta name=\"description\" content=\"* Brinda Alcalde Armando Mart\u00ednez Segundo Y Tercer Informe Trimestral \u00a0 Trabajando sin descanso bajo un objetivo muy claro: la transformaci\u00f3n y el cambio\" \/>\n<meta name=\"robots\" content=\"index, follow, max-snippet:-1, max-image-preview:large, max-video-preview:-1\" \/>\n<link rel=\"canonical\" href=\"https:\/\/elinformativotam.com\/index.php\/2022\/06\/30\/vamos-juntos-a-construir-la-nueva-historia-de-altamira-armando-martinez-manriquez\/\" \/>\n<meta property=\"og:locale\" content=\"es_MX\" \/>\n<meta property=\"og:type\" content=\"article\" \/>\n<meta property=\"og:title\" content=\"VAMOS JUNTOS A CONSTRUIR LA NUEVA HISTORIA DE ALTAMIRA: ARMANDO MARTINEZ MANR\u00cdQUEZ - EL INFORMATIVO DE TAMAULIPAS\" \/>\n<meta property=\"og:description\" content=\"* Brinda Alcalde Armando Mart\u00ednez Segundo Y Tercer Informe Trimestral \u00a0 Trabajando sin descanso bajo un objetivo muy claro: la transformaci\u00f3n y el cambio\" \/>\n<meta property=\"og:url\" content=\"https:\/\/elinformativotam.com\/index.php\/2022\/06\/30\/vamos-juntos-a-construir-la-nueva-historia-de-altamira-armando-martinez-manriquez\/\" \/>\n<meta property=\"og:site_name\" content=\"EL INFORMATIVO DE TAMAULIPAS\" \/>\n<meta property=\"article:published_time\" content=\"2022-06-30T13:43:27+00:00\" \/>\n<meta property=\"og:image\" content=\"https:\/\/elinformativotam.com\/wp-content\/uploads\/2022\/06\/AMM-4.jpg\" \/>\n\t<meta property=\"og:image:width\" content=\"1280\" \/>\n\t<meta property=\"og:image:height\" content=\"853\" \/>\n\t<meta property=\"og:image:type\" content=\"image\/jpeg\" \/>\n<meta name=\"author\" content=\"El Informativo Tam\" \/>\n<meta name=\"twitter:card\" content=\"summary_large_image\" \/>\n<meta name=\"twitter:label1\" content=\"Escrito por\" \/>\n\t<meta name=\"twitter:data1\" content=\"El Informativo Tam\" \/>\n\t<meta name=\"twitter:label2\" content=\"Tiempo de lectura\" \/>\n\t<meta name=\"twitter:data2\" content=\"3 minutos\" \/>\n<script type=\"application\/ld+json\" class=\"yoast-schema-graph\">{\"@context\":\"https:\\\/\\\/schema.org\",\"@graph\":[{\"@type\":\"Article\",\"@id\":\"https:\\\/\\\/elinformativotam.com\\\/index.php\\\/2022\\\/06\\\/30\\\/vamos-juntos-a-construir-la-nueva-historia-de-altamira-armando-martinez-manriquez\\\/#article\",\"isPartOf\":{\"@id\":\"https:\\\/\\\/elinformativotam.com\\\/index.php\\\/2022\\\/06\\\/30\\\/vamos-juntos-a-construir-la-nueva-historia-de-altamira-armando-martinez-manriquez\\\/\"},\"author\":{\"name\":\"El Informativo Tam\",\"@id\":\"https:\\\/\\\/elinformativotam.com\\\/#\\\/schema\\\/person\\\/78e08040eed0f6110f0c5f83b6153590\"},\"headline\":\"VAMOS JUNTOS A CONSTRUIR LA NUEVA HISTORIA DE ALTAMIRA: ARMANDO MARTINEZ MANR\u00cdQUEZ\",\"datePublished\":\"2022-06-30T13:43:27+00:00\",\"mainEntityOfPage\":{\"@id\":\"https:\\\/\\\/elinformativotam.com\\\/index.php\\\/2022\\\/06\\\/30\\\/vamos-juntos-a-construir-la-nueva-historia-de-altamira-armando-martinez-manriquez\\\/\"},\"wordCount\":626,\"commentCount\":0,\"publisher\":{\"@id\":\"https:\\\/\\\/elinformativotam.com\\\/#organization\"},\"image\":{\"@id\":\"https:\\\/\\\/elinformativotam.com\\\/index.php\\\/2022\\\/06\\\/30\\\/vamos-juntos-a-construir-la-nueva-historia-de-altamira-armando-martinez-manriquez\\\/#primaryimage\"},\"thumbnailUrl\":\"https:\\\/\\\/elinformativotam.com\\\/wp-content\\\/uploads\\\/2022\\\/06\\\/AMM-4.jpg\",\"articleSection\":[\"Altamira\"],\"inLanguage\":\"es\",\"potentialAction\":[{\"@type\":\"CommentAction\",\"name\":\"Comment\",\"target\":[\"https:\\\/\\\/elinformativotam.com\\\/index.php\\\/2022\\\/06\\\/30\\\/vamos-juntos-a-construir-la-nueva-historia-de-altamira-armando-martinez-manriquez\\\/#respond\"]}]},{\"@type\":\"WebPage\",\"@id\":\"https:\\\/\\\/elinformativotam.com\\\/index.php\\\/2022\\\/06\\\/30\\\/vamos-juntos-a-construir-la-nueva-historia-de-altamira-armando-martinez-manriquez\\\/\",\"url\":\"https:\\\/\\\/elinformativotam.com\\\/index.php\\\/2022\\\/06\\\/30\\\/vamos-juntos-a-construir-la-nueva-historia-de-altamira-armando-martinez-manriquez\\\/\",\"name\":\"VAMOS JUNTOS A CONSTRUIR LA NUEVA HISTORIA DE ALTAMIRA: ARMANDO MARTINEZ MANR\u00cdQUEZ - EL INFORMATIVO DE TAMAULIPAS\",\"isPartOf\":{\"@id\":\"https:\\\/\\\/elinformativotam.com\\\/#website\"},\"primaryImageOfPage\":{\"@id\":\"https:\\\/\\\/elinformativotam.com\\\/index.php\\\/2022\\\/06\\\/30\\\/vamos-juntos-a-construir-la-nueva-historia-de-altamira-armando-martinez-manriquez\\\/#primaryimage\"},\"image\":{\"@id\":\"https:\\\/\\\/elinformativotam.com\\\/index.php\\\/2022\\\/06\\\/30\\\/vamos-juntos-a-construir-la-nueva-historia-de-altamira-armando-martinez-manriquez\\\/#primaryimage\"},\"thumbnailUrl\":\"https:\\\/\\\/elinformativotam.com\\\/wp-content\\\/uploads\\\/2022\\\/06\\\/AMM-4.jpg\",\"datePublished\":\"2022-06-30T13:43:27+00:00\",\"description\":\"* Brinda Alcalde Armando Mart\u00ednez Segundo Y Tercer Informe Trimestral \u00a0 Trabajando sin descanso bajo un objetivo muy claro: la transformaci\u00f3n y el cambio\",\"inLanguage\":\"es\",\"potentialAction\":[{\"@type\":\"ReadAction\",\"target\":[\"https:\\\/\\\/elinformativotam.com\\\/index.php\\\/2022\\\/06\\\/30\\\/vamos-juntos-a-construir-la-nueva-historia-de-altamira-armando-martinez-manriquez\\\/\"]}]},{\"@type\":\"ImageObject\",\"inLanguage\":\"es\",\"@id\":\"https:\\\/\\\/elinformativotam.com\\\/index.php\\\/2022\\\/06\\\/30\\\/vamos-juntos-a-construir-la-nueva-historia-de-altamira-armando-martinez-manriquez\\\/#primaryimage\",\"url\":\"https:\\\/\\\/elinformativotam.com\\\/wp-content\\\/uploads\\\/2022\\\/06\\\/AMM-4.jpg\",\"contentUrl\":\"https:\\\/\\\/elinformativotam.com\\\/wp-content\\\/uploads\\\/2022\\\/06\\\/AMM-4.jpg\",\"width\":1280,\"height\":853},{\"@type\":\"WebSite\",\"@id\":\"https:\\\/\\\/elinformativotam.com\\\/#website\",\"url\":\"https:\\\/\\\/elinformativotam.com\\\/\",\"name\":\"EL INFORMATIVO DE TAMAULIPAS\",\"description\":\"Desde la Zona Metropolitana Para Todo M\u00e9xico\",\"publisher\":{\"@id\":\"https:\\\/\\\/elinformativotam.com\\\/#organization\"},\"potentialAction\":[{\"@type\":\"SearchAction\",\"target\":{\"@type\":\"EntryPoint\",\"urlTemplate\":\"https:\\\/\\\/elinformativotam.com\\\/?s={search_term_string}\"},\"query-input\":{\"@type\":\"PropertyValueSpecification\",\"valueRequired\":true,\"valueName\":\"search_term_string\"}}],\"inLanguage\":\"es\"},{\"@type\":\"Organization\",\"@id\":\"https:\\\/\\\/elinformativotam.com\\\/#organization\",\"name\":\"EL INFORMATIVO DE TAMAULIPAS\",\"url\":\"https:\\\/\\\/elinformativotam.com\\\/\",\"logo\":{\"@type\":\"ImageObject\",\"inLanguage\":\"es\",\"@id\":\"https:\\\/\\\/elinformativotam.com\\\/#\\\/schema\\\/logo\\\/image\\\/\",\"url\":\"https:\\\/\\\/elinformativotam.com\\\/wp-content\\\/uploads\\\/2026\\\/02\\\/Cabezal.png\",\"contentUrl\":\"https:\\\/\\\/elinformativotam.com\\\/wp-content\\\/uploads\\\/2026\\\/02\\\/Cabezal.png\",\"width\":960,\"height\":640,\"caption\":\"EL INFORMATIVO DE TAMAULIPAS\"},\"image\":{\"@id\":\"https:\\\/\\\/elinformativotam.com\\\/#\\\/schema\\\/logo\\\/image\\\/\"}},{\"@type\":\"Person\",\"@id\":\"https:\\\/\\\/elinformativotam.com\\\/#\\\/schema\\\/person\\\/78e08040eed0f6110f0c5f83b6153590\",\"name\":\"El Informativo Tam\",\"image\":{\"@type\":\"ImageObject\",\"inLanguage\":\"es\",\"@id\":\"https:\\\/\\\/secure.gravatar.com\\\/avatar\\\/f3b7ad3af540688955925ac610647be00b0cf41feea9c4978b73a707ee86bc53?s=96&d=mm&r=g\",\"url\":\"https:\\\/\\\/secure.gravatar.com\\\/avatar\\\/f3b7ad3af540688955925ac610647be00b0cf41feea9c4978b73a707ee86bc53?s=96&d=mm&r=g\",\"contentUrl\":\"https:\\\/\\\/secure.gravatar.com\\\/avatar\\\/f3b7ad3af540688955925ac610647be00b0cf41feea9c4978b73a707ee86bc53?s=96&d=mm&r=g\",\"caption\":\"El Informativo Tam\"}}]}<\/script>\n<!-- \/ Yoast SEO plugin. -->","yoast_head_json":{"title":"VAMOS JUNTOS A CONSTRUIR LA NUEVA HISTORIA DE ALTAMIRA: ARMANDO MARTINEZ MANR\u00cdQUEZ - EL INFORMATIVO DE TAMAULIPAS","description":"* Brinda Alcalde Armando Mart\u00ednez Segundo Y Tercer Informe Trimestral \u00a0 Trabajando sin descanso bajo un objetivo muy claro: la transformaci\u00f3n y el cambio","robots":{"index":"index","follow":"follow","max-snippet":"max-snippet:-1","max-image-preview":"max-image-preview:large","max-video-preview":"max-video-preview:-1"},"canonical":"https:\/\/elinformativotam.com\/index.php\/2022\/06\/30\/vamos-juntos-a-construir-la-nueva-historia-de-altamira-armando-martinez-manriquez\/","og_locale":"es_MX","og_type":"article","og_title":"VAMOS JUNTOS A CONSTRUIR LA NUEVA HISTORIA DE ALTAMIRA: ARMANDO MARTINEZ MANR\u00cdQUEZ - EL INFORMATIVO DE TAMAULIPAS","og_description":"* Brinda Alcalde Armando Mart\u00ednez Segundo Y Tercer Informe Trimestral \u00a0 Trabajando sin descanso bajo un objetivo muy claro: la transformaci\u00f3n y el cambio","og_url":"https:\/\/elinformativotam.com\/index.php\/2022\/06\/30\/vamos-juntos-a-construir-la-nueva-historia-de-altamira-armando-martinez-manriquez\/","og_site_name":"EL INFORMATIVO DE TAMAULIPAS","article_published_time":"2022-06-30T13:43:27+00:00","og_image":[{"width":1280,"height":853,"url":"https:\/\/elinformativotam.com\/wp-content\/uploads\/2022\/06\/AMM-4.jpg","type":"image\/jpeg"}],"author":"El Informativo Tam","twitter_card":"summary_large_image","twitter_misc":{"Escrito por":"El Informativo Tam","Tiempo de lectura":"3 minutos"},"schema":{"@context":"https:\/\/schema.org","@graph":[{"@type":"Article","@id":"https:\/\/elinformativotam.com\/index.php\/2022\/06\/30\/vamos-juntos-a-construir-la-nueva-historia-de-altamira-armando-martinez-manriquez\/#article","isPartOf":{"@id":"https:\/\/elinformativotam.com\/index.php\/2022\/06\/30\/vamos-juntos-a-construir-la-nueva-historia-de-altamira-armando-martinez-manriquez\/"},"author":{"name":"El Informativo Tam","@id":"https:\/\/elinformativotam.com\/#\/schema\/person\/78e08040eed0f6110f0c5f83b6153590"},"headline":"VAMOS JUNTOS A CONSTRUIR LA NUEVA HISTORIA DE ALTAMIRA: ARMANDO MARTINEZ MANR\u00cdQUEZ","datePublished":"2022-06-30T13:43:27+00:00","mainEntityOfPage":{"@id":"https:\/\/elinformativotam.com\/index.php\/2022\/06\/30\/vamos-juntos-a-construir-la-nueva-historia-de-altamira-armando-martinez-manriquez\/"},"wordCount":626,"commentCount":0,"publisher":{"@id":"https:\/\/elinformativotam.com\/#organization"},"image":{"@id":"https:\/\/elinformativotam.com\/index.php\/2022\/06\/30\/vamos-juntos-a-construir-la-nueva-historia-de-altamira-armando-martinez-manriquez\/#primaryimage"},"thumbnailUrl":"https:\/\/elinformativotam.com\/wp-content\/uploads\/2022\/06\/AMM-4.jpg","articleSection":["Altamira"],"inLanguage":"es","potentialAction":[{"@type":"CommentAction","name":"Comment","target":["https:\/\/elinformativotam.com\/index.php\/2022\/06\/30\/vamos-juntos-a-construir-la-nueva-historia-de-altamira-armando-martinez-manriquez\/#respond"]}]},{"@type":"WebPage","@id":"https:\/\/elinformativotam.com\/index.php\/2022\/06\/30\/vamos-juntos-a-construir-la-nueva-historia-de-altamira-armando-martinez-manriquez\/","url":"https:\/\/elinformativotam.com\/index.php\/2022\/06\/30\/vamos-juntos-a-construir-la-nueva-historia-de-altamira-armando-martinez-manriquez\/","name":"VAMOS JUNTOS A CONSTRUIR LA NUEVA HISTORIA DE ALTAMIRA: ARMANDO MARTINEZ MANR\u00cdQUEZ - EL INFORMATIVO DE TAMAULIPAS","isPartOf":{"@id":"https:\/\/elinformativotam.com\/#website"},"primaryImageOfPage":{"@id":"https:\/\/elinformativotam.com\/index.php\/2022\/06\/30\/vamos-juntos-a-construir-la-nueva-historia-de-altamira-armando-martinez-manriquez\/#primaryimage"},"image":{"@id":"https:\/\/elinformativotam.com\/index.php\/2022\/06\/30\/vamos-juntos-a-construir-la-nueva-historia-de-altamira-armando-martinez-manriquez\/#primaryimage"},"thumbnailUrl":"https:\/\/elinformativotam.com\/wp-content\/uploads\/2022\/06\/AMM-4.jpg","datePublished":"2022-06-30T13:43:27+00:00","description":"* Brinda Alcalde Armando Mart\u00ednez Segundo Y Tercer Informe Trimestral \u00a0 Trabajando sin descanso bajo un objetivo muy claro: la transformaci\u00f3n y el cambio","inLanguage":"es","potentialAction":[{"@type":"ReadAction","target":["https:\/\/elinformativotam.com\/index.php\/2022\/06\/30\/vamos-juntos-a-construir-la-nueva-historia-de-altamira-armando-martinez-manriquez\/"]}]},{"@type":"ImageObject","inLanguage":"es","@id":"https:\/\/elinformativotam.com\/index.php\/2022\/06\/30\/vamos-juntos-a-construir-la-nueva-historia-de-altamira-armando-martinez-manriquez\/#primaryimage","url":"https:\/\/elinformativotam.com\/wp-content\/uploads\/2022\/06\/AMM-4.jpg","contentUrl":"https:\/\/elinformativotam.com\/wp-content\/uploads\/2022\/06\/AMM-4.jpg","width":1280,"height":853},{"@type":"WebSite","@id":"https:\/\/elinformativotam.com\/#website","url":"https:\/\/elinformativotam.com\/","name":"EL INFORMATIVO DE TAMAULIPAS","description":"Desde la Zona Metropolitana Para Todo M\u00e9xico","publisher":{"@id":"https:\/\/elinformativotam.com\/#organization"},"potentialAction":[{"@type":"SearchAction","target":{"@type":"EntryPoint","urlTemplate":"https:\/\/elinformativotam.com\/?s={search_term_string}"},"query-input":{"@type":"PropertyValueSpecification","valueRequired":true,"valueName":"search_term_string"}}],"inLanguage":"es"},{"@type":"Organization","@id":"https:\/\/elinformativotam.com\/#organization","name":"EL INFORMATIVO DE TAMAULIPAS","url":"https:\/\/elinformativotam.com\/","logo":{"@type":"ImageObject","inLanguage":"es","@id":"https:\/\/elinformativotam.com\/#\/schema\/logo\/image\/","url":"https:\/\/elinformativotam.com\/wp-content\/uploads\/2026\/02\/Cabezal.png","contentUrl":"https:\/\/elinformativotam.com\/wp-content\/uploads\/2026\/02\/Cabezal.png","width":960,"height":640,"caption":"EL INFORMATIVO DE TAMAULIPAS"},"image":{"@id":"https:\/\/elinformativotam.com\/#\/schema\/logo\/image\/"}},{"@type":"Person","@id":"https:\/\/elinformativotam.com\/#\/schema\/person\/78e08040eed0f6110f0c5f83b6153590","name":"El Informativo Tam","image":{"@type":"ImageObject","inLanguage":"es","@id":"https:\/\/secure.gravatar.com\/avatar\/f3b7ad3af540688955925ac610647be00b0cf41feea9c4978b73a707ee86bc53?s=96&d=mm&r=g","url":"https:\/\/secure.gravatar.com\/avatar\/f3b7ad3af540688955925ac610647be00b0cf41feea9c4978b73a707ee86bc53?s=96&d=mm&r=g","contentUrl":"https:\/\/secure.gravatar.com\/avatar\/f3b7ad3af540688955925ac610647be00b0cf41feea9c4978b73a707ee86bc53?s=96&d=mm&r=g","caption":"El Informativo Tam"}}]}},"_links":{"self":[{"href":"https:\/\/elinformativotam.com\/index.php\/wp-json\/wp\/v2\/posts\/32687","targetHints":{"allow":["GET"]}}],"collection":[{"href":"https:\/\/elinformativotam.com\/index.php\/wp-json\/wp\/v2\/posts"}],"about":[{"href":"https:\/\/elinformativotam.com\/index.php\/wp-json\/wp\/v2\/types\/post"}],"author":[{"embeddable":true,"href":"https:\/\/elinformativotam.com\/index.php\/wp-json\/wp\/v2\/users\/1"}],"replies":[{"embeddable":true,"href":"https:\/\/elinformativotam.com\/index.php\/wp-json\/wp\/v2\/comments?post=32687"}],"version-history":[{"count":1,"href":"https:\/\/elinformativotam.com\/index.php\/wp-json\/wp\/v2\/posts\/32687\/revisions"}],"predecessor-version":[{"id":32689,"href":"https:\/\/elinformativotam.com\/index.php\/wp-json\/wp\/v2\/posts\/32687\/revisions\/32689"}],"wp:featuredmedia":[{"embeddable":true,"href":"https:\/\/elinformativotam.com\/index.php\/wp-json\/wp\/v2\/media\/32688"}],"wp:attachment":[{"href":"https:\/\/elinformativotam.com\/index.php\/wp-json\/wp\/v2\/media?parent=32687"}],"wp:term":[{"taxonomy":"category","embeddable":true,"href":"https:\/\/elinformativotam.com\/index.php\/wp-json\/wp\/v2\/categories?post=32687"},{"taxonomy":"post_tag","embeddable":true,"href":"https:\/\/elinformativotam.com\/index.php\/wp-json\/wp\/v2\/tags?post=32687"}],"curies":[{"name":"wp","href":"https:\/\/api.w.org\/{rel}","templated":true}]}}