{"id":32677,"date":"2022-06-29T19:32:59","date_gmt":"2022-06-30T01:32:59","guid":{"rendered":"https:\/\/elinformativotam.com\/?p=32677"},"modified":"2022-06-29T19:32:59","modified_gmt":"2022-06-30T01:32:59","slug":"capturan-venenosa-coralillo-en-altamira","status":"publish","type":"post","link":"https:\/\/elinformativotam.com\/index.php\/2022\/06\/29\/capturan-venenosa-coralillo-en-altamira\/","title":{"rendered":"CAPTURAN VENENOSA CORALILLO EN ALTAMIRA"},"content":{"rendered":"<p><em>ALTAMIRA, TAM.- Este mi\u00e9rcoles, fue puesto a disposici\u00f3n de la Direcci\u00f3n de Ecolog\u00eda y Medio Ambiente, una serpiente coralillo arlequ\u00edn de la especie Micrurus, la cual se encontraba en poder de Protecci\u00f3n Civil municipal al mando de la Mtra. Mar\u00eda Luisa Cuevas Rivera.<\/em><\/p>\n<p><em>\u00a0<\/em><\/p>\n<p><em>Fue el Director de esta institucion, Biologo Rub\u00e9n Herver Z\u00e1rate, quien dijo que recibi\u00f3 una serpiente, la cual fue capturada en las inmediaciones del Refugio para perros \u201cPatitas al Rescate\u201d ubicado detr\u00e1s del sector Arboledas en el municipio de Altamira, por parte del Grupo Bomberos Voluntarios de Altamira, A.C.<\/em><\/p>\n<p><em>\u00a0<\/em><\/p>\n<p><em>Dijo que es una serpiente muy peligroso, pues u veneno neurot\u00f3xico, capaz de suprimir los impulsos el\u00e9ctricos del cerebro y paralizar los m\u00fasculos responsables de la respiraci\u00f3n, ante lo cual no es conveniente su habitat en la zona urbana, por lo cual se le debe dar un tratamiento adecuado.<\/em><\/p>\n<p><em>\u00a0<\/em><\/p>\n<p><em>Refiriendo que es una especie importante para mantener el equilibrio del ecosistema, pues se trata de una especie ofi\u00f3faga, la cual se alimenta de otras serpientes y solo muerde o inyecta veneno cuando se encuentra en peligro, por lo que fue reubicada a un lugar donde no cause peligro a los humanos.<\/em><\/p>\n","protected":false},"excerpt":{"rendered":"<p>ALTAMIRA, TAM.- Este mi\u00e9rcoles, fue puesto a disposici\u00f3n de la Direcci\u00f3n de Ecolog\u00eda y Medio Ambiente, una serpiente coralillo arlequ\u00edn&hellip;<\/p>\n","protected":false},"author":1,"featured_media":32678,"comment_status":"open","ping_status":"open","sticky":false,"template":"","format":"standard","meta":{"footnotes":""},"categories":[5],"tags":[],"class_list":["post-32677","post","type-post","status-publish","format-standard","has-post-thumbnail","hentry","category-altamira"],"yoast_head":"<!-- This site is optimized with the Yoast SEO plugin v27.4 - https:\/\/yoast.com\/product\/yoast-seo-wordpress\/ -->\n<title>CAPTURAN VENENOSA CORALILLO EN ALTAMIRA - EL INFORMATIVO DE TAMAULIPAS<\/title>\n<meta name=\"description\" content=\"ALTAMIRA, TAM.- Este mi\u00e9rcoles, fue puesto a disposici\u00f3n de la Direcci\u00f3n de Ecolog\u00eda y Medio Ambiente, una serpiente coralillo arlequ\u00edn de la especie\" \/>\n<meta name=\"robots\" content=\"index, follow, max-snippet:-1, max-image-preview:large, max-video-preview:-1\" \/>\n<link rel=\"canonical\" href=\"https:\/\/elinformativotam.com\/index.php\/2022\/06\/29\/capturan-venenosa-coralillo-en-altamira\/\" \/>\n<meta property=\"og:locale\" content=\"es_MX\" \/>\n<meta property=\"og:type\" content=\"article\" \/>\n<meta property=\"og:title\" content=\"CAPTURAN VENENOSA CORALILLO EN ALTAMIRA - EL INFORMATIVO DE TAMAULIPAS\" \/>\n<meta property=\"og:description\" content=\"ALTAMIRA, TAM.- Este mi\u00e9rcoles, fue puesto a disposici\u00f3n de la Direcci\u00f3n de Ecolog\u00eda y Medio Ambiente, una serpiente coralillo arlequ\u00edn de la especie\" \/>\n<meta property=\"og:url\" content=\"https:\/\/elinformativotam.com\/index.php\/2022\/06\/29\/capturan-venenosa-coralillo-en-altamira\/\" \/>\n<meta property=\"og:site_name\" content=\"EL INFORMATIVO DE TAMAULIPAS\" \/>\n<meta property=\"article:published_time\" content=\"2022-06-30T01:32:59+00:00\" \/>\n<meta property=\"og:image\" content=\"https:\/\/elinformativotam.com\/wp-content\/uploads\/2022\/06\/CORALILLO.jpg\" \/>\n\t<meta property=\"og:image:width\" content=\"480\" \/>\n\t<meta property=\"og:image:height\" content=\"691\" \/>\n\t<meta property=\"og:image:type\" content=\"image\/jpeg\" \/>\n<meta name=\"author\" content=\"El Informativo Tam\" \/>\n<meta name=\"twitter:card\" content=\"summary_large_image\" \/>\n<meta name=\"twitter:label1\" content=\"Escrito por\" \/>\n\t<meta name=\"twitter:data1\" content=\"El Informativo Tam\" \/>\n\t<meta name=\"twitter:label2\" content=\"Tiempo de lectura\" \/>\n\t<meta name=\"twitter:data2\" content=\"1 minuto\" \/>\n<script type=\"application\/ld+json\" class=\"yoast-schema-graph\">{\"@context\":\"https:\\\/\\\/schema.org\",\"@graph\":[{\"@type\":\"Article\",\"@id\":\"https:\\\/\\\/elinformativotam.com\\\/index.php\\\/2022\\\/06\\\/29\\\/capturan-venenosa-coralillo-en-altamira\\\/#article\",\"isPartOf\":{\"@id\":\"https:\\\/\\\/elinformativotam.com\\\/index.php\\\/2022\\\/06\\\/29\\\/capturan-venenosa-coralillo-en-altamira\\\/\"},\"author\":{\"name\":\"El Informativo Tam\",\"@id\":\"https:\\\/\\\/elinformativotam.com\\\/#\\\/schema\\\/person\\\/78e08040eed0f6110f0c5f83b6153590\"},\"headline\":\"CAPTURAN VENENOSA CORALILLO EN ALTAMIRA\",\"datePublished\":\"2022-06-30T01:32:59+00:00\",\"mainEntityOfPage\":{\"@id\":\"https:\\\/\\\/elinformativotam.com\\\/index.php\\\/2022\\\/06\\\/29\\\/capturan-venenosa-coralillo-en-altamira\\\/\"},\"wordCount\":215,\"commentCount\":0,\"publisher\":{\"@id\":\"https:\\\/\\\/elinformativotam.com\\\/#organization\"},\"image\":{\"@id\":\"https:\\\/\\\/elinformativotam.com\\\/index.php\\\/2022\\\/06\\\/29\\\/capturan-venenosa-coralillo-en-altamira\\\/#primaryimage\"},\"thumbnailUrl\":\"https:\\\/\\\/elinformativotam.com\\\/wp-content\\\/uploads\\\/2022\\\/06\\\/CORALILLO.jpg\",\"articleSection\":[\"Altamira\"],\"inLanguage\":\"es\",\"potentialAction\":[{\"@type\":\"CommentAction\",\"name\":\"Comment\",\"target\":[\"https:\\\/\\\/elinformativotam.com\\\/index.php\\\/2022\\\/06\\\/29\\\/capturan-venenosa-coralillo-en-altamira\\\/#respond\"]}]},{\"@type\":\"WebPage\",\"@id\":\"https:\\\/\\\/elinformativotam.com\\\/index.php\\\/2022\\\/06\\\/29\\\/capturan-venenosa-coralillo-en-altamira\\\/\",\"url\":\"https:\\\/\\\/elinformativotam.com\\\/index.php\\\/2022\\\/06\\\/29\\\/capturan-venenosa-coralillo-en-altamira\\\/\",\"name\":\"CAPTURAN VENENOSA CORALILLO EN ALTAMIRA - EL INFORMATIVO DE TAMAULIPAS\",\"isPartOf\":{\"@id\":\"https:\\\/\\\/elinformativotam.com\\\/#website\"},\"primaryImageOfPage\":{\"@id\":\"https:\\\/\\\/elinformativotam.com\\\/index.php\\\/2022\\\/06\\\/29\\\/capturan-venenosa-coralillo-en-altamira\\\/#primaryimage\"},\"image\":{\"@id\":\"https:\\\/\\\/elinformativotam.com\\\/index.php\\\/2022\\\/06\\\/29\\\/capturan-venenosa-coralillo-en-altamira\\\/#primaryimage\"},\"thumbnailUrl\":\"https:\\\/\\\/elinformativotam.com\\\/wp-content\\\/uploads\\\/2022\\\/06\\\/CORALILLO.jpg\",\"datePublished\":\"2022-06-30T01:32:59+00:00\",\"description\":\"ALTAMIRA, TAM.- Este mi\u00e9rcoles, fue puesto a disposici\u00f3n de la Direcci\u00f3n de Ecolog\u00eda y Medio Ambiente, una serpiente coralillo arlequ\u00edn de la especie\",\"inLanguage\":\"es\",\"potentialAction\":[{\"@type\":\"ReadAction\",\"target\":[\"https:\\\/\\\/elinformativotam.com\\\/index.php\\\/2022\\\/06\\\/29\\\/capturan-venenosa-coralillo-en-altamira\\\/\"]}]},{\"@type\":\"ImageObject\",\"inLanguage\":\"es\",\"@id\":\"https:\\\/\\\/elinformativotam.com\\\/index.php\\\/2022\\\/06\\\/29\\\/capturan-venenosa-coralillo-en-altamira\\\/#primaryimage\",\"url\":\"https:\\\/\\\/elinformativotam.com\\\/wp-content\\\/uploads\\\/2022\\\/06\\\/CORALILLO.jpg\",\"contentUrl\":\"https:\\\/\\\/elinformativotam.com\\\/wp-content\\\/uploads\\\/2022\\\/06\\\/CORALILLO.jpg\",\"width\":480,\"height\":691},{\"@type\":\"WebSite\",\"@id\":\"https:\\\/\\\/elinformativotam.com\\\/#website\",\"url\":\"https:\\\/\\\/elinformativotam.com\\\/\",\"name\":\"EL INFORMATIVO DE TAMAULIPAS\",\"description\":\"Desde la Zona Metropolitana Para Todo M\u00e9xico\",\"publisher\":{\"@id\":\"https:\\\/\\\/elinformativotam.com\\\/#organization\"},\"potentialAction\":[{\"@type\":\"SearchAction\",\"target\":{\"@type\":\"EntryPoint\",\"urlTemplate\":\"https:\\\/\\\/elinformativotam.com\\\/?s={search_term_string}\"},\"query-input\":{\"@type\":\"PropertyValueSpecification\",\"valueRequired\":true,\"valueName\":\"search_term_string\"}}],\"inLanguage\":\"es\"},{\"@type\":\"Organization\",\"@id\":\"https:\\\/\\\/elinformativotam.com\\\/#organization\",\"name\":\"EL INFORMATIVO DE TAMAULIPAS\",\"url\":\"https:\\\/\\\/elinformativotam.com\\\/\",\"logo\":{\"@type\":\"ImageObject\",\"inLanguage\":\"es\",\"@id\":\"https:\\\/\\\/elinformativotam.com\\\/#\\\/schema\\\/logo\\\/image\\\/\",\"url\":\"https:\\\/\\\/elinformativotam.com\\\/wp-content\\\/uploads\\\/2026\\\/02\\\/Cabezal.png\",\"contentUrl\":\"https:\\\/\\\/elinformativotam.com\\\/wp-content\\\/uploads\\\/2026\\\/02\\\/Cabezal.png\",\"width\":960,\"height\":640,\"caption\":\"EL INFORMATIVO DE TAMAULIPAS\"},\"image\":{\"@id\":\"https:\\\/\\\/elinformativotam.com\\\/#\\\/schema\\\/logo\\\/image\\\/\"}},{\"@type\":\"Person\",\"@id\":\"https:\\\/\\\/elinformativotam.com\\\/#\\\/schema\\\/person\\\/78e08040eed0f6110f0c5f83b6153590\",\"name\":\"El Informativo Tam\",\"image\":{\"@type\":\"ImageObject\",\"inLanguage\":\"es\",\"@id\":\"https:\\\/\\\/secure.gravatar.com\\\/avatar\\\/f3b7ad3af540688955925ac610647be00b0cf41feea9c4978b73a707ee86bc53?s=96&d=mm&r=g\",\"url\":\"https:\\\/\\\/secure.gravatar.com\\\/avatar\\\/f3b7ad3af540688955925ac610647be00b0cf41feea9c4978b73a707ee86bc53?s=96&d=mm&r=g\",\"contentUrl\":\"https:\\\/\\\/secure.gravatar.com\\\/avatar\\\/f3b7ad3af540688955925ac610647be00b0cf41feea9c4978b73a707ee86bc53?s=96&d=mm&r=g\",\"caption\":\"El Informativo Tam\"}}]}<\/script>\n<!-- \/ Yoast SEO plugin. -->","yoast_head_json":{"title":"CAPTURAN VENENOSA CORALILLO EN ALTAMIRA - EL INFORMATIVO DE TAMAULIPAS","description":"ALTAMIRA, TAM.- Este mi\u00e9rcoles, fue puesto a disposici\u00f3n de la Direcci\u00f3n de Ecolog\u00eda y Medio Ambiente, una serpiente coralillo arlequ\u00edn de la especie","robots":{"index":"index","follow":"follow","max-snippet":"max-snippet:-1","max-image-preview":"max-image-preview:large","max-video-preview":"max-video-preview:-1"},"canonical":"https:\/\/elinformativotam.com\/index.php\/2022\/06\/29\/capturan-venenosa-coralillo-en-altamira\/","og_locale":"es_MX","og_type":"article","og_title":"CAPTURAN VENENOSA CORALILLO EN ALTAMIRA - EL INFORMATIVO DE TAMAULIPAS","og_description":"ALTAMIRA, TAM.- Este mi\u00e9rcoles, fue puesto a disposici\u00f3n de la Direcci\u00f3n de Ecolog\u00eda y Medio Ambiente, una serpiente coralillo arlequ\u00edn de la especie","og_url":"https:\/\/elinformativotam.com\/index.php\/2022\/06\/29\/capturan-venenosa-coralillo-en-altamira\/","og_site_name":"EL INFORMATIVO DE TAMAULIPAS","article_published_time":"2022-06-30T01:32:59+00:00","og_image":[{"width":480,"height":691,"url":"https:\/\/elinformativotam.com\/wp-content\/uploads\/2022\/06\/CORALILLO.jpg","type":"image\/jpeg"}],"author":"El Informativo Tam","twitter_card":"summary_large_image","twitter_misc":{"Escrito por":"El Informativo Tam","Tiempo de lectura":"1 minuto"},"schema":{"@context":"https:\/\/schema.org","@graph":[{"@type":"Article","@id":"https:\/\/elinformativotam.com\/index.php\/2022\/06\/29\/capturan-venenosa-coralillo-en-altamira\/#article","isPartOf":{"@id":"https:\/\/elinformativotam.com\/index.php\/2022\/06\/29\/capturan-venenosa-coralillo-en-altamira\/"},"author":{"name":"El Informativo Tam","@id":"https:\/\/elinformativotam.com\/#\/schema\/person\/78e08040eed0f6110f0c5f83b6153590"},"headline":"CAPTURAN VENENOSA CORALILLO EN ALTAMIRA","datePublished":"2022-06-30T01:32:59+00:00","mainEntityOfPage":{"@id":"https:\/\/elinformativotam.com\/index.php\/2022\/06\/29\/capturan-venenosa-coralillo-en-altamira\/"},"wordCount":215,"commentCount":0,"publisher":{"@id":"https:\/\/elinformativotam.com\/#organization"},"image":{"@id":"https:\/\/elinformativotam.com\/index.php\/2022\/06\/29\/capturan-venenosa-coralillo-en-altamira\/#primaryimage"},"thumbnailUrl":"https:\/\/elinformativotam.com\/wp-content\/uploads\/2022\/06\/CORALILLO.jpg","articleSection":["Altamira"],"inLanguage":"es","potentialAction":[{"@type":"CommentAction","name":"Comment","target":["https:\/\/elinformativotam.com\/index.php\/2022\/06\/29\/capturan-venenosa-coralillo-en-altamira\/#respond"]}]},{"@type":"WebPage","@id":"https:\/\/elinformativotam.com\/index.php\/2022\/06\/29\/capturan-venenosa-coralillo-en-altamira\/","url":"https:\/\/elinformativotam.com\/index.php\/2022\/06\/29\/capturan-venenosa-coralillo-en-altamira\/","name":"CAPTURAN VENENOSA CORALILLO EN ALTAMIRA - EL INFORMATIVO DE TAMAULIPAS","isPartOf":{"@id":"https:\/\/elinformativotam.com\/#website"},"primaryImageOfPage":{"@id":"https:\/\/elinformativotam.com\/index.php\/2022\/06\/29\/capturan-venenosa-coralillo-en-altamira\/#primaryimage"},"image":{"@id":"https:\/\/elinformativotam.com\/index.php\/2022\/06\/29\/capturan-venenosa-coralillo-en-altamira\/#primaryimage"},"thumbnailUrl":"https:\/\/elinformativotam.com\/wp-content\/uploads\/2022\/06\/CORALILLO.jpg","datePublished":"2022-06-30T01:32:59+00:00","description":"ALTAMIRA, TAM.- Este mi\u00e9rcoles, fue puesto a disposici\u00f3n de la Direcci\u00f3n de Ecolog\u00eda y Medio Ambiente, una serpiente coralillo arlequ\u00edn de la especie","inLanguage":"es","potentialAction":[{"@type":"ReadAction","target":["https:\/\/elinformativotam.com\/index.php\/2022\/06\/29\/capturan-venenosa-coralillo-en-altamira\/"]}]},{"@type":"ImageObject","inLanguage":"es","@id":"https:\/\/elinformativotam.com\/index.php\/2022\/06\/29\/capturan-venenosa-coralillo-en-altamira\/#primaryimage","url":"https:\/\/elinformativotam.com\/wp-content\/uploads\/2022\/06\/CORALILLO.jpg","contentUrl":"https:\/\/elinformativotam.com\/wp-content\/uploads\/2022\/06\/CORALILLO.jpg","width":480,"height":691},{"@type":"WebSite","@id":"https:\/\/elinformativotam.com\/#website","url":"https:\/\/elinformativotam.com\/","name":"EL INFORMATIVO DE TAMAULIPAS","description":"Desde la Zona Metropolitana Para Todo M\u00e9xico","publisher":{"@id":"https:\/\/elinformativotam.com\/#organization"},"potentialAction":[{"@type":"SearchAction","target":{"@type":"EntryPoint","urlTemplate":"https:\/\/elinformativotam.com\/?s={search_term_string}"},"query-input":{"@type":"PropertyValueSpecification","valueRequired":true,"valueName":"search_term_string"}}],"inLanguage":"es"},{"@type":"Organization","@id":"https:\/\/elinformativotam.com\/#organization","name":"EL INFORMATIVO DE TAMAULIPAS","url":"https:\/\/elinformativotam.com\/","logo":{"@type":"ImageObject","inLanguage":"es","@id":"https:\/\/elinformativotam.com\/#\/schema\/logo\/image\/","url":"https:\/\/elinformativotam.com\/wp-content\/uploads\/2026\/02\/Cabezal.png","contentUrl":"https:\/\/elinformativotam.com\/wp-content\/uploads\/2026\/02\/Cabezal.png","width":960,"height":640,"caption":"EL INFORMATIVO DE TAMAULIPAS"},"image":{"@id":"https:\/\/elinformativotam.com\/#\/schema\/logo\/image\/"}},{"@type":"Person","@id":"https:\/\/elinformativotam.com\/#\/schema\/person\/78e08040eed0f6110f0c5f83b6153590","name":"El Informativo Tam","image":{"@type":"ImageObject","inLanguage":"es","@id":"https:\/\/secure.gravatar.com\/avatar\/f3b7ad3af540688955925ac610647be00b0cf41feea9c4978b73a707ee86bc53?s=96&d=mm&r=g","url":"https:\/\/secure.gravatar.com\/avatar\/f3b7ad3af540688955925ac610647be00b0cf41feea9c4978b73a707ee86bc53?s=96&d=mm&r=g","contentUrl":"https:\/\/secure.gravatar.com\/avatar\/f3b7ad3af540688955925ac610647be00b0cf41feea9c4978b73a707ee86bc53?s=96&d=mm&r=g","caption":"El Informativo Tam"}}]}},"_links":{"self":[{"href":"https:\/\/elinformativotam.com\/index.php\/wp-json\/wp\/v2\/posts\/32677","targetHints":{"allow":["GET"]}}],"collection":[{"href":"https:\/\/elinformativotam.com\/index.php\/wp-json\/wp\/v2\/posts"}],"about":[{"href":"https:\/\/elinformativotam.com\/index.php\/wp-json\/wp\/v2\/types\/post"}],"author":[{"embeddable":true,"href":"https:\/\/elinformativotam.com\/index.php\/wp-json\/wp\/v2\/users\/1"}],"replies":[{"embeddable":true,"href":"https:\/\/elinformativotam.com\/index.php\/wp-json\/wp\/v2\/comments?post=32677"}],"version-history":[{"count":1,"href":"https:\/\/elinformativotam.com\/index.php\/wp-json\/wp\/v2\/posts\/32677\/revisions"}],"predecessor-version":[{"id":32679,"href":"https:\/\/elinformativotam.com\/index.php\/wp-json\/wp\/v2\/posts\/32677\/revisions\/32679"}],"wp:featuredmedia":[{"embeddable":true,"href":"https:\/\/elinformativotam.com\/index.php\/wp-json\/wp\/v2\/media\/32678"}],"wp:attachment":[{"href":"https:\/\/elinformativotam.com\/index.php\/wp-json\/wp\/v2\/media?parent=32677"}],"wp:term":[{"taxonomy":"category","embeddable":true,"href":"https:\/\/elinformativotam.com\/index.php\/wp-json\/wp\/v2\/categories?post=32677"},{"taxonomy":"post_tag","embeddable":true,"href":"https:\/\/elinformativotam.com\/index.php\/wp-json\/wp\/v2\/tags?post=32677"}],"curies":[{"name":"wp","href":"https:\/\/api.w.org\/{rel}","templated":true}]}}