{"id":32593,"date":"2022-06-27T18:07:19","date_gmt":"2022-06-28T00:07:19","guid":{"rendered":"https:\/\/elinformativotam.com\/?p=32593"},"modified":"2022-06-27T18:07:19","modified_gmt":"2022-06-28T00:07:19","slug":"ola-de-covid-pone-en-riesgo-a-mujer-embarazada","status":"publish","type":"post","link":"https:\/\/elinformativotam.com\/index.php\/2022\/06\/27\/ola-de-covid-pone-en-riesgo-a-mujer-embarazada\/","title":{"rendered":"OLA DE COVID PONE EN RIESGO A MUJER EMBARAZADA."},"content":{"rendered":"<p><em>Cd. Madero, Tamaulipas.- Los contagios de covid que se registra en la zona, provoc\u00f3 que las autoridades de salud canalizaran a una mujer embarazada a un hospital de Tampico, con la finalidad de descartar que los s\u00edntomas del virus le genere complicaciones.<\/em><\/p>\n<p><em>\u00a0<\/em><\/p>\n<p><em>El director del Hospital Civil de Madero, Francisco Casta\u00f1eda Cruz, dijo que debido al relajamiento en las medidas de prevenci\u00f3n, los casos se dispararon de manera considerable.<\/em><\/p>\n<p><em>\u00a0<\/em><\/p>\n<p><em>&#8220;Desafortunadamente los casos se siguen presentando aqu\u00ed en el sur de Tamaulipas y pr\u00e1cticamente en todo el estado debido a que hemos relajado las medidas y es necesario que la ciudadan\u00eda retome todos estos protocolos&#8221;.<\/em><\/p>\n<p><em>\u00a0<\/em><\/p>\n<p><em>Expuso que pese al n\u00famero de contagios, no se tiene el reporte de casos graves, pues\u00a0 solamente ha sido canalizada una mujer que presentaba algunos meses de embarazo y con s\u00edntomas de apendicitis.<\/em><\/p>\n<p><em>\u00a0<\/em><\/p>\n<p><em>Destac\u00f3 que es urgente que los ciudadanos refuercen las medidas sanitarias, ya que el relajamiento en plena pandemia\u00a0termin\u00f3 causando la quinta ola de covid que actualmente se vive en toda la entidad.<\/em><\/p>\n","protected":false},"excerpt":{"rendered":"<p>Cd. Madero, Tamaulipas.- Los contagios de covid que se registra en la zona, provoc\u00f3 que las autoridades de salud canalizaran&hellip;<\/p>\n","protected":false},"author":1,"featured_media":32594,"comment_status":"open","ping_status":"open","sticky":false,"template":"","format":"standard","meta":{"footnotes":""},"categories":[4],"tags":[],"class_list":["post-32593","post","type-post","status-publish","format-standard","has-post-thumbnail","hentry","category-madero"],"yoast_head":"<!-- This site is optimized with the Yoast SEO plugin v27.4 - https:\/\/yoast.com\/product\/yoast-seo-wordpress\/ -->\n<title>OLA DE COVID PONE EN RIESGO A MUJER EMBARAZADA. - EL INFORMATIVO DE TAMAULIPAS<\/title>\n<meta name=\"description\" content=\"Cd. Madero, Tamaulipas.- Los contagios de covid que se registra en la zona, provoc\u00f3 que las autoridades de salud canalizaran a una mujer embarazada a un\" \/>\n<meta name=\"robots\" content=\"index, follow, max-snippet:-1, max-image-preview:large, max-video-preview:-1\" \/>\n<link rel=\"canonical\" href=\"https:\/\/elinformativotam.com\/index.php\/2022\/06\/27\/ola-de-covid-pone-en-riesgo-a-mujer-embarazada\/\" \/>\n<meta property=\"og:locale\" content=\"es_MX\" \/>\n<meta property=\"og:type\" content=\"article\" \/>\n<meta property=\"og:title\" content=\"OLA DE COVID PONE EN RIESGO A MUJER EMBARAZADA. - EL INFORMATIVO DE TAMAULIPAS\" \/>\n<meta property=\"og:description\" content=\"Cd. Madero, Tamaulipas.- Los contagios de covid que se registra en la zona, provoc\u00f3 que las autoridades de salud canalizaran a una mujer embarazada a un\" \/>\n<meta property=\"og:url\" content=\"https:\/\/elinformativotam.com\/index.php\/2022\/06\/27\/ola-de-covid-pone-en-riesgo-a-mujer-embarazada\/\" \/>\n<meta property=\"og:site_name\" content=\"EL INFORMATIVO DE TAMAULIPAS\" \/>\n<meta property=\"article:published_time\" content=\"2022-06-28T00:07:19+00:00\" \/>\n<meta property=\"og:image\" content=\"https:\/\/elinformativotam.com\/wp-content\/uploads\/2022\/06\/Hospital-1.jpg\" \/>\n\t<meta property=\"og:image:width\" content=\"1040\" \/>\n\t<meta property=\"og:image:height\" content=\"500\" \/>\n\t<meta property=\"og:image:type\" content=\"image\/jpeg\" \/>\n<meta name=\"author\" content=\"El Informativo Tam\" \/>\n<meta name=\"twitter:card\" content=\"summary_large_image\" \/>\n<meta name=\"twitter:label1\" content=\"Escrito por\" \/>\n\t<meta name=\"twitter:data1\" content=\"El Informativo Tam\" \/>\n\t<meta name=\"twitter:label2\" content=\"Tiempo de lectura\" \/>\n\t<meta name=\"twitter:data2\" content=\"1 minuto\" \/>\n<script type=\"application\/ld+json\" class=\"yoast-schema-graph\">{\"@context\":\"https:\\\/\\\/schema.org\",\"@graph\":[{\"@type\":\"Article\",\"@id\":\"https:\\\/\\\/elinformativotam.com\\\/index.php\\\/2022\\\/06\\\/27\\\/ola-de-covid-pone-en-riesgo-a-mujer-embarazada\\\/#article\",\"isPartOf\":{\"@id\":\"https:\\\/\\\/elinformativotam.com\\\/index.php\\\/2022\\\/06\\\/27\\\/ola-de-covid-pone-en-riesgo-a-mujer-embarazada\\\/\"},\"author\":{\"name\":\"El Informativo Tam\",\"@id\":\"https:\\\/\\\/elinformativotam.com\\\/#\\\/schema\\\/person\\\/78e08040eed0f6110f0c5f83b6153590\"},\"headline\":\"OLA DE COVID PONE EN RIESGO A MUJER EMBARAZADA.\",\"datePublished\":\"2022-06-28T00:07:19+00:00\",\"mainEntityOfPage\":{\"@id\":\"https:\\\/\\\/elinformativotam.com\\\/index.php\\\/2022\\\/06\\\/27\\\/ola-de-covid-pone-en-riesgo-a-mujer-embarazada\\\/\"},\"wordCount\":187,\"commentCount\":0,\"publisher\":{\"@id\":\"https:\\\/\\\/elinformativotam.com\\\/#organization\"},\"image\":{\"@id\":\"https:\\\/\\\/elinformativotam.com\\\/index.php\\\/2022\\\/06\\\/27\\\/ola-de-covid-pone-en-riesgo-a-mujer-embarazada\\\/#primaryimage\"},\"thumbnailUrl\":\"https:\\\/\\\/elinformativotam.com\\\/wp-content\\\/uploads\\\/2022\\\/06\\\/Hospital-1.jpg\",\"articleSection\":[\"Cd Madero\"],\"inLanguage\":\"es\",\"potentialAction\":[{\"@type\":\"CommentAction\",\"name\":\"Comment\",\"target\":[\"https:\\\/\\\/elinformativotam.com\\\/index.php\\\/2022\\\/06\\\/27\\\/ola-de-covid-pone-en-riesgo-a-mujer-embarazada\\\/#respond\"]}]},{\"@type\":\"WebPage\",\"@id\":\"https:\\\/\\\/elinformativotam.com\\\/index.php\\\/2022\\\/06\\\/27\\\/ola-de-covid-pone-en-riesgo-a-mujer-embarazada\\\/\",\"url\":\"https:\\\/\\\/elinformativotam.com\\\/index.php\\\/2022\\\/06\\\/27\\\/ola-de-covid-pone-en-riesgo-a-mujer-embarazada\\\/\",\"name\":\"OLA DE COVID PONE EN RIESGO A MUJER EMBARAZADA. - EL INFORMATIVO DE TAMAULIPAS\",\"isPartOf\":{\"@id\":\"https:\\\/\\\/elinformativotam.com\\\/#website\"},\"primaryImageOfPage\":{\"@id\":\"https:\\\/\\\/elinformativotam.com\\\/index.php\\\/2022\\\/06\\\/27\\\/ola-de-covid-pone-en-riesgo-a-mujer-embarazada\\\/#primaryimage\"},\"image\":{\"@id\":\"https:\\\/\\\/elinformativotam.com\\\/index.php\\\/2022\\\/06\\\/27\\\/ola-de-covid-pone-en-riesgo-a-mujer-embarazada\\\/#primaryimage\"},\"thumbnailUrl\":\"https:\\\/\\\/elinformativotam.com\\\/wp-content\\\/uploads\\\/2022\\\/06\\\/Hospital-1.jpg\",\"datePublished\":\"2022-06-28T00:07:19+00:00\",\"description\":\"Cd. Madero, Tamaulipas.- Los contagios de covid que se registra en la zona, provoc\u00f3 que las autoridades de salud canalizaran a una mujer embarazada a un\",\"inLanguage\":\"es\",\"potentialAction\":[{\"@type\":\"ReadAction\",\"target\":[\"https:\\\/\\\/elinformativotam.com\\\/index.php\\\/2022\\\/06\\\/27\\\/ola-de-covid-pone-en-riesgo-a-mujer-embarazada\\\/\"]}]},{\"@type\":\"ImageObject\",\"inLanguage\":\"es\",\"@id\":\"https:\\\/\\\/elinformativotam.com\\\/index.php\\\/2022\\\/06\\\/27\\\/ola-de-covid-pone-en-riesgo-a-mujer-embarazada\\\/#primaryimage\",\"url\":\"https:\\\/\\\/elinformativotam.com\\\/wp-content\\\/uploads\\\/2022\\\/06\\\/Hospital-1.jpg\",\"contentUrl\":\"https:\\\/\\\/elinformativotam.com\\\/wp-content\\\/uploads\\\/2022\\\/06\\\/Hospital-1.jpg\",\"width\":1040,\"height\":500},{\"@type\":\"WebSite\",\"@id\":\"https:\\\/\\\/elinformativotam.com\\\/#website\",\"url\":\"https:\\\/\\\/elinformativotam.com\\\/\",\"name\":\"EL INFORMATIVO DE TAMAULIPAS\",\"description\":\"Desde la Zona Metropolitana Para Todo M\u00e9xico\",\"publisher\":{\"@id\":\"https:\\\/\\\/elinformativotam.com\\\/#organization\"},\"potentialAction\":[{\"@type\":\"SearchAction\",\"target\":{\"@type\":\"EntryPoint\",\"urlTemplate\":\"https:\\\/\\\/elinformativotam.com\\\/?s={search_term_string}\"},\"query-input\":{\"@type\":\"PropertyValueSpecification\",\"valueRequired\":true,\"valueName\":\"search_term_string\"}}],\"inLanguage\":\"es\"},{\"@type\":\"Organization\",\"@id\":\"https:\\\/\\\/elinformativotam.com\\\/#organization\",\"name\":\"EL INFORMATIVO DE TAMAULIPAS\",\"url\":\"https:\\\/\\\/elinformativotam.com\\\/\",\"logo\":{\"@type\":\"ImageObject\",\"inLanguage\":\"es\",\"@id\":\"https:\\\/\\\/elinformativotam.com\\\/#\\\/schema\\\/logo\\\/image\\\/\",\"url\":\"https:\\\/\\\/elinformativotam.com\\\/wp-content\\\/uploads\\\/2026\\\/02\\\/Cabezal.png\",\"contentUrl\":\"https:\\\/\\\/elinformativotam.com\\\/wp-content\\\/uploads\\\/2026\\\/02\\\/Cabezal.png\",\"width\":960,\"height\":640,\"caption\":\"EL INFORMATIVO DE TAMAULIPAS\"},\"image\":{\"@id\":\"https:\\\/\\\/elinformativotam.com\\\/#\\\/schema\\\/logo\\\/image\\\/\"}},{\"@type\":\"Person\",\"@id\":\"https:\\\/\\\/elinformativotam.com\\\/#\\\/schema\\\/person\\\/78e08040eed0f6110f0c5f83b6153590\",\"name\":\"El Informativo Tam\",\"image\":{\"@type\":\"ImageObject\",\"inLanguage\":\"es\",\"@id\":\"https:\\\/\\\/secure.gravatar.com\\\/avatar\\\/f3b7ad3af540688955925ac610647be00b0cf41feea9c4978b73a707ee86bc53?s=96&d=mm&r=g\",\"url\":\"https:\\\/\\\/secure.gravatar.com\\\/avatar\\\/f3b7ad3af540688955925ac610647be00b0cf41feea9c4978b73a707ee86bc53?s=96&d=mm&r=g\",\"contentUrl\":\"https:\\\/\\\/secure.gravatar.com\\\/avatar\\\/f3b7ad3af540688955925ac610647be00b0cf41feea9c4978b73a707ee86bc53?s=96&d=mm&r=g\",\"caption\":\"El Informativo Tam\"}}]}<\/script>\n<!-- \/ Yoast SEO plugin. -->","yoast_head_json":{"title":"OLA DE COVID PONE EN RIESGO A MUJER EMBARAZADA. - EL INFORMATIVO DE TAMAULIPAS","description":"Cd. Madero, Tamaulipas.- Los contagios de covid que se registra en la zona, provoc\u00f3 que las autoridades de salud canalizaran a una mujer embarazada a un","robots":{"index":"index","follow":"follow","max-snippet":"max-snippet:-1","max-image-preview":"max-image-preview:large","max-video-preview":"max-video-preview:-1"},"canonical":"https:\/\/elinformativotam.com\/index.php\/2022\/06\/27\/ola-de-covid-pone-en-riesgo-a-mujer-embarazada\/","og_locale":"es_MX","og_type":"article","og_title":"OLA DE COVID PONE EN RIESGO A MUJER EMBARAZADA. - EL INFORMATIVO DE TAMAULIPAS","og_description":"Cd. Madero, Tamaulipas.- Los contagios de covid que se registra en la zona, provoc\u00f3 que las autoridades de salud canalizaran a una mujer embarazada a un","og_url":"https:\/\/elinformativotam.com\/index.php\/2022\/06\/27\/ola-de-covid-pone-en-riesgo-a-mujer-embarazada\/","og_site_name":"EL INFORMATIVO DE TAMAULIPAS","article_published_time":"2022-06-28T00:07:19+00:00","og_image":[{"width":1040,"height":500,"url":"https:\/\/elinformativotam.com\/wp-content\/uploads\/2022\/06\/Hospital-1.jpg","type":"image\/jpeg"}],"author":"El Informativo Tam","twitter_card":"summary_large_image","twitter_misc":{"Escrito por":"El Informativo Tam","Tiempo de lectura":"1 minuto"},"schema":{"@context":"https:\/\/schema.org","@graph":[{"@type":"Article","@id":"https:\/\/elinformativotam.com\/index.php\/2022\/06\/27\/ola-de-covid-pone-en-riesgo-a-mujer-embarazada\/#article","isPartOf":{"@id":"https:\/\/elinformativotam.com\/index.php\/2022\/06\/27\/ola-de-covid-pone-en-riesgo-a-mujer-embarazada\/"},"author":{"name":"El Informativo Tam","@id":"https:\/\/elinformativotam.com\/#\/schema\/person\/78e08040eed0f6110f0c5f83b6153590"},"headline":"OLA DE COVID PONE EN RIESGO A MUJER EMBARAZADA.","datePublished":"2022-06-28T00:07:19+00:00","mainEntityOfPage":{"@id":"https:\/\/elinformativotam.com\/index.php\/2022\/06\/27\/ola-de-covid-pone-en-riesgo-a-mujer-embarazada\/"},"wordCount":187,"commentCount":0,"publisher":{"@id":"https:\/\/elinformativotam.com\/#organization"},"image":{"@id":"https:\/\/elinformativotam.com\/index.php\/2022\/06\/27\/ola-de-covid-pone-en-riesgo-a-mujer-embarazada\/#primaryimage"},"thumbnailUrl":"https:\/\/elinformativotam.com\/wp-content\/uploads\/2022\/06\/Hospital-1.jpg","articleSection":["Cd Madero"],"inLanguage":"es","potentialAction":[{"@type":"CommentAction","name":"Comment","target":["https:\/\/elinformativotam.com\/index.php\/2022\/06\/27\/ola-de-covid-pone-en-riesgo-a-mujer-embarazada\/#respond"]}]},{"@type":"WebPage","@id":"https:\/\/elinformativotam.com\/index.php\/2022\/06\/27\/ola-de-covid-pone-en-riesgo-a-mujer-embarazada\/","url":"https:\/\/elinformativotam.com\/index.php\/2022\/06\/27\/ola-de-covid-pone-en-riesgo-a-mujer-embarazada\/","name":"OLA DE COVID PONE EN RIESGO A MUJER EMBARAZADA. - EL INFORMATIVO DE TAMAULIPAS","isPartOf":{"@id":"https:\/\/elinformativotam.com\/#website"},"primaryImageOfPage":{"@id":"https:\/\/elinformativotam.com\/index.php\/2022\/06\/27\/ola-de-covid-pone-en-riesgo-a-mujer-embarazada\/#primaryimage"},"image":{"@id":"https:\/\/elinformativotam.com\/index.php\/2022\/06\/27\/ola-de-covid-pone-en-riesgo-a-mujer-embarazada\/#primaryimage"},"thumbnailUrl":"https:\/\/elinformativotam.com\/wp-content\/uploads\/2022\/06\/Hospital-1.jpg","datePublished":"2022-06-28T00:07:19+00:00","description":"Cd. Madero, Tamaulipas.- Los contagios de covid que se registra en la zona, provoc\u00f3 que las autoridades de salud canalizaran a una mujer embarazada a un","inLanguage":"es","potentialAction":[{"@type":"ReadAction","target":["https:\/\/elinformativotam.com\/index.php\/2022\/06\/27\/ola-de-covid-pone-en-riesgo-a-mujer-embarazada\/"]}]},{"@type":"ImageObject","inLanguage":"es","@id":"https:\/\/elinformativotam.com\/index.php\/2022\/06\/27\/ola-de-covid-pone-en-riesgo-a-mujer-embarazada\/#primaryimage","url":"https:\/\/elinformativotam.com\/wp-content\/uploads\/2022\/06\/Hospital-1.jpg","contentUrl":"https:\/\/elinformativotam.com\/wp-content\/uploads\/2022\/06\/Hospital-1.jpg","width":1040,"height":500},{"@type":"WebSite","@id":"https:\/\/elinformativotam.com\/#website","url":"https:\/\/elinformativotam.com\/","name":"EL INFORMATIVO DE TAMAULIPAS","description":"Desde la Zona Metropolitana Para Todo M\u00e9xico","publisher":{"@id":"https:\/\/elinformativotam.com\/#organization"},"potentialAction":[{"@type":"SearchAction","target":{"@type":"EntryPoint","urlTemplate":"https:\/\/elinformativotam.com\/?s={search_term_string}"},"query-input":{"@type":"PropertyValueSpecification","valueRequired":true,"valueName":"search_term_string"}}],"inLanguage":"es"},{"@type":"Organization","@id":"https:\/\/elinformativotam.com\/#organization","name":"EL INFORMATIVO DE TAMAULIPAS","url":"https:\/\/elinformativotam.com\/","logo":{"@type":"ImageObject","inLanguage":"es","@id":"https:\/\/elinformativotam.com\/#\/schema\/logo\/image\/","url":"https:\/\/elinformativotam.com\/wp-content\/uploads\/2026\/02\/Cabezal.png","contentUrl":"https:\/\/elinformativotam.com\/wp-content\/uploads\/2026\/02\/Cabezal.png","width":960,"height":640,"caption":"EL INFORMATIVO DE TAMAULIPAS"},"image":{"@id":"https:\/\/elinformativotam.com\/#\/schema\/logo\/image\/"}},{"@type":"Person","@id":"https:\/\/elinformativotam.com\/#\/schema\/person\/78e08040eed0f6110f0c5f83b6153590","name":"El Informativo Tam","image":{"@type":"ImageObject","inLanguage":"es","@id":"https:\/\/secure.gravatar.com\/avatar\/f3b7ad3af540688955925ac610647be00b0cf41feea9c4978b73a707ee86bc53?s=96&d=mm&r=g","url":"https:\/\/secure.gravatar.com\/avatar\/f3b7ad3af540688955925ac610647be00b0cf41feea9c4978b73a707ee86bc53?s=96&d=mm&r=g","contentUrl":"https:\/\/secure.gravatar.com\/avatar\/f3b7ad3af540688955925ac610647be00b0cf41feea9c4978b73a707ee86bc53?s=96&d=mm&r=g","caption":"El Informativo Tam"}}]}},"_links":{"self":[{"href":"https:\/\/elinformativotam.com\/index.php\/wp-json\/wp\/v2\/posts\/32593","targetHints":{"allow":["GET"]}}],"collection":[{"href":"https:\/\/elinformativotam.com\/index.php\/wp-json\/wp\/v2\/posts"}],"about":[{"href":"https:\/\/elinformativotam.com\/index.php\/wp-json\/wp\/v2\/types\/post"}],"author":[{"embeddable":true,"href":"https:\/\/elinformativotam.com\/index.php\/wp-json\/wp\/v2\/users\/1"}],"replies":[{"embeddable":true,"href":"https:\/\/elinformativotam.com\/index.php\/wp-json\/wp\/v2\/comments?post=32593"}],"version-history":[{"count":1,"href":"https:\/\/elinformativotam.com\/index.php\/wp-json\/wp\/v2\/posts\/32593\/revisions"}],"predecessor-version":[{"id":32595,"href":"https:\/\/elinformativotam.com\/index.php\/wp-json\/wp\/v2\/posts\/32593\/revisions\/32595"}],"wp:featuredmedia":[{"embeddable":true,"href":"https:\/\/elinformativotam.com\/index.php\/wp-json\/wp\/v2\/media\/32594"}],"wp:attachment":[{"href":"https:\/\/elinformativotam.com\/index.php\/wp-json\/wp\/v2\/media?parent=32593"}],"wp:term":[{"taxonomy":"category","embeddable":true,"href":"https:\/\/elinformativotam.com\/index.php\/wp-json\/wp\/v2\/categories?post=32593"},{"taxonomy":"post_tag","embeddable":true,"href":"https:\/\/elinformativotam.com\/index.php\/wp-json\/wp\/v2\/tags?post=32593"}],"curies":[{"name":"wp","href":"https:\/\/api.w.org\/{rel}","templated":true}]}}