{"id":32590,"date":"2022-06-27T18:03:24","date_gmt":"2022-06-28T00:03:24","guid":{"rendered":"https:\/\/elinformativotam.com\/?p=32590"},"modified":"2022-06-27T18:03:24","modified_gmt":"2022-06-28T00:03:24","slug":"se-incrementan-casos-de-covid-en-altamira","status":"publish","type":"post","link":"https:\/\/elinformativotam.com\/index.php\/2022\/06\/27\/se-incrementan-casos-de-covid-en-altamira\/","title":{"rendered":"SE INCREMENTAN CASOS DE COVID EN ALTAMIRA."},"content":{"rendered":"<p><em>ALTAMIRA, TAM.- La incidencia de males respiratorios, se est\u00e1 registrando en los \u00faltimos d\u00edas en el municipio de Altamira, donde se est\u00e1 dando un repunte de casos de covid19, donde la gente acude m\u00e1s en fin de semana, por lo que la cl\u00ednica est\u00e1 rebasada por las consultas.<\/em><\/p>\n<p><em>\u00a0<\/em><\/p>\n<p><em>El coordinador de la cl\u00ednica DIF, el dr Juan Antonio Ingl\u00e9s Clemente, est\u00e1 preocupado ante el importante n\u00famero de personas que est\u00e1n acudiendo a recibir consulta a esta instituci\u00f3n, pues las personas ya han comenzado a molestarse por que la atenci\u00f3n se est\u00e1 demorando, sin embargo, esto se debe a tres factores, saturaci\u00f3n, contagios de m\u00e9dicos y que est\u00e1n acudiendo personas con derechohabiente.<\/em><\/p>\n<p><em>\u00a0<\/em><\/p>\n<p><em>&#8220;Hay urgencias y hay que atender, la gente se molesta y ellos tiene que entender, se increment\u00f3 el n\u00famero de males respiratorios, se hace el protocolo de checado, si tiene fiebre se pasan al triage para descartar, no ay pruebas de covid se tienen que hacer en particular, pero son alrededor de 10 casos sospechosos diariamente desde hace dos semanas, refiri\u00f3.<\/em><\/p>\n<p><em>\u00a0<\/em><\/p>\n<p><em>Dijo que hay cuatro m\u00e9dicos contagiados de covid desde este viernes, por lo que tambi\u00e9n se reduce la plantilla, la mayor\u00eda son adultos, se les da tratamiento y se les pide su prueba, recalcando que hasta el momento no se ha ingresado un enfermo en calidad de grave en el Torre Cant\u00fa.<\/em><\/p>\n<p><em>\u00a0<\/em><\/p>\n<p><em>Por \u00faltimo, hizo una petici\u00f3n especial a quienes son derechohabientes de otra instituci\u00f3n como el IMSS o ISSSTE acudir a sus centros m\u00e9dicos, ya que el servicio del DIF es solo para personas sin ning\u00fan tipo de apoyo, por lo que al acudir otras personas se saturan las atenciones.<\/em><\/p>\n","protected":false},"excerpt":{"rendered":"<p>ALTAMIRA, TAM.- La incidencia de males respiratorios, se est\u00e1 registrando en los \u00faltimos d\u00edas en el municipio de Altamira, donde&hellip;<\/p>\n","protected":false},"author":1,"featured_media":32591,"comment_status":"open","ping_status":"open","sticky":false,"template":"","format":"standard","meta":{"footnotes":""},"categories":[5],"tags":[],"class_list":["post-32590","post","type-post","status-publish","format-standard","has-post-thumbnail","hentry","category-altamira"],"yoast_head":"<!-- This site is optimized with the Yoast SEO plugin v27.4 - https:\/\/yoast.com\/product\/yoast-seo-wordpress\/ -->\n<title>SE INCREMENTAN CASOS DE COVID EN ALTAMIRA. - EL INFORMATIVO DE TAMAULIPAS<\/title>\n<meta name=\"description\" content=\"ALTAMIRA, TAM.- La incidencia de males respiratorios, se est\u00e1 registrando en los \u00faltimos d\u00edas en el municipio de Altamira, donde se est\u00e1 dando un repunte\" \/>\n<meta name=\"robots\" content=\"index, follow, max-snippet:-1, max-image-preview:large, max-video-preview:-1\" \/>\n<link rel=\"canonical\" href=\"https:\/\/elinformativotam.com\/index.php\/2022\/06\/27\/se-incrementan-casos-de-covid-en-altamira\/\" \/>\n<meta property=\"og:locale\" content=\"es_MX\" \/>\n<meta property=\"og:type\" content=\"article\" \/>\n<meta property=\"og:title\" content=\"SE INCREMENTAN CASOS DE COVID EN ALTAMIRA. - EL INFORMATIVO DE TAMAULIPAS\" \/>\n<meta property=\"og:description\" content=\"ALTAMIRA, TAM.- La incidencia de males respiratorios, se est\u00e1 registrando en los \u00faltimos d\u00edas en el municipio de Altamira, donde se est\u00e1 dando un repunte\" \/>\n<meta property=\"og:url\" content=\"https:\/\/elinformativotam.com\/index.php\/2022\/06\/27\/se-incrementan-casos-de-covid-en-altamira\/\" \/>\n<meta property=\"og:site_name\" content=\"EL INFORMATIVO DE TAMAULIPAS\" \/>\n<meta property=\"article:published_time\" content=\"2022-06-28T00:03:24+00:00\" \/>\n<meta property=\"og:image\" content=\"https:\/\/elinformativotam.com\/wp-content\/uploads\/2022\/06\/Antonio-Ingles.jpg\" \/>\n\t<meta property=\"og:image:width\" content=\"1600\" \/>\n\t<meta property=\"og:image:height\" content=\"1200\" \/>\n\t<meta property=\"og:image:type\" content=\"image\/jpeg\" \/>\n<meta name=\"author\" content=\"El Informativo Tam\" \/>\n<meta name=\"twitter:card\" content=\"summary_large_image\" \/>\n<meta name=\"twitter:label1\" content=\"Escrito por\" \/>\n\t<meta name=\"twitter:data1\" content=\"El Informativo Tam\" \/>\n\t<meta name=\"twitter:label2\" content=\"Tiempo de lectura\" \/>\n\t<meta name=\"twitter:data2\" content=\"2 minutos\" \/>\n<script type=\"application\/ld+json\" class=\"yoast-schema-graph\">{\"@context\":\"https:\\\/\\\/schema.org\",\"@graph\":[{\"@type\":\"Article\",\"@id\":\"https:\\\/\\\/elinformativotam.com\\\/index.php\\\/2022\\\/06\\\/27\\\/se-incrementan-casos-de-covid-en-altamira\\\/#article\",\"isPartOf\":{\"@id\":\"https:\\\/\\\/elinformativotam.com\\\/index.php\\\/2022\\\/06\\\/27\\\/se-incrementan-casos-de-covid-en-altamira\\\/\"},\"author\":{\"name\":\"El Informativo Tam\",\"@id\":\"https:\\\/\\\/elinformativotam.com\\\/#\\\/schema\\\/person\\\/78e08040eed0f6110f0c5f83b6153590\"},\"headline\":\"SE INCREMENTAN CASOS DE COVID EN ALTAMIRA.\",\"datePublished\":\"2022-06-28T00:03:24+00:00\",\"mainEntityOfPage\":{\"@id\":\"https:\\\/\\\/elinformativotam.com\\\/index.php\\\/2022\\\/06\\\/27\\\/se-incrementan-casos-de-covid-en-altamira\\\/\"},\"wordCount\":300,\"commentCount\":0,\"publisher\":{\"@id\":\"https:\\\/\\\/elinformativotam.com\\\/#organization\"},\"image\":{\"@id\":\"https:\\\/\\\/elinformativotam.com\\\/index.php\\\/2022\\\/06\\\/27\\\/se-incrementan-casos-de-covid-en-altamira\\\/#primaryimage\"},\"thumbnailUrl\":\"https:\\\/\\\/elinformativotam.com\\\/wp-content\\\/uploads\\\/2022\\\/06\\\/Antonio-Ingles.jpg\",\"articleSection\":[\"Altamira\"],\"inLanguage\":\"es\",\"potentialAction\":[{\"@type\":\"CommentAction\",\"name\":\"Comment\",\"target\":[\"https:\\\/\\\/elinformativotam.com\\\/index.php\\\/2022\\\/06\\\/27\\\/se-incrementan-casos-de-covid-en-altamira\\\/#respond\"]}]},{\"@type\":\"WebPage\",\"@id\":\"https:\\\/\\\/elinformativotam.com\\\/index.php\\\/2022\\\/06\\\/27\\\/se-incrementan-casos-de-covid-en-altamira\\\/\",\"url\":\"https:\\\/\\\/elinformativotam.com\\\/index.php\\\/2022\\\/06\\\/27\\\/se-incrementan-casos-de-covid-en-altamira\\\/\",\"name\":\"SE INCREMENTAN CASOS DE COVID EN ALTAMIRA. - EL INFORMATIVO DE TAMAULIPAS\",\"isPartOf\":{\"@id\":\"https:\\\/\\\/elinformativotam.com\\\/#website\"},\"primaryImageOfPage\":{\"@id\":\"https:\\\/\\\/elinformativotam.com\\\/index.php\\\/2022\\\/06\\\/27\\\/se-incrementan-casos-de-covid-en-altamira\\\/#primaryimage\"},\"image\":{\"@id\":\"https:\\\/\\\/elinformativotam.com\\\/index.php\\\/2022\\\/06\\\/27\\\/se-incrementan-casos-de-covid-en-altamira\\\/#primaryimage\"},\"thumbnailUrl\":\"https:\\\/\\\/elinformativotam.com\\\/wp-content\\\/uploads\\\/2022\\\/06\\\/Antonio-Ingles.jpg\",\"datePublished\":\"2022-06-28T00:03:24+00:00\",\"description\":\"ALTAMIRA, TAM.- La incidencia de males respiratorios, se est\u00e1 registrando en los \u00faltimos d\u00edas en el municipio de Altamira, donde se est\u00e1 dando un repunte\",\"inLanguage\":\"es\",\"potentialAction\":[{\"@type\":\"ReadAction\",\"target\":[\"https:\\\/\\\/elinformativotam.com\\\/index.php\\\/2022\\\/06\\\/27\\\/se-incrementan-casos-de-covid-en-altamira\\\/\"]}]},{\"@type\":\"ImageObject\",\"inLanguage\":\"es\",\"@id\":\"https:\\\/\\\/elinformativotam.com\\\/index.php\\\/2022\\\/06\\\/27\\\/se-incrementan-casos-de-covid-en-altamira\\\/#primaryimage\",\"url\":\"https:\\\/\\\/elinformativotam.com\\\/wp-content\\\/uploads\\\/2022\\\/06\\\/Antonio-Ingles.jpg\",\"contentUrl\":\"https:\\\/\\\/elinformativotam.com\\\/wp-content\\\/uploads\\\/2022\\\/06\\\/Antonio-Ingles.jpg\",\"width\":1600,\"height\":1200},{\"@type\":\"WebSite\",\"@id\":\"https:\\\/\\\/elinformativotam.com\\\/#website\",\"url\":\"https:\\\/\\\/elinformativotam.com\\\/\",\"name\":\"EL INFORMATIVO DE TAMAULIPAS\",\"description\":\"Desde la Zona Metropolitana Para Todo M\u00e9xico\",\"publisher\":{\"@id\":\"https:\\\/\\\/elinformativotam.com\\\/#organization\"},\"potentialAction\":[{\"@type\":\"SearchAction\",\"target\":{\"@type\":\"EntryPoint\",\"urlTemplate\":\"https:\\\/\\\/elinformativotam.com\\\/?s={search_term_string}\"},\"query-input\":{\"@type\":\"PropertyValueSpecification\",\"valueRequired\":true,\"valueName\":\"search_term_string\"}}],\"inLanguage\":\"es\"},{\"@type\":\"Organization\",\"@id\":\"https:\\\/\\\/elinformativotam.com\\\/#organization\",\"name\":\"EL INFORMATIVO DE TAMAULIPAS\",\"url\":\"https:\\\/\\\/elinformativotam.com\\\/\",\"logo\":{\"@type\":\"ImageObject\",\"inLanguage\":\"es\",\"@id\":\"https:\\\/\\\/elinformativotam.com\\\/#\\\/schema\\\/logo\\\/image\\\/\",\"url\":\"https:\\\/\\\/elinformativotam.com\\\/wp-content\\\/uploads\\\/2026\\\/02\\\/Cabezal.png\",\"contentUrl\":\"https:\\\/\\\/elinformativotam.com\\\/wp-content\\\/uploads\\\/2026\\\/02\\\/Cabezal.png\",\"width\":960,\"height\":640,\"caption\":\"EL INFORMATIVO DE TAMAULIPAS\"},\"image\":{\"@id\":\"https:\\\/\\\/elinformativotam.com\\\/#\\\/schema\\\/logo\\\/image\\\/\"}},{\"@type\":\"Person\",\"@id\":\"https:\\\/\\\/elinformativotam.com\\\/#\\\/schema\\\/person\\\/78e08040eed0f6110f0c5f83b6153590\",\"name\":\"El Informativo Tam\",\"image\":{\"@type\":\"ImageObject\",\"inLanguage\":\"es\",\"@id\":\"https:\\\/\\\/secure.gravatar.com\\\/avatar\\\/f3b7ad3af540688955925ac610647be00b0cf41feea9c4978b73a707ee86bc53?s=96&d=mm&r=g\",\"url\":\"https:\\\/\\\/secure.gravatar.com\\\/avatar\\\/f3b7ad3af540688955925ac610647be00b0cf41feea9c4978b73a707ee86bc53?s=96&d=mm&r=g\",\"contentUrl\":\"https:\\\/\\\/secure.gravatar.com\\\/avatar\\\/f3b7ad3af540688955925ac610647be00b0cf41feea9c4978b73a707ee86bc53?s=96&d=mm&r=g\",\"caption\":\"El Informativo Tam\"}}]}<\/script>\n<!-- \/ Yoast SEO plugin. -->","yoast_head_json":{"title":"SE INCREMENTAN CASOS DE COVID EN ALTAMIRA. - EL INFORMATIVO DE TAMAULIPAS","description":"ALTAMIRA, TAM.- La incidencia de males respiratorios, se est\u00e1 registrando en los \u00faltimos d\u00edas en el municipio de Altamira, donde se est\u00e1 dando un repunte","robots":{"index":"index","follow":"follow","max-snippet":"max-snippet:-1","max-image-preview":"max-image-preview:large","max-video-preview":"max-video-preview:-1"},"canonical":"https:\/\/elinformativotam.com\/index.php\/2022\/06\/27\/se-incrementan-casos-de-covid-en-altamira\/","og_locale":"es_MX","og_type":"article","og_title":"SE INCREMENTAN CASOS DE COVID EN ALTAMIRA. - EL INFORMATIVO DE TAMAULIPAS","og_description":"ALTAMIRA, TAM.- La incidencia de males respiratorios, se est\u00e1 registrando en los \u00faltimos d\u00edas en el municipio de Altamira, donde se est\u00e1 dando un repunte","og_url":"https:\/\/elinformativotam.com\/index.php\/2022\/06\/27\/se-incrementan-casos-de-covid-en-altamira\/","og_site_name":"EL INFORMATIVO DE TAMAULIPAS","article_published_time":"2022-06-28T00:03:24+00:00","og_image":[{"width":1600,"height":1200,"url":"https:\/\/elinformativotam.com\/wp-content\/uploads\/2022\/06\/Antonio-Ingles.jpg","type":"image\/jpeg"}],"author":"El Informativo Tam","twitter_card":"summary_large_image","twitter_misc":{"Escrito por":"El Informativo Tam","Tiempo de lectura":"2 minutos"},"schema":{"@context":"https:\/\/schema.org","@graph":[{"@type":"Article","@id":"https:\/\/elinformativotam.com\/index.php\/2022\/06\/27\/se-incrementan-casos-de-covid-en-altamira\/#article","isPartOf":{"@id":"https:\/\/elinformativotam.com\/index.php\/2022\/06\/27\/se-incrementan-casos-de-covid-en-altamira\/"},"author":{"name":"El Informativo Tam","@id":"https:\/\/elinformativotam.com\/#\/schema\/person\/78e08040eed0f6110f0c5f83b6153590"},"headline":"SE INCREMENTAN CASOS DE COVID EN ALTAMIRA.","datePublished":"2022-06-28T00:03:24+00:00","mainEntityOfPage":{"@id":"https:\/\/elinformativotam.com\/index.php\/2022\/06\/27\/se-incrementan-casos-de-covid-en-altamira\/"},"wordCount":300,"commentCount":0,"publisher":{"@id":"https:\/\/elinformativotam.com\/#organization"},"image":{"@id":"https:\/\/elinformativotam.com\/index.php\/2022\/06\/27\/se-incrementan-casos-de-covid-en-altamira\/#primaryimage"},"thumbnailUrl":"https:\/\/elinformativotam.com\/wp-content\/uploads\/2022\/06\/Antonio-Ingles.jpg","articleSection":["Altamira"],"inLanguage":"es","potentialAction":[{"@type":"CommentAction","name":"Comment","target":["https:\/\/elinformativotam.com\/index.php\/2022\/06\/27\/se-incrementan-casos-de-covid-en-altamira\/#respond"]}]},{"@type":"WebPage","@id":"https:\/\/elinformativotam.com\/index.php\/2022\/06\/27\/se-incrementan-casos-de-covid-en-altamira\/","url":"https:\/\/elinformativotam.com\/index.php\/2022\/06\/27\/se-incrementan-casos-de-covid-en-altamira\/","name":"SE INCREMENTAN CASOS DE COVID EN ALTAMIRA. - EL INFORMATIVO DE TAMAULIPAS","isPartOf":{"@id":"https:\/\/elinformativotam.com\/#website"},"primaryImageOfPage":{"@id":"https:\/\/elinformativotam.com\/index.php\/2022\/06\/27\/se-incrementan-casos-de-covid-en-altamira\/#primaryimage"},"image":{"@id":"https:\/\/elinformativotam.com\/index.php\/2022\/06\/27\/se-incrementan-casos-de-covid-en-altamira\/#primaryimage"},"thumbnailUrl":"https:\/\/elinformativotam.com\/wp-content\/uploads\/2022\/06\/Antonio-Ingles.jpg","datePublished":"2022-06-28T00:03:24+00:00","description":"ALTAMIRA, TAM.- La incidencia de males respiratorios, se est\u00e1 registrando en los \u00faltimos d\u00edas en el municipio de Altamira, donde se est\u00e1 dando un repunte","inLanguage":"es","potentialAction":[{"@type":"ReadAction","target":["https:\/\/elinformativotam.com\/index.php\/2022\/06\/27\/se-incrementan-casos-de-covid-en-altamira\/"]}]},{"@type":"ImageObject","inLanguage":"es","@id":"https:\/\/elinformativotam.com\/index.php\/2022\/06\/27\/se-incrementan-casos-de-covid-en-altamira\/#primaryimage","url":"https:\/\/elinformativotam.com\/wp-content\/uploads\/2022\/06\/Antonio-Ingles.jpg","contentUrl":"https:\/\/elinformativotam.com\/wp-content\/uploads\/2022\/06\/Antonio-Ingles.jpg","width":1600,"height":1200},{"@type":"WebSite","@id":"https:\/\/elinformativotam.com\/#website","url":"https:\/\/elinformativotam.com\/","name":"EL INFORMATIVO DE TAMAULIPAS","description":"Desde la Zona Metropolitana Para Todo M\u00e9xico","publisher":{"@id":"https:\/\/elinformativotam.com\/#organization"},"potentialAction":[{"@type":"SearchAction","target":{"@type":"EntryPoint","urlTemplate":"https:\/\/elinformativotam.com\/?s={search_term_string}"},"query-input":{"@type":"PropertyValueSpecification","valueRequired":true,"valueName":"search_term_string"}}],"inLanguage":"es"},{"@type":"Organization","@id":"https:\/\/elinformativotam.com\/#organization","name":"EL INFORMATIVO DE TAMAULIPAS","url":"https:\/\/elinformativotam.com\/","logo":{"@type":"ImageObject","inLanguage":"es","@id":"https:\/\/elinformativotam.com\/#\/schema\/logo\/image\/","url":"https:\/\/elinformativotam.com\/wp-content\/uploads\/2026\/02\/Cabezal.png","contentUrl":"https:\/\/elinformativotam.com\/wp-content\/uploads\/2026\/02\/Cabezal.png","width":960,"height":640,"caption":"EL INFORMATIVO DE TAMAULIPAS"},"image":{"@id":"https:\/\/elinformativotam.com\/#\/schema\/logo\/image\/"}},{"@type":"Person","@id":"https:\/\/elinformativotam.com\/#\/schema\/person\/78e08040eed0f6110f0c5f83b6153590","name":"El Informativo Tam","image":{"@type":"ImageObject","inLanguage":"es","@id":"https:\/\/secure.gravatar.com\/avatar\/f3b7ad3af540688955925ac610647be00b0cf41feea9c4978b73a707ee86bc53?s=96&d=mm&r=g","url":"https:\/\/secure.gravatar.com\/avatar\/f3b7ad3af540688955925ac610647be00b0cf41feea9c4978b73a707ee86bc53?s=96&d=mm&r=g","contentUrl":"https:\/\/secure.gravatar.com\/avatar\/f3b7ad3af540688955925ac610647be00b0cf41feea9c4978b73a707ee86bc53?s=96&d=mm&r=g","caption":"El Informativo Tam"}}]}},"_links":{"self":[{"href":"https:\/\/elinformativotam.com\/index.php\/wp-json\/wp\/v2\/posts\/32590","targetHints":{"allow":["GET"]}}],"collection":[{"href":"https:\/\/elinformativotam.com\/index.php\/wp-json\/wp\/v2\/posts"}],"about":[{"href":"https:\/\/elinformativotam.com\/index.php\/wp-json\/wp\/v2\/types\/post"}],"author":[{"embeddable":true,"href":"https:\/\/elinformativotam.com\/index.php\/wp-json\/wp\/v2\/users\/1"}],"replies":[{"embeddable":true,"href":"https:\/\/elinformativotam.com\/index.php\/wp-json\/wp\/v2\/comments?post=32590"}],"version-history":[{"count":1,"href":"https:\/\/elinformativotam.com\/index.php\/wp-json\/wp\/v2\/posts\/32590\/revisions"}],"predecessor-version":[{"id":32592,"href":"https:\/\/elinformativotam.com\/index.php\/wp-json\/wp\/v2\/posts\/32590\/revisions\/32592"}],"wp:featuredmedia":[{"embeddable":true,"href":"https:\/\/elinformativotam.com\/index.php\/wp-json\/wp\/v2\/media\/32591"}],"wp:attachment":[{"href":"https:\/\/elinformativotam.com\/index.php\/wp-json\/wp\/v2\/media?parent=32590"}],"wp:term":[{"taxonomy":"category","embeddable":true,"href":"https:\/\/elinformativotam.com\/index.php\/wp-json\/wp\/v2\/categories?post=32590"},{"taxonomy":"post_tag","embeddable":true,"href":"https:\/\/elinformativotam.com\/index.php\/wp-json\/wp\/v2\/tags?post=32590"}],"curies":[{"name":"wp","href":"https:\/\/api.w.org\/{rel}","templated":true}]}}