{"id":32587,"date":"2022-06-27T17:58:57","date_gmt":"2022-06-27T23:58:57","guid":{"rendered":"https:\/\/elinformativotam.com\/?p=32587"},"modified":"2022-06-27T17:58:57","modified_gmt":"2022-06-27T23:58:57","slug":"recurren-a-aseguradoras-para-proteger-siembra","status":"publish","type":"post","link":"https:\/\/elinformativotam.com\/index.php\/2022\/06\/27\/recurren-a-aseguradoras-para-proteger-siembra\/","title":{"rendered":"RECURREN A ASEGURADORAS PARA PROTEGER SIEMBRA."},"content":{"rendered":"<p><em>ALTAMIRA, TAM.- De manera preocupante, el campo altamirese est\u00e1 dejando de producir como hace mas de\u00a0 a\u00f1os se daba la siembra en sembrad\u00edos extensos para las m\u00e1s de 60 hect\u00e1reas que se producen en el municipio, refiri\u00f3 Martin Mar, productor del ejido El Fuerte.<\/em><\/p>\n<p><em>\u00a0<\/em><\/p>\n<p><em>&#8220;Estamos esperando la producci\u00f3n de soya, se viene la temporada de siembra de soya, somos 60 productores, la mayor\u00eda siembra soya, desde hace 7 a\u00f1os algunos han asegurado las siembras porque no se esta produciendo el total, desde hace 7 a\u00f1os no hab\u00eda necesidad por las altas lluvias pero ahora ya, los graneros ofrecen los seguros con la venta de la semilla, menos del 5 por ciento esta haciendolo&#8221;, refiri\u00f3.<\/em><\/p>\n<p><em>\u00a0<\/em><\/p>\n<p><em>Dijo tambi\u00e9n que se acaba de abril el ciclo oto\u00f1o invierno para la siembra y cuando no llueve mucho se tienen que esperar hasta agosto, alternando sorgo y soya, por lo que al perderse la siembra se siembre el granos que sigue, el ma\u00edz se siembra para consumo propio.<\/em><\/p>\n<p><em>\u00a0<\/em><\/p>\n<p><em>A\u00f1adi\u00f3 tambi\u00e9n que el nivel del agua este a\u00f1o no afecto tanto a los pescadores del ejido, ya que el a\u00f1o pasado disminuyo mucho y no pod\u00edan salir a la pesca, actualmente pescan pescados como tilapia, carpa, langosta y acamaya con baja producci\u00f3n, por lo que no pudieron renovar los permisos por los bajos ingresos.<\/em><\/p>\n<p><em>\u00a0<\/em><\/p>\n","protected":false},"excerpt":{"rendered":"<p>ALTAMIRA, TAM.- De manera preocupante, el campo altamirese est\u00e1 dejando de producir como hace mas de\u00a0 a\u00f1os se daba la&hellip;<\/p>\n","protected":false},"author":1,"featured_media":32588,"comment_status":"open","ping_status":"open","sticky":false,"template":"","format":"standard","meta":{"footnotes":""},"categories":[5],"tags":[],"class_list":["post-32587","post","type-post","status-publish","format-standard","has-post-thumbnail","hentry","category-altamira"],"yoast_head":"<!-- This site is optimized with the Yoast SEO plugin v27.4 - https:\/\/yoast.com\/product\/yoast-seo-wordpress\/ -->\n<title>RECURREN A ASEGURADORAS PARA PROTEGER SIEMBRA. - EL INFORMATIVO DE TAMAULIPAS<\/title>\n<meta name=\"description\" content=\"ALTAMIRA, TAM.- De manera preocupante, el campo altamirese est\u00e1 dejando de producir como hace mas de\u00a0 a\u00f1os se daba la siembra en sembrad\u00edos extensos para\" \/>\n<meta name=\"robots\" content=\"index, follow, max-snippet:-1, max-image-preview:large, max-video-preview:-1\" \/>\n<link rel=\"canonical\" href=\"https:\/\/elinformativotam.com\/index.php\/2022\/06\/27\/recurren-a-aseguradoras-para-proteger-siembra\/\" \/>\n<meta property=\"og:locale\" content=\"es_MX\" \/>\n<meta property=\"og:type\" content=\"article\" \/>\n<meta property=\"og:title\" content=\"RECURREN A ASEGURADORAS PARA PROTEGER SIEMBRA. - EL INFORMATIVO DE TAMAULIPAS\" \/>\n<meta property=\"og:description\" content=\"ALTAMIRA, TAM.- De manera preocupante, el campo altamirese est\u00e1 dejando de producir como hace mas de\u00a0 a\u00f1os se daba la siembra en sembrad\u00edos extensos para\" \/>\n<meta property=\"og:url\" content=\"https:\/\/elinformativotam.com\/index.php\/2022\/06\/27\/recurren-a-aseguradoras-para-proteger-siembra\/\" \/>\n<meta property=\"og:site_name\" content=\"EL INFORMATIVO DE TAMAULIPAS\" \/>\n<meta property=\"article:published_time\" content=\"2022-06-27T23:58:57+00:00\" \/>\n<meta property=\"og:image\" content=\"https:\/\/elinformativotam.com\/wp-content\/uploads\/2022\/06\/Siembra.jpg\" \/>\n\t<meta property=\"og:image:width\" content=\"450\" \/>\n\t<meta property=\"og:image:height\" content=\"300\" \/>\n\t<meta property=\"og:image:type\" content=\"image\/jpeg\" \/>\n<meta name=\"author\" content=\"El Informativo Tam\" \/>\n<meta name=\"twitter:card\" content=\"summary_large_image\" \/>\n<meta name=\"twitter:label1\" content=\"Escrito por\" \/>\n\t<meta name=\"twitter:data1\" content=\"El Informativo Tam\" \/>\n\t<meta name=\"twitter:label2\" content=\"Tiempo de lectura\" \/>\n\t<meta name=\"twitter:data2\" content=\"1 minuto\" \/>\n<script type=\"application\/ld+json\" class=\"yoast-schema-graph\">{\"@context\":\"https:\\\/\\\/schema.org\",\"@graph\":[{\"@type\":\"Article\",\"@id\":\"https:\\\/\\\/elinformativotam.com\\\/index.php\\\/2022\\\/06\\\/27\\\/recurren-a-aseguradoras-para-proteger-siembra\\\/#article\",\"isPartOf\":{\"@id\":\"https:\\\/\\\/elinformativotam.com\\\/index.php\\\/2022\\\/06\\\/27\\\/recurren-a-aseguradoras-para-proteger-siembra\\\/\"},\"author\":{\"name\":\"El Informativo Tam\",\"@id\":\"https:\\\/\\\/elinformativotam.com\\\/#\\\/schema\\\/person\\\/78e08040eed0f6110f0c5f83b6153590\"},\"headline\":\"RECURREN A ASEGURADORAS PARA PROTEGER SIEMBRA.\",\"datePublished\":\"2022-06-27T23:58:57+00:00\",\"mainEntityOfPage\":{\"@id\":\"https:\\\/\\\/elinformativotam.com\\\/index.php\\\/2022\\\/06\\\/27\\\/recurren-a-aseguradoras-para-proteger-siembra\\\/\"},\"wordCount\":238,\"commentCount\":0,\"publisher\":{\"@id\":\"https:\\\/\\\/elinformativotam.com\\\/#organization\"},\"image\":{\"@id\":\"https:\\\/\\\/elinformativotam.com\\\/index.php\\\/2022\\\/06\\\/27\\\/recurren-a-aseguradoras-para-proteger-siembra\\\/#primaryimage\"},\"thumbnailUrl\":\"https:\\\/\\\/elinformativotam.com\\\/wp-content\\\/uploads\\\/2022\\\/06\\\/Siembra.jpg\",\"articleSection\":[\"Altamira\"],\"inLanguage\":\"es\",\"potentialAction\":[{\"@type\":\"CommentAction\",\"name\":\"Comment\",\"target\":[\"https:\\\/\\\/elinformativotam.com\\\/index.php\\\/2022\\\/06\\\/27\\\/recurren-a-aseguradoras-para-proteger-siembra\\\/#respond\"]}]},{\"@type\":\"WebPage\",\"@id\":\"https:\\\/\\\/elinformativotam.com\\\/index.php\\\/2022\\\/06\\\/27\\\/recurren-a-aseguradoras-para-proteger-siembra\\\/\",\"url\":\"https:\\\/\\\/elinformativotam.com\\\/index.php\\\/2022\\\/06\\\/27\\\/recurren-a-aseguradoras-para-proteger-siembra\\\/\",\"name\":\"RECURREN A ASEGURADORAS PARA PROTEGER SIEMBRA. - EL INFORMATIVO DE TAMAULIPAS\",\"isPartOf\":{\"@id\":\"https:\\\/\\\/elinformativotam.com\\\/#website\"},\"primaryImageOfPage\":{\"@id\":\"https:\\\/\\\/elinformativotam.com\\\/index.php\\\/2022\\\/06\\\/27\\\/recurren-a-aseguradoras-para-proteger-siembra\\\/#primaryimage\"},\"image\":{\"@id\":\"https:\\\/\\\/elinformativotam.com\\\/index.php\\\/2022\\\/06\\\/27\\\/recurren-a-aseguradoras-para-proteger-siembra\\\/#primaryimage\"},\"thumbnailUrl\":\"https:\\\/\\\/elinformativotam.com\\\/wp-content\\\/uploads\\\/2022\\\/06\\\/Siembra.jpg\",\"datePublished\":\"2022-06-27T23:58:57+00:00\",\"description\":\"ALTAMIRA, TAM.- De manera preocupante, el campo altamirese est\u00e1 dejando de producir como hace mas de\u00a0 a\u00f1os se daba la siembra en sembrad\u00edos extensos para\",\"inLanguage\":\"es\",\"potentialAction\":[{\"@type\":\"ReadAction\",\"target\":[\"https:\\\/\\\/elinformativotam.com\\\/index.php\\\/2022\\\/06\\\/27\\\/recurren-a-aseguradoras-para-proteger-siembra\\\/\"]}]},{\"@type\":\"ImageObject\",\"inLanguage\":\"es\",\"@id\":\"https:\\\/\\\/elinformativotam.com\\\/index.php\\\/2022\\\/06\\\/27\\\/recurren-a-aseguradoras-para-proteger-siembra\\\/#primaryimage\",\"url\":\"https:\\\/\\\/elinformativotam.com\\\/wp-content\\\/uploads\\\/2022\\\/06\\\/Siembra.jpg\",\"contentUrl\":\"https:\\\/\\\/elinformativotam.com\\\/wp-content\\\/uploads\\\/2022\\\/06\\\/Siembra.jpg\",\"width\":450,\"height\":300},{\"@type\":\"WebSite\",\"@id\":\"https:\\\/\\\/elinformativotam.com\\\/#website\",\"url\":\"https:\\\/\\\/elinformativotam.com\\\/\",\"name\":\"EL INFORMATIVO DE TAMAULIPAS\",\"description\":\"Desde la Zona Metropolitana Para Todo M\u00e9xico\",\"publisher\":{\"@id\":\"https:\\\/\\\/elinformativotam.com\\\/#organization\"},\"potentialAction\":[{\"@type\":\"SearchAction\",\"target\":{\"@type\":\"EntryPoint\",\"urlTemplate\":\"https:\\\/\\\/elinformativotam.com\\\/?s={search_term_string}\"},\"query-input\":{\"@type\":\"PropertyValueSpecification\",\"valueRequired\":true,\"valueName\":\"search_term_string\"}}],\"inLanguage\":\"es\"},{\"@type\":\"Organization\",\"@id\":\"https:\\\/\\\/elinformativotam.com\\\/#organization\",\"name\":\"EL INFORMATIVO DE TAMAULIPAS\",\"url\":\"https:\\\/\\\/elinformativotam.com\\\/\",\"logo\":{\"@type\":\"ImageObject\",\"inLanguage\":\"es\",\"@id\":\"https:\\\/\\\/elinformativotam.com\\\/#\\\/schema\\\/logo\\\/image\\\/\",\"url\":\"https:\\\/\\\/elinformativotam.com\\\/wp-content\\\/uploads\\\/2026\\\/02\\\/Cabezal.png\",\"contentUrl\":\"https:\\\/\\\/elinformativotam.com\\\/wp-content\\\/uploads\\\/2026\\\/02\\\/Cabezal.png\",\"width\":960,\"height\":640,\"caption\":\"EL INFORMATIVO DE TAMAULIPAS\"},\"image\":{\"@id\":\"https:\\\/\\\/elinformativotam.com\\\/#\\\/schema\\\/logo\\\/image\\\/\"}},{\"@type\":\"Person\",\"@id\":\"https:\\\/\\\/elinformativotam.com\\\/#\\\/schema\\\/person\\\/78e08040eed0f6110f0c5f83b6153590\",\"name\":\"El Informativo Tam\",\"image\":{\"@type\":\"ImageObject\",\"inLanguage\":\"es\",\"@id\":\"https:\\\/\\\/secure.gravatar.com\\\/avatar\\\/f3b7ad3af540688955925ac610647be00b0cf41feea9c4978b73a707ee86bc53?s=96&d=mm&r=g\",\"url\":\"https:\\\/\\\/secure.gravatar.com\\\/avatar\\\/f3b7ad3af540688955925ac610647be00b0cf41feea9c4978b73a707ee86bc53?s=96&d=mm&r=g\",\"contentUrl\":\"https:\\\/\\\/secure.gravatar.com\\\/avatar\\\/f3b7ad3af540688955925ac610647be00b0cf41feea9c4978b73a707ee86bc53?s=96&d=mm&r=g\",\"caption\":\"El Informativo Tam\"}}]}<\/script>\n<!-- \/ Yoast SEO plugin. -->","yoast_head_json":{"title":"RECURREN A ASEGURADORAS PARA PROTEGER SIEMBRA. - EL INFORMATIVO DE TAMAULIPAS","description":"ALTAMIRA, TAM.- De manera preocupante, el campo altamirese est\u00e1 dejando de producir como hace mas de\u00a0 a\u00f1os se daba la siembra en sembrad\u00edos extensos para","robots":{"index":"index","follow":"follow","max-snippet":"max-snippet:-1","max-image-preview":"max-image-preview:large","max-video-preview":"max-video-preview:-1"},"canonical":"https:\/\/elinformativotam.com\/index.php\/2022\/06\/27\/recurren-a-aseguradoras-para-proteger-siembra\/","og_locale":"es_MX","og_type":"article","og_title":"RECURREN A ASEGURADORAS PARA PROTEGER SIEMBRA. - EL INFORMATIVO DE TAMAULIPAS","og_description":"ALTAMIRA, TAM.- De manera preocupante, el campo altamirese est\u00e1 dejando de producir como hace mas de\u00a0 a\u00f1os se daba la siembra en sembrad\u00edos extensos para","og_url":"https:\/\/elinformativotam.com\/index.php\/2022\/06\/27\/recurren-a-aseguradoras-para-proteger-siembra\/","og_site_name":"EL INFORMATIVO DE TAMAULIPAS","article_published_time":"2022-06-27T23:58:57+00:00","og_image":[{"width":450,"height":300,"url":"https:\/\/elinformativotam.com\/wp-content\/uploads\/2022\/06\/Siembra.jpg","type":"image\/jpeg"}],"author":"El Informativo Tam","twitter_card":"summary_large_image","twitter_misc":{"Escrito por":"El Informativo Tam","Tiempo de lectura":"1 minuto"},"schema":{"@context":"https:\/\/schema.org","@graph":[{"@type":"Article","@id":"https:\/\/elinformativotam.com\/index.php\/2022\/06\/27\/recurren-a-aseguradoras-para-proteger-siembra\/#article","isPartOf":{"@id":"https:\/\/elinformativotam.com\/index.php\/2022\/06\/27\/recurren-a-aseguradoras-para-proteger-siembra\/"},"author":{"name":"El Informativo Tam","@id":"https:\/\/elinformativotam.com\/#\/schema\/person\/78e08040eed0f6110f0c5f83b6153590"},"headline":"RECURREN A ASEGURADORAS PARA PROTEGER SIEMBRA.","datePublished":"2022-06-27T23:58:57+00:00","mainEntityOfPage":{"@id":"https:\/\/elinformativotam.com\/index.php\/2022\/06\/27\/recurren-a-aseguradoras-para-proteger-siembra\/"},"wordCount":238,"commentCount":0,"publisher":{"@id":"https:\/\/elinformativotam.com\/#organization"},"image":{"@id":"https:\/\/elinformativotam.com\/index.php\/2022\/06\/27\/recurren-a-aseguradoras-para-proteger-siembra\/#primaryimage"},"thumbnailUrl":"https:\/\/elinformativotam.com\/wp-content\/uploads\/2022\/06\/Siembra.jpg","articleSection":["Altamira"],"inLanguage":"es","potentialAction":[{"@type":"CommentAction","name":"Comment","target":["https:\/\/elinformativotam.com\/index.php\/2022\/06\/27\/recurren-a-aseguradoras-para-proteger-siembra\/#respond"]}]},{"@type":"WebPage","@id":"https:\/\/elinformativotam.com\/index.php\/2022\/06\/27\/recurren-a-aseguradoras-para-proteger-siembra\/","url":"https:\/\/elinformativotam.com\/index.php\/2022\/06\/27\/recurren-a-aseguradoras-para-proteger-siembra\/","name":"RECURREN A ASEGURADORAS PARA PROTEGER SIEMBRA. - EL INFORMATIVO DE TAMAULIPAS","isPartOf":{"@id":"https:\/\/elinformativotam.com\/#website"},"primaryImageOfPage":{"@id":"https:\/\/elinformativotam.com\/index.php\/2022\/06\/27\/recurren-a-aseguradoras-para-proteger-siembra\/#primaryimage"},"image":{"@id":"https:\/\/elinformativotam.com\/index.php\/2022\/06\/27\/recurren-a-aseguradoras-para-proteger-siembra\/#primaryimage"},"thumbnailUrl":"https:\/\/elinformativotam.com\/wp-content\/uploads\/2022\/06\/Siembra.jpg","datePublished":"2022-06-27T23:58:57+00:00","description":"ALTAMIRA, TAM.- De manera preocupante, el campo altamirese est\u00e1 dejando de producir como hace mas de\u00a0 a\u00f1os se daba la siembra en sembrad\u00edos extensos para","inLanguage":"es","potentialAction":[{"@type":"ReadAction","target":["https:\/\/elinformativotam.com\/index.php\/2022\/06\/27\/recurren-a-aseguradoras-para-proteger-siembra\/"]}]},{"@type":"ImageObject","inLanguage":"es","@id":"https:\/\/elinformativotam.com\/index.php\/2022\/06\/27\/recurren-a-aseguradoras-para-proteger-siembra\/#primaryimage","url":"https:\/\/elinformativotam.com\/wp-content\/uploads\/2022\/06\/Siembra.jpg","contentUrl":"https:\/\/elinformativotam.com\/wp-content\/uploads\/2022\/06\/Siembra.jpg","width":450,"height":300},{"@type":"WebSite","@id":"https:\/\/elinformativotam.com\/#website","url":"https:\/\/elinformativotam.com\/","name":"EL INFORMATIVO DE TAMAULIPAS","description":"Desde la Zona Metropolitana Para Todo M\u00e9xico","publisher":{"@id":"https:\/\/elinformativotam.com\/#organization"},"potentialAction":[{"@type":"SearchAction","target":{"@type":"EntryPoint","urlTemplate":"https:\/\/elinformativotam.com\/?s={search_term_string}"},"query-input":{"@type":"PropertyValueSpecification","valueRequired":true,"valueName":"search_term_string"}}],"inLanguage":"es"},{"@type":"Organization","@id":"https:\/\/elinformativotam.com\/#organization","name":"EL INFORMATIVO DE TAMAULIPAS","url":"https:\/\/elinformativotam.com\/","logo":{"@type":"ImageObject","inLanguage":"es","@id":"https:\/\/elinformativotam.com\/#\/schema\/logo\/image\/","url":"https:\/\/elinformativotam.com\/wp-content\/uploads\/2026\/02\/Cabezal.png","contentUrl":"https:\/\/elinformativotam.com\/wp-content\/uploads\/2026\/02\/Cabezal.png","width":960,"height":640,"caption":"EL INFORMATIVO DE TAMAULIPAS"},"image":{"@id":"https:\/\/elinformativotam.com\/#\/schema\/logo\/image\/"}},{"@type":"Person","@id":"https:\/\/elinformativotam.com\/#\/schema\/person\/78e08040eed0f6110f0c5f83b6153590","name":"El Informativo Tam","image":{"@type":"ImageObject","inLanguage":"es","@id":"https:\/\/secure.gravatar.com\/avatar\/f3b7ad3af540688955925ac610647be00b0cf41feea9c4978b73a707ee86bc53?s=96&d=mm&r=g","url":"https:\/\/secure.gravatar.com\/avatar\/f3b7ad3af540688955925ac610647be00b0cf41feea9c4978b73a707ee86bc53?s=96&d=mm&r=g","contentUrl":"https:\/\/secure.gravatar.com\/avatar\/f3b7ad3af540688955925ac610647be00b0cf41feea9c4978b73a707ee86bc53?s=96&d=mm&r=g","caption":"El Informativo Tam"}}]}},"_links":{"self":[{"href":"https:\/\/elinformativotam.com\/index.php\/wp-json\/wp\/v2\/posts\/32587","targetHints":{"allow":["GET"]}}],"collection":[{"href":"https:\/\/elinformativotam.com\/index.php\/wp-json\/wp\/v2\/posts"}],"about":[{"href":"https:\/\/elinformativotam.com\/index.php\/wp-json\/wp\/v2\/types\/post"}],"author":[{"embeddable":true,"href":"https:\/\/elinformativotam.com\/index.php\/wp-json\/wp\/v2\/users\/1"}],"replies":[{"embeddable":true,"href":"https:\/\/elinformativotam.com\/index.php\/wp-json\/wp\/v2\/comments?post=32587"}],"version-history":[{"count":1,"href":"https:\/\/elinformativotam.com\/index.php\/wp-json\/wp\/v2\/posts\/32587\/revisions"}],"predecessor-version":[{"id":32589,"href":"https:\/\/elinformativotam.com\/index.php\/wp-json\/wp\/v2\/posts\/32587\/revisions\/32589"}],"wp:featuredmedia":[{"embeddable":true,"href":"https:\/\/elinformativotam.com\/index.php\/wp-json\/wp\/v2\/media\/32588"}],"wp:attachment":[{"href":"https:\/\/elinformativotam.com\/index.php\/wp-json\/wp\/v2\/media?parent=32587"}],"wp:term":[{"taxonomy":"category","embeddable":true,"href":"https:\/\/elinformativotam.com\/index.php\/wp-json\/wp\/v2\/categories?post=32587"},{"taxonomy":"post_tag","embeddable":true,"href":"https:\/\/elinformativotam.com\/index.php\/wp-json\/wp\/v2\/tags?post=32587"}],"curies":[{"name":"wp","href":"https:\/\/api.w.org\/{rel}","templated":true}]}}