{"id":32448,"date":"2022-06-22T19:14:26","date_gmt":"2022-06-23T01:14:26","guid":{"rendered":"https:\/\/elinformativotam.com\/?p=32448"},"modified":"2022-06-22T19:14:26","modified_gmt":"2022-06-23T01:14:26","slug":"modernizaran-centro-de-salud-en-altamira","status":"publish","type":"post","link":"https:\/\/elinformativotam.com\/index.php\/2022\/06\/22\/modernizaran-centro-de-salud-en-altamira\/","title":{"rendered":"MODERNIZARAN CENTRO DE SALUD EN ALTAMIRA"},"content":{"rendered":"<p><em>ALTAMIRA, TAM.- De manera hist\u00f3rica, despu\u00e9s de 50 a\u00f1os de antig\u00fcedad, finalmente Altamira contara con un centro de salud totalmente moderno en cuanto a su infraestructura, anunci\u00f3 este mi\u00e9rcoles el jefe de la Jurisdicci\u00f3n Sanitaria #12, Dr. Carlos Lozano Turrubiates, refiriendo que en breve un equipo de ingenieros realizaran el peritaje correspondiente.<\/em><\/p>\n<p><em>\u00a0<\/em><\/p>\n<p><em>Destaco que por cuestiones de infraestructura, finalmente se logro que se lleve a cabo un estudio de la infraestructura y determinar si proceder\u00e1 a la demolici\u00f3n del inmueble o a su reparaci\u00f3n a fondo, dado que existen grietas en las paredes y filtraci\u00f3n de agua en tiempo de lluvias en el techo desde hace ya varios a\u00f1os.<\/em><\/p>\n<p><em>\u00a0<\/em><\/p>\n<p><em>&#8220;Se est\u00e1n haciendo estrategias, primero el peritaje con el \u00e1rea de ingenier\u00eda, por lo que la unidad debe estar vac\u00eda&#8221;.<\/em><\/p>\n<p><em>\u00a0<\/em><\/p>\n<p><em>\u00a0Refiri\u00f3, ante lo cual se ha buscado la forma de no afectar a la poblaci\u00f3n que acude a recibir los servicios m\u00e9dicos o de an\u00e1lisis cl\u00ednicos, por lo que el gobierno estatal a traves de Bienestar, se logro que las instalaciones de La Morita fueran habilitadas de manera temporal para atender a los derechohabientes.<\/em><\/p>\n<p><em>\u00a0<\/em><\/p>\n<p><em>A\u00f1adi\u00f3 que el laboratorio tambi\u00e9n ha sido inhabilitado y debido a la alta tecnolog\u00eda que se maneja, se decidi\u00f3 llevarlo a un lugar adecuado, siendo el centro de Salud Tampico-Altamira, donde estar\u00e1 brindando servicio a la poblaci\u00f3n que requiera realizarse an\u00e1lisis cl\u00ednicos, pues actualmente se atiende a poblaci\u00f3n de toda la zona centro y parte de Arboledas.<\/em><\/p>\n","protected":false},"excerpt":{"rendered":"<p>ALTAMIRA, TAM.- De manera hist\u00f3rica, despu\u00e9s de 50 a\u00f1os de antig\u00fcedad, finalmente Altamira contara con un centro de salud totalmente&hellip;<\/p>\n","protected":false},"author":1,"featured_media":32449,"comment_status":"open","ping_status":"open","sticky":false,"template":"","format":"standard","meta":{"footnotes":""},"categories":[5],"tags":[],"class_list":["post-32448","post","type-post","status-publish","format-standard","has-post-thumbnail","hentry","category-altamira"],"yoast_head":"<!-- This site is optimized with the Yoast SEO plugin v27.4 - https:\/\/yoast.com\/product\/yoast-seo-wordpress\/ -->\n<title>MODERNIZARAN CENTRO DE SALUD EN ALTAMIRA - EL INFORMATIVO DE TAMAULIPAS<\/title>\n<meta name=\"description\" content=\"ALTAMIRA, TAM.- De manera hist\u00f3rica, despu\u00e9s de 50 a\u00f1os de antig\u00fcedad, finalmente Altamira contara con un centro de salud totalmente moderno en cuanto a\" \/>\n<meta name=\"robots\" content=\"index, follow, max-snippet:-1, max-image-preview:large, max-video-preview:-1\" \/>\n<link rel=\"canonical\" href=\"https:\/\/elinformativotam.com\/index.php\/2022\/06\/22\/modernizaran-centro-de-salud-en-altamira\/\" \/>\n<meta property=\"og:locale\" content=\"es_MX\" \/>\n<meta property=\"og:type\" content=\"article\" \/>\n<meta property=\"og:title\" content=\"MODERNIZARAN CENTRO DE SALUD EN ALTAMIRA - EL INFORMATIVO DE TAMAULIPAS\" \/>\n<meta property=\"og:description\" content=\"ALTAMIRA, TAM.- De manera hist\u00f3rica, despu\u00e9s de 50 a\u00f1os de antig\u00fcedad, finalmente Altamira contara con un centro de salud totalmente moderno en cuanto a\" \/>\n<meta property=\"og:url\" content=\"https:\/\/elinformativotam.com\/index.php\/2022\/06\/22\/modernizaran-centro-de-salud-en-altamira\/\" \/>\n<meta property=\"og:site_name\" content=\"EL INFORMATIVO DE TAMAULIPAS\" \/>\n<meta property=\"article:published_time\" content=\"2022-06-23T01:14:26+00:00\" \/>\n<meta property=\"og:image\" content=\"https:\/\/elinformativotam.com\/wp-content\/uploads\/2022\/06\/Carlos-Lozano.jpg\" \/>\n\t<meta property=\"og:image:width\" content=\"1040\" \/>\n\t<meta property=\"og:image:height\" content=\"780\" \/>\n\t<meta property=\"og:image:type\" content=\"image\/jpeg\" \/>\n<meta name=\"author\" content=\"El Informativo Tam\" \/>\n<meta name=\"twitter:card\" content=\"summary_large_image\" \/>\n<meta name=\"twitter:label1\" content=\"Escrito por\" \/>\n\t<meta name=\"twitter:data1\" content=\"El Informativo Tam\" \/>\n\t<meta name=\"twitter:label2\" content=\"Tiempo de lectura\" \/>\n\t<meta name=\"twitter:data2\" content=\"2 minutos\" \/>\n<script type=\"application\/ld+json\" class=\"yoast-schema-graph\">{\"@context\":\"https:\\\/\\\/schema.org\",\"@graph\":[{\"@type\":\"Article\",\"@id\":\"https:\\\/\\\/elinformativotam.com\\\/index.php\\\/2022\\\/06\\\/22\\\/modernizaran-centro-de-salud-en-altamira\\\/#article\",\"isPartOf\":{\"@id\":\"https:\\\/\\\/elinformativotam.com\\\/index.php\\\/2022\\\/06\\\/22\\\/modernizaran-centro-de-salud-en-altamira\\\/\"},\"author\":{\"name\":\"El Informativo Tam\",\"@id\":\"https:\\\/\\\/elinformativotam.com\\\/#\\\/schema\\\/person\\\/78e08040eed0f6110f0c5f83b6153590\"},\"headline\":\"MODERNIZARAN CENTRO DE SALUD EN ALTAMIRA\",\"datePublished\":\"2022-06-23T01:14:26+00:00\",\"mainEntityOfPage\":{\"@id\":\"https:\\\/\\\/elinformativotam.com\\\/index.php\\\/2022\\\/06\\\/22\\\/modernizaran-centro-de-salud-en-altamira\\\/\"},\"wordCount\":269,\"commentCount\":0,\"publisher\":{\"@id\":\"https:\\\/\\\/elinformativotam.com\\\/#organization\"},\"image\":{\"@id\":\"https:\\\/\\\/elinformativotam.com\\\/index.php\\\/2022\\\/06\\\/22\\\/modernizaran-centro-de-salud-en-altamira\\\/#primaryimage\"},\"thumbnailUrl\":\"https:\\\/\\\/elinformativotam.com\\\/wp-content\\\/uploads\\\/2022\\\/06\\\/Carlos-Lozano.jpg\",\"articleSection\":[\"Altamira\"],\"inLanguage\":\"es\",\"potentialAction\":[{\"@type\":\"CommentAction\",\"name\":\"Comment\",\"target\":[\"https:\\\/\\\/elinformativotam.com\\\/index.php\\\/2022\\\/06\\\/22\\\/modernizaran-centro-de-salud-en-altamira\\\/#respond\"]}]},{\"@type\":\"WebPage\",\"@id\":\"https:\\\/\\\/elinformativotam.com\\\/index.php\\\/2022\\\/06\\\/22\\\/modernizaran-centro-de-salud-en-altamira\\\/\",\"url\":\"https:\\\/\\\/elinformativotam.com\\\/index.php\\\/2022\\\/06\\\/22\\\/modernizaran-centro-de-salud-en-altamira\\\/\",\"name\":\"MODERNIZARAN CENTRO DE SALUD EN ALTAMIRA - EL INFORMATIVO DE TAMAULIPAS\",\"isPartOf\":{\"@id\":\"https:\\\/\\\/elinformativotam.com\\\/#website\"},\"primaryImageOfPage\":{\"@id\":\"https:\\\/\\\/elinformativotam.com\\\/index.php\\\/2022\\\/06\\\/22\\\/modernizaran-centro-de-salud-en-altamira\\\/#primaryimage\"},\"image\":{\"@id\":\"https:\\\/\\\/elinformativotam.com\\\/index.php\\\/2022\\\/06\\\/22\\\/modernizaran-centro-de-salud-en-altamira\\\/#primaryimage\"},\"thumbnailUrl\":\"https:\\\/\\\/elinformativotam.com\\\/wp-content\\\/uploads\\\/2022\\\/06\\\/Carlos-Lozano.jpg\",\"datePublished\":\"2022-06-23T01:14:26+00:00\",\"description\":\"ALTAMIRA, TAM.- De manera hist\u00f3rica, despu\u00e9s de 50 a\u00f1os de antig\u00fcedad, finalmente Altamira contara con un centro de salud totalmente moderno en cuanto a\",\"inLanguage\":\"es\",\"potentialAction\":[{\"@type\":\"ReadAction\",\"target\":[\"https:\\\/\\\/elinformativotam.com\\\/index.php\\\/2022\\\/06\\\/22\\\/modernizaran-centro-de-salud-en-altamira\\\/\"]}]},{\"@type\":\"ImageObject\",\"inLanguage\":\"es\",\"@id\":\"https:\\\/\\\/elinformativotam.com\\\/index.php\\\/2022\\\/06\\\/22\\\/modernizaran-centro-de-salud-en-altamira\\\/#primaryimage\",\"url\":\"https:\\\/\\\/elinformativotam.com\\\/wp-content\\\/uploads\\\/2022\\\/06\\\/Carlos-Lozano.jpg\",\"contentUrl\":\"https:\\\/\\\/elinformativotam.com\\\/wp-content\\\/uploads\\\/2022\\\/06\\\/Carlos-Lozano.jpg\",\"width\":1040,\"height\":780},{\"@type\":\"WebSite\",\"@id\":\"https:\\\/\\\/elinformativotam.com\\\/#website\",\"url\":\"https:\\\/\\\/elinformativotam.com\\\/\",\"name\":\"EL INFORMATIVO DE TAMAULIPAS\",\"description\":\"Desde la Zona Metropolitana Para Todo M\u00e9xico\",\"publisher\":{\"@id\":\"https:\\\/\\\/elinformativotam.com\\\/#organization\"},\"potentialAction\":[{\"@type\":\"SearchAction\",\"target\":{\"@type\":\"EntryPoint\",\"urlTemplate\":\"https:\\\/\\\/elinformativotam.com\\\/?s={search_term_string}\"},\"query-input\":{\"@type\":\"PropertyValueSpecification\",\"valueRequired\":true,\"valueName\":\"search_term_string\"}}],\"inLanguage\":\"es\"},{\"@type\":\"Organization\",\"@id\":\"https:\\\/\\\/elinformativotam.com\\\/#organization\",\"name\":\"EL INFORMATIVO DE TAMAULIPAS\",\"url\":\"https:\\\/\\\/elinformativotam.com\\\/\",\"logo\":{\"@type\":\"ImageObject\",\"inLanguage\":\"es\",\"@id\":\"https:\\\/\\\/elinformativotam.com\\\/#\\\/schema\\\/logo\\\/image\\\/\",\"url\":\"https:\\\/\\\/elinformativotam.com\\\/wp-content\\\/uploads\\\/2026\\\/02\\\/Cabezal.png\",\"contentUrl\":\"https:\\\/\\\/elinformativotam.com\\\/wp-content\\\/uploads\\\/2026\\\/02\\\/Cabezal.png\",\"width\":960,\"height\":640,\"caption\":\"EL INFORMATIVO DE TAMAULIPAS\"},\"image\":{\"@id\":\"https:\\\/\\\/elinformativotam.com\\\/#\\\/schema\\\/logo\\\/image\\\/\"}},{\"@type\":\"Person\",\"@id\":\"https:\\\/\\\/elinformativotam.com\\\/#\\\/schema\\\/person\\\/78e08040eed0f6110f0c5f83b6153590\",\"name\":\"El Informativo Tam\",\"image\":{\"@type\":\"ImageObject\",\"inLanguage\":\"es\",\"@id\":\"https:\\\/\\\/secure.gravatar.com\\\/avatar\\\/f3b7ad3af540688955925ac610647be00b0cf41feea9c4978b73a707ee86bc53?s=96&d=mm&r=g\",\"url\":\"https:\\\/\\\/secure.gravatar.com\\\/avatar\\\/f3b7ad3af540688955925ac610647be00b0cf41feea9c4978b73a707ee86bc53?s=96&d=mm&r=g\",\"contentUrl\":\"https:\\\/\\\/secure.gravatar.com\\\/avatar\\\/f3b7ad3af540688955925ac610647be00b0cf41feea9c4978b73a707ee86bc53?s=96&d=mm&r=g\",\"caption\":\"El Informativo Tam\"}}]}<\/script>\n<!-- \/ Yoast SEO plugin. -->","yoast_head_json":{"title":"MODERNIZARAN CENTRO DE SALUD EN ALTAMIRA - EL INFORMATIVO DE TAMAULIPAS","description":"ALTAMIRA, TAM.- De manera hist\u00f3rica, despu\u00e9s de 50 a\u00f1os de antig\u00fcedad, finalmente Altamira contara con un centro de salud totalmente moderno en cuanto a","robots":{"index":"index","follow":"follow","max-snippet":"max-snippet:-1","max-image-preview":"max-image-preview:large","max-video-preview":"max-video-preview:-1"},"canonical":"https:\/\/elinformativotam.com\/index.php\/2022\/06\/22\/modernizaran-centro-de-salud-en-altamira\/","og_locale":"es_MX","og_type":"article","og_title":"MODERNIZARAN CENTRO DE SALUD EN ALTAMIRA - EL INFORMATIVO DE TAMAULIPAS","og_description":"ALTAMIRA, TAM.- De manera hist\u00f3rica, despu\u00e9s de 50 a\u00f1os de antig\u00fcedad, finalmente Altamira contara con un centro de salud totalmente moderno en cuanto a","og_url":"https:\/\/elinformativotam.com\/index.php\/2022\/06\/22\/modernizaran-centro-de-salud-en-altamira\/","og_site_name":"EL INFORMATIVO DE TAMAULIPAS","article_published_time":"2022-06-23T01:14:26+00:00","og_image":[{"width":1040,"height":780,"url":"https:\/\/elinformativotam.com\/wp-content\/uploads\/2022\/06\/Carlos-Lozano.jpg","type":"image\/jpeg"}],"author":"El Informativo Tam","twitter_card":"summary_large_image","twitter_misc":{"Escrito por":"El Informativo Tam","Tiempo de lectura":"2 minutos"},"schema":{"@context":"https:\/\/schema.org","@graph":[{"@type":"Article","@id":"https:\/\/elinformativotam.com\/index.php\/2022\/06\/22\/modernizaran-centro-de-salud-en-altamira\/#article","isPartOf":{"@id":"https:\/\/elinformativotam.com\/index.php\/2022\/06\/22\/modernizaran-centro-de-salud-en-altamira\/"},"author":{"name":"El Informativo Tam","@id":"https:\/\/elinformativotam.com\/#\/schema\/person\/78e08040eed0f6110f0c5f83b6153590"},"headline":"MODERNIZARAN CENTRO DE SALUD EN ALTAMIRA","datePublished":"2022-06-23T01:14:26+00:00","mainEntityOfPage":{"@id":"https:\/\/elinformativotam.com\/index.php\/2022\/06\/22\/modernizaran-centro-de-salud-en-altamira\/"},"wordCount":269,"commentCount":0,"publisher":{"@id":"https:\/\/elinformativotam.com\/#organization"},"image":{"@id":"https:\/\/elinformativotam.com\/index.php\/2022\/06\/22\/modernizaran-centro-de-salud-en-altamira\/#primaryimage"},"thumbnailUrl":"https:\/\/elinformativotam.com\/wp-content\/uploads\/2022\/06\/Carlos-Lozano.jpg","articleSection":["Altamira"],"inLanguage":"es","potentialAction":[{"@type":"CommentAction","name":"Comment","target":["https:\/\/elinformativotam.com\/index.php\/2022\/06\/22\/modernizaran-centro-de-salud-en-altamira\/#respond"]}]},{"@type":"WebPage","@id":"https:\/\/elinformativotam.com\/index.php\/2022\/06\/22\/modernizaran-centro-de-salud-en-altamira\/","url":"https:\/\/elinformativotam.com\/index.php\/2022\/06\/22\/modernizaran-centro-de-salud-en-altamira\/","name":"MODERNIZARAN CENTRO DE SALUD EN ALTAMIRA - EL INFORMATIVO DE TAMAULIPAS","isPartOf":{"@id":"https:\/\/elinformativotam.com\/#website"},"primaryImageOfPage":{"@id":"https:\/\/elinformativotam.com\/index.php\/2022\/06\/22\/modernizaran-centro-de-salud-en-altamira\/#primaryimage"},"image":{"@id":"https:\/\/elinformativotam.com\/index.php\/2022\/06\/22\/modernizaran-centro-de-salud-en-altamira\/#primaryimage"},"thumbnailUrl":"https:\/\/elinformativotam.com\/wp-content\/uploads\/2022\/06\/Carlos-Lozano.jpg","datePublished":"2022-06-23T01:14:26+00:00","description":"ALTAMIRA, TAM.- De manera hist\u00f3rica, despu\u00e9s de 50 a\u00f1os de antig\u00fcedad, finalmente Altamira contara con un centro de salud totalmente moderno en cuanto a","inLanguage":"es","potentialAction":[{"@type":"ReadAction","target":["https:\/\/elinformativotam.com\/index.php\/2022\/06\/22\/modernizaran-centro-de-salud-en-altamira\/"]}]},{"@type":"ImageObject","inLanguage":"es","@id":"https:\/\/elinformativotam.com\/index.php\/2022\/06\/22\/modernizaran-centro-de-salud-en-altamira\/#primaryimage","url":"https:\/\/elinformativotam.com\/wp-content\/uploads\/2022\/06\/Carlos-Lozano.jpg","contentUrl":"https:\/\/elinformativotam.com\/wp-content\/uploads\/2022\/06\/Carlos-Lozano.jpg","width":1040,"height":780},{"@type":"WebSite","@id":"https:\/\/elinformativotam.com\/#website","url":"https:\/\/elinformativotam.com\/","name":"EL INFORMATIVO DE TAMAULIPAS","description":"Desde la Zona Metropolitana Para Todo M\u00e9xico","publisher":{"@id":"https:\/\/elinformativotam.com\/#organization"},"potentialAction":[{"@type":"SearchAction","target":{"@type":"EntryPoint","urlTemplate":"https:\/\/elinformativotam.com\/?s={search_term_string}"},"query-input":{"@type":"PropertyValueSpecification","valueRequired":true,"valueName":"search_term_string"}}],"inLanguage":"es"},{"@type":"Organization","@id":"https:\/\/elinformativotam.com\/#organization","name":"EL INFORMATIVO DE TAMAULIPAS","url":"https:\/\/elinformativotam.com\/","logo":{"@type":"ImageObject","inLanguage":"es","@id":"https:\/\/elinformativotam.com\/#\/schema\/logo\/image\/","url":"https:\/\/elinformativotam.com\/wp-content\/uploads\/2026\/02\/Cabezal.png","contentUrl":"https:\/\/elinformativotam.com\/wp-content\/uploads\/2026\/02\/Cabezal.png","width":960,"height":640,"caption":"EL INFORMATIVO DE TAMAULIPAS"},"image":{"@id":"https:\/\/elinformativotam.com\/#\/schema\/logo\/image\/"}},{"@type":"Person","@id":"https:\/\/elinformativotam.com\/#\/schema\/person\/78e08040eed0f6110f0c5f83b6153590","name":"El Informativo Tam","image":{"@type":"ImageObject","inLanguage":"es","@id":"https:\/\/secure.gravatar.com\/avatar\/f3b7ad3af540688955925ac610647be00b0cf41feea9c4978b73a707ee86bc53?s=96&d=mm&r=g","url":"https:\/\/secure.gravatar.com\/avatar\/f3b7ad3af540688955925ac610647be00b0cf41feea9c4978b73a707ee86bc53?s=96&d=mm&r=g","contentUrl":"https:\/\/secure.gravatar.com\/avatar\/f3b7ad3af540688955925ac610647be00b0cf41feea9c4978b73a707ee86bc53?s=96&d=mm&r=g","caption":"El Informativo Tam"}}]}},"_links":{"self":[{"href":"https:\/\/elinformativotam.com\/index.php\/wp-json\/wp\/v2\/posts\/32448","targetHints":{"allow":["GET"]}}],"collection":[{"href":"https:\/\/elinformativotam.com\/index.php\/wp-json\/wp\/v2\/posts"}],"about":[{"href":"https:\/\/elinformativotam.com\/index.php\/wp-json\/wp\/v2\/types\/post"}],"author":[{"embeddable":true,"href":"https:\/\/elinformativotam.com\/index.php\/wp-json\/wp\/v2\/users\/1"}],"replies":[{"embeddable":true,"href":"https:\/\/elinformativotam.com\/index.php\/wp-json\/wp\/v2\/comments?post=32448"}],"version-history":[{"count":1,"href":"https:\/\/elinformativotam.com\/index.php\/wp-json\/wp\/v2\/posts\/32448\/revisions"}],"predecessor-version":[{"id":32450,"href":"https:\/\/elinformativotam.com\/index.php\/wp-json\/wp\/v2\/posts\/32448\/revisions\/32450"}],"wp:featuredmedia":[{"embeddable":true,"href":"https:\/\/elinformativotam.com\/index.php\/wp-json\/wp\/v2\/media\/32449"}],"wp:attachment":[{"href":"https:\/\/elinformativotam.com\/index.php\/wp-json\/wp\/v2\/media?parent=32448"}],"wp:term":[{"taxonomy":"category","embeddable":true,"href":"https:\/\/elinformativotam.com\/index.php\/wp-json\/wp\/v2\/categories?post=32448"},{"taxonomy":"post_tag","embeddable":true,"href":"https:\/\/elinformativotam.com\/index.php\/wp-json\/wp\/v2\/tags?post=32448"}],"curies":[{"name":"wp","href":"https:\/\/api.w.org\/{rel}","templated":true}]}}