{"id":32442,"date":"2022-06-22T18:25:11","date_gmt":"2022-06-23T00:25:11","guid":{"rendered":"https:\/\/elinformativotam.com\/?p=32442"},"modified":"2022-06-22T18:25:11","modified_gmt":"2022-06-23T00:25:11","slug":"disminuye-presencia-de-alumnos-en-escuelas-por-covid","status":"publish","type":"post","link":"https:\/\/elinformativotam.com\/index.php\/2022\/06\/22\/disminuye-presencia-de-alumnos-en-escuelas-por-covid\/","title":{"rendered":"DISMINUYE PRESENCIA DE ALUMNOS EN ESCUELAS POR COVID."},"content":{"rendered":"<p><em>Cd. Madero, Tamaulipas.- Los brotes de COVID que se han registrado en planteles de nivel b\u00e1sico en Madero, han provocado una disminuci\u00f3n de hasta un 21 por ciento en la presencia de alumnos en los planteles.<\/em><\/p>\n<p><em>\u00a0<\/em><\/p>\n<p><em>El jefe del Centro Regional para el Desarrollo Educativo, Cruz Alberto Sainz Hern\u00e1ndez, dijo que entre maestros y alumnos, se han registrado 33 casos positivos, sin que se tenga reporte hasta el momento de decesos.<\/em><\/p>\n<p><em>\u00a0<\/em><\/p>\n<p><em>Indic\u00f3 que actualmente solo se tiene el reporte del 79 por ciento de alumnos que est\u00e1n tomando sus clases de manera presencial, pues record\u00f3 que los estudiantes no est\u00e1n obligados a acudir a la escuela si tiene alguna enfermedad o s\u00edntomas del virus.<\/em><\/p>\n<p><em>\u00a0<\/em><\/p>\n<p><em>Expuso que todo tipo de s\u00edntoma debe ser catalogado como un caso sospechoso, y se pide al padre de familia que lleve al alumno a hacerse una prueba.<\/em><\/p>\n<p><em>\u00a0<\/em><\/p>\n<p><em>Cabe se\u00f1alar que han sido adolescentes los vacunados contra el coronavirus, pues las jornadas han sido dirigidas solo a los de 12 a 17 a\u00f1os, pero faltan los ni\u00f1os, quienes son los que m\u00e1s se han contagiado en esta nueva ola.<\/em><\/p>\n","protected":false},"excerpt":{"rendered":"<p>Cd. Madero, Tamaulipas.- Los brotes de COVID que se han registrado en planteles de nivel b\u00e1sico en Madero, han provocado&hellip;<\/p>\n","protected":false},"author":1,"featured_media":32443,"comment_status":"open","ping_status":"open","sticky":false,"template":"","format":"standard","meta":{"footnotes":""},"categories":[4],"tags":[],"class_list":["post-32442","post","type-post","status-publish","format-standard","has-post-thumbnail","hentry","category-madero"],"yoast_head":"<!-- This site is optimized with the Yoast SEO plugin v27.4 - https:\/\/yoast.com\/product\/yoast-seo-wordpress\/ -->\n<title>DISMINUYE PRESENCIA DE ALUMNOS EN ESCUELAS POR COVID. - EL INFORMATIVO DE TAMAULIPAS<\/title>\n<meta name=\"description\" content=\"Cd. Madero, Tamaulipas.- Los brotes de COVID que se han registrado en planteles de nivel b\u00e1sico en Madero, han provocado una disminuci\u00f3n de hasta un 21\" \/>\n<meta name=\"robots\" content=\"index, follow, max-snippet:-1, max-image-preview:large, max-video-preview:-1\" \/>\n<link rel=\"canonical\" href=\"https:\/\/elinformativotam.com\/index.php\/2022\/06\/22\/disminuye-presencia-de-alumnos-en-escuelas-por-covid\/\" \/>\n<meta property=\"og:locale\" content=\"es_MX\" \/>\n<meta property=\"og:type\" content=\"article\" \/>\n<meta property=\"og:title\" content=\"DISMINUYE PRESENCIA DE ALUMNOS EN ESCUELAS POR COVID. - EL INFORMATIVO DE TAMAULIPAS\" \/>\n<meta property=\"og:description\" content=\"Cd. Madero, Tamaulipas.- Los brotes de COVID que se han registrado en planteles de nivel b\u00e1sico en Madero, han provocado una disminuci\u00f3n de hasta un 21\" \/>\n<meta property=\"og:url\" content=\"https:\/\/elinformativotam.com\/index.php\/2022\/06\/22\/disminuye-presencia-de-alumnos-en-escuelas-por-covid\/\" \/>\n<meta property=\"og:site_name\" content=\"EL INFORMATIVO DE TAMAULIPAS\" \/>\n<meta property=\"article:published_time\" content=\"2022-06-23T00:25:11+00:00\" \/>\n<meta property=\"og:image\" content=\"https:\/\/elinformativotam.com\/wp-content\/uploads\/2022\/06\/Escuela-5.jpg\" \/>\n\t<meta property=\"og:image:width\" content=\"1040\" \/>\n\t<meta property=\"og:image:height\" content=\"500\" \/>\n\t<meta property=\"og:image:type\" content=\"image\/jpeg\" \/>\n<meta name=\"author\" content=\"El Informativo Tam\" \/>\n<meta name=\"twitter:card\" content=\"summary_large_image\" \/>\n<meta name=\"twitter:label1\" content=\"Escrito por\" \/>\n\t<meta name=\"twitter:data1\" content=\"El Informativo Tam\" \/>\n\t<meta name=\"twitter:label2\" content=\"Tiempo de lectura\" \/>\n\t<meta name=\"twitter:data2\" content=\"1 minuto\" \/>\n<script type=\"application\/ld+json\" class=\"yoast-schema-graph\">{\"@context\":\"https:\\\/\\\/schema.org\",\"@graph\":[{\"@type\":\"Article\",\"@id\":\"https:\\\/\\\/elinformativotam.com\\\/index.php\\\/2022\\\/06\\\/22\\\/disminuye-presencia-de-alumnos-en-escuelas-por-covid\\\/#article\",\"isPartOf\":{\"@id\":\"https:\\\/\\\/elinformativotam.com\\\/index.php\\\/2022\\\/06\\\/22\\\/disminuye-presencia-de-alumnos-en-escuelas-por-covid\\\/\"},\"author\":{\"name\":\"El Informativo Tam\",\"@id\":\"https:\\\/\\\/elinformativotam.com\\\/#\\\/schema\\\/person\\\/78e08040eed0f6110f0c5f83b6153590\"},\"headline\":\"DISMINUYE PRESENCIA DE ALUMNOS EN ESCUELAS POR COVID.\",\"datePublished\":\"2022-06-23T00:25:11+00:00\",\"mainEntityOfPage\":{\"@id\":\"https:\\\/\\\/elinformativotam.com\\\/index.php\\\/2022\\\/06\\\/22\\\/disminuye-presencia-de-alumnos-en-escuelas-por-covid\\\/\"},\"wordCount\":198,\"commentCount\":0,\"publisher\":{\"@id\":\"https:\\\/\\\/elinformativotam.com\\\/#organization\"},\"image\":{\"@id\":\"https:\\\/\\\/elinformativotam.com\\\/index.php\\\/2022\\\/06\\\/22\\\/disminuye-presencia-de-alumnos-en-escuelas-por-covid\\\/#primaryimage\"},\"thumbnailUrl\":\"https:\\\/\\\/elinformativotam.com\\\/wp-content\\\/uploads\\\/2022\\\/06\\\/Escuela-5.jpg\",\"articleSection\":[\"Cd Madero\"],\"inLanguage\":\"es\",\"potentialAction\":[{\"@type\":\"CommentAction\",\"name\":\"Comment\",\"target\":[\"https:\\\/\\\/elinformativotam.com\\\/index.php\\\/2022\\\/06\\\/22\\\/disminuye-presencia-de-alumnos-en-escuelas-por-covid\\\/#respond\"]}]},{\"@type\":\"WebPage\",\"@id\":\"https:\\\/\\\/elinformativotam.com\\\/index.php\\\/2022\\\/06\\\/22\\\/disminuye-presencia-de-alumnos-en-escuelas-por-covid\\\/\",\"url\":\"https:\\\/\\\/elinformativotam.com\\\/index.php\\\/2022\\\/06\\\/22\\\/disminuye-presencia-de-alumnos-en-escuelas-por-covid\\\/\",\"name\":\"DISMINUYE PRESENCIA DE ALUMNOS EN ESCUELAS POR COVID. - EL INFORMATIVO DE TAMAULIPAS\",\"isPartOf\":{\"@id\":\"https:\\\/\\\/elinformativotam.com\\\/#website\"},\"primaryImageOfPage\":{\"@id\":\"https:\\\/\\\/elinformativotam.com\\\/index.php\\\/2022\\\/06\\\/22\\\/disminuye-presencia-de-alumnos-en-escuelas-por-covid\\\/#primaryimage\"},\"image\":{\"@id\":\"https:\\\/\\\/elinformativotam.com\\\/index.php\\\/2022\\\/06\\\/22\\\/disminuye-presencia-de-alumnos-en-escuelas-por-covid\\\/#primaryimage\"},\"thumbnailUrl\":\"https:\\\/\\\/elinformativotam.com\\\/wp-content\\\/uploads\\\/2022\\\/06\\\/Escuela-5.jpg\",\"datePublished\":\"2022-06-23T00:25:11+00:00\",\"description\":\"Cd. Madero, Tamaulipas.- Los brotes de COVID que se han registrado en planteles de nivel b\u00e1sico en Madero, han provocado una disminuci\u00f3n de hasta un 21\",\"inLanguage\":\"es\",\"potentialAction\":[{\"@type\":\"ReadAction\",\"target\":[\"https:\\\/\\\/elinformativotam.com\\\/index.php\\\/2022\\\/06\\\/22\\\/disminuye-presencia-de-alumnos-en-escuelas-por-covid\\\/\"]}]},{\"@type\":\"ImageObject\",\"inLanguage\":\"es\",\"@id\":\"https:\\\/\\\/elinformativotam.com\\\/index.php\\\/2022\\\/06\\\/22\\\/disminuye-presencia-de-alumnos-en-escuelas-por-covid\\\/#primaryimage\",\"url\":\"https:\\\/\\\/elinformativotam.com\\\/wp-content\\\/uploads\\\/2022\\\/06\\\/Escuela-5.jpg\",\"contentUrl\":\"https:\\\/\\\/elinformativotam.com\\\/wp-content\\\/uploads\\\/2022\\\/06\\\/Escuela-5.jpg\",\"width\":1040,\"height\":500},{\"@type\":\"WebSite\",\"@id\":\"https:\\\/\\\/elinformativotam.com\\\/#website\",\"url\":\"https:\\\/\\\/elinformativotam.com\\\/\",\"name\":\"EL INFORMATIVO DE TAMAULIPAS\",\"description\":\"Desde la Zona Metropolitana Para Todo M\u00e9xico\",\"publisher\":{\"@id\":\"https:\\\/\\\/elinformativotam.com\\\/#organization\"},\"potentialAction\":[{\"@type\":\"SearchAction\",\"target\":{\"@type\":\"EntryPoint\",\"urlTemplate\":\"https:\\\/\\\/elinformativotam.com\\\/?s={search_term_string}\"},\"query-input\":{\"@type\":\"PropertyValueSpecification\",\"valueRequired\":true,\"valueName\":\"search_term_string\"}}],\"inLanguage\":\"es\"},{\"@type\":\"Organization\",\"@id\":\"https:\\\/\\\/elinformativotam.com\\\/#organization\",\"name\":\"EL INFORMATIVO DE TAMAULIPAS\",\"url\":\"https:\\\/\\\/elinformativotam.com\\\/\",\"logo\":{\"@type\":\"ImageObject\",\"inLanguage\":\"es\",\"@id\":\"https:\\\/\\\/elinformativotam.com\\\/#\\\/schema\\\/logo\\\/image\\\/\",\"url\":\"https:\\\/\\\/elinformativotam.com\\\/wp-content\\\/uploads\\\/2026\\\/02\\\/Cabezal.png\",\"contentUrl\":\"https:\\\/\\\/elinformativotam.com\\\/wp-content\\\/uploads\\\/2026\\\/02\\\/Cabezal.png\",\"width\":960,\"height\":640,\"caption\":\"EL INFORMATIVO DE TAMAULIPAS\"},\"image\":{\"@id\":\"https:\\\/\\\/elinformativotam.com\\\/#\\\/schema\\\/logo\\\/image\\\/\"}},{\"@type\":\"Person\",\"@id\":\"https:\\\/\\\/elinformativotam.com\\\/#\\\/schema\\\/person\\\/78e08040eed0f6110f0c5f83b6153590\",\"name\":\"El Informativo Tam\",\"image\":{\"@type\":\"ImageObject\",\"inLanguage\":\"es\",\"@id\":\"https:\\\/\\\/secure.gravatar.com\\\/avatar\\\/f3b7ad3af540688955925ac610647be00b0cf41feea9c4978b73a707ee86bc53?s=96&d=mm&r=g\",\"url\":\"https:\\\/\\\/secure.gravatar.com\\\/avatar\\\/f3b7ad3af540688955925ac610647be00b0cf41feea9c4978b73a707ee86bc53?s=96&d=mm&r=g\",\"contentUrl\":\"https:\\\/\\\/secure.gravatar.com\\\/avatar\\\/f3b7ad3af540688955925ac610647be00b0cf41feea9c4978b73a707ee86bc53?s=96&d=mm&r=g\",\"caption\":\"El Informativo Tam\"}}]}<\/script>\n<!-- \/ Yoast SEO plugin. -->","yoast_head_json":{"title":"DISMINUYE PRESENCIA DE ALUMNOS EN ESCUELAS POR COVID. - EL INFORMATIVO DE TAMAULIPAS","description":"Cd. Madero, Tamaulipas.- Los brotes de COVID que se han registrado en planteles de nivel b\u00e1sico en Madero, han provocado una disminuci\u00f3n de hasta un 21","robots":{"index":"index","follow":"follow","max-snippet":"max-snippet:-1","max-image-preview":"max-image-preview:large","max-video-preview":"max-video-preview:-1"},"canonical":"https:\/\/elinformativotam.com\/index.php\/2022\/06\/22\/disminuye-presencia-de-alumnos-en-escuelas-por-covid\/","og_locale":"es_MX","og_type":"article","og_title":"DISMINUYE PRESENCIA DE ALUMNOS EN ESCUELAS POR COVID. - EL INFORMATIVO DE TAMAULIPAS","og_description":"Cd. Madero, Tamaulipas.- Los brotes de COVID que se han registrado en planteles de nivel b\u00e1sico en Madero, han provocado una disminuci\u00f3n de hasta un 21","og_url":"https:\/\/elinformativotam.com\/index.php\/2022\/06\/22\/disminuye-presencia-de-alumnos-en-escuelas-por-covid\/","og_site_name":"EL INFORMATIVO DE TAMAULIPAS","article_published_time":"2022-06-23T00:25:11+00:00","og_image":[{"width":1040,"height":500,"url":"https:\/\/elinformativotam.com\/wp-content\/uploads\/2022\/06\/Escuela-5.jpg","type":"image\/jpeg"}],"author":"El Informativo Tam","twitter_card":"summary_large_image","twitter_misc":{"Escrito por":"El Informativo Tam","Tiempo de lectura":"1 minuto"},"schema":{"@context":"https:\/\/schema.org","@graph":[{"@type":"Article","@id":"https:\/\/elinformativotam.com\/index.php\/2022\/06\/22\/disminuye-presencia-de-alumnos-en-escuelas-por-covid\/#article","isPartOf":{"@id":"https:\/\/elinformativotam.com\/index.php\/2022\/06\/22\/disminuye-presencia-de-alumnos-en-escuelas-por-covid\/"},"author":{"name":"El Informativo Tam","@id":"https:\/\/elinformativotam.com\/#\/schema\/person\/78e08040eed0f6110f0c5f83b6153590"},"headline":"DISMINUYE PRESENCIA DE ALUMNOS EN ESCUELAS POR COVID.","datePublished":"2022-06-23T00:25:11+00:00","mainEntityOfPage":{"@id":"https:\/\/elinformativotam.com\/index.php\/2022\/06\/22\/disminuye-presencia-de-alumnos-en-escuelas-por-covid\/"},"wordCount":198,"commentCount":0,"publisher":{"@id":"https:\/\/elinformativotam.com\/#organization"},"image":{"@id":"https:\/\/elinformativotam.com\/index.php\/2022\/06\/22\/disminuye-presencia-de-alumnos-en-escuelas-por-covid\/#primaryimage"},"thumbnailUrl":"https:\/\/elinformativotam.com\/wp-content\/uploads\/2022\/06\/Escuela-5.jpg","articleSection":["Cd Madero"],"inLanguage":"es","potentialAction":[{"@type":"CommentAction","name":"Comment","target":["https:\/\/elinformativotam.com\/index.php\/2022\/06\/22\/disminuye-presencia-de-alumnos-en-escuelas-por-covid\/#respond"]}]},{"@type":"WebPage","@id":"https:\/\/elinformativotam.com\/index.php\/2022\/06\/22\/disminuye-presencia-de-alumnos-en-escuelas-por-covid\/","url":"https:\/\/elinformativotam.com\/index.php\/2022\/06\/22\/disminuye-presencia-de-alumnos-en-escuelas-por-covid\/","name":"DISMINUYE PRESENCIA DE ALUMNOS EN ESCUELAS POR COVID. - EL INFORMATIVO DE TAMAULIPAS","isPartOf":{"@id":"https:\/\/elinformativotam.com\/#website"},"primaryImageOfPage":{"@id":"https:\/\/elinformativotam.com\/index.php\/2022\/06\/22\/disminuye-presencia-de-alumnos-en-escuelas-por-covid\/#primaryimage"},"image":{"@id":"https:\/\/elinformativotam.com\/index.php\/2022\/06\/22\/disminuye-presencia-de-alumnos-en-escuelas-por-covid\/#primaryimage"},"thumbnailUrl":"https:\/\/elinformativotam.com\/wp-content\/uploads\/2022\/06\/Escuela-5.jpg","datePublished":"2022-06-23T00:25:11+00:00","description":"Cd. Madero, Tamaulipas.- Los brotes de COVID que se han registrado en planteles de nivel b\u00e1sico en Madero, han provocado una disminuci\u00f3n de hasta un 21","inLanguage":"es","potentialAction":[{"@type":"ReadAction","target":["https:\/\/elinformativotam.com\/index.php\/2022\/06\/22\/disminuye-presencia-de-alumnos-en-escuelas-por-covid\/"]}]},{"@type":"ImageObject","inLanguage":"es","@id":"https:\/\/elinformativotam.com\/index.php\/2022\/06\/22\/disminuye-presencia-de-alumnos-en-escuelas-por-covid\/#primaryimage","url":"https:\/\/elinformativotam.com\/wp-content\/uploads\/2022\/06\/Escuela-5.jpg","contentUrl":"https:\/\/elinformativotam.com\/wp-content\/uploads\/2022\/06\/Escuela-5.jpg","width":1040,"height":500},{"@type":"WebSite","@id":"https:\/\/elinformativotam.com\/#website","url":"https:\/\/elinformativotam.com\/","name":"EL INFORMATIVO DE TAMAULIPAS","description":"Desde la Zona Metropolitana Para Todo M\u00e9xico","publisher":{"@id":"https:\/\/elinformativotam.com\/#organization"},"potentialAction":[{"@type":"SearchAction","target":{"@type":"EntryPoint","urlTemplate":"https:\/\/elinformativotam.com\/?s={search_term_string}"},"query-input":{"@type":"PropertyValueSpecification","valueRequired":true,"valueName":"search_term_string"}}],"inLanguage":"es"},{"@type":"Organization","@id":"https:\/\/elinformativotam.com\/#organization","name":"EL INFORMATIVO DE TAMAULIPAS","url":"https:\/\/elinformativotam.com\/","logo":{"@type":"ImageObject","inLanguage":"es","@id":"https:\/\/elinformativotam.com\/#\/schema\/logo\/image\/","url":"https:\/\/elinformativotam.com\/wp-content\/uploads\/2026\/02\/Cabezal.png","contentUrl":"https:\/\/elinformativotam.com\/wp-content\/uploads\/2026\/02\/Cabezal.png","width":960,"height":640,"caption":"EL INFORMATIVO DE TAMAULIPAS"},"image":{"@id":"https:\/\/elinformativotam.com\/#\/schema\/logo\/image\/"}},{"@type":"Person","@id":"https:\/\/elinformativotam.com\/#\/schema\/person\/78e08040eed0f6110f0c5f83b6153590","name":"El Informativo Tam","image":{"@type":"ImageObject","inLanguage":"es","@id":"https:\/\/secure.gravatar.com\/avatar\/f3b7ad3af540688955925ac610647be00b0cf41feea9c4978b73a707ee86bc53?s=96&d=mm&r=g","url":"https:\/\/secure.gravatar.com\/avatar\/f3b7ad3af540688955925ac610647be00b0cf41feea9c4978b73a707ee86bc53?s=96&d=mm&r=g","contentUrl":"https:\/\/secure.gravatar.com\/avatar\/f3b7ad3af540688955925ac610647be00b0cf41feea9c4978b73a707ee86bc53?s=96&d=mm&r=g","caption":"El Informativo Tam"}}]}},"_links":{"self":[{"href":"https:\/\/elinformativotam.com\/index.php\/wp-json\/wp\/v2\/posts\/32442","targetHints":{"allow":["GET"]}}],"collection":[{"href":"https:\/\/elinformativotam.com\/index.php\/wp-json\/wp\/v2\/posts"}],"about":[{"href":"https:\/\/elinformativotam.com\/index.php\/wp-json\/wp\/v2\/types\/post"}],"author":[{"embeddable":true,"href":"https:\/\/elinformativotam.com\/index.php\/wp-json\/wp\/v2\/users\/1"}],"replies":[{"embeddable":true,"href":"https:\/\/elinformativotam.com\/index.php\/wp-json\/wp\/v2\/comments?post=32442"}],"version-history":[{"count":1,"href":"https:\/\/elinformativotam.com\/index.php\/wp-json\/wp\/v2\/posts\/32442\/revisions"}],"predecessor-version":[{"id":32444,"href":"https:\/\/elinformativotam.com\/index.php\/wp-json\/wp\/v2\/posts\/32442\/revisions\/32444"}],"wp:featuredmedia":[{"embeddable":true,"href":"https:\/\/elinformativotam.com\/index.php\/wp-json\/wp\/v2\/media\/32443"}],"wp:attachment":[{"href":"https:\/\/elinformativotam.com\/index.php\/wp-json\/wp\/v2\/media?parent=32442"}],"wp:term":[{"taxonomy":"category","embeddable":true,"href":"https:\/\/elinformativotam.com\/index.php\/wp-json\/wp\/v2\/categories?post=32442"},{"taxonomy":"post_tag","embeddable":true,"href":"https:\/\/elinformativotam.com\/index.php\/wp-json\/wp\/v2\/tags?post=32442"}],"curies":[{"name":"wp","href":"https:\/\/api.w.org\/{rel}","templated":true}]}}