{"id":32430,"date":"2022-06-22T18:00:47","date_gmt":"2022-06-23T00:00:47","guid":{"rendered":"https:\/\/elinformativotam.com\/?p=32430"},"modified":"2022-06-22T18:00:47","modified_gmt":"2022-06-23T00:00:47","slug":"con-un-gobierno-de-altura-continua-el-desarrollo-de-ciudad-madero","status":"publish","type":"post","link":"https:\/\/elinformativotam.com\/index.php\/2022\/06\/22\/con-un-gobierno-de-altura-continua-el-desarrollo-de-ciudad-madero\/","title":{"rendered":"CON UN GOBIERNO DE ALTURA, CONTIN\u00daA EL DESARROLLO DE CIUDAD MADERO"},"content":{"rendered":"<p><em>Un gobierno de altura es encabezado por el alcalde Adri\u00e1n Oseguera Kernion, as\u00ed lo reconocieron vecinos maderenses, al atestiguar con hechos que el rezago de pavimentaci\u00f3n en la urbe petrolera, contin\u00faa disminuyendo gracias al continuo arranque de obras de mejoramiento vial.<\/em><\/p>\n<p><em>\u00a0<\/em><\/p>\n<p><em>Acompa\u00f1ado de su esposa, la Sra. Ana Cristina Organista de Oseguera, presidenta del Sistema DIF Madero, el edil maderense dio banderazo a la pavimentaci\u00f3n a base de concreto asf\u00e1ltico de las calles 2nda Privada y Circuito C7, respondiendo directamente a la solicitud de 86 vecinos de la colonia Esfuerzo Nacional, la cual hab\u00eda permanecido en el olvido por m\u00e1s de 30 a\u00f1os.<\/em><\/p>\n<p><em>\u00a0<\/em><\/p>\n<p><em>Durante el protocolo, asegur\u00f3 Oseguera Kernion que estas obras que contin\u00faan elevando la plusval\u00eda de los hogares maderenses, son posible gracias a la coordinaci\u00f3n que existe entre s\u00edndicos y regidores quienes aprueban los paquetes de Obra P\u00fablica.<\/em><\/p>\n<p><em>\u00a0<\/em><\/p>\n<p><em>\u201cEs un orgullo contar con este Cabildo, esta colonia estaba muy olvidada pero en mi Gobierno hay voluntad y ganas de trabajar por mejorar a Ciudad Madero. En el primer trienio nos topamos con un rezago de 220 kil\u00f3metros de pavimentaci\u00f3n, y a la fecha, hemos abatido cerca del 60% del problema\u201d.<\/em><\/p>\n<p><em>\u00a0<\/em><\/p>\n<p><em>En representaci\u00f3n de los vecinos de la colonia Esfuerzo Nacional, la Sra. Mar\u00eda Guadalupe Medina de Portela, expres\u00f3: \u201cEl pueblo maderense ya se dio cuenta de lo que est\u00e1 haciendo por Madero, usted es el primer presidente que nos visita, ni siquiera aparec\u00edamos en el mapa de obras p\u00fablicas a\u00f1os atr\u00e1s, estos trabajos que vemos hoy, reflejan que este gobierno a su cargo nos est\u00e1 tomando en cuenta a todos los habitantes de Ciudad Madero\u201d.<\/em><\/p>\n<p><em>\u00a0<\/em><\/p>\n<p><em>Cabe mencionar que de acuerdo con el director general de Obras P\u00fablicas, Luis Carlos Leal Contreras, estos trabajos que incluyeron la rehabilitaci\u00f3n de la l\u00ednea hidrosanitaria, requerir\u00e1n una inversi\u00f3n total de 4,099,708.80 pesos, mediante los programas Fondo para Entidades Federativas y Municipios Productores de Hidrocarburos (Regi\u00f3n Mar\u00edtima) 2022 y el Fondo de Aportaciones para la Infraestructura Social Municipal y de las Demarcaciones Territoriales del Distrito Federal (FISM-DF) ejercicio fiscal 2022.<\/em><\/p>\n","protected":false},"excerpt":{"rendered":"<p>Un gobierno de altura es encabezado por el alcalde Adri\u00e1n Oseguera Kernion, as\u00ed lo reconocieron vecinos maderenses, al atestiguar con&hellip;<\/p>\n","protected":false},"author":1,"featured_media":32431,"comment_status":"open","ping_status":"open","sticky":false,"template":"","format":"standard","meta":{"footnotes":""},"categories":[4],"tags":[],"class_list":["post-32430","post","type-post","status-publish","format-standard","has-post-thumbnail","hentry","category-madero"],"yoast_head":"<!-- This site is optimized with the Yoast SEO plugin v27.4 - https:\/\/yoast.com\/product\/yoast-seo-wordpress\/ -->\n<title>CON UN GOBIERNO DE ALTURA, CONTIN\u00daA EL DESARROLLO DE CIUDAD MADERO - EL INFORMATIVO DE TAMAULIPAS<\/title>\n<meta name=\"description\" content=\"Un gobierno de altura es encabezado por el alcalde Adri\u00e1n Oseguera Kernion, as\u00ed lo reconocieron vecinos maderenses, al atestiguar con hechos que el rezago\" \/>\n<meta name=\"robots\" content=\"index, follow, max-snippet:-1, max-image-preview:large, max-video-preview:-1\" \/>\n<link rel=\"canonical\" href=\"https:\/\/elinformativotam.com\/index.php\/2022\/06\/22\/con-un-gobierno-de-altura-continua-el-desarrollo-de-ciudad-madero\/\" \/>\n<meta property=\"og:locale\" content=\"es_MX\" \/>\n<meta property=\"og:type\" content=\"article\" \/>\n<meta property=\"og:title\" content=\"CON UN GOBIERNO DE ALTURA, CONTIN\u00daA EL DESARROLLO DE CIUDAD MADERO - EL INFORMATIVO DE TAMAULIPAS\" \/>\n<meta property=\"og:description\" content=\"Un gobierno de altura es encabezado por el alcalde Adri\u00e1n Oseguera Kernion, as\u00ed lo reconocieron vecinos maderenses, al atestiguar con hechos que el rezago\" \/>\n<meta property=\"og:url\" content=\"https:\/\/elinformativotam.com\/index.php\/2022\/06\/22\/con-un-gobierno-de-altura-continua-el-desarrollo-de-ciudad-madero\/\" \/>\n<meta property=\"og:site_name\" content=\"EL INFORMATIVO DE TAMAULIPAS\" \/>\n<meta property=\"article:published_time\" content=\"2022-06-23T00:00:47+00:00\" \/>\n<meta property=\"og:image\" content=\"https:\/\/elinformativotam.com\/wp-content\/uploads\/2022\/06\/AOK1-1.jpg\" \/>\n\t<meta property=\"og:image:width\" content=\"1280\" \/>\n\t<meta property=\"og:image:height\" content=\"597\" \/>\n\t<meta property=\"og:image:type\" content=\"image\/jpeg\" \/>\n<meta name=\"author\" content=\"El Informativo Tam\" \/>\n<meta name=\"twitter:card\" content=\"summary_large_image\" \/>\n<meta name=\"twitter:label1\" content=\"Escrito por\" \/>\n\t<meta name=\"twitter:data1\" content=\"El Informativo Tam\" \/>\n\t<meta name=\"twitter:label2\" content=\"Tiempo de lectura\" \/>\n\t<meta name=\"twitter:data2\" content=\"2 minutos\" \/>\n<script type=\"application\/ld+json\" class=\"yoast-schema-graph\">{\"@context\":\"https:\\\/\\\/schema.org\",\"@graph\":[{\"@type\":\"Article\",\"@id\":\"https:\\\/\\\/elinformativotam.com\\\/index.php\\\/2022\\\/06\\\/22\\\/con-un-gobierno-de-altura-continua-el-desarrollo-de-ciudad-madero\\\/#article\",\"isPartOf\":{\"@id\":\"https:\\\/\\\/elinformativotam.com\\\/index.php\\\/2022\\\/06\\\/22\\\/con-un-gobierno-de-altura-continua-el-desarrollo-de-ciudad-madero\\\/\"},\"author\":{\"name\":\"El Informativo Tam\",\"@id\":\"https:\\\/\\\/elinformativotam.com\\\/#\\\/schema\\\/person\\\/78e08040eed0f6110f0c5f83b6153590\"},\"headline\":\"CON UN GOBIERNO DE ALTURA, CONTIN\u00daA EL DESARROLLO DE CIUDAD MADERO\",\"datePublished\":\"2022-06-23T00:00:47+00:00\",\"mainEntityOfPage\":{\"@id\":\"https:\\\/\\\/elinformativotam.com\\\/index.php\\\/2022\\\/06\\\/22\\\/con-un-gobierno-de-altura-continua-el-desarrollo-de-ciudad-madero\\\/\"},\"wordCount\":371,\"commentCount\":0,\"publisher\":{\"@id\":\"https:\\\/\\\/elinformativotam.com\\\/#organization\"},\"image\":{\"@id\":\"https:\\\/\\\/elinformativotam.com\\\/index.php\\\/2022\\\/06\\\/22\\\/con-un-gobierno-de-altura-continua-el-desarrollo-de-ciudad-madero\\\/#primaryimage\"},\"thumbnailUrl\":\"https:\\\/\\\/elinformativotam.com\\\/wp-content\\\/uploads\\\/2022\\\/06\\\/AOK1-1.jpg\",\"articleSection\":[\"Cd Madero\"],\"inLanguage\":\"es\",\"potentialAction\":[{\"@type\":\"CommentAction\",\"name\":\"Comment\",\"target\":[\"https:\\\/\\\/elinformativotam.com\\\/index.php\\\/2022\\\/06\\\/22\\\/con-un-gobierno-de-altura-continua-el-desarrollo-de-ciudad-madero\\\/#respond\"]}]},{\"@type\":\"WebPage\",\"@id\":\"https:\\\/\\\/elinformativotam.com\\\/index.php\\\/2022\\\/06\\\/22\\\/con-un-gobierno-de-altura-continua-el-desarrollo-de-ciudad-madero\\\/\",\"url\":\"https:\\\/\\\/elinformativotam.com\\\/index.php\\\/2022\\\/06\\\/22\\\/con-un-gobierno-de-altura-continua-el-desarrollo-de-ciudad-madero\\\/\",\"name\":\"CON UN GOBIERNO DE ALTURA, CONTIN\u00daA EL DESARROLLO DE CIUDAD MADERO - EL INFORMATIVO DE TAMAULIPAS\",\"isPartOf\":{\"@id\":\"https:\\\/\\\/elinformativotam.com\\\/#website\"},\"primaryImageOfPage\":{\"@id\":\"https:\\\/\\\/elinformativotam.com\\\/index.php\\\/2022\\\/06\\\/22\\\/con-un-gobierno-de-altura-continua-el-desarrollo-de-ciudad-madero\\\/#primaryimage\"},\"image\":{\"@id\":\"https:\\\/\\\/elinformativotam.com\\\/index.php\\\/2022\\\/06\\\/22\\\/con-un-gobierno-de-altura-continua-el-desarrollo-de-ciudad-madero\\\/#primaryimage\"},\"thumbnailUrl\":\"https:\\\/\\\/elinformativotam.com\\\/wp-content\\\/uploads\\\/2022\\\/06\\\/AOK1-1.jpg\",\"datePublished\":\"2022-06-23T00:00:47+00:00\",\"description\":\"Un gobierno de altura es encabezado por el alcalde Adri\u00e1n Oseguera Kernion, as\u00ed lo reconocieron vecinos maderenses, al atestiguar con hechos que el rezago\",\"inLanguage\":\"es\",\"potentialAction\":[{\"@type\":\"ReadAction\",\"target\":[\"https:\\\/\\\/elinformativotam.com\\\/index.php\\\/2022\\\/06\\\/22\\\/con-un-gobierno-de-altura-continua-el-desarrollo-de-ciudad-madero\\\/\"]}]},{\"@type\":\"ImageObject\",\"inLanguage\":\"es\",\"@id\":\"https:\\\/\\\/elinformativotam.com\\\/index.php\\\/2022\\\/06\\\/22\\\/con-un-gobierno-de-altura-continua-el-desarrollo-de-ciudad-madero\\\/#primaryimage\",\"url\":\"https:\\\/\\\/elinformativotam.com\\\/wp-content\\\/uploads\\\/2022\\\/06\\\/AOK1-1.jpg\",\"contentUrl\":\"https:\\\/\\\/elinformativotam.com\\\/wp-content\\\/uploads\\\/2022\\\/06\\\/AOK1-1.jpg\",\"width\":1280,\"height\":597},{\"@type\":\"WebSite\",\"@id\":\"https:\\\/\\\/elinformativotam.com\\\/#website\",\"url\":\"https:\\\/\\\/elinformativotam.com\\\/\",\"name\":\"EL INFORMATIVO DE TAMAULIPAS\",\"description\":\"Desde la Zona Metropolitana Para Todo M\u00e9xico\",\"publisher\":{\"@id\":\"https:\\\/\\\/elinformativotam.com\\\/#organization\"},\"potentialAction\":[{\"@type\":\"SearchAction\",\"target\":{\"@type\":\"EntryPoint\",\"urlTemplate\":\"https:\\\/\\\/elinformativotam.com\\\/?s={search_term_string}\"},\"query-input\":{\"@type\":\"PropertyValueSpecification\",\"valueRequired\":true,\"valueName\":\"search_term_string\"}}],\"inLanguage\":\"es\"},{\"@type\":\"Organization\",\"@id\":\"https:\\\/\\\/elinformativotam.com\\\/#organization\",\"name\":\"EL INFORMATIVO DE TAMAULIPAS\",\"url\":\"https:\\\/\\\/elinformativotam.com\\\/\",\"logo\":{\"@type\":\"ImageObject\",\"inLanguage\":\"es\",\"@id\":\"https:\\\/\\\/elinformativotam.com\\\/#\\\/schema\\\/logo\\\/image\\\/\",\"url\":\"https:\\\/\\\/elinformativotam.com\\\/wp-content\\\/uploads\\\/2026\\\/02\\\/Cabezal.png\",\"contentUrl\":\"https:\\\/\\\/elinformativotam.com\\\/wp-content\\\/uploads\\\/2026\\\/02\\\/Cabezal.png\",\"width\":960,\"height\":640,\"caption\":\"EL INFORMATIVO DE TAMAULIPAS\"},\"image\":{\"@id\":\"https:\\\/\\\/elinformativotam.com\\\/#\\\/schema\\\/logo\\\/image\\\/\"}},{\"@type\":\"Person\",\"@id\":\"https:\\\/\\\/elinformativotam.com\\\/#\\\/schema\\\/person\\\/78e08040eed0f6110f0c5f83b6153590\",\"name\":\"El Informativo Tam\",\"image\":{\"@type\":\"ImageObject\",\"inLanguage\":\"es\",\"@id\":\"https:\\\/\\\/secure.gravatar.com\\\/avatar\\\/f3b7ad3af540688955925ac610647be00b0cf41feea9c4978b73a707ee86bc53?s=96&d=mm&r=g\",\"url\":\"https:\\\/\\\/secure.gravatar.com\\\/avatar\\\/f3b7ad3af540688955925ac610647be00b0cf41feea9c4978b73a707ee86bc53?s=96&d=mm&r=g\",\"contentUrl\":\"https:\\\/\\\/secure.gravatar.com\\\/avatar\\\/f3b7ad3af540688955925ac610647be00b0cf41feea9c4978b73a707ee86bc53?s=96&d=mm&r=g\",\"caption\":\"El Informativo Tam\"}}]}<\/script>\n<!-- \/ Yoast SEO plugin. -->","yoast_head_json":{"title":"CON UN GOBIERNO DE ALTURA, CONTIN\u00daA EL DESARROLLO DE CIUDAD MADERO - EL INFORMATIVO DE TAMAULIPAS","description":"Un gobierno de altura es encabezado por el alcalde Adri\u00e1n Oseguera Kernion, as\u00ed lo reconocieron vecinos maderenses, al atestiguar con hechos que el rezago","robots":{"index":"index","follow":"follow","max-snippet":"max-snippet:-1","max-image-preview":"max-image-preview:large","max-video-preview":"max-video-preview:-1"},"canonical":"https:\/\/elinformativotam.com\/index.php\/2022\/06\/22\/con-un-gobierno-de-altura-continua-el-desarrollo-de-ciudad-madero\/","og_locale":"es_MX","og_type":"article","og_title":"CON UN GOBIERNO DE ALTURA, CONTIN\u00daA EL DESARROLLO DE CIUDAD MADERO - EL INFORMATIVO DE TAMAULIPAS","og_description":"Un gobierno de altura es encabezado por el alcalde Adri\u00e1n Oseguera Kernion, as\u00ed lo reconocieron vecinos maderenses, al atestiguar con hechos que el rezago","og_url":"https:\/\/elinformativotam.com\/index.php\/2022\/06\/22\/con-un-gobierno-de-altura-continua-el-desarrollo-de-ciudad-madero\/","og_site_name":"EL INFORMATIVO DE TAMAULIPAS","article_published_time":"2022-06-23T00:00:47+00:00","og_image":[{"width":1280,"height":597,"url":"https:\/\/elinformativotam.com\/wp-content\/uploads\/2022\/06\/AOK1-1.jpg","type":"image\/jpeg"}],"author":"El Informativo Tam","twitter_card":"summary_large_image","twitter_misc":{"Escrito por":"El Informativo Tam","Tiempo de lectura":"2 minutos"},"schema":{"@context":"https:\/\/schema.org","@graph":[{"@type":"Article","@id":"https:\/\/elinformativotam.com\/index.php\/2022\/06\/22\/con-un-gobierno-de-altura-continua-el-desarrollo-de-ciudad-madero\/#article","isPartOf":{"@id":"https:\/\/elinformativotam.com\/index.php\/2022\/06\/22\/con-un-gobierno-de-altura-continua-el-desarrollo-de-ciudad-madero\/"},"author":{"name":"El Informativo Tam","@id":"https:\/\/elinformativotam.com\/#\/schema\/person\/78e08040eed0f6110f0c5f83b6153590"},"headline":"CON UN GOBIERNO DE ALTURA, CONTIN\u00daA EL DESARROLLO DE CIUDAD MADERO","datePublished":"2022-06-23T00:00:47+00:00","mainEntityOfPage":{"@id":"https:\/\/elinformativotam.com\/index.php\/2022\/06\/22\/con-un-gobierno-de-altura-continua-el-desarrollo-de-ciudad-madero\/"},"wordCount":371,"commentCount":0,"publisher":{"@id":"https:\/\/elinformativotam.com\/#organization"},"image":{"@id":"https:\/\/elinformativotam.com\/index.php\/2022\/06\/22\/con-un-gobierno-de-altura-continua-el-desarrollo-de-ciudad-madero\/#primaryimage"},"thumbnailUrl":"https:\/\/elinformativotam.com\/wp-content\/uploads\/2022\/06\/AOK1-1.jpg","articleSection":["Cd Madero"],"inLanguage":"es","potentialAction":[{"@type":"CommentAction","name":"Comment","target":["https:\/\/elinformativotam.com\/index.php\/2022\/06\/22\/con-un-gobierno-de-altura-continua-el-desarrollo-de-ciudad-madero\/#respond"]}]},{"@type":"WebPage","@id":"https:\/\/elinformativotam.com\/index.php\/2022\/06\/22\/con-un-gobierno-de-altura-continua-el-desarrollo-de-ciudad-madero\/","url":"https:\/\/elinformativotam.com\/index.php\/2022\/06\/22\/con-un-gobierno-de-altura-continua-el-desarrollo-de-ciudad-madero\/","name":"CON UN GOBIERNO DE ALTURA, CONTIN\u00daA EL DESARROLLO DE CIUDAD MADERO - EL INFORMATIVO DE TAMAULIPAS","isPartOf":{"@id":"https:\/\/elinformativotam.com\/#website"},"primaryImageOfPage":{"@id":"https:\/\/elinformativotam.com\/index.php\/2022\/06\/22\/con-un-gobierno-de-altura-continua-el-desarrollo-de-ciudad-madero\/#primaryimage"},"image":{"@id":"https:\/\/elinformativotam.com\/index.php\/2022\/06\/22\/con-un-gobierno-de-altura-continua-el-desarrollo-de-ciudad-madero\/#primaryimage"},"thumbnailUrl":"https:\/\/elinformativotam.com\/wp-content\/uploads\/2022\/06\/AOK1-1.jpg","datePublished":"2022-06-23T00:00:47+00:00","description":"Un gobierno de altura es encabezado por el alcalde Adri\u00e1n Oseguera Kernion, as\u00ed lo reconocieron vecinos maderenses, al atestiguar con hechos que el rezago","inLanguage":"es","potentialAction":[{"@type":"ReadAction","target":["https:\/\/elinformativotam.com\/index.php\/2022\/06\/22\/con-un-gobierno-de-altura-continua-el-desarrollo-de-ciudad-madero\/"]}]},{"@type":"ImageObject","inLanguage":"es","@id":"https:\/\/elinformativotam.com\/index.php\/2022\/06\/22\/con-un-gobierno-de-altura-continua-el-desarrollo-de-ciudad-madero\/#primaryimage","url":"https:\/\/elinformativotam.com\/wp-content\/uploads\/2022\/06\/AOK1-1.jpg","contentUrl":"https:\/\/elinformativotam.com\/wp-content\/uploads\/2022\/06\/AOK1-1.jpg","width":1280,"height":597},{"@type":"WebSite","@id":"https:\/\/elinformativotam.com\/#website","url":"https:\/\/elinformativotam.com\/","name":"EL INFORMATIVO DE TAMAULIPAS","description":"Desde la Zona Metropolitana Para Todo M\u00e9xico","publisher":{"@id":"https:\/\/elinformativotam.com\/#organization"},"potentialAction":[{"@type":"SearchAction","target":{"@type":"EntryPoint","urlTemplate":"https:\/\/elinformativotam.com\/?s={search_term_string}"},"query-input":{"@type":"PropertyValueSpecification","valueRequired":true,"valueName":"search_term_string"}}],"inLanguage":"es"},{"@type":"Organization","@id":"https:\/\/elinformativotam.com\/#organization","name":"EL INFORMATIVO DE TAMAULIPAS","url":"https:\/\/elinformativotam.com\/","logo":{"@type":"ImageObject","inLanguage":"es","@id":"https:\/\/elinformativotam.com\/#\/schema\/logo\/image\/","url":"https:\/\/elinformativotam.com\/wp-content\/uploads\/2026\/02\/Cabezal.png","contentUrl":"https:\/\/elinformativotam.com\/wp-content\/uploads\/2026\/02\/Cabezal.png","width":960,"height":640,"caption":"EL INFORMATIVO DE TAMAULIPAS"},"image":{"@id":"https:\/\/elinformativotam.com\/#\/schema\/logo\/image\/"}},{"@type":"Person","@id":"https:\/\/elinformativotam.com\/#\/schema\/person\/78e08040eed0f6110f0c5f83b6153590","name":"El Informativo Tam","image":{"@type":"ImageObject","inLanguage":"es","@id":"https:\/\/secure.gravatar.com\/avatar\/f3b7ad3af540688955925ac610647be00b0cf41feea9c4978b73a707ee86bc53?s=96&d=mm&r=g","url":"https:\/\/secure.gravatar.com\/avatar\/f3b7ad3af540688955925ac610647be00b0cf41feea9c4978b73a707ee86bc53?s=96&d=mm&r=g","contentUrl":"https:\/\/secure.gravatar.com\/avatar\/f3b7ad3af540688955925ac610647be00b0cf41feea9c4978b73a707ee86bc53?s=96&d=mm&r=g","caption":"El Informativo Tam"}}]}},"_links":{"self":[{"href":"https:\/\/elinformativotam.com\/index.php\/wp-json\/wp\/v2\/posts\/32430","targetHints":{"allow":["GET"]}}],"collection":[{"href":"https:\/\/elinformativotam.com\/index.php\/wp-json\/wp\/v2\/posts"}],"about":[{"href":"https:\/\/elinformativotam.com\/index.php\/wp-json\/wp\/v2\/types\/post"}],"author":[{"embeddable":true,"href":"https:\/\/elinformativotam.com\/index.php\/wp-json\/wp\/v2\/users\/1"}],"replies":[{"embeddable":true,"href":"https:\/\/elinformativotam.com\/index.php\/wp-json\/wp\/v2\/comments?post=32430"}],"version-history":[{"count":1,"href":"https:\/\/elinformativotam.com\/index.php\/wp-json\/wp\/v2\/posts\/32430\/revisions"}],"predecessor-version":[{"id":32432,"href":"https:\/\/elinformativotam.com\/index.php\/wp-json\/wp\/v2\/posts\/32430\/revisions\/32432"}],"wp:featuredmedia":[{"embeddable":true,"href":"https:\/\/elinformativotam.com\/index.php\/wp-json\/wp\/v2\/media\/32431"}],"wp:attachment":[{"href":"https:\/\/elinformativotam.com\/index.php\/wp-json\/wp\/v2\/media?parent=32430"}],"wp:term":[{"taxonomy":"category","embeddable":true,"href":"https:\/\/elinformativotam.com\/index.php\/wp-json\/wp\/v2\/categories?post=32430"},{"taxonomy":"post_tag","embeddable":true,"href":"https:\/\/elinformativotam.com\/index.php\/wp-json\/wp\/v2\/tags?post=32430"}],"curies":[{"name":"wp","href":"https:\/\/api.w.org\/{rel}","templated":true}]}}