{"id":3232,"date":"2020-03-03T20:35:37","date_gmt":"2020-03-04T02:35:37","guid":{"rendered":"http:\/\/elinformativotam.com\/?p=3232"},"modified":"2020-03-03T20:35:37","modified_gmt":"2020-03-04T02:35:37","slug":"en-ciudad-madero-construimos-un-futuro-de-certidumbre-para-todos-adrian-oseguera","status":"publish","type":"post","link":"https:\/\/elinformativotam.com\/index.php\/2020\/03\/03\/en-ciudad-madero-construimos-un-futuro-de-certidumbre-para-todos-adrian-oseguera\/","title":{"rendered":"EN CIUDAD MADERO CONSTRUIMOS UN FUTURO DE CERTIDUMBRE PARA TODOS: ADRI\u00c1N OSEGUERA"},"content":{"rendered":"<h2><em><strong>* \u201cConstruir Un Futuro Para Las Familias Es Un Prop\u00f3sito Que Impulsamos En Mi Gobierno\u201d: AOK<\/strong><\/em><\/h2>\n<p>&nbsp;<\/p>\n<p>Al impulsar la capacitaci\u00f3n integral de las familias maderenses, el alcalde Adri\u00e1n Oseguera Kernion celebr\u00f3 este martes, la incorporaci\u00f3n de m\u00e1s de 40 mujeres al sector productivo, luego de que culminaran sus estudios de reposter\u00eda en unos de los Centros de Desarrollo Comunitario (CDC) de la urbe petrolera.<\/p>\n<p>&nbsp;<\/p>\n<p>Dicho ceremonia fue llevada a cabo en el CDC de Ampliaci\u00f3n Candelario Garza, mismo que fue rescatado y reactivado por la actual administraci\u00f3n, logrando hasta el d\u00eda de hoy en colaboraci\u00f3n con el Cecati 71, brindar capacitaci\u00f3n de manera gratuita a m\u00e1s de 180 maderenses en diversos oficios.<\/p>\n<p>&nbsp;<\/p>\n<p>\u201cConstruir un futuro para las familias es un prop\u00f3sito que impulsamos en mi Gobierno, y en ese sentido, hoy atestiguamos el inicio de una nueva etapa de \u00e9xito para casi medio centenar de mujeres que se incorporan al sector productivo y al desarrollo econ\u00f3mico de la ciudad\u201d, asegur\u00f3 el Presidente Municipal, quien destac\u00f3 la sinergia con autoridades del Cecati 71.<\/p>\n<p><img loading=\"lazy\" decoding=\"async\" class=\"wp-image-3228 alignleft\" src=\"https:\/\/elinformativotam.com\/wp-content\/uploads\/2020\/03\/aok-300x200.jpg\" alt=\"\" width=\"473\" height=\"315\" \/><\/p>\n<p>Por su parte, Roc\u00edo del Carmen Mart\u00ednez Y\u00e1\u00f1ez, maderense beneficiada, expres\u00f3 que \u201cgracias a espacios como estos, se descubren nuevas posibilidades que nos engrandecen a todas\u201d.<\/p>\n<p>&nbsp;<\/p>\n<p>As\u00ed tambi\u00e9n durante la ceremonia, la jefa de capacitaci\u00f3n del Cecati 71, Yadira Santoscoy Mata, enfatiz\u00f3 el compromiso del Gobierno Municipal por fomentar al autoempleo, y se reconoci\u00f3 a las maestras Ana Cristina Aguill\u00f3n Morteo y Edna Carbajal Vega, por su entrega en la preparaci\u00f3n de las estudiantes.<\/p>\n<p>&nbsp;<\/p>\n<p>Finalmente, se hizo un llamado a la poblaci\u00f3n para que acudan a los centros de desarrollo comunitario, ubicados en Ampliaci\u00f3n Candelario Garza y la colonia Lienzo Charro, y capacitarse de manera gratuita en los talleres de belleza, cocina, reposter\u00eda, bisuter\u00eda, computaci\u00f3n e ingl\u00e9s, entre otros m\u00e1s.<\/p>\n","protected":false},"excerpt":{"rendered":"<p>* \u201cConstruir Un Futuro Para Las Familias Es Un Prop\u00f3sito Que Impulsamos En Mi Gobierno\u201d: AOK &nbsp; Al impulsar la&hellip;<\/p>\n","protected":false},"author":1,"featured_media":0,"comment_status":"open","ping_status":"open","sticky":false,"template":"","format":"standard","meta":{"footnotes":""},"categories":[4],"tags":[],"class_list":["post-3232","post","type-post","status-publish","format-standard","hentry","category-madero"],"yoast_head":"<!-- This site is optimized with the Yoast SEO plugin v27.5 - https:\/\/yoast.com\/product\/yoast-seo-wordpress\/ -->\n<title>EN CIUDAD MADERO CONSTRUIMOS UN FUTURO DE CERTIDUMBRE PARA TODOS: ADRI\u00c1N OSEGUERA - EL INFORMATIVO DE TAMAULIPAS<\/title>\n<meta name=\"description\" content=\"* \u201cConstruir Un Futuro Para Las Familias Es Un Prop\u00f3sito Que Impulsamos En Mi Gobierno\u201d: AOK &nbsp; Al impulsar la capacitaci\u00f3n integral de las familias\" \/>\n<meta name=\"robots\" content=\"index, follow, max-snippet:-1, max-image-preview:large, max-video-preview:-1\" \/>\n<link rel=\"canonical\" href=\"https:\/\/elinformativotam.com\/index.php\/2020\/03\/03\/en-ciudad-madero-construimos-un-futuro-de-certidumbre-para-todos-adrian-oseguera\/\" \/>\n<meta property=\"og:locale\" content=\"es_MX\" \/>\n<meta property=\"og:type\" content=\"article\" \/>\n<meta property=\"og:title\" content=\"EN CIUDAD MADERO CONSTRUIMOS UN FUTURO DE CERTIDUMBRE PARA TODOS: ADRI\u00c1N OSEGUERA - EL INFORMATIVO DE TAMAULIPAS\" \/>\n<meta property=\"og:description\" content=\"* \u201cConstruir Un Futuro Para Las Familias Es Un Prop\u00f3sito Que Impulsamos En Mi Gobierno\u201d: AOK &nbsp; Al impulsar la capacitaci\u00f3n integral de las familias\" \/>\n<meta property=\"og:url\" content=\"https:\/\/elinformativotam.com\/index.php\/2020\/03\/03\/en-ciudad-madero-construimos-un-futuro-de-certidumbre-para-todos-adrian-oseguera\/\" \/>\n<meta property=\"og:site_name\" content=\"EL INFORMATIVO DE TAMAULIPAS\" \/>\n<meta property=\"article:published_time\" content=\"2020-03-04T02:35:37+00:00\" \/>\n<meta property=\"og:image\" content=\"http:\/\/elinformativotam.com\/wp-content\/uploads\/2020\/03\/aok-300x200.jpg\" \/>\n<meta name=\"author\" content=\"El Informativo Tam\" \/>\n<meta name=\"twitter:card\" content=\"summary_large_image\" \/>\n<meta name=\"twitter:label1\" content=\"Escrito por\" \/>\n\t<meta name=\"twitter:data1\" content=\"El Informativo Tam\" \/>\n\t<meta name=\"twitter:label2\" content=\"Tiempo de lectura\" \/>\n\t<meta name=\"twitter:data2\" content=\"2 minutos\" \/>\n<script type=\"application\/ld+json\" class=\"yoast-schema-graph\">{\"@context\":\"https:\\\/\\\/schema.org\",\"@graph\":[{\"@type\":\"Article\",\"@id\":\"https:\\\/\\\/elinformativotam.com\\\/index.php\\\/2020\\\/03\\\/03\\\/en-ciudad-madero-construimos-un-futuro-de-certidumbre-para-todos-adrian-oseguera\\\/#article\",\"isPartOf\":{\"@id\":\"https:\\\/\\\/elinformativotam.com\\\/index.php\\\/2020\\\/03\\\/03\\\/en-ciudad-madero-construimos-un-futuro-de-certidumbre-para-todos-adrian-oseguera\\\/\"},\"author\":{\"name\":\"El Informativo Tam\",\"@id\":\"https:\\\/\\\/elinformativotam.com\\\/#\\\/schema\\\/person\\\/78e08040eed0f6110f0c5f83b6153590\"},\"headline\":\"EN CIUDAD MADERO CONSTRUIMOS UN FUTURO DE CERTIDUMBRE PARA TODOS: ADRI\u00c1N OSEGUERA\",\"datePublished\":\"2020-03-04T02:35:37+00:00\",\"mainEntityOfPage\":{\"@id\":\"https:\\\/\\\/elinformativotam.com\\\/index.php\\\/2020\\\/03\\\/03\\\/en-ciudad-madero-construimos-un-futuro-de-certidumbre-para-todos-adrian-oseguera\\\/\"},\"wordCount\":332,\"commentCount\":0,\"publisher\":{\"@id\":\"https:\\\/\\\/elinformativotam.com\\\/#organization\"},\"image\":{\"@id\":\"https:\\\/\\\/elinformativotam.com\\\/index.php\\\/2020\\\/03\\\/03\\\/en-ciudad-madero-construimos-un-futuro-de-certidumbre-para-todos-adrian-oseguera\\\/#primaryimage\"},\"thumbnailUrl\":\"http:\\\/\\\/elinformativotam.com\\\/wp-content\\\/uploads\\\/2020\\\/03\\\/aok-300x200.jpg\",\"articleSection\":[\"Cd Madero\"],\"inLanguage\":\"es\",\"potentialAction\":[{\"@type\":\"CommentAction\",\"name\":\"Comment\",\"target\":[\"https:\\\/\\\/elinformativotam.com\\\/index.php\\\/2020\\\/03\\\/03\\\/en-ciudad-madero-construimos-un-futuro-de-certidumbre-para-todos-adrian-oseguera\\\/#respond\"]}]},{\"@type\":\"WebPage\",\"@id\":\"https:\\\/\\\/elinformativotam.com\\\/index.php\\\/2020\\\/03\\\/03\\\/en-ciudad-madero-construimos-un-futuro-de-certidumbre-para-todos-adrian-oseguera\\\/\",\"url\":\"https:\\\/\\\/elinformativotam.com\\\/index.php\\\/2020\\\/03\\\/03\\\/en-ciudad-madero-construimos-un-futuro-de-certidumbre-para-todos-adrian-oseguera\\\/\",\"name\":\"EN CIUDAD MADERO CONSTRUIMOS UN FUTURO DE CERTIDUMBRE PARA TODOS: ADRI\u00c1N OSEGUERA - EL INFORMATIVO DE TAMAULIPAS\",\"isPartOf\":{\"@id\":\"https:\\\/\\\/elinformativotam.com\\\/#website\"},\"primaryImageOfPage\":{\"@id\":\"https:\\\/\\\/elinformativotam.com\\\/index.php\\\/2020\\\/03\\\/03\\\/en-ciudad-madero-construimos-un-futuro-de-certidumbre-para-todos-adrian-oseguera\\\/#primaryimage\"},\"image\":{\"@id\":\"https:\\\/\\\/elinformativotam.com\\\/index.php\\\/2020\\\/03\\\/03\\\/en-ciudad-madero-construimos-un-futuro-de-certidumbre-para-todos-adrian-oseguera\\\/#primaryimage\"},\"thumbnailUrl\":\"http:\\\/\\\/elinformativotam.com\\\/wp-content\\\/uploads\\\/2020\\\/03\\\/aok-300x200.jpg\",\"datePublished\":\"2020-03-04T02:35:37+00:00\",\"description\":\"* \u201cConstruir Un Futuro Para Las Familias Es Un Prop\u00f3sito Que Impulsamos En Mi Gobierno\u201d: AOK &nbsp; Al impulsar la capacitaci\u00f3n integral de las familias\",\"inLanguage\":\"es\",\"potentialAction\":[{\"@type\":\"ReadAction\",\"target\":[\"https:\\\/\\\/elinformativotam.com\\\/index.php\\\/2020\\\/03\\\/03\\\/en-ciudad-madero-construimos-un-futuro-de-certidumbre-para-todos-adrian-oseguera\\\/\"]}]},{\"@type\":\"ImageObject\",\"inLanguage\":\"es\",\"@id\":\"https:\\\/\\\/elinformativotam.com\\\/index.php\\\/2020\\\/03\\\/03\\\/en-ciudad-madero-construimos-un-futuro-de-certidumbre-para-todos-adrian-oseguera\\\/#primaryimage\",\"url\":\"http:\\\/\\\/elinformativotam.com\\\/wp-content\\\/uploads\\\/2020\\\/03\\\/aok-300x200.jpg\",\"contentUrl\":\"http:\\\/\\\/elinformativotam.com\\\/wp-content\\\/uploads\\\/2020\\\/03\\\/aok-300x200.jpg\"},{\"@type\":\"WebSite\",\"@id\":\"https:\\\/\\\/elinformativotam.com\\\/#website\",\"url\":\"https:\\\/\\\/elinformativotam.com\\\/\",\"name\":\"EL INFORMATIVO DE TAMAULIPAS\",\"description\":\"Desde la Zona Metropolitana Para Todo M\u00e9xico\",\"publisher\":{\"@id\":\"https:\\\/\\\/elinformativotam.com\\\/#organization\"},\"potentialAction\":[{\"@type\":\"SearchAction\",\"target\":{\"@type\":\"EntryPoint\",\"urlTemplate\":\"https:\\\/\\\/elinformativotam.com\\\/?s={search_term_string}\"},\"query-input\":{\"@type\":\"PropertyValueSpecification\",\"valueRequired\":true,\"valueName\":\"search_term_string\"}}],\"inLanguage\":\"es\"},{\"@type\":\"Organization\",\"@id\":\"https:\\\/\\\/elinformativotam.com\\\/#organization\",\"name\":\"EL INFORMATIVO DE TAMAULIPAS\",\"url\":\"https:\\\/\\\/elinformativotam.com\\\/\",\"logo\":{\"@type\":\"ImageObject\",\"inLanguage\":\"es\",\"@id\":\"https:\\\/\\\/elinformativotam.com\\\/#\\\/schema\\\/logo\\\/image\\\/\",\"url\":\"https:\\\/\\\/elinformativotam.com\\\/wp-content\\\/uploads\\\/2026\\\/02\\\/Cabezal.png\",\"contentUrl\":\"https:\\\/\\\/elinformativotam.com\\\/wp-content\\\/uploads\\\/2026\\\/02\\\/Cabezal.png\",\"width\":960,\"height\":640,\"caption\":\"EL INFORMATIVO DE TAMAULIPAS\"},\"image\":{\"@id\":\"https:\\\/\\\/elinformativotam.com\\\/#\\\/schema\\\/logo\\\/image\\\/\"}},{\"@type\":\"Person\",\"@id\":\"https:\\\/\\\/elinformativotam.com\\\/#\\\/schema\\\/person\\\/78e08040eed0f6110f0c5f83b6153590\",\"name\":\"El Informativo Tam\",\"image\":{\"@type\":\"ImageObject\",\"inLanguage\":\"es\",\"@id\":\"https:\\\/\\\/secure.gravatar.com\\\/avatar\\\/f3b7ad3af540688955925ac610647be00b0cf41feea9c4978b73a707ee86bc53?s=96&d=mm&r=g\",\"url\":\"https:\\\/\\\/secure.gravatar.com\\\/avatar\\\/f3b7ad3af540688955925ac610647be00b0cf41feea9c4978b73a707ee86bc53?s=96&d=mm&r=g\",\"contentUrl\":\"https:\\\/\\\/secure.gravatar.com\\\/avatar\\\/f3b7ad3af540688955925ac610647be00b0cf41feea9c4978b73a707ee86bc53?s=96&d=mm&r=g\",\"caption\":\"El Informativo Tam\"}}]}<\/script>\n<!-- \/ Yoast SEO plugin. -->","yoast_head_json":{"title":"EN CIUDAD MADERO CONSTRUIMOS UN FUTURO DE CERTIDUMBRE PARA TODOS: ADRI\u00c1N OSEGUERA - EL INFORMATIVO DE TAMAULIPAS","description":"* \u201cConstruir Un Futuro Para Las Familias Es Un Prop\u00f3sito Que Impulsamos En Mi Gobierno\u201d: AOK &nbsp; Al impulsar la capacitaci\u00f3n integral de las familias","robots":{"index":"index","follow":"follow","max-snippet":"max-snippet:-1","max-image-preview":"max-image-preview:large","max-video-preview":"max-video-preview:-1"},"canonical":"https:\/\/elinformativotam.com\/index.php\/2020\/03\/03\/en-ciudad-madero-construimos-un-futuro-de-certidumbre-para-todos-adrian-oseguera\/","og_locale":"es_MX","og_type":"article","og_title":"EN CIUDAD MADERO CONSTRUIMOS UN FUTURO DE CERTIDUMBRE PARA TODOS: ADRI\u00c1N OSEGUERA - EL INFORMATIVO DE TAMAULIPAS","og_description":"* \u201cConstruir Un Futuro Para Las Familias Es Un Prop\u00f3sito Que Impulsamos En Mi Gobierno\u201d: AOK &nbsp; Al impulsar la capacitaci\u00f3n integral de las familias","og_url":"https:\/\/elinformativotam.com\/index.php\/2020\/03\/03\/en-ciudad-madero-construimos-un-futuro-de-certidumbre-para-todos-adrian-oseguera\/","og_site_name":"EL INFORMATIVO DE TAMAULIPAS","article_published_time":"2020-03-04T02:35:37+00:00","og_image":[{"url":"http:\/\/elinformativotam.com\/wp-content\/uploads\/2020\/03\/aok-300x200.jpg","type":"","width":"","height":""}],"author":"El Informativo Tam","twitter_card":"summary_large_image","twitter_misc":{"Escrito por":"El Informativo Tam","Tiempo de lectura":"2 minutos"},"schema":{"@context":"https:\/\/schema.org","@graph":[{"@type":"Article","@id":"https:\/\/elinformativotam.com\/index.php\/2020\/03\/03\/en-ciudad-madero-construimos-un-futuro-de-certidumbre-para-todos-adrian-oseguera\/#article","isPartOf":{"@id":"https:\/\/elinformativotam.com\/index.php\/2020\/03\/03\/en-ciudad-madero-construimos-un-futuro-de-certidumbre-para-todos-adrian-oseguera\/"},"author":{"name":"El Informativo Tam","@id":"https:\/\/elinformativotam.com\/#\/schema\/person\/78e08040eed0f6110f0c5f83b6153590"},"headline":"EN CIUDAD MADERO CONSTRUIMOS UN FUTURO DE CERTIDUMBRE PARA TODOS: ADRI\u00c1N OSEGUERA","datePublished":"2020-03-04T02:35:37+00:00","mainEntityOfPage":{"@id":"https:\/\/elinformativotam.com\/index.php\/2020\/03\/03\/en-ciudad-madero-construimos-un-futuro-de-certidumbre-para-todos-adrian-oseguera\/"},"wordCount":332,"commentCount":0,"publisher":{"@id":"https:\/\/elinformativotam.com\/#organization"},"image":{"@id":"https:\/\/elinformativotam.com\/index.php\/2020\/03\/03\/en-ciudad-madero-construimos-un-futuro-de-certidumbre-para-todos-adrian-oseguera\/#primaryimage"},"thumbnailUrl":"http:\/\/elinformativotam.com\/wp-content\/uploads\/2020\/03\/aok-300x200.jpg","articleSection":["Cd Madero"],"inLanguage":"es","potentialAction":[{"@type":"CommentAction","name":"Comment","target":["https:\/\/elinformativotam.com\/index.php\/2020\/03\/03\/en-ciudad-madero-construimos-un-futuro-de-certidumbre-para-todos-adrian-oseguera\/#respond"]}]},{"@type":"WebPage","@id":"https:\/\/elinformativotam.com\/index.php\/2020\/03\/03\/en-ciudad-madero-construimos-un-futuro-de-certidumbre-para-todos-adrian-oseguera\/","url":"https:\/\/elinformativotam.com\/index.php\/2020\/03\/03\/en-ciudad-madero-construimos-un-futuro-de-certidumbre-para-todos-adrian-oseguera\/","name":"EN CIUDAD MADERO CONSTRUIMOS UN FUTURO DE CERTIDUMBRE PARA TODOS: ADRI\u00c1N OSEGUERA - EL INFORMATIVO DE TAMAULIPAS","isPartOf":{"@id":"https:\/\/elinformativotam.com\/#website"},"primaryImageOfPage":{"@id":"https:\/\/elinformativotam.com\/index.php\/2020\/03\/03\/en-ciudad-madero-construimos-un-futuro-de-certidumbre-para-todos-adrian-oseguera\/#primaryimage"},"image":{"@id":"https:\/\/elinformativotam.com\/index.php\/2020\/03\/03\/en-ciudad-madero-construimos-un-futuro-de-certidumbre-para-todos-adrian-oseguera\/#primaryimage"},"thumbnailUrl":"http:\/\/elinformativotam.com\/wp-content\/uploads\/2020\/03\/aok-300x200.jpg","datePublished":"2020-03-04T02:35:37+00:00","description":"* \u201cConstruir Un Futuro Para Las Familias Es Un Prop\u00f3sito Que Impulsamos En Mi Gobierno\u201d: AOK &nbsp; Al impulsar la capacitaci\u00f3n integral de las familias","inLanguage":"es","potentialAction":[{"@type":"ReadAction","target":["https:\/\/elinformativotam.com\/index.php\/2020\/03\/03\/en-ciudad-madero-construimos-un-futuro-de-certidumbre-para-todos-adrian-oseguera\/"]}]},{"@type":"ImageObject","inLanguage":"es","@id":"https:\/\/elinformativotam.com\/index.php\/2020\/03\/03\/en-ciudad-madero-construimos-un-futuro-de-certidumbre-para-todos-adrian-oseguera\/#primaryimage","url":"http:\/\/elinformativotam.com\/wp-content\/uploads\/2020\/03\/aok-300x200.jpg","contentUrl":"http:\/\/elinformativotam.com\/wp-content\/uploads\/2020\/03\/aok-300x200.jpg"},{"@type":"WebSite","@id":"https:\/\/elinformativotam.com\/#website","url":"https:\/\/elinformativotam.com\/","name":"EL INFORMATIVO DE TAMAULIPAS","description":"Desde la Zona Metropolitana Para Todo M\u00e9xico","publisher":{"@id":"https:\/\/elinformativotam.com\/#organization"},"potentialAction":[{"@type":"SearchAction","target":{"@type":"EntryPoint","urlTemplate":"https:\/\/elinformativotam.com\/?s={search_term_string}"},"query-input":{"@type":"PropertyValueSpecification","valueRequired":true,"valueName":"search_term_string"}}],"inLanguage":"es"},{"@type":"Organization","@id":"https:\/\/elinformativotam.com\/#organization","name":"EL INFORMATIVO DE TAMAULIPAS","url":"https:\/\/elinformativotam.com\/","logo":{"@type":"ImageObject","inLanguage":"es","@id":"https:\/\/elinformativotam.com\/#\/schema\/logo\/image\/","url":"https:\/\/elinformativotam.com\/wp-content\/uploads\/2026\/02\/Cabezal.png","contentUrl":"https:\/\/elinformativotam.com\/wp-content\/uploads\/2026\/02\/Cabezal.png","width":960,"height":640,"caption":"EL INFORMATIVO DE TAMAULIPAS"},"image":{"@id":"https:\/\/elinformativotam.com\/#\/schema\/logo\/image\/"}},{"@type":"Person","@id":"https:\/\/elinformativotam.com\/#\/schema\/person\/78e08040eed0f6110f0c5f83b6153590","name":"El Informativo Tam","image":{"@type":"ImageObject","inLanguage":"es","@id":"https:\/\/secure.gravatar.com\/avatar\/f3b7ad3af540688955925ac610647be00b0cf41feea9c4978b73a707ee86bc53?s=96&d=mm&r=g","url":"https:\/\/secure.gravatar.com\/avatar\/f3b7ad3af540688955925ac610647be00b0cf41feea9c4978b73a707ee86bc53?s=96&d=mm&r=g","contentUrl":"https:\/\/secure.gravatar.com\/avatar\/f3b7ad3af540688955925ac610647be00b0cf41feea9c4978b73a707ee86bc53?s=96&d=mm&r=g","caption":"El Informativo Tam"}}]}},"_links":{"self":[{"href":"https:\/\/elinformativotam.com\/index.php\/wp-json\/wp\/v2\/posts\/3232","targetHints":{"allow":["GET"]}}],"collection":[{"href":"https:\/\/elinformativotam.com\/index.php\/wp-json\/wp\/v2\/posts"}],"about":[{"href":"https:\/\/elinformativotam.com\/index.php\/wp-json\/wp\/v2\/types\/post"}],"author":[{"embeddable":true,"href":"https:\/\/elinformativotam.com\/index.php\/wp-json\/wp\/v2\/users\/1"}],"replies":[{"embeddable":true,"href":"https:\/\/elinformativotam.com\/index.php\/wp-json\/wp\/v2\/comments?post=3232"}],"version-history":[{"count":0,"href":"https:\/\/elinformativotam.com\/index.php\/wp-json\/wp\/v2\/posts\/3232\/revisions"}],"wp:attachment":[{"href":"https:\/\/elinformativotam.com\/index.php\/wp-json\/wp\/v2\/media?parent=3232"}],"wp:term":[{"taxonomy":"category","embeddable":true,"href":"https:\/\/elinformativotam.com\/index.php\/wp-json\/wp\/v2\/categories?post=3232"},{"taxonomy":"post_tag","embeddable":true,"href":"https:\/\/elinformativotam.com\/index.php\/wp-json\/wp\/v2\/tags?post=3232"}],"curies":[{"name":"wp","href":"https:\/\/api.w.org\/{rel}","templated":true}]}}