{"id":3223,"date":"2020-03-03T20:26:15","date_gmt":"2020-03-04T02:26:15","guid":{"rendered":"http:\/\/elinformativotam.com\/?p=3223"},"modified":"2020-03-03T20:26:15","modified_gmt":"2020-03-04T02:26:15","slug":"avanza-programa-de-mantenimiento-de-luminarias-en-ciudad-madero","status":"publish","type":"post","link":"https:\/\/elinformativotam.com\/index.php\/2020\/03\/03\/avanza-programa-de-mantenimiento-de-luminarias-en-ciudad-madero\/","title":{"rendered":"AVANZA PROGRAMA DE MANTENIMIENTO DE LUMINARIAS EN CIUDAD MADERO"},"content":{"rendered":"<p>Avanza el programa de mantenimiento de estructuras de luminarias ubicadas en principales calles y avenidas de Ciudad Madero, inform\u00f3 Jos\u00e9 Rafael Morales Solano, director de Servicios P\u00fablicos, al se\u00f1alar que estas acciones son permanentes para ofrecer una mejor imagen de la ciudad.<\/p>\n<p>&nbsp;<\/p>\n<p>En este sentido, especific\u00f3 que actualmente se refuerzan dichas actividades indicadas por el alcalde Adri\u00e1n Oseguera Kernion, en la Calle 10 de la colonia Jard\u00edn 20 de Noviembre, contempl\u00e1ndose tambi\u00e9n la avenida \u00c1lvaro Obreg\u00f3n y avenida Tamaulipas, ante la llegada del pr\u00f3ximo periodo vacacional de Semana Santa.<\/p>\n<p>&nbsp;<\/p>\n<p>Agreg\u00f3 adem\u00e1s que se reforz\u00f3 la limpieza y mantenimiento de los camellones de la ciudad, al igual que los accesos de Playa Miramar para su embellecimiento.<\/p>\n<p>&nbsp;<\/p>\n<p>Finalmente, Morales Solano destac\u00f3 que el Ayuntamiento maderense llev\u00f3 a cabo recientemente el mantenimiento y reposici\u00f3n de luminarias a lo largo del boulevard costero, brindando certidumbre a los miles de paseantes en el m\u00e1ximo paseo tur\u00edstico.<\/p>\n","protected":false},"excerpt":{"rendered":"<p>Avanza el programa de mantenimiento de estructuras de luminarias ubicadas en principales calles y avenidas de Ciudad Madero, inform\u00f3 Jos\u00e9&hellip;<\/p>\n","protected":false},"author":1,"featured_media":0,"comment_status":"open","ping_status":"open","sticky":false,"template":"","format":"standard","meta":{"footnotes":""},"categories":[4],"tags":[],"class_list":["post-3223","post","type-post","status-publish","format-standard","hentry","category-madero"],"yoast_head":"<!-- This site is optimized with the Yoast SEO plugin v27.5 - https:\/\/yoast.com\/product\/yoast-seo-wordpress\/ -->\n<title>AVANZA PROGRAMA DE MANTENIMIENTO DE LUMINARIAS EN CIUDAD MADERO - EL INFORMATIVO DE TAMAULIPAS<\/title>\n<meta name=\"description\" content=\"Avanza el programa de mantenimiento de estructuras de luminarias ubicadas en principales calles y avenidas de Ciudad Madero, inform\u00f3 Jos\u00e9 Rafael Morales\" \/>\n<meta name=\"robots\" content=\"index, follow, max-snippet:-1, max-image-preview:large, max-video-preview:-1\" \/>\n<link rel=\"canonical\" href=\"https:\/\/elinformativotam.com\/index.php\/2020\/03\/03\/avanza-programa-de-mantenimiento-de-luminarias-en-ciudad-madero\/\" \/>\n<meta property=\"og:locale\" content=\"es_MX\" \/>\n<meta property=\"og:type\" content=\"article\" \/>\n<meta property=\"og:title\" content=\"AVANZA PROGRAMA DE MANTENIMIENTO DE LUMINARIAS EN CIUDAD MADERO - EL INFORMATIVO DE TAMAULIPAS\" \/>\n<meta property=\"og:description\" content=\"Avanza el programa de mantenimiento de estructuras de luminarias ubicadas en principales calles y avenidas de Ciudad Madero, inform\u00f3 Jos\u00e9 Rafael Morales\" \/>\n<meta property=\"og:url\" content=\"https:\/\/elinformativotam.com\/index.php\/2020\/03\/03\/avanza-programa-de-mantenimiento-de-luminarias-en-ciudad-madero\/\" \/>\n<meta property=\"og:site_name\" content=\"EL INFORMATIVO DE TAMAULIPAS\" \/>\n<meta property=\"article:published_time\" content=\"2020-03-04T02:26:15+00:00\" \/>\n<meta name=\"author\" content=\"El Informativo Tam\" \/>\n<meta name=\"twitter:card\" content=\"summary_large_image\" \/>\n<meta name=\"twitter:label1\" content=\"Escrito por\" \/>\n\t<meta name=\"twitter:data1\" content=\"El Informativo Tam\" \/>\n\t<meta name=\"twitter:label2\" content=\"Tiempo de lectura\" \/>\n\t<meta name=\"twitter:data2\" content=\"1 minuto\" \/>\n<script type=\"application\/ld+json\" class=\"yoast-schema-graph\">{\"@context\":\"https:\\\/\\\/schema.org\",\"@graph\":[{\"@type\":\"Article\",\"@id\":\"https:\\\/\\\/elinformativotam.com\\\/index.php\\\/2020\\\/03\\\/03\\\/avanza-programa-de-mantenimiento-de-luminarias-en-ciudad-madero\\\/#article\",\"isPartOf\":{\"@id\":\"https:\\\/\\\/elinformativotam.com\\\/index.php\\\/2020\\\/03\\\/03\\\/avanza-programa-de-mantenimiento-de-luminarias-en-ciudad-madero\\\/\"},\"author\":{\"name\":\"El Informativo Tam\",\"@id\":\"https:\\\/\\\/elinformativotam.com\\\/#\\\/schema\\\/person\\\/78e08040eed0f6110f0c5f83b6153590\"},\"headline\":\"AVANZA PROGRAMA DE MANTENIMIENTO DE LUMINARIAS EN CIUDAD MADERO\",\"datePublished\":\"2020-03-04T02:26:15+00:00\",\"mainEntityOfPage\":{\"@id\":\"https:\\\/\\\/elinformativotam.com\\\/index.php\\\/2020\\\/03\\\/03\\\/avanza-programa-de-mantenimiento-de-luminarias-en-ciudad-madero\\\/\"},\"wordCount\":173,\"commentCount\":0,\"publisher\":{\"@id\":\"https:\\\/\\\/elinformativotam.com\\\/#organization\"},\"articleSection\":[\"Cd Madero\"],\"inLanguage\":\"es\",\"potentialAction\":[{\"@type\":\"CommentAction\",\"name\":\"Comment\",\"target\":[\"https:\\\/\\\/elinformativotam.com\\\/index.php\\\/2020\\\/03\\\/03\\\/avanza-programa-de-mantenimiento-de-luminarias-en-ciudad-madero\\\/#respond\"]}]},{\"@type\":\"WebPage\",\"@id\":\"https:\\\/\\\/elinformativotam.com\\\/index.php\\\/2020\\\/03\\\/03\\\/avanza-programa-de-mantenimiento-de-luminarias-en-ciudad-madero\\\/\",\"url\":\"https:\\\/\\\/elinformativotam.com\\\/index.php\\\/2020\\\/03\\\/03\\\/avanza-programa-de-mantenimiento-de-luminarias-en-ciudad-madero\\\/\",\"name\":\"AVANZA PROGRAMA DE MANTENIMIENTO DE LUMINARIAS EN CIUDAD MADERO - EL INFORMATIVO DE TAMAULIPAS\",\"isPartOf\":{\"@id\":\"https:\\\/\\\/elinformativotam.com\\\/#website\"},\"datePublished\":\"2020-03-04T02:26:15+00:00\",\"description\":\"Avanza el programa de mantenimiento de estructuras de luminarias ubicadas en principales calles y avenidas de Ciudad Madero, inform\u00f3 Jos\u00e9 Rafael Morales\",\"inLanguage\":\"es\",\"potentialAction\":[{\"@type\":\"ReadAction\",\"target\":[\"https:\\\/\\\/elinformativotam.com\\\/index.php\\\/2020\\\/03\\\/03\\\/avanza-programa-de-mantenimiento-de-luminarias-en-ciudad-madero\\\/\"]}]},{\"@type\":\"WebSite\",\"@id\":\"https:\\\/\\\/elinformativotam.com\\\/#website\",\"url\":\"https:\\\/\\\/elinformativotam.com\\\/\",\"name\":\"EL INFORMATIVO DE TAMAULIPAS\",\"description\":\"Desde la Zona Metropolitana Para Todo M\u00e9xico\",\"publisher\":{\"@id\":\"https:\\\/\\\/elinformativotam.com\\\/#organization\"},\"potentialAction\":[{\"@type\":\"SearchAction\",\"target\":{\"@type\":\"EntryPoint\",\"urlTemplate\":\"https:\\\/\\\/elinformativotam.com\\\/?s={search_term_string}\"},\"query-input\":{\"@type\":\"PropertyValueSpecification\",\"valueRequired\":true,\"valueName\":\"search_term_string\"}}],\"inLanguage\":\"es\"},{\"@type\":\"Organization\",\"@id\":\"https:\\\/\\\/elinformativotam.com\\\/#organization\",\"name\":\"EL INFORMATIVO DE TAMAULIPAS\",\"url\":\"https:\\\/\\\/elinformativotam.com\\\/\",\"logo\":{\"@type\":\"ImageObject\",\"inLanguage\":\"es\",\"@id\":\"https:\\\/\\\/elinformativotam.com\\\/#\\\/schema\\\/logo\\\/image\\\/\",\"url\":\"https:\\\/\\\/elinformativotam.com\\\/wp-content\\\/uploads\\\/2026\\\/02\\\/Cabezal.png\",\"contentUrl\":\"https:\\\/\\\/elinformativotam.com\\\/wp-content\\\/uploads\\\/2026\\\/02\\\/Cabezal.png\",\"width\":960,\"height\":640,\"caption\":\"EL INFORMATIVO DE TAMAULIPAS\"},\"image\":{\"@id\":\"https:\\\/\\\/elinformativotam.com\\\/#\\\/schema\\\/logo\\\/image\\\/\"}},{\"@type\":\"Person\",\"@id\":\"https:\\\/\\\/elinformativotam.com\\\/#\\\/schema\\\/person\\\/78e08040eed0f6110f0c5f83b6153590\",\"name\":\"El Informativo Tam\",\"image\":{\"@type\":\"ImageObject\",\"inLanguage\":\"es\",\"@id\":\"https:\\\/\\\/secure.gravatar.com\\\/avatar\\\/f3b7ad3af540688955925ac610647be00b0cf41feea9c4978b73a707ee86bc53?s=96&d=mm&r=g\",\"url\":\"https:\\\/\\\/secure.gravatar.com\\\/avatar\\\/f3b7ad3af540688955925ac610647be00b0cf41feea9c4978b73a707ee86bc53?s=96&d=mm&r=g\",\"contentUrl\":\"https:\\\/\\\/secure.gravatar.com\\\/avatar\\\/f3b7ad3af540688955925ac610647be00b0cf41feea9c4978b73a707ee86bc53?s=96&d=mm&r=g\",\"caption\":\"El Informativo Tam\"}}]}<\/script>\n<!-- \/ Yoast SEO plugin. -->","yoast_head_json":{"title":"AVANZA PROGRAMA DE MANTENIMIENTO DE LUMINARIAS EN CIUDAD MADERO - EL INFORMATIVO DE TAMAULIPAS","description":"Avanza el programa de mantenimiento de estructuras de luminarias ubicadas en principales calles y avenidas de Ciudad Madero, inform\u00f3 Jos\u00e9 Rafael Morales","robots":{"index":"index","follow":"follow","max-snippet":"max-snippet:-1","max-image-preview":"max-image-preview:large","max-video-preview":"max-video-preview:-1"},"canonical":"https:\/\/elinformativotam.com\/index.php\/2020\/03\/03\/avanza-programa-de-mantenimiento-de-luminarias-en-ciudad-madero\/","og_locale":"es_MX","og_type":"article","og_title":"AVANZA PROGRAMA DE MANTENIMIENTO DE LUMINARIAS EN CIUDAD MADERO - EL INFORMATIVO DE TAMAULIPAS","og_description":"Avanza el programa de mantenimiento de estructuras de luminarias ubicadas en principales calles y avenidas de Ciudad Madero, inform\u00f3 Jos\u00e9 Rafael Morales","og_url":"https:\/\/elinformativotam.com\/index.php\/2020\/03\/03\/avanza-programa-de-mantenimiento-de-luminarias-en-ciudad-madero\/","og_site_name":"EL INFORMATIVO DE TAMAULIPAS","article_published_time":"2020-03-04T02:26:15+00:00","author":"El Informativo Tam","twitter_card":"summary_large_image","twitter_misc":{"Escrito por":"El Informativo Tam","Tiempo de lectura":"1 minuto"},"schema":{"@context":"https:\/\/schema.org","@graph":[{"@type":"Article","@id":"https:\/\/elinformativotam.com\/index.php\/2020\/03\/03\/avanza-programa-de-mantenimiento-de-luminarias-en-ciudad-madero\/#article","isPartOf":{"@id":"https:\/\/elinformativotam.com\/index.php\/2020\/03\/03\/avanza-programa-de-mantenimiento-de-luminarias-en-ciudad-madero\/"},"author":{"name":"El Informativo Tam","@id":"https:\/\/elinformativotam.com\/#\/schema\/person\/78e08040eed0f6110f0c5f83b6153590"},"headline":"AVANZA PROGRAMA DE MANTENIMIENTO DE LUMINARIAS EN CIUDAD MADERO","datePublished":"2020-03-04T02:26:15+00:00","mainEntityOfPage":{"@id":"https:\/\/elinformativotam.com\/index.php\/2020\/03\/03\/avanza-programa-de-mantenimiento-de-luminarias-en-ciudad-madero\/"},"wordCount":173,"commentCount":0,"publisher":{"@id":"https:\/\/elinformativotam.com\/#organization"},"articleSection":["Cd Madero"],"inLanguage":"es","potentialAction":[{"@type":"CommentAction","name":"Comment","target":["https:\/\/elinformativotam.com\/index.php\/2020\/03\/03\/avanza-programa-de-mantenimiento-de-luminarias-en-ciudad-madero\/#respond"]}]},{"@type":"WebPage","@id":"https:\/\/elinformativotam.com\/index.php\/2020\/03\/03\/avanza-programa-de-mantenimiento-de-luminarias-en-ciudad-madero\/","url":"https:\/\/elinformativotam.com\/index.php\/2020\/03\/03\/avanza-programa-de-mantenimiento-de-luminarias-en-ciudad-madero\/","name":"AVANZA PROGRAMA DE MANTENIMIENTO DE LUMINARIAS EN CIUDAD MADERO - EL INFORMATIVO DE TAMAULIPAS","isPartOf":{"@id":"https:\/\/elinformativotam.com\/#website"},"datePublished":"2020-03-04T02:26:15+00:00","description":"Avanza el programa de mantenimiento de estructuras de luminarias ubicadas en principales calles y avenidas de Ciudad Madero, inform\u00f3 Jos\u00e9 Rafael Morales","inLanguage":"es","potentialAction":[{"@type":"ReadAction","target":["https:\/\/elinformativotam.com\/index.php\/2020\/03\/03\/avanza-programa-de-mantenimiento-de-luminarias-en-ciudad-madero\/"]}]},{"@type":"WebSite","@id":"https:\/\/elinformativotam.com\/#website","url":"https:\/\/elinformativotam.com\/","name":"EL INFORMATIVO DE TAMAULIPAS","description":"Desde la Zona Metropolitana Para Todo M\u00e9xico","publisher":{"@id":"https:\/\/elinformativotam.com\/#organization"},"potentialAction":[{"@type":"SearchAction","target":{"@type":"EntryPoint","urlTemplate":"https:\/\/elinformativotam.com\/?s={search_term_string}"},"query-input":{"@type":"PropertyValueSpecification","valueRequired":true,"valueName":"search_term_string"}}],"inLanguage":"es"},{"@type":"Organization","@id":"https:\/\/elinformativotam.com\/#organization","name":"EL INFORMATIVO DE TAMAULIPAS","url":"https:\/\/elinformativotam.com\/","logo":{"@type":"ImageObject","inLanguage":"es","@id":"https:\/\/elinformativotam.com\/#\/schema\/logo\/image\/","url":"https:\/\/elinformativotam.com\/wp-content\/uploads\/2026\/02\/Cabezal.png","contentUrl":"https:\/\/elinformativotam.com\/wp-content\/uploads\/2026\/02\/Cabezal.png","width":960,"height":640,"caption":"EL INFORMATIVO DE TAMAULIPAS"},"image":{"@id":"https:\/\/elinformativotam.com\/#\/schema\/logo\/image\/"}},{"@type":"Person","@id":"https:\/\/elinformativotam.com\/#\/schema\/person\/78e08040eed0f6110f0c5f83b6153590","name":"El Informativo Tam","image":{"@type":"ImageObject","inLanguage":"es","@id":"https:\/\/secure.gravatar.com\/avatar\/f3b7ad3af540688955925ac610647be00b0cf41feea9c4978b73a707ee86bc53?s=96&d=mm&r=g","url":"https:\/\/secure.gravatar.com\/avatar\/f3b7ad3af540688955925ac610647be00b0cf41feea9c4978b73a707ee86bc53?s=96&d=mm&r=g","contentUrl":"https:\/\/secure.gravatar.com\/avatar\/f3b7ad3af540688955925ac610647be00b0cf41feea9c4978b73a707ee86bc53?s=96&d=mm&r=g","caption":"El Informativo Tam"}}]}},"_links":{"self":[{"href":"https:\/\/elinformativotam.com\/index.php\/wp-json\/wp\/v2\/posts\/3223","targetHints":{"allow":["GET"]}}],"collection":[{"href":"https:\/\/elinformativotam.com\/index.php\/wp-json\/wp\/v2\/posts"}],"about":[{"href":"https:\/\/elinformativotam.com\/index.php\/wp-json\/wp\/v2\/types\/post"}],"author":[{"embeddable":true,"href":"https:\/\/elinformativotam.com\/index.php\/wp-json\/wp\/v2\/users\/1"}],"replies":[{"embeddable":true,"href":"https:\/\/elinformativotam.com\/index.php\/wp-json\/wp\/v2\/comments?post=3223"}],"version-history":[{"count":0,"href":"https:\/\/elinformativotam.com\/index.php\/wp-json\/wp\/v2\/posts\/3223\/revisions"}],"wp:attachment":[{"href":"https:\/\/elinformativotam.com\/index.php\/wp-json\/wp\/v2\/media?parent=3223"}],"wp:term":[{"taxonomy":"category","embeddable":true,"href":"https:\/\/elinformativotam.com\/index.php\/wp-json\/wp\/v2\/categories?post=3223"},{"taxonomy":"post_tag","embeddable":true,"href":"https:\/\/elinformativotam.com\/index.php\/wp-json\/wp\/v2\/tags?post=3223"}],"curies":[{"name":"wp","href":"https:\/\/api.w.org\/{rel}","templated":true}]}}