{"id":3216,"date":"2020-03-03T19:45:21","date_gmt":"2020-03-04T01:45:21","guid":{"rendered":"http:\/\/elinformativotam.com\/?p=3216"},"modified":"2020-03-03T19:46:21","modified_gmt":"2020-03-04T01:46:21","slug":"3216","status":"publish","type":"post","link":"https:\/\/elinformativotam.com\/index.php\/2020\/03\/03\/3216\/","title":{"rendered":"ENTREGA GOBIERNO DE ALTAMIRA APOYOS A DESTACADOS DEPORTISTAS"},"content":{"rendered":"<h2><em><strong>*A Alumnos Que Acudir\u00e1n A La Fase Estatal De Los Juegos Deportivos Nacionales Escolares De Educaci\u00f3n B\u00e1sica, Y Al Voleibolista Jonathan Didier Fuentes Estophier, Integrante De La Selecci\u00f3n Nacional De Voleibol<\/strong><\/em><\/h2>\n<p>&nbsp;<\/p>\n<p>Refrendando su irrestricto apoyo al deporte, el Gobierno Municipal de Altamira, que preside la alcaldesa Alma Laura Ampar\u00e1n Cruz, entreg\u00f3 apoyos a destacados alumnos deportistas altamirenses que acudir\u00e1n a la fase estatal de los Juegos Deportivos Nacionales Escolares de Educaci\u00f3n B\u00e1sica, a efectuarse en Ciudad Victoria.<\/p>\n<p>&nbsp;<\/p>\n<p>El secretario de Bienestar Social, Alfredo Polanco Aguilar, a nombre de la presidenta municipal Alma Laura Ampar\u00e1n, hizo entrega de esa ayuda a los deportistas que participar\u00e1n en las disciplinas de atletismo, b\u00e9isbol y Tae Kwon do, del 4 al 12 de marzo del a\u00f1o en curso en la capital del Estado.<\/p>\n<p>&nbsp;<\/p>\n<p>Los exhort\u00f3 a dar lo mejor de s\u00ed y a poner muy en alto el nombre del municipio en esa justa deportiva, ya que Altamira es una tierra de campeones y de grandes deportistas de orgullo tamaulipeco.<\/p>\n<p>&nbsp;<\/p>\n<p><img loading=\"lazy\" decoding=\"async\" class=\"wp-image-3215 alignleft\" src=\"https:\/\/elinformativotam.com\/wp-content\/uploads\/2020\/03\/premio-300x225.jpg\" alt=\"\" width=\"516\" height=\"387\" \/><\/p>\n<p>Por su parte, el supervisor de Educaci\u00f3n F\u00edsica en Altamira, Luis Manuel Hern\u00e1ndez Peralta agradeci\u00f3 a la alcaldesa Alma Laura Ampar\u00e1n Cruz este importante est\u00edmulo que permite a los infantes que competir\u00e1n en las citadas disciplinas deportivas representar, de todo coraz\u00f3n, al municipio de Altamira con miras a la fase nacional de los Juegos Deportivos Nacionales Escolares de Educaci\u00f3n B\u00e1sica.<\/p>\n<p>&nbsp;<\/p>\n<p>De igual manera, se proporcion\u00f3 un apoyo al voleibolista altamirense Jonathan Didier Fuentes Estophier, quien acudir\u00e1 como integrante de la Selecci\u00f3n Nacional de Voleibol al Festival Internacional de esa disciplina, que se llevar\u00e1 a cabo del 8 al 14 de junio en la ciudad de Albena, Bulgaria.<\/p>\n<p>&nbsp;<\/p>\n<p>Tambi\u00e9n estuvieron presentes, los directores de Educaci\u00f3n y de Deportes, Jos\u00e9 Antonio Chong Mart\u00ednez y N\u00e9stor Abraham Puente Jasso, as\u00ed como maestros y padres de familia.<\/p>\n","protected":false},"excerpt":{"rendered":"<p>*A Alumnos Que Acudir\u00e1n A La Fase Estatal De Los Juegos Deportivos Nacionales Escolares De Educaci\u00f3n B\u00e1sica, Y Al Voleibolista&hellip;<\/p>\n","protected":false},"author":1,"featured_media":0,"comment_status":"open","ping_status":"open","sticky":false,"template":"","format":"standard","meta":{"footnotes":""},"categories":[5],"tags":[],"class_list":["post-3216","post","type-post","status-publish","format-standard","hentry","category-altamira"],"yoast_head":"<!-- This site is optimized with the Yoast SEO plugin v27.5 - https:\/\/yoast.com\/product\/yoast-seo-wordpress\/ -->\n<title>ENTREGA GOBIERNO DE ALTAMIRA APOYOS A DESTACADOS DEPORTISTAS - EL INFORMATIVO DE TAMAULIPAS<\/title>\n<meta name=\"description\" content=\"*A Alumnos Que Acudir\u00e1n A La Fase Estatal De Los Juegos Deportivos Nacionales Escolares De Educaci\u00f3n B\u00e1sica, Y Al Voleibolista Jonathan Didier Fuentes\" \/>\n<meta name=\"robots\" content=\"index, follow, max-snippet:-1, max-image-preview:large, max-video-preview:-1\" \/>\n<link rel=\"canonical\" href=\"https:\/\/elinformativotam.com\/index.php\/2020\/03\/03\/3216\/\" \/>\n<meta property=\"og:locale\" content=\"es_MX\" \/>\n<meta property=\"og:type\" content=\"article\" \/>\n<meta property=\"og:title\" content=\"ENTREGA GOBIERNO DE ALTAMIRA APOYOS A DESTACADOS DEPORTISTAS - EL INFORMATIVO DE TAMAULIPAS\" \/>\n<meta property=\"og:description\" content=\"*A Alumnos Que Acudir\u00e1n A La Fase Estatal De Los Juegos Deportivos Nacionales Escolares De Educaci\u00f3n B\u00e1sica, Y Al Voleibolista Jonathan Didier Fuentes\" \/>\n<meta property=\"og:url\" content=\"https:\/\/elinformativotam.com\/index.php\/2020\/03\/03\/3216\/\" \/>\n<meta property=\"og:site_name\" content=\"EL INFORMATIVO DE TAMAULIPAS\" \/>\n<meta property=\"article:published_time\" content=\"2020-03-04T01:45:21+00:00\" \/>\n<meta property=\"article:modified_time\" content=\"2020-03-04T01:46:21+00:00\" \/>\n<meta property=\"og:image\" content=\"http:\/\/elinformativotam.com\/wp-content\/uploads\/2020\/03\/premio-300x225.jpg\" \/>\n<meta name=\"author\" content=\"El Informativo Tam\" \/>\n<meta name=\"twitter:card\" content=\"summary_large_image\" \/>\n<meta name=\"twitter:label1\" content=\"Escrito por\" \/>\n\t<meta name=\"twitter:data1\" content=\"El Informativo Tam\" \/>\n\t<meta name=\"twitter:label2\" content=\"Tiempo de lectura\" \/>\n\t<meta name=\"twitter:data2\" content=\"2 minutos\" \/>\n<script type=\"application\/ld+json\" class=\"yoast-schema-graph\">{\"@context\":\"https:\\\/\\\/schema.org\",\"@graph\":[{\"@type\":\"Article\",\"@id\":\"https:\\\/\\\/elinformativotam.com\\\/index.php\\\/2020\\\/03\\\/03\\\/3216\\\/#article\",\"isPartOf\":{\"@id\":\"https:\\\/\\\/elinformativotam.com\\\/index.php\\\/2020\\\/03\\\/03\\\/3216\\\/\"},\"author\":{\"name\":\"El Informativo Tam\",\"@id\":\"https:\\\/\\\/elinformativotam.com\\\/#\\\/schema\\\/person\\\/78e08040eed0f6110f0c5f83b6153590\"},\"headline\":\"ENTREGA GOBIERNO DE ALTAMIRA APOYOS A DESTACADOS DEPORTISTAS\",\"datePublished\":\"2020-03-04T01:45:21+00:00\",\"dateModified\":\"2020-03-04T01:46:21+00:00\",\"mainEntityOfPage\":{\"@id\":\"https:\\\/\\\/elinformativotam.com\\\/index.php\\\/2020\\\/03\\\/03\\\/3216\\\/\"},\"wordCount\":335,\"commentCount\":0,\"publisher\":{\"@id\":\"https:\\\/\\\/elinformativotam.com\\\/#organization\"},\"image\":{\"@id\":\"https:\\\/\\\/elinformativotam.com\\\/index.php\\\/2020\\\/03\\\/03\\\/3216\\\/#primaryimage\"},\"thumbnailUrl\":\"http:\\\/\\\/elinformativotam.com\\\/wp-content\\\/uploads\\\/2020\\\/03\\\/premio-300x225.jpg\",\"articleSection\":[\"Altamira\"],\"inLanguage\":\"es\",\"potentialAction\":[{\"@type\":\"CommentAction\",\"name\":\"Comment\",\"target\":[\"https:\\\/\\\/elinformativotam.com\\\/index.php\\\/2020\\\/03\\\/03\\\/3216\\\/#respond\"]}]},{\"@type\":\"WebPage\",\"@id\":\"https:\\\/\\\/elinformativotam.com\\\/index.php\\\/2020\\\/03\\\/03\\\/3216\\\/\",\"url\":\"https:\\\/\\\/elinformativotam.com\\\/index.php\\\/2020\\\/03\\\/03\\\/3216\\\/\",\"name\":\"ENTREGA GOBIERNO DE ALTAMIRA APOYOS A DESTACADOS DEPORTISTAS - EL INFORMATIVO DE TAMAULIPAS\",\"isPartOf\":{\"@id\":\"https:\\\/\\\/elinformativotam.com\\\/#website\"},\"primaryImageOfPage\":{\"@id\":\"https:\\\/\\\/elinformativotam.com\\\/index.php\\\/2020\\\/03\\\/03\\\/3216\\\/#primaryimage\"},\"image\":{\"@id\":\"https:\\\/\\\/elinformativotam.com\\\/index.php\\\/2020\\\/03\\\/03\\\/3216\\\/#primaryimage\"},\"thumbnailUrl\":\"http:\\\/\\\/elinformativotam.com\\\/wp-content\\\/uploads\\\/2020\\\/03\\\/premio-300x225.jpg\",\"datePublished\":\"2020-03-04T01:45:21+00:00\",\"dateModified\":\"2020-03-04T01:46:21+00:00\",\"description\":\"*A Alumnos Que Acudir\u00e1n A La Fase Estatal De Los Juegos Deportivos Nacionales Escolares De Educaci\u00f3n B\u00e1sica, Y Al Voleibolista Jonathan Didier Fuentes\",\"inLanguage\":\"es\",\"potentialAction\":[{\"@type\":\"ReadAction\",\"target\":[\"https:\\\/\\\/elinformativotam.com\\\/index.php\\\/2020\\\/03\\\/03\\\/3216\\\/\"]}]},{\"@type\":\"ImageObject\",\"inLanguage\":\"es\",\"@id\":\"https:\\\/\\\/elinformativotam.com\\\/index.php\\\/2020\\\/03\\\/03\\\/3216\\\/#primaryimage\",\"url\":\"http:\\\/\\\/elinformativotam.com\\\/wp-content\\\/uploads\\\/2020\\\/03\\\/premio-300x225.jpg\",\"contentUrl\":\"http:\\\/\\\/elinformativotam.com\\\/wp-content\\\/uploads\\\/2020\\\/03\\\/premio-300x225.jpg\"},{\"@type\":\"WebSite\",\"@id\":\"https:\\\/\\\/elinformativotam.com\\\/#website\",\"url\":\"https:\\\/\\\/elinformativotam.com\\\/\",\"name\":\"EL INFORMATIVO DE TAMAULIPAS\",\"description\":\"Desde la Zona Metropolitana Para Todo M\u00e9xico\",\"publisher\":{\"@id\":\"https:\\\/\\\/elinformativotam.com\\\/#organization\"},\"potentialAction\":[{\"@type\":\"SearchAction\",\"target\":{\"@type\":\"EntryPoint\",\"urlTemplate\":\"https:\\\/\\\/elinformativotam.com\\\/?s={search_term_string}\"},\"query-input\":{\"@type\":\"PropertyValueSpecification\",\"valueRequired\":true,\"valueName\":\"search_term_string\"}}],\"inLanguage\":\"es\"},{\"@type\":\"Organization\",\"@id\":\"https:\\\/\\\/elinformativotam.com\\\/#organization\",\"name\":\"EL INFORMATIVO DE TAMAULIPAS\",\"url\":\"https:\\\/\\\/elinformativotam.com\\\/\",\"logo\":{\"@type\":\"ImageObject\",\"inLanguage\":\"es\",\"@id\":\"https:\\\/\\\/elinformativotam.com\\\/#\\\/schema\\\/logo\\\/image\\\/\",\"url\":\"https:\\\/\\\/elinformativotam.com\\\/wp-content\\\/uploads\\\/2026\\\/02\\\/Cabezal.png\",\"contentUrl\":\"https:\\\/\\\/elinformativotam.com\\\/wp-content\\\/uploads\\\/2026\\\/02\\\/Cabezal.png\",\"width\":960,\"height\":640,\"caption\":\"EL INFORMATIVO DE TAMAULIPAS\"},\"image\":{\"@id\":\"https:\\\/\\\/elinformativotam.com\\\/#\\\/schema\\\/logo\\\/image\\\/\"}},{\"@type\":\"Person\",\"@id\":\"https:\\\/\\\/elinformativotam.com\\\/#\\\/schema\\\/person\\\/78e08040eed0f6110f0c5f83b6153590\",\"name\":\"El Informativo Tam\",\"image\":{\"@type\":\"ImageObject\",\"inLanguage\":\"es\",\"@id\":\"https:\\\/\\\/secure.gravatar.com\\\/avatar\\\/f3b7ad3af540688955925ac610647be00b0cf41feea9c4978b73a707ee86bc53?s=96&d=mm&r=g\",\"url\":\"https:\\\/\\\/secure.gravatar.com\\\/avatar\\\/f3b7ad3af540688955925ac610647be00b0cf41feea9c4978b73a707ee86bc53?s=96&d=mm&r=g\",\"contentUrl\":\"https:\\\/\\\/secure.gravatar.com\\\/avatar\\\/f3b7ad3af540688955925ac610647be00b0cf41feea9c4978b73a707ee86bc53?s=96&d=mm&r=g\",\"caption\":\"El Informativo Tam\"}}]}<\/script>\n<!-- \/ Yoast SEO plugin. -->","yoast_head_json":{"title":"ENTREGA GOBIERNO DE ALTAMIRA APOYOS A DESTACADOS DEPORTISTAS - EL INFORMATIVO DE TAMAULIPAS","description":"*A Alumnos Que Acudir\u00e1n A La Fase Estatal De Los Juegos Deportivos Nacionales Escolares De Educaci\u00f3n B\u00e1sica, Y Al Voleibolista Jonathan Didier Fuentes","robots":{"index":"index","follow":"follow","max-snippet":"max-snippet:-1","max-image-preview":"max-image-preview:large","max-video-preview":"max-video-preview:-1"},"canonical":"https:\/\/elinformativotam.com\/index.php\/2020\/03\/03\/3216\/","og_locale":"es_MX","og_type":"article","og_title":"ENTREGA GOBIERNO DE ALTAMIRA APOYOS A DESTACADOS DEPORTISTAS - EL INFORMATIVO DE TAMAULIPAS","og_description":"*A Alumnos Que Acudir\u00e1n A La Fase Estatal De Los Juegos Deportivos Nacionales Escolares De Educaci\u00f3n B\u00e1sica, Y Al Voleibolista Jonathan Didier Fuentes","og_url":"https:\/\/elinformativotam.com\/index.php\/2020\/03\/03\/3216\/","og_site_name":"EL INFORMATIVO DE TAMAULIPAS","article_published_time":"2020-03-04T01:45:21+00:00","article_modified_time":"2020-03-04T01:46:21+00:00","og_image":[{"url":"http:\/\/elinformativotam.com\/wp-content\/uploads\/2020\/03\/premio-300x225.jpg","type":"","width":"","height":""}],"author":"El Informativo Tam","twitter_card":"summary_large_image","twitter_misc":{"Escrito por":"El Informativo Tam","Tiempo de lectura":"2 minutos"},"schema":{"@context":"https:\/\/schema.org","@graph":[{"@type":"Article","@id":"https:\/\/elinformativotam.com\/index.php\/2020\/03\/03\/3216\/#article","isPartOf":{"@id":"https:\/\/elinformativotam.com\/index.php\/2020\/03\/03\/3216\/"},"author":{"name":"El Informativo Tam","@id":"https:\/\/elinformativotam.com\/#\/schema\/person\/78e08040eed0f6110f0c5f83b6153590"},"headline":"ENTREGA GOBIERNO DE ALTAMIRA APOYOS A DESTACADOS DEPORTISTAS","datePublished":"2020-03-04T01:45:21+00:00","dateModified":"2020-03-04T01:46:21+00:00","mainEntityOfPage":{"@id":"https:\/\/elinformativotam.com\/index.php\/2020\/03\/03\/3216\/"},"wordCount":335,"commentCount":0,"publisher":{"@id":"https:\/\/elinformativotam.com\/#organization"},"image":{"@id":"https:\/\/elinformativotam.com\/index.php\/2020\/03\/03\/3216\/#primaryimage"},"thumbnailUrl":"http:\/\/elinformativotam.com\/wp-content\/uploads\/2020\/03\/premio-300x225.jpg","articleSection":["Altamira"],"inLanguage":"es","potentialAction":[{"@type":"CommentAction","name":"Comment","target":["https:\/\/elinformativotam.com\/index.php\/2020\/03\/03\/3216\/#respond"]}]},{"@type":"WebPage","@id":"https:\/\/elinformativotam.com\/index.php\/2020\/03\/03\/3216\/","url":"https:\/\/elinformativotam.com\/index.php\/2020\/03\/03\/3216\/","name":"ENTREGA GOBIERNO DE ALTAMIRA APOYOS A DESTACADOS DEPORTISTAS - EL INFORMATIVO DE TAMAULIPAS","isPartOf":{"@id":"https:\/\/elinformativotam.com\/#website"},"primaryImageOfPage":{"@id":"https:\/\/elinformativotam.com\/index.php\/2020\/03\/03\/3216\/#primaryimage"},"image":{"@id":"https:\/\/elinformativotam.com\/index.php\/2020\/03\/03\/3216\/#primaryimage"},"thumbnailUrl":"http:\/\/elinformativotam.com\/wp-content\/uploads\/2020\/03\/premio-300x225.jpg","datePublished":"2020-03-04T01:45:21+00:00","dateModified":"2020-03-04T01:46:21+00:00","description":"*A Alumnos Que Acudir\u00e1n A La Fase Estatal De Los Juegos Deportivos Nacionales Escolares De Educaci\u00f3n B\u00e1sica, Y Al Voleibolista Jonathan Didier Fuentes","inLanguage":"es","potentialAction":[{"@type":"ReadAction","target":["https:\/\/elinformativotam.com\/index.php\/2020\/03\/03\/3216\/"]}]},{"@type":"ImageObject","inLanguage":"es","@id":"https:\/\/elinformativotam.com\/index.php\/2020\/03\/03\/3216\/#primaryimage","url":"http:\/\/elinformativotam.com\/wp-content\/uploads\/2020\/03\/premio-300x225.jpg","contentUrl":"http:\/\/elinformativotam.com\/wp-content\/uploads\/2020\/03\/premio-300x225.jpg"},{"@type":"WebSite","@id":"https:\/\/elinformativotam.com\/#website","url":"https:\/\/elinformativotam.com\/","name":"EL INFORMATIVO DE TAMAULIPAS","description":"Desde la Zona Metropolitana Para Todo M\u00e9xico","publisher":{"@id":"https:\/\/elinformativotam.com\/#organization"},"potentialAction":[{"@type":"SearchAction","target":{"@type":"EntryPoint","urlTemplate":"https:\/\/elinformativotam.com\/?s={search_term_string}"},"query-input":{"@type":"PropertyValueSpecification","valueRequired":true,"valueName":"search_term_string"}}],"inLanguage":"es"},{"@type":"Organization","@id":"https:\/\/elinformativotam.com\/#organization","name":"EL INFORMATIVO DE TAMAULIPAS","url":"https:\/\/elinformativotam.com\/","logo":{"@type":"ImageObject","inLanguage":"es","@id":"https:\/\/elinformativotam.com\/#\/schema\/logo\/image\/","url":"https:\/\/elinformativotam.com\/wp-content\/uploads\/2026\/02\/Cabezal.png","contentUrl":"https:\/\/elinformativotam.com\/wp-content\/uploads\/2026\/02\/Cabezal.png","width":960,"height":640,"caption":"EL INFORMATIVO DE TAMAULIPAS"},"image":{"@id":"https:\/\/elinformativotam.com\/#\/schema\/logo\/image\/"}},{"@type":"Person","@id":"https:\/\/elinformativotam.com\/#\/schema\/person\/78e08040eed0f6110f0c5f83b6153590","name":"El Informativo Tam","image":{"@type":"ImageObject","inLanguage":"es","@id":"https:\/\/secure.gravatar.com\/avatar\/f3b7ad3af540688955925ac610647be00b0cf41feea9c4978b73a707ee86bc53?s=96&d=mm&r=g","url":"https:\/\/secure.gravatar.com\/avatar\/f3b7ad3af540688955925ac610647be00b0cf41feea9c4978b73a707ee86bc53?s=96&d=mm&r=g","contentUrl":"https:\/\/secure.gravatar.com\/avatar\/f3b7ad3af540688955925ac610647be00b0cf41feea9c4978b73a707ee86bc53?s=96&d=mm&r=g","caption":"El Informativo Tam"}}]}},"_links":{"self":[{"href":"https:\/\/elinformativotam.com\/index.php\/wp-json\/wp\/v2\/posts\/3216","targetHints":{"allow":["GET"]}}],"collection":[{"href":"https:\/\/elinformativotam.com\/index.php\/wp-json\/wp\/v2\/posts"}],"about":[{"href":"https:\/\/elinformativotam.com\/index.php\/wp-json\/wp\/v2\/types\/post"}],"author":[{"embeddable":true,"href":"https:\/\/elinformativotam.com\/index.php\/wp-json\/wp\/v2\/users\/1"}],"replies":[{"embeddable":true,"href":"https:\/\/elinformativotam.com\/index.php\/wp-json\/wp\/v2\/comments?post=3216"}],"version-history":[{"count":0,"href":"https:\/\/elinformativotam.com\/index.php\/wp-json\/wp\/v2\/posts\/3216\/revisions"}],"wp:attachment":[{"href":"https:\/\/elinformativotam.com\/index.php\/wp-json\/wp\/v2\/media?parent=3216"}],"wp:term":[{"taxonomy":"category","embeddable":true,"href":"https:\/\/elinformativotam.com\/index.php\/wp-json\/wp\/v2\/categories?post=3216"},{"taxonomy":"post_tag","embeddable":true,"href":"https:\/\/elinformativotam.com\/index.php\/wp-json\/wp\/v2\/tags?post=3216"}],"curies":[{"name":"wp","href":"https:\/\/api.w.org\/{rel}","templated":true}]}}