{"id":32140,"date":"2022-06-14T18:26:44","date_gmt":"2022-06-15T00:26:44","guid":{"rendered":"https:\/\/elinformativotam.com\/?p=32140"},"modified":"2022-06-14T18:26:44","modified_gmt":"2022-06-15T00:26:44","slug":"no-se-debe-essconder-sospechosos-de-covid-en-escuelas","status":"publish","type":"post","link":"https:\/\/elinformativotam.com\/index.php\/2022\/06\/14\/no-se-debe-essconder-sospechosos-de-covid-en-escuelas\/","title":{"rendered":"No Se Debe Essconder Sospechosos De COVID En Escuelas."},"content":{"rendered":"<h2 style=\"text-align: center;\">\n<em>* Algunas Escuelas Particulares Han Suspendido Labores.\u00a0<\/em><\/h2>\n<p><em>presencial debido a presi\u00f3n de padres de familia, pues a pesar de que los contagios se han dado en un solo grupo, comparten el entorno.<\/em><br \/>\n<em>ALTAMIRA, TAM.- Con el fin de evitar una saturaci\u00f3n del sistema de salud p\u00fablica en el municipio de Altamira, la Direcci\u00f3n de Educaci\u00f3n en el municipio, exhorto a los directivos de instituciones p\u00fablicas a no ocultar los casos sospechosos de Covid 19 y de ser necesario suspender actividades de manera presencial en lo que se descarta si existen positivos.<\/em><\/p>\n<p><em>Hasta el momento no hay escuelas que hayan suspendido clases presenciales de manera oficial como en Tampico o Madero, sin embargo los padres de familia han dado a conocer a este medio de comunicaron que si existen casos sospechosos en algunas escuelas de nivel b\u00e1sico, principalmente particulares, como el ICEST Altamira, donde se han suspendido labores de forma presencial en algunos grupos, ante la presi\u00f3n de padres de familia, debido a que comparten el entorno, como son ba\u00f1os y pasamanos de escaleras.<\/em><\/p>\n<p><em>De acuerdo a la versi\u00f3n del municipio, las escuelas no est\u00e1n oblicuadas a notific\u00e1rselo, pero si a la autoridad en salud, por lo que de cualquier manera es importante tomar medidas de prevenci\u00f3n, pues hasta el momento, solo una escuela p\u00fablica, pidi\u00f3 la sanitizacion de sus instalaciones, pues no se han reportado de manera precisa que haya ni\u00f1os afectados por contagios.<\/em><\/p>\n<p><em>Cabe destacar que la escuela de petroqu\u00edmicos se fue a clases en l\u00ednea debido a que no ten\u00edan energ\u00eda el\u00e9ctrica, se platico con la supervisora de la zona, se est\u00e1 trabajando con los directores para atender la situaci\u00f3n, la cual debe quedar este mismo martes, &#8220;nos compete apoyar a las instituciones, hab\u00eda llamados de padres de familia para poder apoyarlos con la bajada de energ\u00eda el\u00e9ctrica, servicios p\u00fablicos&#8221;.<\/em><\/p>\n","protected":false},"excerpt":{"rendered":"<p>* Algunas Escuelas Particulares Han Suspendido Labores.\u00a0 presencial debido a presi\u00f3n de padres de familia, pues a pesar de que&hellip;<\/p>\n","protected":false},"author":1,"featured_media":32141,"comment_status":"open","ping_status":"open","sticky":false,"template":"","format":"standard","meta":{"footnotes":""},"categories":[5],"tags":[],"class_list":["post-32140","post","type-post","status-publish","format-standard","has-post-thumbnail","hentry","category-altamira"],"yoast_head":"<!-- This site is optimized with the Yoast SEO plugin v27.4 - https:\/\/yoast.com\/product\/yoast-seo-wordpress\/ -->\n<title>No Se Debe Essconder Sospechosos De COVID En Escuelas. - EL INFORMATIVO DE TAMAULIPAS<\/title>\n<meta name=\"description\" content=\"* Algunas Escuelas Particulares Han Suspendido Labores.\u00a0 presencial debido a presi\u00f3n de padres de familia, pues a pesar de que los contagios se han dado\" \/>\n<meta name=\"robots\" content=\"index, follow, max-snippet:-1, max-image-preview:large, max-video-preview:-1\" \/>\n<link rel=\"canonical\" href=\"https:\/\/elinformativotam.com\/index.php\/2022\/06\/14\/no-se-debe-essconder-sospechosos-de-covid-en-escuelas\/\" \/>\n<meta property=\"og:locale\" content=\"es_MX\" \/>\n<meta property=\"og:type\" content=\"article\" \/>\n<meta property=\"og:title\" content=\"No Se Debe Essconder Sospechosos De COVID En Escuelas. - EL INFORMATIVO DE TAMAULIPAS\" \/>\n<meta property=\"og:description\" content=\"* Algunas Escuelas Particulares Han Suspendido Labores.\u00a0 presencial debido a presi\u00f3n de padres de familia, pues a pesar de que los contagios se han dado\" \/>\n<meta property=\"og:url\" content=\"https:\/\/elinformativotam.com\/index.php\/2022\/06\/14\/no-se-debe-essconder-sospechosos-de-covid-en-escuelas\/\" \/>\n<meta property=\"og:site_name\" content=\"EL INFORMATIVO DE TAMAULIPAS\" \/>\n<meta property=\"article:published_time\" content=\"2022-06-15T00:26:44+00:00\" \/>\n<meta property=\"og:image\" content=\"https:\/\/elinformativotam.com\/wp-content\/uploads\/2022\/06\/IMG-20220614-WA0101.jpg\" \/>\n\t<meta property=\"og:image:width\" content=\"1600\" \/>\n\t<meta property=\"og:image:height\" content=\"1200\" \/>\n\t<meta property=\"og:image:type\" content=\"image\/jpeg\" \/>\n<meta name=\"author\" content=\"El Informativo Tam\" \/>\n<meta name=\"twitter:card\" content=\"summary_large_image\" \/>\n<meta name=\"twitter:label1\" content=\"Escrito por\" \/>\n\t<meta name=\"twitter:data1\" content=\"El Informativo Tam\" \/>\n\t<meta name=\"twitter:label2\" content=\"Tiempo de lectura\" \/>\n\t<meta name=\"twitter:data2\" content=\"2 minutos\" \/>\n<script type=\"application\/ld+json\" class=\"yoast-schema-graph\">{\"@context\":\"https:\\\/\\\/schema.org\",\"@graph\":[{\"@type\":\"Article\",\"@id\":\"https:\\\/\\\/elinformativotam.com\\\/index.php\\\/2022\\\/06\\\/14\\\/no-se-debe-essconder-sospechosos-de-covid-en-escuelas\\\/#article\",\"isPartOf\":{\"@id\":\"https:\\\/\\\/elinformativotam.com\\\/index.php\\\/2022\\\/06\\\/14\\\/no-se-debe-essconder-sospechosos-de-covid-en-escuelas\\\/\"},\"author\":{\"name\":\"El Informativo Tam\",\"@id\":\"https:\\\/\\\/elinformativotam.com\\\/#\\\/schema\\\/person\\\/78e08040eed0f6110f0c5f83b6153590\"},\"headline\":\"No Se Debe Essconder Sospechosos De COVID En Escuelas.\",\"datePublished\":\"2022-06-15T00:26:44+00:00\",\"mainEntityOfPage\":{\"@id\":\"https:\\\/\\\/elinformativotam.com\\\/index.php\\\/2022\\\/06\\\/14\\\/no-se-debe-essconder-sospechosos-de-covid-en-escuelas\\\/\"},\"wordCount\":335,\"commentCount\":0,\"publisher\":{\"@id\":\"https:\\\/\\\/elinformativotam.com\\\/#organization\"},\"image\":{\"@id\":\"https:\\\/\\\/elinformativotam.com\\\/index.php\\\/2022\\\/06\\\/14\\\/no-se-debe-essconder-sospechosos-de-covid-en-escuelas\\\/#primaryimage\"},\"thumbnailUrl\":\"https:\\\/\\\/elinformativotam.com\\\/wp-content\\\/uploads\\\/2022\\\/06\\\/IMG-20220614-WA0101.jpg\",\"articleSection\":[\"Altamira\"],\"inLanguage\":\"es\",\"potentialAction\":[{\"@type\":\"CommentAction\",\"name\":\"Comment\",\"target\":[\"https:\\\/\\\/elinformativotam.com\\\/index.php\\\/2022\\\/06\\\/14\\\/no-se-debe-essconder-sospechosos-de-covid-en-escuelas\\\/#respond\"]}]},{\"@type\":\"WebPage\",\"@id\":\"https:\\\/\\\/elinformativotam.com\\\/index.php\\\/2022\\\/06\\\/14\\\/no-se-debe-essconder-sospechosos-de-covid-en-escuelas\\\/\",\"url\":\"https:\\\/\\\/elinformativotam.com\\\/index.php\\\/2022\\\/06\\\/14\\\/no-se-debe-essconder-sospechosos-de-covid-en-escuelas\\\/\",\"name\":\"No Se Debe Essconder Sospechosos De COVID En Escuelas. - EL INFORMATIVO DE TAMAULIPAS\",\"isPartOf\":{\"@id\":\"https:\\\/\\\/elinformativotam.com\\\/#website\"},\"primaryImageOfPage\":{\"@id\":\"https:\\\/\\\/elinformativotam.com\\\/index.php\\\/2022\\\/06\\\/14\\\/no-se-debe-essconder-sospechosos-de-covid-en-escuelas\\\/#primaryimage\"},\"image\":{\"@id\":\"https:\\\/\\\/elinformativotam.com\\\/index.php\\\/2022\\\/06\\\/14\\\/no-se-debe-essconder-sospechosos-de-covid-en-escuelas\\\/#primaryimage\"},\"thumbnailUrl\":\"https:\\\/\\\/elinformativotam.com\\\/wp-content\\\/uploads\\\/2022\\\/06\\\/IMG-20220614-WA0101.jpg\",\"datePublished\":\"2022-06-15T00:26:44+00:00\",\"description\":\"* Algunas Escuelas Particulares Han Suspendido Labores.\u00a0 presencial debido a presi\u00f3n de padres de familia, pues a pesar de que los contagios se han dado\",\"inLanguage\":\"es\",\"potentialAction\":[{\"@type\":\"ReadAction\",\"target\":[\"https:\\\/\\\/elinformativotam.com\\\/index.php\\\/2022\\\/06\\\/14\\\/no-se-debe-essconder-sospechosos-de-covid-en-escuelas\\\/\"]}]},{\"@type\":\"ImageObject\",\"inLanguage\":\"es\",\"@id\":\"https:\\\/\\\/elinformativotam.com\\\/index.php\\\/2022\\\/06\\\/14\\\/no-se-debe-essconder-sospechosos-de-covid-en-escuelas\\\/#primaryimage\",\"url\":\"https:\\\/\\\/elinformativotam.com\\\/wp-content\\\/uploads\\\/2022\\\/06\\\/IMG-20220614-WA0101.jpg\",\"contentUrl\":\"https:\\\/\\\/elinformativotam.com\\\/wp-content\\\/uploads\\\/2022\\\/06\\\/IMG-20220614-WA0101.jpg\",\"width\":1600,\"height\":1200},{\"@type\":\"WebSite\",\"@id\":\"https:\\\/\\\/elinformativotam.com\\\/#website\",\"url\":\"https:\\\/\\\/elinformativotam.com\\\/\",\"name\":\"EL INFORMATIVO DE TAMAULIPAS\",\"description\":\"Desde la Zona Metropolitana Para Todo M\u00e9xico\",\"publisher\":{\"@id\":\"https:\\\/\\\/elinformativotam.com\\\/#organization\"},\"potentialAction\":[{\"@type\":\"SearchAction\",\"target\":{\"@type\":\"EntryPoint\",\"urlTemplate\":\"https:\\\/\\\/elinformativotam.com\\\/?s={search_term_string}\"},\"query-input\":{\"@type\":\"PropertyValueSpecification\",\"valueRequired\":true,\"valueName\":\"search_term_string\"}}],\"inLanguage\":\"es\"},{\"@type\":\"Organization\",\"@id\":\"https:\\\/\\\/elinformativotam.com\\\/#organization\",\"name\":\"EL INFORMATIVO DE TAMAULIPAS\",\"url\":\"https:\\\/\\\/elinformativotam.com\\\/\",\"logo\":{\"@type\":\"ImageObject\",\"inLanguage\":\"es\",\"@id\":\"https:\\\/\\\/elinformativotam.com\\\/#\\\/schema\\\/logo\\\/image\\\/\",\"url\":\"https:\\\/\\\/elinformativotam.com\\\/wp-content\\\/uploads\\\/2026\\\/02\\\/Cabezal.png\",\"contentUrl\":\"https:\\\/\\\/elinformativotam.com\\\/wp-content\\\/uploads\\\/2026\\\/02\\\/Cabezal.png\",\"width\":960,\"height\":640,\"caption\":\"EL INFORMATIVO DE TAMAULIPAS\"},\"image\":{\"@id\":\"https:\\\/\\\/elinformativotam.com\\\/#\\\/schema\\\/logo\\\/image\\\/\"}},{\"@type\":\"Person\",\"@id\":\"https:\\\/\\\/elinformativotam.com\\\/#\\\/schema\\\/person\\\/78e08040eed0f6110f0c5f83b6153590\",\"name\":\"El Informativo Tam\",\"image\":{\"@type\":\"ImageObject\",\"inLanguage\":\"es\",\"@id\":\"https:\\\/\\\/secure.gravatar.com\\\/avatar\\\/f3b7ad3af540688955925ac610647be00b0cf41feea9c4978b73a707ee86bc53?s=96&d=mm&r=g\",\"url\":\"https:\\\/\\\/secure.gravatar.com\\\/avatar\\\/f3b7ad3af540688955925ac610647be00b0cf41feea9c4978b73a707ee86bc53?s=96&d=mm&r=g\",\"contentUrl\":\"https:\\\/\\\/secure.gravatar.com\\\/avatar\\\/f3b7ad3af540688955925ac610647be00b0cf41feea9c4978b73a707ee86bc53?s=96&d=mm&r=g\",\"caption\":\"El Informativo Tam\"}}]}<\/script>\n<!-- \/ Yoast SEO plugin. -->","yoast_head_json":{"title":"No Se Debe Essconder Sospechosos De COVID En Escuelas. - EL INFORMATIVO DE TAMAULIPAS","description":"* Algunas Escuelas Particulares Han Suspendido Labores.\u00a0 presencial debido a presi\u00f3n de padres de familia, pues a pesar de que los contagios se han dado","robots":{"index":"index","follow":"follow","max-snippet":"max-snippet:-1","max-image-preview":"max-image-preview:large","max-video-preview":"max-video-preview:-1"},"canonical":"https:\/\/elinformativotam.com\/index.php\/2022\/06\/14\/no-se-debe-essconder-sospechosos-de-covid-en-escuelas\/","og_locale":"es_MX","og_type":"article","og_title":"No Se Debe Essconder Sospechosos De COVID En Escuelas. - EL INFORMATIVO DE TAMAULIPAS","og_description":"* Algunas Escuelas Particulares Han Suspendido Labores.\u00a0 presencial debido a presi\u00f3n de padres de familia, pues a pesar de que los contagios se han dado","og_url":"https:\/\/elinformativotam.com\/index.php\/2022\/06\/14\/no-se-debe-essconder-sospechosos-de-covid-en-escuelas\/","og_site_name":"EL INFORMATIVO DE TAMAULIPAS","article_published_time":"2022-06-15T00:26:44+00:00","og_image":[{"width":1600,"height":1200,"url":"https:\/\/elinformativotam.com\/wp-content\/uploads\/2022\/06\/IMG-20220614-WA0101.jpg","type":"image\/jpeg"}],"author":"El Informativo Tam","twitter_card":"summary_large_image","twitter_misc":{"Escrito por":"El Informativo Tam","Tiempo de lectura":"2 minutos"},"schema":{"@context":"https:\/\/schema.org","@graph":[{"@type":"Article","@id":"https:\/\/elinformativotam.com\/index.php\/2022\/06\/14\/no-se-debe-essconder-sospechosos-de-covid-en-escuelas\/#article","isPartOf":{"@id":"https:\/\/elinformativotam.com\/index.php\/2022\/06\/14\/no-se-debe-essconder-sospechosos-de-covid-en-escuelas\/"},"author":{"name":"El Informativo Tam","@id":"https:\/\/elinformativotam.com\/#\/schema\/person\/78e08040eed0f6110f0c5f83b6153590"},"headline":"No Se Debe Essconder Sospechosos De COVID En Escuelas.","datePublished":"2022-06-15T00:26:44+00:00","mainEntityOfPage":{"@id":"https:\/\/elinformativotam.com\/index.php\/2022\/06\/14\/no-se-debe-essconder-sospechosos-de-covid-en-escuelas\/"},"wordCount":335,"commentCount":0,"publisher":{"@id":"https:\/\/elinformativotam.com\/#organization"},"image":{"@id":"https:\/\/elinformativotam.com\/index.php\/2022\/06\/14\/no-se-debe-essconder-sospechosos-de-covid-en-escuelas\/#primaryimage"},"thumbnailUrl":"https:\/\/elinformativotam.com\/wp-content\/uploads\/2022\/06\/IMG-20220614-WA0101.jpg","articleSection":["Altamira"],"inLanguage":"es","potentialAction":[{"@type":"CommentAction","name":"Comment","target":["https:\/\/elinformativotam.com\/index.php\/2022\/06\/14\/no-se-debe-essconder-sospechosos-de-covid-en-escuelas\/#respond"]}]},{"@type":"WebPage","@id":"https:\/\/elinformativotam.com\/index.php\/2022\/06\/14\/no-se-debe-essconder-sospechosos-de-covid-en-escuelas\/","url":"https:\/\/elinformativotam.com\/index.php\/2022\/06\/14\/no-se-debe-essconder-sospechosos-de-covid-en-escuelas\/","name":"No Se Debe Essconder Sospechosos De COVID En Escuelas. - EL INFORMATIVO DE TAMAULIPAS","isPartOf":{"@id":"https:\/\/elinformativotam.com\/#website"},"primaryImageOfPage":{"@id":"https:\/\/elinformativotam.com\/index.php\/2022\/06\/14\/no-se-debe-essconder-sospechosos-de-covid-en-escuelas\/#primaryimage"},"image":{"@id":"https:\/\/elinformativotam.com\/index.php\/2022\/06\/14\/no-se-debe-essconder-sospechosos-de-covid-en-escuelas\/#primaryimage"},"thumbnailUrl":"https:\/\/elinformativotam.com\/wp-content\/uploads\/2022\/06\/IMG-20220614-WA0101.jpg","datePublished":"2022-06-15T00:26:44+00:00","description":"* Algunas Escuelas Particulares Han Suspendido Labores.\u00a0 presencial debido a presi\u00f3n de padres de familia, pues a pesar de que los contagios se han dado","inLanguage":"es","potentialAction":[{"@type":"ReadAction","target":["https:\/\/elinformativotam.com\/index.php\/2022\/06\/14\/no-se-debe-essconder-sospechosos-de-covid-en-escuelas\/"]}]},{"@type":"ImageObject","inLanguage":"es","@id":"https:\/\/elinformativotam.com\/index.php\/2022\/06\/14\/no-se-debe-essconder-sospechosos-de-covid-en-escuelas\/#primaryimage","url":"https:\/\/elinformativotam.com\/wp-content\/uploads\/2022\/06\/IMG-20220614-WA0101.jpg","contentUrl":"https:\/\/elinformativotam.com\/wp-content\/uploads\/2022\/06\/IMG-20220614-WA0101.jpg","width":1600,"height":1200},{"@type":"WebSite","@id":"https:\/\/elinformativotam.com\/#website","url":"https:\/\/elinformativotam.com\/","name":"EL INFORMATIVO DE TAMAULIPAS","description":"Desde la Zona Metropolitana Para Todo M\u00e9xico","publisher":{"@id":"https:\/\/elinformativotam.com\/#organization"},"potentialAction":[{"@type":"SearchAction","target":{"@type":"EntryPoint","urlTemplate":"https:\/\/elinformativotam.com\/?s={search_term_string}"},"query-input":{"@type":"PropertyValueSpecification","valueRequired":true,"valueName":"search_term_string"}}],"inLanguage":"es"},{"@type":"Organization","@id":"https:\/\/elinformativotam.com\/#organization","name":"EL INFORMATIVO DE TAMAULIPAS","url":"https:\/\/elinformativotam.com\/","logo":{"@type":"ImageObject","inLanguage":"es","@id":"https:\/\/elinformativotam.com\/#\/schema\/logo\/image\/","url":"https:\/\/elinformativotam.com\/wp-content\/uploads\/2026\/02\/Cabezal.png","contentUrl":"https:\/\/elinformativotam.com\/wp-content\/uploads\/2026\/02\/Cabezal.png","width":960,"height":640,"caption":"EL INFORMATIVO DE TAMAULIPAS"},"image":{"@id":"https:\/\/elinformativotam.com\/#\/schema\/logo\/image\/"}},{"@type":"Person","@id":"https:\/\/elinformativotam.com\/#\/schema\/person\/78e08040eed0f6110f0c5f83b6153590","name":"El Informativo Tam","image":{"@type":"ImageObject","inLanguage":"es","@id":"https:\/\/secure.gravatar.com\/avatar\/f3b7ad3af540688955925ac610647be00b0cf41feea9c4978b73a707ee86bc53?s=96&d=mm&r=g","url":"https:\/\/secure.gravatar.com\/avatar\/f3b7ad3af540688955925ac610647be00b0cf41feea9c4978b73a707ee86bc53?s=96&d=mm&r=g","contentUrl":"https:\/\/secure.gravatar.com\/avatar\/f3b7ad3af540688955925ac610647be00b0cf41feea9c4978b73a707ee86bc53?s=96&d=mm&r=g","caption":"El Informativo Tam"}}]}},"_links":{"self":[{"href":"https:\/\/elinformativotam.com\/index.php\/wp-json\/wp\/v2\/posts\/32140","targetHints":{"allow":["GET"]}}],"collection":[{"href":"https:\/\/elinformativotam.com\/index.php\/wp-json\/wp\/v2\/posts"}],"about":[{"href":"https:\/\/elinformativotam.com\/index.php\/wp-json\/wp\/v2\/types\/post"}],"author":[{"embeddable":true,"href":"https:\/\/elinformativotam.com\/index.php\/wp-json\/wp\/v2\/users\/1"}],"replies":[{"embeddable":true,"href":"https:\/\/elinformativotam.com\/index.php\/wp-json\/wp\/v2\/comments?post=32140"}],"version-history":[{"count":1,"href":"https:\/\/elinformativotam.com\/index.php\/wp-json\/wp\/v2\/posts\/32140\/revisions"}],"predecessor-version":[{"id":32142,"href":"https:\/\/elinformativotam.com\/index.php\/wp-json\/wp\/v2\/posts\/32140\/revisions\/32142"}],"wp:featuredmedia":[{"embeddable":true,"href":"https:\/\/elinformativotam.com\/index.php\/wp-json\/wp\/v2\/media\/32141"}],"wp:attachment":[{"href":"https:\/\/elinformativotam.com\/index.php\/wp-json\/wp\/v2\/media?parent=32140"}],"wp:term":[{"taxonomy":"category","embeddable":true,"href":"https:\/\/elinformativotam.com\/index.php\/wp-json\/wp\/v2\/categories?post=32140"},{"taxonomy":"post_tag","embeddable":true,"href":"https:\/\/elinformativotam.com\/index.php\/wp-json\/wp\/v2\/tags?post=32140"}],"curies":[{"name":"wp","href":"https:\/\/api.w.org\/{rel}","templated":true}]}}