{"id":32129,"date":"2022-06-14T13:46:09","date_gmt":"2022-06-14T19:46:09","guid":{"rendered":"https:\/\/elinformativotam.com\/?p=32129"},"modified":"2022-06-14T13:46:09","modified_gmt":"2022-06-14T19:46:09","slug":"supervisa-alcalde-de-tampico-instalacion-de-nuevos-contenedores-para-la-basura","status":"publish","type":"post","link":"https:\/\/elinformativotam.com\/index.php\/2022\/06\/14\/supervisa-alcalde-de-tampico-instalacion-de-nuevos-contenedores-para-la-basura\/","title":{"rendered":"SUPERVISA ALCALDE DE TAMPICO INSTALACI\u00d3N DE NUEVOS CONTENEDORES PARA LA BASURA"},"content":{"rendered":"<p><em>Con la finalidad de seguir fortaleciendo las acciones de limpieza y recolecci\u00f3n de basura en los diferentes sectores de la ciudad, el Presidente municipal Chucho Nader encabez\u00f3 la instalaci\u00f3n de nuevos contenedores en la colonia Esfuerzo Obrero, lo que permitir\u00e1 optimizar la tarea de los camiones recolectores de basura y evitar\u00e1 la acumulaci\u00f3n de desechos en la v\u00eda p\u00fablica.<\/em><\/p>\n<p><em>\u00a0<\/em><\/p>\n<p><em>La fuerte lluvia registrada la ma\u00f1ana de este martes no fue impedimento para que\u00a0 el jefe de la comuna acompa\u00f1ado de su equipo de trabajo, supervisara la colocaci\u00f3n de estos contenedores en zonas estrat\u00e9gicas para facilitar a la ciudadan\u00eda el dep\u00f3sito de la basura dom\u00e9stica.<\/em><\/p>\n<p><em>\u00a0<\/em><\/p>\n<p><em>Al sostener un di\u00e1logo con los vecinos de la citada colonia, Chucho Nader explic\u00f3 que se estar\u00e1n instalando 150 nuevos contenedores en distintos sectores para ampliar la cobertura de este servicio.<\/em><\/p>\n<p><em>\u00a0<\/em><\/p>\n<p><em>Detall\u00f3 que las estructuras ser\u00e1n distribuidas en las colonias, Unidad Del Valle, Ampliaci\u00f3n Garza Leal, Emilio Portes Gil, Natividad Garza Leal, Revoluci\u00f3n Verde, Esfuerzo Obrero, Laguna de la Puerta y en la Ampliaci\u00f3n Esfuerzo Obrero.<\/em><\/p>\n<p><em>\u00a0<\/em><\/p>\n<p><em>&#8220;Con estos 150 nuevos dep\u00f3sitos estaremos llegando a m\u00e1s de mil instalados en las colonias de m\u00e1s alta densidad poblacional del municipio, lo que nos permitir\u00e1 seguir avanzando en la optimizaci\u00f3n del servicio de recolecci\u00f3n de basura y sobretodo seguir colocando a Tampico como una de las ciudades m\u00e1s limpias del pa\u00eds&#8221;, mencion\u00f3.<\/em><\/p>\n<p><em>\u00a0<\/em><\/p>\n<p><em>Chucho Nader subray\u00f3 que durante m\u00e1s de tres a\u00f1os se ha trabajado intensamente en el mejoramiento de la imagen urbana, a trav\u00e9s de un permanente programa de limpieza lo que ha permitido garantizar entornos m\u00e1s limpios, saludables y agradables para la ciudadan\u00eda.<\/em><\/p>\n<p><em>\u00a0<\/em><\/p>\n<p><em>&#8220;Hoy Tampico es la ciudad m\u00e1s limpia de Tamaulipas y una de las m\u00e1s limpias en todo el pa\u00eds, por ello seguimos fortaleciendo las acciones que garanticen bienestar a la poblaci\u00f3n y atraigan el inter\u00e9s de vacacionistas e inversionistas al ver que este municipio ofrece limpieza, certidumbre, seguridad y amplias expectativas de desarrollo&#8221;, dijo.<\/em><\/p>\n","protected":false},"excerpt":{"rendered":"<p>Con la finalidad de seguir fortaleciendo las acciones de limpieza y recolecci\u00f3n de basura en los diferentes sectores de la&hellip;<\/p>\n","protected":false},"author":1,"featured_media":32130,"comment_status":"open","ping_status":"open","sticky":false,"template":"","format":"standard","meta":{"footnotes":""},"categories":[3],"tags":[],"class_list":["post-32129","post","type-post","status-publish","format-standard","has-post-thumbnail","hentry","category-tampico"],"yoast_head":"<!-- This site is optimized with the Yoast SEO plugin v27.4 - https:\/\/yoast.com\/product\/yoast-seo-wordpress\/ -->\n<title>SUPERVISA ALCALDE DE TAMPICO INSTALACI\u00d3N DE NUEVOS CONTENEDORES PARA LA BASURA - EL INFORMATIVO DE TAMAULIPAS<\/title>\n<meta name=\"description\" content=\"Con la finalidad de seguir fortaleciendo las acciones de limpieza y recolecci\u00f3n de basura en los diferentes sectores de la ciudad, el Presidente municipal\" \/>\n<meta name=\"robots\" content=\"index, follow, max-snippet:-1, max-image-preview:large, max-video-preview:-1\" \/>\n<link rel=\"canonical\" href=\"https:\/\/elinformativotam.com\/index.php\/2022\/06\/14\/supervisa-alcalde-de-tampico-instalacion-de-nuevos-contenedores-para-la-basura\/\" \/>\n<meta property=\"og:locale\" content=\"es_MX\" \/>\n<meta property=\"og:type\" content=\"article\" \/>\n<meta property=\"og:title\" content=\"SUPERVISA ALCALDE DE TAMPICO INSTALACI\u00d3N DE NUEVOS CONTENEDORES PARA LA BASURA - EL INFORMATIVO DE TAMAULIPAS\" \/>\n<meta property=\"og:description\" content=\"Con la finalidad de seguir fortaleciendo las acciones de limpieza y recolecci\u00f3n de basura en los diferentes sectores de la ciudad, el Presidente municipal\" \/>\n<meta property=\"og:url\" content=\"https:\/\/elinformativotam.com\/index.php\/2022\/06\/14\/supervisa-alcalde-de-tampico-instalacion-de-nuevos-contenedores-para-la-basura\/\" \/>\n<meta property=\"og:site_name\" content=\"EL INFORMATIVO DE TAMAULIPAS\" \/>\n<meta property=\"article:published_time\" content=\"2022-06-14T19:46:09+00:00\" \/>\n<meta property=\"og:image\" content=\"https:\/\/elinformativotam.com\/wp-content\/uploads\/2022\/06\/Contenedor.jpg\" \/>\n\t<meta property=\"og:image:width\" content=\"1600\" \/>\n\t<meta property=\"og:image:height\" content=\"1066\" \/>\n\t<meta property=\"og:image:type\" content=\"image\/jpeg\" \/>\n<meta name=\"author\" content=\"El Informativo Tam\" \/>\n<meta name=\"twitter:card\" content=\"summary_large_image\" \/>\n<meta name=\"twitter:label1\" content=\"Escrito por\" \/>\n\t<meta name=\"twitter:data1\" content=\"El Informativo Tam\" \/>\n\t<meta name=\"twitter:label2\" content=\"Tiempo de lectura\" \/>\n\t<meta name=\"twitter:data2\" content=\"2 minutos\" \/>\n<script type=\"application\/ld+json\" class=\"yoast-schema-graph\">{\"@context\":\"https:\\\/\\\/schema.org\",\"@graph\":[{\"@type\":\"Article\",\"@id\":\"https:\\\/\\\/elinformativotam.com\\\/index.php\\\/2022\\\/06\\\/14\\\/supervisa-alcalde-de-tampico-instalacion-de-nuevos-contenedores-para-la-basura\\\/#article\",\"isPartOf\":{\"@id\":\"https:\\\/\\\/elinformativotam.com\\\/index.php\\\/2022\\\/06\\\/14\\\/supervisa-alcalde-de-tampico-instalacion-de-nuevos-contenedores-para-la-basura\\\/\"},\"author\":{\"name\":\"El Informativo Tam\",\"@id\":\"https:\\\/\\\/elinformativotam.com\\\/#\\\/schema\\\/person\\\/78e08040eed0f6110f0c5f83b6153590\"},\"headline\":\"SUPERVISA ALCALDE DE TAMPICO INSTALACI\u00d3N DE NUEVOS CONTENEDORES PARA LA BASURA\",\"datePublished\":\"2022-06-14T19:46:09+00:00\",\"mainEntityOfPage\":{\"@id\":\"https:\\\/\\\/elinformativotam.com\\\/index.php\\\/2022\\\/06\\\/14\\\/supervisa-alcalde-de-tampico-instalacion-de-nuevos-contenedores-para-la-basura\\\/\"},\"wordCount\":364,\"commentCount\":0,\"publisher\":{\"@id\":\"https:\\\/\\\/elinformativotam.com\\\/#organization\"},\"image\":{\"@id\":\"https:\\\/\\\/elinformativotam.com\\\/index.php\\\/2022\\\/06\\\/14\\\/supervisa-alcalde-de-tampico-instalacion-de-nuevos-contenedores-para-la-basura\\\/#primaryimage\"},\"thumbnailUrl\":\"https:\\\/\\\/elinformativotam.com\\\/wp-content\\\/uploads\\\/2022\\\/06\\\/Contenedor.jpg\",\"articleSection\":[\"Tampico\"],\"inLanguage\":\"es\",\"potentialAction\":[{\"@type\":\"CommentAction\",\"name\":\"Comment\",\"target\":[\"https:\\\/\\\/elinformativotam.com\\\/index.php\\\/2022\\\/06\\\/14\\\/supervisa-alcalde-de-tampico-instalacion-de-nuevos-contenedores-para-la-basura\\\/#respond\"]}]},{\"@type\":\"WebPage\",\"@id\":\"https:\\\/\\\/elinformativotam.com\\\/index.php\\\/2022\\\/06\\\/14\\\/supervisa-alcalde-de-tampico-instalacion-de-nuevos-contenedores-para-la-basura\\\/\",\"url\":\"https:\\\/\\\/elinformativotam.com\\\/index.php\\\/2022\\\/06\\\/14\\\/supervisa-alcalde-de-tampico-instalacion-de-nuevos-contenedores-para-la-basura\\\/\",\"name\":\"SUPERVISA ALCALDE DE TAMPICO INSTALACI\u00d3N DE NUEVOS CONTENEDORES PARA LA BASURA - EL INFORMATIVO DE TAMAULIPAS\",\"isPartOf\":{\"@id\":\"https:\\\/\\\/elinformativotam.com\\\/#website\"},\"primaryImageOfPage\":{\"@id\":\"https:\\\/\\\/elinformativotam.com\\\/index.php\\\/2022\\\/06\\\/14\\\/supervisa-alcalde-de-tampico-instalacion-de-nuevos-contenedores-para-la-basura\\\/#primaryimage\"},\"image\":{\"@id\":\"https:\\\/\\\/elinformativotam.com\\\/index.php\\\/2022\\\/06\\\/14\\\/supervisa-alcalde-de-tampico-instalacion-de-nuevos-contenedores-para-la-basura\\\/#primaryimage\"},\"thumbnailUrl\":\"https:\\\/\\\/elinformativotam.com\\\/wp-content\\\/uploads\\\/2022\\\/06\\\/Contenedor.jpg\",\"datePublished\":\"2022-06-14T19:46:09+00:00\",\"description\":\"Con la finalidad de seguir fortaleciendo las acciones de limpieza y recolecci\u00f3n de basura en los diferentes sectores de la ciudad, el Presidente municipal\",\"inLanguage\":\"es\",\"potentialAction\":[{\"@type\":\"ReadAction\",\"target\":[\"https:\\\/\\\/elinformativotam.com\\\/index.php\\\/2022\\\/06\\\/14\\\/supervisa-alcalde-de-tampico-instalacion-de-nuevos-contenedores-para-la-basura\\\/\"]}]},{\"@type\":\"ImageObject\",\"inLanguage\":\"es\",\"@id\":\"https:\\\/\\\/elinformativotam.com\\\/index.php\\\/2022\\\/06\\\/14\\\/supervisa-alcalde-de-tampico-instalacion-de-nuevos-contenedores-para-la-basura\\\/#primaryimage\",\"url\":\"https:\\\/\\\/elinformativotam.com\\\/wp-content\\\/uploads\\\/2022\\\/06\\\/Contenedor.jpg\",\"contentUrl\":\"https:\\\/\\\/elinformativotam.com\\\/wp-content\\\/uploads\\\/2022\\\/06\\\/Contenedor.jpg\",\"width\":1600,\"height\":1066},{\"@type\":\"WebSite\",\"@id\":\"https:\\\/\\\/elinformativotam.com\\\/#website\",\"url\":\"https:\\\/\\\/elinformativotam.com\\\/\",\"name\":\"EL INFORMATIVO DE TAMAULIPAS\",\"description\":\"Desde la Zona Metropolitana Para Todo M\u00e9xico\",\"publisher\":{\"@id\":\"https:\\\/\\\/elinformativotam.com\\\/#organization\"},\"potentialAction\":[{\"@type\":\"SearchAction\",\"target\":{\"@type\":\"EntryPoint\",\"urlTemplate\":\"https:\\\/\\\/elinformativotam.com\\\/?s={search_term_string}\"},\"query-input\":{\"@type\":\"PropertyValueSpecification\",\"valueRequired\":true,\"valueName\":\"search_term_string\"}}],\"inLanguage\":\"es\"},{\"@type\":\"Organization\",\"@id\":\"https:\\\/\\\/elinformativotam.com\\\/#organization\",\"name\":\"EL INFORMATIVO DE TAMAULIPAS\",\"url\":\"https:\\\/\\\/elinformativotam.com\\\/\",\"logo\":{\"@type\":\"ImageObject\",\"inLanguage\":\"es\",\"@id\":\"https:\\\/\\\/elinformativotam.com\\\/#\\\/schema\\\/logo\\\/image\\\/\",\"url\":\"https:\\\/\\\/elinformativotam.com\\\/wp-content\\\/uploads\\\/2026\\\/02\\\/Cabezal.png\",\"contentUrl\":\"https:\\\/\\\/elinformativotam.com\\\/wp-content\\\/uploads\\\/2026\\\/02\\\/Cabezal.png\",\"width\":960,\"height\":640,\"caption\":\"EL INFORMATIVO DE TAMAULIPAS\"},\"image\":{\"@id\":\"https:\\\/\\\/elinformativotam.com\\\/#\\\/schema\\\/logo\\\/image\\\/\"}},{\"@type\":\"Person\",\"@id\":\"https:\\\/\\\/elinformativotam.com\\\/#\\\/schema\\\/person\\\/78e08040eed0f6110f0c5f83b6153590\",\"name\":\"El Informativo Tam\",\"image\":{\"@type\":\"ImageObject\",\"inLanguage\":\"es\",\"@id\":\"https:\\\/\\\/secure.gravatar.com\\\/avatar\\\/f3b7ad3af540688955925ac610647be00b0cf41feea9c4978b73a707ee86bc53?s=96&d=mm&r=g\",\"url\":\"https:\\\/\\\/secure.gravatar.com\\\/avatar\\\/f3b7ad3af540688955925ac610647be00b0cf41feea9c4978b73a707ee86bc53?s=96&d=mm&r=g\",\"contentUrl\":\"https:\\\/\\\/secure.gravatar.com\\\/avatar\\\/f3b7ad3af540688955925ac610647be00b0cf41feea9c4978b73a707ee86bc53?s=96&d=mm&r=g\",\"caption\":\"El Informativo Tam\"}}]}<\/script>\n<!-- \/ Yoast SEO plugin. -->","yoast_head_json":{"title":"SUPERVISA ALCALDE DE TAMPICO INSTALACI\u00d3N DE NUEVOS CONTENEDORES PARA LA BASURA - EL INFORMATIVO DE TAMAULIPAS","description":"Con la finalidad de seguir fortaleciendo las acciones de limpieza y recolecci\u00f3n de basura en los diferentes sectores de la ciudad, el Presidente municipal","robots":{"index":"index","follow":"follow","max-snippet":"max-snippet:-1","max-image-preview":"max-image-preview:large","max-video-preview":"max-video-preview:-1"},"canonical":"https:\/\/elinformativotam.com\/index.php\/2022\/06\/14\/supervisa-alcalde-de-tampico-instalacion-de-nuevos-contenedores-para-la-basura\/","og_locale":"es_MX","og_type":"article","og_title":"SUPERVISA ALCALDE DE TAMPICO INSTALACI\u00d3N DE NUEVOS CONTENEDORES PARA LA BASURA - EL INFORMATIVO DE TAMAULIPAS","og_description":"Con la finalidad de seguir fortaleciendo las acciones de limpieza y recolecci\u00f3n de basura en los diferentes sectores de la ciudad, el Presidente municipal","og_url":"https:\/\/elinformativotam.com\/index.php\/2022\/06\/14\/supervisa-alcalde-de-tampico-instalacion-de-nuevos-contenedores-para-la-basura\/","og_site_name":"EL INFORMATIVO DE TAMAULIPAS","article_published_time":"2022-06-14T19:46:09+00:00","og_image":[{"width":1600,"height":1066,"url":"https:\/\/elinformativotam.com\/wp-content\/uploads\/2022\/06\/Contenedor.jpg","type":"image\/jpeg"}],"author":"El Informativo Tam","twitter_card":"summary_large_image","twitter_misc":{"Escrito por":"El Informativo Tam","Tiempo de lectura":"2 minutos"},"schema":{"@context":"https:\/\/schema.org","@graph":[{"@type":"Article","@id":"https:\/\/elinformativotam.com\/index.php\/2022\/06\/14\/supervisa-alcalde-de-tampico-instalacion-de-nuevos-contenedores-para-la-basura\/#article","isPartOf":{"@id":"https:\/\/elinformativotam.com\/index.php\/2022\/06\/14\/supervisa-alcalde-de-tampico-instalacion-de-nuevos-contenedores-para-la-basura\/"},"author":{"name":"El Informativo Tam","@id":"https:\/\/elinformativotam.com\/#\/schema\/person\/78e08040eed0f6110f0c5f83b6153590"},"headline":"SUPERVISA ALCALDE DE TAMPICO INSTALACI\u00d3N DE NUEVOS CONTENEDORES PARA LA BASURA","datePublished":"2022-06-14T19:46:09+00:00","mainEntityOfPage":{"@id":"https:\/\/elinformativotam.com\/index.php\/2022\/06\/14\/supervisa-alcalde-de-tampico-instalacion-de-nuevos-contenedores-para-la-basura\/"},"wordCount":364,"commentCount":0,"publisher":{"@id":"https:\/\/elinformativotam.com\/#organization"},"image":{"@id":"https:\/\/elinformativotam.com\/index.php\/2022\/06\/14\/supervisa-alcalde-de-tampico-instalacion-de-nuevos-contenedores-para-la-basura\/#primaryimage"},"thumbnailUrl":"https:\/\/elinformativotam.com\/wp-content\/uploads\/2022\/06\/Contenedor.jpg","articleSection":["Tampico"],"inLanguage":"es","potentialAction":[{"@type":"CommentAction","name":"Comment","target":["https:\/\/elinformativotam.com\/index.php\/2022\/06\/14\/supervisa-alcalde-de-tampico-instalacion-de-nuevos-contenedores-para-la-basura\/#respond"]}]},{"@type":"WebPage","@id":"https:\/\/elinformativotam.com\/index.php\/2022\/06\/14\/supervisa-alcalde-de-tampico-instalacion-de-nuevos-contenedores-para-la-basura\/","url":"https:\/\/elinformativotam.com\/index.php\/2022\/06\/14\/supervisa-alcalde-de-tampico-instalacion-de-nuevos-contenedores-para-la-basura\/","name":"SUPERVISA ALCALDE DE TAMPICO INSTALACI\u00d3N DE NUEVOS CONTENEDORES PARA LA BASURA - EL INFORMATIVO DE TAMAULIPAS","isPartOf":{"@id":"https:\/\/elinformativotam.com\/#website"},"primaryImageOfPage":{"@id":"https:\/\/elinformativotam.com\/index.php\/2022\/06\/14\/supervisa-alcalde-de-tampico-instalacion-de-nuevos-contenedores-para-la-basura\/#primaryimage"},"image":{"@id":"https:\/\/elinformativotam.com\/index.php\/2022\/06\/14\/supervisa-alcalde-de-tampico-instalacion-de-nuevos-contenedores-para-la-basura\/#primaryimage"},"thumbnailUrl":"https:\/\/elinformativotam.com\/wp-content\/uploads\/2022\/06\/Contenedor.jpg","datePublished":"2022-06-14T19:46:09+00:00","description":"Con la finalidad de seguir fortaleciendo las acciones de limpieza y recolecci\u00f3n de basura en los diferentes sectores de la ciudad, el Presidente municipal","inLanguage":"es","potentialAction":[{"@type":"ReadAction","target":["https:\/\/elinformativotam.com\/index.php\/2022\/06\/14\/supervisa-alcalde-de-tampico-instalacion-de-nuevos-contenedores-para-la-basura\/"]}]},{"@type":"ImageObject","inLanguage":"es","@id":"https:\/\/elinformativotam.com\/index.php\/2022\/06\/14\/supervisa-alcalde-de-tampico-instalacion-de-nuevos-contenedores-para-la-basura\/#primaryimage","url":"https:\/\/elinformativotam.com\/wp-content\/uploads\/2022\/06\/Contenedor.jpg","contentUrl":"https:\/\/elinformativotam.com\/wp-content\/uploads\/2022\/06\/Contenedor.jpg","width":1600,"height":1066},{"@type":"WebSite","@id":"https:\/\/elinformativotam.com\/#website","url":"https:\/\/elinformativotam.com\/","name":"EL INFORMATIVO DE TAMAULIPAS","description":"Desde la Zona Metropolitana Para Todo M\u00e9xico","publisher":{"@id":"https:\/\/elinformativotam.com\/#organization"},"potentialAction":[{"@type":"SearchAction","target":{"@type":"EntryPoint","urlTemplate":"https:\/\/elinformativotam.com\/?s={search_term_string}"},"query-input":{"@type":"PropertyValueSpecification","valueRequired":true,"valueName":"search_term_string"}}],"inLanguage":"es"},{"@type":"Organization","@id":"https:\/\/elinformativotam.com\/#organization","name":"EL INFORMATIVO DE TAMAULIPAS","url":"https:\/\/elinformativotam.com\/","logo":{"@type":"ImageObject","inLanguage":"es","@id":"https:\/\/elinformativotam.com\/#\/schema\/logo\/image\/","url":"https:\/\/elinformativotam.com\/wp-content\/uploads\/2026\/02\/Cabezal.png","contentUrl":"https:\/\/elinformativotam.com\/wp-content\/uploads\/2026\/02\/Cabezal.png","width":960,"height":640,"caption":"EL INFORMATIVO DE TAMAULIPAS"},"image":{"@id":"https:\/\/elinformativotam.com\/#\/schema\/logo\/image\/"}},{"@type":"Person","@id":"https:\/\/elinformativotam.com\/#\/schema\/person\/78e08040eed0f6110f0c5f83b6153590","name":"El Informativo Tam","image":{"@type":"ImageObject","inLanguage":"es","@id":"https:\/\/secure.gravatar.com\/avatar\/f3b7ad3af540688955925ac610647be00b0cf41feea9c4978b73a707ee86bc53?s=96&d=mm&r=g","url":"https:\/\/secure.gravatar.com\/avatar\/f3b7ad3af540688955925ac610647be00b0cf41feea9c4978b73a707ee86bc53?s=96&d=mm&r=g","contentUrl":"https:\/\/secure.gravatar.com\/avatar\/f3b7ad3af540688955925ac610647be00b0cf41feea9c4978b73a707ee86bc53?s=96&d=mm&r=g","caption":"El Informativo Tam"}}]}},"_links":{"self":[{"href":"https:\/\/elinformativotam.com\/index.php\/wp-json\/wp\/v2\/posts\/32129","targetHints":{"allow":["GET"]}}],"collection":[{"href":"https:\/\/elinformativotam.com\/index.php\/wp-json\/wp\/v2\/posts"}],"about":[{"href":"https:\/\/elinformativotam.com\/index.php\/wp-json\/wp\/v2\/types\/post"}],"author":[{"embeddable":true,"href":"https:\/\/elinformativotam.com\/index.php\/wp-json\/wp\/v2\/users\/1"}],"replies":[{"embeddable":true,"href":"https:\/\/elinformativotam.com\/index.php\/wp-json\/wp\/v2\/comments?post=32129"}],"version-history":[{"count":1,"href":"https:\/\/elinformativotam.com\/index.php\/wp-json\/wp\/v2\/posts\/32129\/revisions"}],"predecessor-version":[{"id":32131,"href":"https:\/\/elinformativotam.com\/index.php\/wp-json\/wp\/v2\/posts\/32129\/revisions\/32131"}],"wp:featuredmedia":[{"embeddable":true,"href":"https:\/\/elinformativotam.com\/index.php\/wp-json\/wp\/v2\/media\/32130"}],"wp:attachment":[{"href":"https:\/\/elinformativotam.com\/index.php\/wp-json\/wp\/v2\/media?parent=32129"}],"wp:term":[{"taxonomy":"category","embeddable":true,"href":"https:\/\/elinformativotam.com\/index.php\/wp-json\/wp\/v2\/categories?post=32129"},{"taxonomy":"post_tag","embeddable":true,"href":"https:\/\/elinformativotam.com\/index.php\/wp-json\/wp\/v2\/tags?post=32129"}],"curies":[{"name":"wp","href":"https:\/\/api.w.org\/{rel}","templated":true}]}}