{"id":32125,"date":"2022-06-14T12:53:01","date_gmt":"2022-06-14T18:53:01","guid":{"rendered":"https:\/\/elinformativotam.com\/?p=32125"},"modified":"2022-06-14T12:53:01","modified_gmt":"2022-06-14T18:53:01","slug":"expone-rosa-gonzalez-trabajo-legislativo-ante-el-ciest","status":"publish","type":"post","link":"https:\/\/elinformativotam.com\/index.php\/2022\/06\/14\/expone-rosa-gonzalez-trabajo-legislativo-ante-el-ciest\/","title":{"rendered":"EXPONE ROSA GONZ\u00c1LEZ TRABAJO LEGISLATIVO ANTE EL CIEST"},"content":{"rendered":"<h2 style=\"text-align: center;\"><em>*Acuerdan Legisladora Federal E Iniciativa Privada Del Sur, Continuar Con Labor De Gesti\u00f3n Para Beneficio De La Sociedad Y El Sector Productivo.<\/em><\/h2>\n<p><em>\u00a0<\/em><\/p>\n<p><em>\u00a0<\/em><\/p>\n<p><em>\u00a0Con la finalidad de lograr una mejor retroalimentaci\u00f3n con el empresariado en los proyectos y acciones que se requieren para la regi\u00f3n, la diputada federal del 8 distrito, Rosa Gonz\u00e1lez Azc\u00e1rraga, se reuni\u00f3 con integrantes del CIEST con qui\u00e9nes dialog\u00f3 sobre el trabajo legislativo que realiza en la c\u00e1mara baja, as\u00ed como saber el status que guardan cuatro proyectos prioritarios que son del inter\u00e9s de la sociedad e iniciativa privada.<\/em><\/p>\n<p><em>\u00a0<\/em><\/p>\n<p><em>La legisladora del PAN volvi\u00f3 a lograr una conexi\u00f3n importante con los representantes de las c\u00e1maras adheridas al consejo de instituciones empresariales del sur de Tamaulipas, qui\u00e9nes le solicitaron continuar con el tema de la gesti\u00f3n de recursos para el 2023.<\/em><\/p>\n<p><em>\u00a0<\/em><\/p>\n<p><em>A invitaci\u00f3n del organismo empresarial, Rosa Gonz\u00e1lez, brind\u00f3 una ponencia de las principales iniciativas llevadas al pleno hasta el momento, que tienen que ver con impulso al turismo; la familia como eje rector en todas las pol\u00edticas p\u00fablicas en el gobierno federal; sanciones m\u00e1s severas a quien caiga en maltrato familiar; el establecimiento del d\u00eda de la mujer migrante a celebrarse cada 14 de julio; apoyo a la pesca y el campo y un mejor presupuesto para la comisi\u00f3n mexicana de ayuda a refugiados (Comar).<\/em><\/p>\n<p><em>\u00a0<\/em><\/p>\n<p><em>La congresista expuso a los empresarios la ardua labor que desempe\u00f1a como presidenta de la comisi\u00f3n de asuntos migratorios, y de la extensa agenda de cabildeo que tiene en este rubro con todas las fuerzas pol\u00edticas que buscan lograr que el fen\u00f3meno migratorio no salga de control en el pa\u00eds.<\/em><\/p>\n<p><em>\u00a0<\/em><\/p>\n<p><em>Asimismo, resalt\u00f3 la labor que lleva a cabo el gobierno del estado en contener el flujo de migrantes que llegan a Tamaulipas, pues su mayor\u00eda pretende lograr el sue\u00f1o americano, siempre respetando sus garant\u00edas y el libre tr\u00e1nsito.<\/em><\/p>\n<p><em>\u00a0<\/em><\/p>\n<p><em>En la reuni\u00f3n los presidentes de las c\u00e1maras empresariales y de comercio desahogaron inquietudes y propusieron que para el 2023 se tenga un presupuesto para infraestructura carretera, pluvial, en salud y de prevenci\u00f3n de desastres naturales.<\/em><\/p>\n<p><em>\u00a0<\/em><\/p>\n<p><em>En ese tenor, el presidente del CIEST, I\u00f1igo Fern\u00e1ndez B\u00e1rcena, solicit\u00f3 a la diputada federal por tampico y parte de ciudad madero, investigar el status que guardan cuatro proyectos prioritarios para la zona sur, como el contar con un nuevo hospital del ISSSTE en Tampico; la ampliaci\u00f3n de la carretera Victoria-Linares NL; el Cord\u00f3n Litoral y el seguimiento oportuno para la contenci\u00f3n del vital l\u00edquido &#8220;el camalote&#8221;.<\/em><\/p>\n<p><em>\u00a0<\/em><\/p>\n<p><em>&#8220;Pues los cuatro proyectos tienen una clave de inversi\u00f3n ante la SHCP o\u00a0 clave cartera, sin embargo no se conoce el status que guardan y si hay dinero asignado para su realizaci\u00f3n&#8221;, dijo Fern\u00e1ndez B\u00e1rcena.<\/em><\/p>\n<p><em>\u00a0<\/em><\/p>\n<p><em>Al final los empresarios y dirigentes camarales reconocieron el trabajo de la diputada federal panista y la instaron a seguir legislando por su distrito, tocando puertas para obtener recursos federales, que tanto se necesitan en esta regi\u00f3n.<\/em><\/p>\n<p><em>\u00a0<\/em><\/p>\n","protected":false},"excerpt":{"rendered":"<p>*Acuerdan Legisladora Federal E Iniciativa Privada Del Sur, Continuar Con Labor De Gesti\u00f3n Para Beneficio De La Sociedad Y El&hellip;<\/p>\n","protected":false},"author":1,"featured_media":32126,"comment_status":"open","ping_status":"open","sticky":false,"template":"","format":"standard","meta":{"footnotes":""},"categories":[3],"tags":[],"class_list":["post-32125","post","type-post","status-publish","format-standard","has-post-thumbnail","hentry","category-tampico"],"yoast_head":"<!-- This site is optimized with the Yoast SEO plugin v27.4 - https:\/\/yoast.com\/product\/yoast-seo-wordpress\/ -->\n<title>EXPONE ROSA GONZ\u00c1LEZ TRABAJO LEGISLATIVO ANTE EL CIEST - EL INFORMATIVO DE TAMAULIPAS<\/title>\n<meta name=\"description\" content=\"*Acuerdan Legisladora Federal E Iniciativa Privada Del Sur, Continuar Con Labor De Gesti\u00f3n Para Beneficio De La Sociedad Y El Sector Productivo. \u00a0 \u00a0 \u00a0Con\" \/>\n<meta name=\"robots\" content=\"index, follow, max-snippet:-1, max-image-preview:large, max-video-preview:-1\" \/>\n<link rel=\"canonical\" href=\"https:\/\/elinformativotam.com\/index.php\/2022\/06\/14\/expone-rosa-gonzalez-trabajo-legislativo-ante-el-ciest\/\" \/>\n<meta property=\"og:locale\" content=\"es_MX\" \/>\n<meta property=\"og:type\" content=\"article\" \/>\n<meta property=\"og:title\" content=\"EXPONE ROSA GONZ\u00c1LEZ TRABAJO LEGISLATIVO ANTE EL CIEST - EL INFORMATIVO DE TAMAULIPAS\" \/>\n<meta property=\"og:description\" content=\"*Acuerdan Legisladora Federal E Iniciativa Privada Del Sur, Continuar Con Labor De Gesti\u00f3n Para Beneficio De La Sociedad Y El Sector Productivo. \u00a0 \u00a0 \u00a0Con\" \/>\n<meta property=\"og:url\" content=\"https:\/\/elinformativotam.com\/index.php\/2022\/06\/14\/expone-rosa-gonzalez-trabajo-legislativo-ante-el-ciest\/\" \/>\n<meta property=\"og:site_name\" content=\"EL INFORMATIVO DE TAMAULIPAS\" \/>\n<meta property=\"article:published_time\" content=\"2022-06-14T18:53:01+00:00\" \/>\n<meta property=\"og:image\" content=\"https:\/\/elinformativotam.com\/wp-content\/uploads\/2022\/06\/Rosa.jpg\" \/>\n\t<meta property=\"og:image:width\" content=\"1600\" \/>\n\t<meta property=\"og:image:height\" content=\"1066\" \/>\n\t<meta property=\"og:image:type\" content=\"image\/jpeg\" \/>\n<meta name=\"author\" content=\"El Informativo Tam\" \/>\n<meta name=\"twitter:card\" content=\"summary_large_image\" \/>\n<meta name=\"twitter:label1\" content=\"Escrito por\" \/>\n\t<meta name=\"twitter:data1\" content=\"El Informativo Tam\" \/>\n\t<meta name=\"twitter:label2\" content=\"Tiempo de lectura\" \/>\n\t<meta name=\"twitter:data2\" content=\"3 minutos\" \/>\n<script type=\"application\/ld+json\" class=\"yoast-schema-graph\">{\"@context\":\"https:\\\/\\\/schema.org\",\"@graph\":[{\"@type\":\"Article\",\"@id\":\"https:\\\/\\\/elinformativotam.com\\\/index.php\\\/2022\\\/06\\\/14\\\/expone-rosa-gonzalez-trabajo-legislativo-ante-el-ciest\\\/#article\",\"isPartOf\":{\"@id\":\"https:\\\/\\\/elinformativotam.com\\\/index.php\\\/2022\\\/06\\\/14\\\/expone-rosa-gonzalez-trabajo-legislativo-ante-el-ciest\\\/\"},\"author\":{\"name\":\"El Informativo Tam\",\"@id\":\"https:\\\/\\\/elinformativotam.com\\\/#\\\/schema\\\/person\\\/78e08040eed0f6110f0c5f83b6153590\"},\"headline\":\"EXPONE ROSA GONZ\u00c1LEZ TRABAJO LEGISLATIVO ANTE EL CIEST\",\"datePublished\":\"2022-06-14T18:53:01+00:00\",\"mainEntityOfPage\":{\"@id\":\"https:\\\/\\\/elinformativotam.com\\\/index.php\\\/2022\\\/06\\\/14\\\/expone-rosa-gonzalez-trabajo-legislativo-ante-el-ciest\\\/\"},\"wordCount\":529,\"commentCount\":0,\"publisher\":{\"@id\":\"https:\\\/\\\/elinformativotam.com\\\/#organization\"},\"image\":{\"@id\":\"https:\\\/\\\/elinformativotam.com\\\/index.php\\\/2022\\\/06\\\/14\\\/expone-rosa-gonzalez-trabajo-legislativo-ante-el-ciest\\\/#primaryimage\"},\"thumbnailUrl\":\"https:\\\/\\\/elinformativotam.com\\\/wp-content\\\/uploads\\\/2022\\\/06\\\/Rosa.jpg\",\"articleSection\":[\"Tampico\"],\"inLanguage\":\"es\",\"potentialAction\":[{\"@type\":\"CommentAction\",\"name\":\"Comment\",\"target\":[\"https:\\\/\\\/elinformativotam.com\\\/index.php\\\/2022\\\/06\\\/14\\\/expone-rosa-gonzalez-trabajo-legislativo-ante-el-ciest\\\/#respond\"]}]},{\"@type\":\"WebPage\",\"@id\":\"https:\\\/\\\/elinformativotam.com\\\/index.php\\\/2022\\\/06\\\/14\\\/expone-rosa-gonzalez-trabajo-legislativo-ante-el-ciest\\\/\",\"url\":\"https:\\\/\\\/elinformativotam.com\\\/index.php\\\/2022\\\/06\\\/14\\\/expone-rosa-gonzalez-trabajo-legislativo-ante-el-ciest\\\/\",\"name\":\"EXPONE ROSA GONZ\u00c1LEZ TRABAJO LEGISLATIVO ANTE EL CIEST - EL INFORMATIVO DE TAMAULIPAS\",\"isPartOf\":{\"@id\":\"https:\\\/\\\/elinformativotam.com\\\/#website\"},\"primaryImageOfPage\":{\"@id\":\"https:\\\/\\\/elinformativotam.com\\\/index.php\\\/2022\\\/06\\\/14\\\/expone-rosa-gonzalez-trabajo-legislativo-ante-el-ciest\\\/#primaryimage\"},\"image\":{\"@id\":\"https:\\\/\\\/elinformativotam.com\\\/index.php\\\/2022\\\/06\\\/14\\\/expone-rosa-gonzalez-trabajo-legislativo-ante-el-ciest\\\/#primaryimage\"},\"thumbnailUrl\":\"https:\\\/\\\/elinformativotam.com\\\/wp-content\\\/uploads\\\/2022\\\/06\\\/Rosa.jpg\",\"datePublished\":\"2022-06-14T18:53:01+00:00\",\"description\":\"*Acuerdan Legisladora Federal E Iniciativa Privada Del Sur, Continuar Con Labor De Gesti\u00f3n Para Beneficio De La Sociedad Y El Sector Productivo. \u00a0 \u00a0 \u00a0Con\",\"inLanguage\":\"es\",\"potentialAction\":[{\"@type\":\"ReadAction\",\"target\":[\"https:\\\/\\\/elinformativotam.com\\\/index.php\\\/2022\\\/06\\\/14\\\/expone-rosa-gonzalez-trabajo-legislativo-ante-el-ciest\\\/\"]}]},{\"@type\":\"ImageObject\",\"inLanguage\":\"es\",\"@id\":\"https:\\\/\\\/elinformativotam.com\\\/index.php\\\/2022\\\/06\\\/14\\\/expone-rosa-gonzalez-trabajo-legislativo-ante-el-ciest\\\/#primaryimage\",\"url\":\"https:\\\/\\\/elinformativotam.com\\\/wp-content\\\/uploads\\\/2022\\\/06\\\/Rosa.jpg\",\"contentUrl\":\"https:\\\/\\\/elinformativotam.com\\\/wp-content\\\/uploads\\\/2022\\\/06\\\/Rosa.jpg\",\"width\":1600,\"height\":1066},{\"@type\":\"WebSite\",\"@id\":\"https:\\\/\\\/elinformativotam.com\\\/#website\",\"url\":\"https:\\\/\\\/elinformativotam.com\\\/\",\"name\":\"EL INFORMATIVO DE TAMAULIPAS\",\"description\":\"Desde la Zona Metropolitana Para Todo M\u00e9xico\",\"publisher\":{\"@id\":\"https:\\\/\\\/elinformativotam.com\\\/#organization\"},\"potentialAction\":[{\"@type\":\"SearchAction\",\"target\":{\"@type\":\"EntryPoint\",\"urlTemplate\":\"https:\\\/\\\/elinformativotam.com\\\/?s={search_term_string}\"},\"query-input\":{\"@type\":\"PropertyValueSpecification\",\"valueRequired\":true,\"valueName\":\"search_term_string\"}}],\"inLanguage\":\"es\"},{\"@type\":\"Organization\",\"@id\":\"https:\\\/\\\/elinformativotam.com\\\/#organization\",\"name\":\"EL INFORMATIVO DE TAMAULIPAS\",\"url\":\"https:\\\/\\\/elinformativotam.com\\\/\",\"logo\":{\"@type\":\"ImageObject\",\"inLanguage\":\"es\",\"@id\":\"https:\\\/\\\/elinformativotam.com\\\/#\\\/schema\\\/logo\\\/image\\\/\",\"url\":\"https:\\\/\\\/elinformativotam.com\\\/wp-content\\\/uploads\\\/2026\\\/02\\\/Cabezal.png\",\"contentUrl\":\"https:\\\/\\\/elinformativotam.com\\\/wp-content\\\/uploads\\\/2026\\\/02\\\/Cabezal.png\",\"width\":960,\"height\":640,\"caption\":\"EL INFORMATIVO DE TAMAULIPAS\"},\"image\":{\"@id\":\"https:\\\/\\\/elinformativotam.com\\\/#\\\/schema\\\/logo\\\/image\\\/\"}},{\"@type\":\"Person\",\"@id\":\"https:\\\/\\\/elinformativotam.com\\\/#\\\/schema\\\/person\\\/78e08040eed0f6110f0c5f83b6153590\",\"name\":\"El Informativo Tam\",\"image\":{\"@type\":\"ImageObject\",\"inLanguage\":\"es\",\"@id\":\"https:\\\/\\\/secure.gravatar.com\\\/avatar\\\/f3b7ad3af540688955925ac610647be00b0cf41feea9c4978b73a707ee86bc53?s=96&d=mm&r=g\",\"url\":\"https:\\\/\\\/secure.gravatar.com\\\/avatar\\\/f3b7ad3af540688955925ac610647be00b0cf41feea9c4978b73a707ee86bc53?s=96&d=mm&r=g\",\"contentUrl\":\"https:\\\/\\\/secure.gravatar.com\\\/avatar\\\/f3b7ad3af540688955925ac610647be00b0cf41feea9c4978b73a707ee86bc53?s=96&d=mm&r=g\",\"caption\":\"El Informativo Tam\"}}]}<\/script>\n<!-- \/ Yoast SEO plugin. -->","yoast_head_json":{"title":"EXPONE ROSA GONZ\u00c1LEZ TRABAJO LEGISLATIVO ANTE EL CIEST - EL INFORMATIVO DE TAMAULIPAS","description":"*Acuerdan Legisladora Federal E Iniciativa Privada Del Sur, Continuar Con Labor De Gesti\u00f3n Para Beneficio De La Sociedad Y El Sector Productivo. \u00a0 \u00a0 \u00a0Con","robots":{"index":"index","follow":"follow","max-snippet":"max-snippet:-1","max-image-preview":"max-image-preview:large","max-video-preview":"max-video-preview:-1"},"canonical":"https:\/\/elinformativotam.com\/index.php\/2022\/06\/14\/expone-rosa-gonzalez-trabajo-legislativo-ante-el-ciest\/","og_locale":"es_MX","og_type":"article","og_title":"EXPONE ROSA GONZ\u00c1LEZ TRABAJO LEGISLATIVO ANTE EL CIEST - EL INFORMATIVO DE TAMAULIPAS","og_description":"*Acuerdan Legisladora Federal E Iniciativa Privada Del Sur, Continuar Con Labor De Gesti\u00f3n Para Beneficio De La Sociedad Y El Sector Productivo. \u00a0 \u00a0 \u00a0Con","og_url":"https:\/\/elinformativotam.com\/index.php\/2022\/06\/14\/expone-rosa-gonzalez-trabajo-legislativo-ante-el-ciest\/","og_site_name":"EL INFORMATIVO DE TAMAULIPAS","article_published_time":"2022-06-14T18:53:01+00:00","og_image":[{"width":1600,"height":1066,"url":"https:\/\/elinformativotam.com\/wp-content\/uploads\/2022\/06\/Rosa.jpg","type":"image\/jpeg"}],"author":"El Informativo Tam","twitter_card":"summary_large_image","twitter_misc":{"Escrito por":"El Informativo Tam","Tiempo de lectura":"3 minutos"},"schema":{"@context":"https:\/\/schema.org","@graph":[{"@type":"Article","@id":"https:\/\/elinformativotam.com\/index.php\/2022\/06\/14\/expone-rosa-gonzalez-trabajo-legislativo-ante-el-ciest\/#article","isPartOf":{"@id":"https:\/\/elinformativotam.com\/index.php\/2022\/06\/14\/expone-rosa-gonzalez-trabajo-legislativo-ante-el-ciest\/"},"author":{"name":"El Informativo Tam","@id":"https:\/\/elinformativotam.com\/#\/schema\/person\/78e08040eed0f6110f0c5f83b6153590"},"headline":"EXPONE ROSA GONZ\u00c1LEZ TRABAJO LEGISLATIVO ANTE EL CIEST","datePublished":"2022-06-14T18:53:01+00:00","mainEntityOfPage":{"@id":"https:\/\/elinformativotam.com\/index.php\/2022\/06\/14\/expone-rosa-gonzalez-trabajo-legislativo-ante-el-ciest\/"},"wordCount":529,"commentCount":0,"publisher":{"@id":"https:\/\/elinformativotam.com\/#organization"},"image":{"@id":"https:\/\/elinformativotam.com\/index.php\/2022\/06\/14\/expone-rosa-gonzalez-trabajo-legislativo-ante-el-ciest\/#primaryimage"},"thumbnailUrl":"https:\/\/elinformativotam.com\/wp-content\/uploads\/2022\/06\/Rosa.jpg","articleSection":["Tampico"],"inLanguage":"es","potentialAction":[{"@type":"CommentAction","name":"Comment","target":["https:\/\/elinformativotam.com\/index.php\/2022\/06\/14\/expone-rosa-gonzalez-trabajo-legislativo-ante-el-ciest\/#respond"]}]},{"@type":"WebPage","@id":"https:\/\/elinformativotam.com\/index.php\/2022\/06\/14\/expone-rosa-gonzalez-trabajo-legislativo-ante-el-ciest\/","url":"https:\/\/elinformativotam.com\/index.php\/2022\/06\/14\/expone-rosa-gonzalez-trabajo-legislativo-ante-el-ciest\/","name":"EXPONE ROSA GONZ\u00c1LEZ TRABAJO LEGISLATIVO ANTE EL CIEST - EL INFORMATIVO DE TAMAULIPAS","isPartOf":{"@id":"https:\/\/elinformativotam.com\/#website"},"primaryImageOfPage":{"@id":"https:\/\/elinformativotam.com\/index.php\/2022\/06\/14\/expone-rosa-gonzalez-trabajo-legislativo-ante-el-ciest\/#primaryimage"},"image":{"@id":"https:\/\/elinformativotam.com\/index.php\/2022\/06\/14\/expone-rosa-gonzalez-trabajo-legislativo-ante-el-ciest\/#primaryimage"},"thumbnailUrl":"https:\/\/elinformativotam.com\/wp-content\/uploads\/2022\/06\/Rosa.jpg","datePublished":"2022-06-14T18:53:01+00:00","description":"*Acuerdan Legisladora Federal E Iniciativa Privada Del Sur, Continuar Con Labor De Gesti\u00f3n Para Beneficio De La Sociedad Y El Sector Productivo. \u00a0 \u00a0 \u00a0Con","inLanguage":"es","potentialAction":[{"@type":"ReadAction","target":["https:\/\/elinformativotam.com\/index.php\/2022\/06\/14\/expone-rosa-gonzalez-trabajo-legislativo-ante-el-ciest\/"]}]},{"@type":"ImageObject","inLanguage":"es","@id":"https:\/\/elinformativotam.com\/index.php\/2022\/06\/14\/expone-rosa-gonzalez-trabajo-legislativo-ante-el-ciest\/#primaryimage","url":"https:\/\/elinformativotam.com\/wp-content\/uploads\/2022\/06\/Rosa.jpg","contentUrl":"https:\/\/elinformativotam.com\/wp-content\/uploads\/2022\/06\/Rosa.jpg","width":1600,"height":1066},{"@type":"WebSite","@id":"https:\/\/elinformativotam.com\/#website","url":"https:\/\/elinformativotam.com\/","name":"EL INFORMATIVO DE TAMAULIPAS","description":"Desde la Zona Metropolitana Para Todo M\u00e9xico","publisher":{"@id":"https:\/\/elinformativotam.com\/#organization"},"potentialAction":[{"@type":"SearchAction","target":{"@type":"EntryPoint","urlTemplate":"https:\/\/elinformativotam.com\/?s={search_term_string}"},"query-input":{"@type":"PropertyValueSpecification","valueRequired":true,"valueName":"search_term_string"}}],"inLanguage":"es"},{"@type":"Organization","@id":"https:\/\/elinformativotam.com\/#organization","name":"EL INFORMATIVO DE TAMAULIPAS","url":"https:\/\/elinformativotam.com\/","logo":{"@type":"ImageObject","inLanguage":"es","@id":"https:\/\/elinformativotam.com\/#\/schema\/logo\/image\/","url":"https:\/\/elinformativotam.com\/wp-content\/uploads\/2026\/02\/Cabezal.png","contentUrl":"https:\/\/elinformativotam.com\/wp-content\/uploads\/2026\/02\/Cabezal.png","width":960,"height":640,"caption":"EL INFORMATIVO DE TAMAULIPAS"},"image":{"@id":"https:\/\/elinformativotam.com\/#\/schema\/logo\/image\/"}},{"@type":"Person","@id":"https:\/\/elinformativotam.com\/#\/schema\/person\/78e08040eed0f6110f0c5f83b6153590","name":"El Informativo Tam","image":{"@type":"ImageObject","inLanguage":"es","@id":"https:\/\/secure.gravatar.com\/avatar\/f3b7ad3af540688955925ac610647be00b0cf41feea9c4978b73a707ee86bc53?s=96&d=mm&r=g","url":"https:\/\/secure.gravatar.com\/avatar\/f3b7ad3af540688955925ac610647be00b0cf41feea9c4978b73a707ee86bc53?s=96&d=mm&r=g","contentUrl":"https:\/\/secure.gravatar.com\/avatar\/f3b7ad3af540688955925ac610647be00b0cf41feea9c4978b73a707ee86bc53?s=96&d=mm&r=g","caption":"El Informativo Tam"}}]}},"_links":{"self":[{"href":"https:\/\/elinformativotam.com\/index.php\/wp-json\/wp\/v2\/posts\/32125","targetHints":{"allow":["GET"]}}],"collection":[{"href":"https:\/\/elinformativotam.com\/index.php\/wp-json\/wp\/v2\/posts"}],"about":[{"href":"https:\/\/elinformativotam.com\/index.php\/wp-json\/wp\/v2\/types\/post"}],"author":[{"embeddable":true,"href":"https:\/\/elinformativotam.com\/index.php\/wp-json\/wp\/v2\/users\/1"}],"replies":[{"embeddable":true,"href":"https:\/\/elinformativotam.com\/index.php\/wp-json\/wp\/v2\/comments?post=32125"}],"version-history":[{"count":1,"href":"https:\/\/elinformativotam.com\/index.php\/wp-json\/wp\/v2\/posts\/32125\/revisions"}],"predecessor-version":[{"id":32127,"href":"https:\/\/elinformativotam.com\/index.php\/wp-json\/wp\/v2\/posts\/32125\/revisions\/32127"}],"wp:featuredmedia":[{"embeddable":true,"href":"https:\/\/elinformativotam.com\/index.php\/wp-json\/wp\/v2\/media\/32126"}],"wp:attachment":[{"href":"https:\/\/elinformativotam.com\/index.php\/wp-json\/wp\/v2\/media?parent=32125"}],"wp:term":[{"taxonomy":"category","embeddable":true,"href":"https:\/\/elinformativotam.com\/index.php\/wp-json\/wp\/v2\/categories?post=32125"},{"taxonomy":"post_tag","embeddable":true,"href":"https:\/\/elinformativotam.com\/index.php\/wp-json\/wp\/v2\/tags?post=32125"}],"curies":[{"name":"wp","href":"https:\/\/api.w.org\/{rel}","templated":true}]}}